{"id":114476,"date":"2025-03-25T09:10:59","date_gmt":"2025-03-25T12:10:59","guid":{"rendered":"https:\/\/www.noticiasradioreflejos.com.ar\/2021\/?p=114476"},"modified":"2025-03-25T09:10:59","modified_gmt":"2025-03-25T12:10:59","slug":"cambia-el-horario-de-atencion-en-todos-los-bancos","status":"publish","type":"post","link":"https:\/\/www.noticiasradioreflejos.com.ar\/2021\/cambia-el-horario-de-atencion-en-todos-los-bancos\/","title":{"rendered":"Cambia el horario de atenci\u00f3n en todos los bancos"},"content":{"rendered":"<p>Desde hoy se retoma el horario habitual de 10 a 15.<!--more--><\/p>\n<p>&nbsp;<\/p>\n<p>Este martes todos los bancos de la provincia de Buenos Aires retoman su horario de atenci\u00f3n habitual luego del cambio que rigi\u00f3 durante el verano.<\/p>\n<div class=\"noticia__imagen\">\n<div class=\"noticia__thumb\"><img loading=\"lazy\" decoding=\"async\" class=\"attachment-post-thumbnail size-post-thumbnail wp-post-image\" src=\"https:\/\/frenteacano.com.ar\/wp-content\/uploads\/2025\/03\/bancos.webp\" sizes=\"auto, (max-width: 1400px) 100vw, 1400px\" srcset=\"https:\/\/frenteacano.com.ar\/wp-content\/uploads\/2025\/03\/bancos.webp 1400w, https:\/\/frenteacano.com.ar\/wp-content\/uploads\/2025\/03\/bancos-300x155.webp 300w, https:\/\/frenteacano.com.ar\/wp-content\/uploads\/2025\/03\/bancos-1024x529.webp 1024w, https:\/\/frenteacano.com.ar\/wp-content\/uploads\/2025\/03\/bancos-768x397.webp 768w\" alt=\"\" width=\"1400\" height=\"723\" \/><\/div>\n<\/div>\n<div class=\"noticia-main-container\">\n<div class=\"noticia__rrss flex items-center gap-6\"><\/div>\n<div class=\"noticia__desarrollo\">\n<p class=\"has-drop-cap\">\n<p><strong>Desde hoy todas las sucursales funcionan de 10 a 15.<\/strong><\/p>\n<p>As\u00ed hab\u00eda quedado establecido mediante el\u00a0<a href=\"https:\/\/normas.gba.gob.ar\/documentos\/0ZYQdYtE.html\">Decreto N\u00b0 3043\/2024 publicado a principios de diciembre pasado en el Bolet\u00edn Oficial bonaerense<\/a>.<\/p>\n<p>La solicitud de modificaci\u00f3n de los horarios de apertura y cierre, como as\u00ed tambi\u00e9n el de atenci\u00f3n al p\u00fablico hab\u00eda sido formulada por la Asociaci\u00f3n Bancaria y aceptada por el Ejecutivo provincial.<\/p>\n<\/div>\n<\/div>\n","protected":false},"excerpt":{"rendered":"<p>Desde hoy se retoma el horario habitual de 10 a 15.<\/p>\n","protected":false},"author":3,"featured_media":65042,"comment_status":"closed","ping_status":"closed","sticky":false,"template":"","format":"standard","meta":{"footnotes":""},"categories":[26],"tags":[],"class_list":["post-114476","post","type-post","status-publish","format-standard","has-post-thumbnail","hentry","category-sociedad"],"yoast_head":"<!-- This site is optimized with the Yoast SEO plugin v25.9 - https:\/\/yoast.com\/wordpress\/plugins\/seo\/ -->\n<title>Cambia el horario de atenci\u00f3n en todos los bancos - Noticias Radio Reflejos<\/title>\n<meta name=\"robots\" content=\"index, follow, max-snippet:-1, max-image-preview:large, max-video-preview:-1\" \/>\n<link rel=\"canonical\" href=\"https:\/\/www.noticiasradioreflejos.com.ar\/2021\/cambia-el-horario-de-atencion-en-todos-los-bancos\/\" \/>\n<meta property=\"og:locale\" content=\"es_ES\" \/>\n<meta property=\"og:type\" content=\"article\" \/>\n<meta property=\"og:title\" content=\"Cambia el horario de atenci\u00f3n en todos los bancos - Noticias Radio Reflejos\" \/>\n<meta property=\"og:description\" content=\"Desde hoy se retoma el horario habitual de 10 a 15.\" \/>\n<meta property=\"og:url\" content=\"https:\/\/www.noticiasradioreflejos.com.ar\/2021\/cambia-el-horario-de-atencion-en-todos-los-bancos\/\" \/>\n<meta property=\"og:site_name\" content=\"Noticias Radio Reflejos\" \/>\n<meta property=\"article:published_time\" content=\"2025-03-25T12:10:59+00:00\" \/>\n<meta property=\"og:image\" content=\"https:\/\/www.noticiasradioreflejos.com.ar\/2021\/wp-content\/uploads\/2021\/11\/Banco-Provincia-Sierra.jpeg\" \/>\n\t<meta property=\"og:image:width\" content=\"621\" \/>\n\t<meta property=\"og:image:height\" content=\"437\" \/>\n\t<meta property=\"og:image:type\" content=\"image\/jpeg\" \/>\n<meta name=\"author\" content=\"Arnaldo Botto\" \/>\n<meta name=\"twitter:card\" content=\"summary_large_image\" \/>\n<script type=\"application\/ld+json\" class=\"yoast-schema-graph\">{\"@context\":\"https:\/\/schema.org\",\"@graph\":[{\"@type\":\"WebPage\",\"@id\":\"https:\/\/www.noticiasradioreflejos.com.ar\/2021\/cambia-el-horario-de-atencion-en-todos-los-bancos\/\",\"url\":\"https:\/\/www.noticiasradioreflejos.com.ar\/2021\/cambia-el-horario-de-atencion-en-todos-los-bancos\/\",\"name\":\"Cambia el horario de atenci\u00f3n en todos los bancos - Noticias Radio Reflejos\",\"isPartOf\":{\"@id\":\"https:\/\/www.noticiasradioreflejos.com.ar\/2021\/#website\"},\"primaryImageOfPage\":{\"@id\":\"https:\/\/www.noticiasradioreflejos.com.ar\/2021\/cambia-el-horario-de-atencion-en-todos-los-bancos\/#primaryimage\"},\"image\":{\"@id\":\"https:\/\/www.noticiasradioreflejos.com.ar\/2021\/cambia-el-horario-de-atencion-en-todos-los-bancos\/#primaryimage\"},\"thumbnailUrl\":\"https:\/\/www.noticiasradioreflejos.com.ar\/2021\/wp-content\/uploads\/2021\/11\/Banco-Provincia-Sierra.jpeg\",\"datePublished\":\"2025-03-25T12:10:59+00:00\",\"author\":{\"@id\":\"https:\/\/www.noticiasradioreflejos.com.ar\/2021\/#\/schema\/person\/ad82545263dcc5ec0996818884fd5fb1\"},\"breadcrumb\":{\"@id\":\"https:\/\/www.noticiasradioreflejos.com.ar\/2021\/cambia-el-horario-de-atencion-en-todos-los-bancos\/#breadcrumb\"},\"inLanguage\":\"es\",\"potentialAction\":[{\"@type\":\"ReadAction\",\"target\":[\"https:\/\/www.noticiasradioreflejos.com.ar\/2021\/cambia-el-horario-de-atencion-en-todos-los-bancos\/\"]}]},{\"@type\":\"ImageObject\",\"inLanguage\":\"es\",\"@id\":\"https:\/\/www.noticiasradioreflejos.com.ar\/2021\/cambia-el-horario-de-atencion-en-todos-los-bancos\/#primaryimage\",\"url\":\"https:\/\/www.noticiasradioreflejos.com.ar\/2021\/wp-content\/uploads\/2021\/11\/Banco-Provincia-Sierra.jpeg\",\"contentUrl\":\"https:\/\/www.noticiasradioreflejos.com.ar\/2021\/wp-content\/uploads\/2021\/11\/Banco-Provincia-Sierra.jpeg\",\"width\":621,\"height\":437},{\"@type\":\"BreadcrumbList\",\"@id\":\"https:\/\/www.noticiasradioreflejos.com.ar\/2021\/cambia-el-horario-de-atencion-en-todos-los-bancos\/#breadcrumb\",\"itemListElement\":[{\"@type\":\"ListItem\",\"position\":1,\"name\":\"Portada\",\"item\":\"https:\/\/www.noticiasradioreflejos.com.ar\/2021\/\"},{\"@type\":\"ListItem\",\"position\":2,\"name\":\"Cambia el horario de atenci\u00f3n en todos los bancos\"}]},{\"@type\":\"WebSite\",\"@id\":\"https:\/\/www.noticiasradioreflejos.com.ar\/2021\/#website\",\"url\":\"https:\/\/www.noticiasradioreflejos.com.ar\/2021\/\",\"name\":\"Noticias Radio Reflejos\",\"description\":\"Las noticias de mi comarca\",\"potentialAction\":[{\"@type\":\"SearchAction\",\"target\":{\"@type\":\"EntryPoint\",\"urlTemplate\":\"https:\/\/www.noticiasradioreflejos.com.ar\/2021\/?s={search_term_string}\"},\"query-input\":{\"@type\":\"PropertyValueSpecification\",\"valueRequired\":true,\"valueName\":\"search_term_string\"}}],\"inLanguage\":\"es\"},{\"@type\":\"Person\",\"@id\":\"https:\/\/www.noticiasradioreflejos.com.ar\/2021\/#\/schema\/person\/ad82545263dcc5ec0996818884fd5fb1\",\"name\":\"Arnaldo Botto\",\"image\":{\"@type\":\"ImageObject\",\"inLanguage\":\"es\",\"@id\":\"https:\/\/www.noticiasradioreflejos.com.ar\/2021\/#\/schema\/person\/image\/\",\"url\":\"https:\/\/secure.gravatar.com\/avatar\/55cb5e37c1efa326397366e6974cb338056df65cb50e7d64d1cf314e87504837?s=96&d=mm&r=g\",\"contentUrl\":\"https:\/\/secure.gravatar.com\/avatar\/55cb5e37c1efa326397366e6974cb338056df65cb50e7d64d1cf314e87504837?s=96&d=mm&r=g\",\"caption\":\"Arnaldo Botto\"},\"url\":\"https:\/\/www.noticiasradioreflejos.com.ar\/2021\/author\/arnaldo\/\"}]}<\/script>\n<!-- \/ Yoast SEO plugin. -->","yoast_head_json":{"title":"Cambia el horario de atenci\u00f3n en todos los bancos - Noticias Radio Reflejos","robots":{"index":"index","follow":"follow","max-snippet":"max-snippet:-1","max-image-preview":"max-image-preview:large","max-video-preview":"max-video-preview:-1"},"canonical":"https:\/\/www.noticiasradioreflejos.com.ar\/2021\/cambia-el-horario-de-atencion-en-todos-los-bancos\/","og_locale":"es_ES","og_type":"article","og_title":"Cambia el horario de atenci\u00f3n en todos los bancos - Noticias Radio Reflejos","og_description":"Desde hoy se retoma el horario habitual de 10 a 15.","og_url":"https:\/\/www.noticiasradioreflejos.com.ar\/2021\/cambia-el-horario-de-atencion-en-todos-los-bancos\/","og_site_name":"Noticias Radio Reflejos","article_published_time":"2025-03-25T12:10:59+00:00","og_image":[{"width":621,"height":437,"url":"https:\/\/www.noticiasradioreflejos.com.ar\/2021\/wp-content\/uploads\/2021\/11\/Banco-Provincia-Sierra.jpeg","type":"image\/jpeg"}],"author":"Arnaldo Botto","twitter_card":"summary_large_image","schema":{"@context":"https:\/\/schema.org","@graph":[{"@type":"WebPage","@id":"https:\/\/www.noticiasradioreflejos.com.ar\/2021\/cambia-el-horario-de-atencion-en-todos-los-bancos\/","url":"https:\/\/www.noticiasradioreflejos.com.ar\/2021\/cambia-el-horario-de-atencion-en-todos-los-bancos\/","name":"Cambia el horario de atenci\u00f3n en todos los bancos - Noticias Radio Reflejos","isPartOf":{"@id":"https:\/\/www.noticiasradioreflejos.com.ar\/2021\/#website"},"primaryImageOfPage":{"@id":"https:\/\/www.noticiasradioreflejos.com.ar\/2021\/cambia-el-horario-de-atencion-en-todos-los-bancos\/#primaryimage"},"image":{"@id":"https:\/\/www.noticiasradioreflejos.com.ar\/2021\/cambia-el-horario-de-atencion-en-todos-los-bancos\/#primaryimage"},"thumbnailUrl":"https:\/\/www.noticiasradioreflejos.com.ar\/2021\/wp-content\/uploads\/2021\/11\/Banco-Provincia-Sierra.jpeg","datePublished":"2025-03-25T12:10:59+00:00","author":{"@id":"https:\/\/www.noticiasradioreflejos.com.ar\/2021\/#\/schema\/person\/ad82545263dcc5ec0996818884fd5fb1"},"breadcrumb":{"@id":"https:\/\/www.noticiasradioreflejos.com.ar\/2021\/cambia-el-horario-de-atencion-en-todos-los-bancos\/#breadcrumb"},"inLanguage":"es","potentialAction":[{"@type":"ReadAction","target":["https:\/\/www.noticiasradioreflejos.com.ar\/2021\/cambia-el-horario-de-atencion-en-todos-los-bancos\/"]}]},{"@type":"ImageObject","inLanguage":"es","@id":"https:\/\/www.noticiasradioreflejos.com.ar\/2021\/cambia-el-horario-de-atencion-en-todos-los-bancos\/#primaryimage","url":"https:\/\/www.noticiasradioreflejos.com.ar\/2021\/wp-content\/uploads\/2021\/11\/Banco-Provincia-Sierra.jpeg","contentUrl":"https:\/\/www.noticiasradioreflejos.com.ar\/2021\/wp-content\/uploads\/2021\/11\/Banco-Provincia-Sierra.jpeg","width":621,"height":437},{"@type":"BreadcrumbList","@id":"https:\/\/www.noticiasradioreflejos.com.ar\/2021\/cambia-el-horario-de-atencion-en-todos-los-bancos\/#breadcrumb","itemListElement":[{"@type":"ListItem","position":1,"name":"Portada","item":"https:\/\/www.noticiasradioreflejos.com.ar\/2021\/"},{"@type":"ListItem","position":2,"name":"Cambia el horario de atenci\u00f3n en todos los bancos"}]},{"@type":"WebSite","@id":"https:\/\/www.noticiasradioreflejos.com.ar\/2021\/#website","url":"https:\/\/www.noticiasradioreflejos.com.ar\/2021\/","name":"Noticias Radio Reflejos","description":"Las noticias de mi comarca","potentialAction":[{"@type":"SearchAction","target":{"@type":"EntryPoint","urlTemplate":"https:\/\/www.noticiasradioreflejos.com.ar\/2021\/?s={search_term_string}"},"query-input":{"@type":"PropertyValueSpecification","valueRequired":true,"valueName":"search_term_string"}}],"inLanguage":"es"},{"@type":"Person","@id":"https:\/\/www.noticiasradioreflejos.com.ar\/2021\/#\/schema\/person\/ad82545263dcc5ec0996818884fd5fb1","name":"Arnaldo Botto","image":{"@type":"ImageObject","inLanguage":"es","@id":"https:\/\/www.noticiasradioreflejos.com.ar\/2021\/#\/schema\/person\/image\/","url":"https:\/\/secure.gravatar.com\/avatar\/55cb5e37c1efa326397366e6974cb338056df65cb50e7d64d1cf314e87504837?s=96&d=mm&r=g","contentUrl":"https:\/\/secure.gravatar.com\/avatar\/55cb5e37c1efa326397366e6974cb338056df65cb50e7d64d1cf314e87504837?s=96&d=mm&r=g","caption":"Arnaldo Botto"},"url":"https:\/\/www.noticiasradioreflejos.com.ar\/2021\/author\/arnaldo\/"}]}},"_links":{"self":[{"href":"https:\/\/www.noticiasradioreflejos.com.ar\/2021\/wp-json\/wp\/v2\/posts\/114476","targetHints":{"allow":["GET"]}}],"collection":[{"href":"https:\/\/www.noticiasradioreflejos.com.ar\/2021\/wp-json\/wp\/v2\/posts"}],"about":[{"href":"https:\/\/www.noticiasradioreflejos.com.ar\/2021\/wp-json\/wp\/v2\/types\/post"}],"author":[{"embeddable":true,"href":"https:\/\/www.noticiasradioreflejos.com.ar\/2021\/wp-json\/wp\/v2\/users\/3"}],"replies":[{"embeddable":true,"href":"https:\/\/www.noticiasradioreflejos.com.ar\/2021\/wp-json\/wp\/v2\/comments?post=114476"}],"version-history":[{"count":1,"href":"https:\/\/www.noticiasradioreflejos.com.ar\/2021\/wp-json\/wp\/v2\/posts\/114476\/revisions"}],"predecessor-version":[{"id":114477,"href":"https:\/\/www.noticiasradioreflejos.com.ar\/2021\/wp-json\/wp\/v2\/posts\/114476\/revisions\/114477"}],"wp:featuredmedia":[{"embeddable":true,"href":"https:\/\/www.noticiasradioreflejos.com.ar\/2021\/wp-json\/wp\/v2\/media\/65042"}],"wp:attachment":[{"href":"https:\/\/www.noticiasradioreflejos.com.ar\/2021\/wp-json\/wp\/v2\/media?parent=114476"}],"wp:term":[{"taxonomy":"category","embeddable":true,"href":"https:\/\/www.noticiasradioreflejos.com.ar\/2021\/wp-json\/wp\/v2\/categories?post=114476"},{"taxonomy":"post_tag","embeddable":true,"href":"https:\/\/www.noticiasradioreflejos.com.ar\/2021\/wp-json\/wp\/v2\/tags?post=114476"}],"curies":[{"name":"wp","href":"https:\/\/api.w.org\/{rel}","templated":true}]}}