{"id":114463,"date":"2025-03-25T07:45:18","date_gmt":"2025-03-25T10:45:18","guid":{"rendered":"https:\/\/www.noticiasradioreflejos.com.ar\/2021\/?p=114463"},"modified":"2025-03-25T07:45:18","modified_gmt":"2025-03-25T10:45:18","slug":"estafa-con-entradas-el-que-compro-hizo-el-contrato-con-ella-con-nadie-mas","status":"publish","type":"post","link":"https:\/\/www.noticiasradioreflejos.com.ar\/2021\/estafa-con-entradas-el-que-compro-hizo-el-contrato-con-ella-con-nadie-mas\/","title":{"rendered":"Estafa con entradas: \u201cEl que compr\u00f3 hizo el contrato con ella, con nadie m\u00e1s\u201d"},"content":{"rendered":"<p>En la tarde de ayer tanto un nutrido\u00a0<a href=\"https:\/\/www.bhinfo.com.ar\/noticia\/10923-Aseguran_que_Frany_Perez_comenzo_a_contestar_los_mensajes_de_los_estafados-01022025\"><u><b><strong>grupo de los damnificados por Frany Tickets\u00a0<\/strong><\/b><\/u><\/a>como la se\u00f1alada se vieron con sus respectivos abogados, y en el transcurso de la ma\u00f1ana de hoy ambas partes prometieron brindar novedades.<!--more--><\/p>\n<p>En relaci\u00f3n a lo que podr\u00eda venirse en el plano judicial,\u00a0<b><strong>la redacci\u00f3n de BHInfo consult\u00f3 con la Dra. Bava,\u00a0<\/strong><\/b>la cual explic\u00f3 de forma simple las distintas acciones a las cuales podr\u00edan ser sometidas las hermanas P\u00e9rez.<\/p>\n<p>\u201cEn principio hay que hablar de los delitos penales de\u00a0<b><strong>los arts. 172 y 173 del C\u00f3digo Penal\u00a0<\/strong><\/b>que tipifican la figura de\u00a0<b><strong>estafa y defraudaci\u00f3n<\/strong><\/b>\u201d comenz\u00f3 diciendo, agregando que del mismo modo \u201c<b><strong>podr\u00eda haber una asociaci\u00f3n il\u00edcita,<\/strong><\/b>\u00a0dentro del \u00e1mbito penal, debido a que hay involucradas al menos tres personas\u201d.<\/p>\n<p>A su vez remarc\u00f3 que en \u201cla\u00a0<b><strong>v\u00eda civil existen da\u00f1os y perjuicios,<\/strong><\/b>\u00a0dentro de los cuales habr\u00eda lugar para reclamos tanto por el da\u00f1o emergente, derivado\u00a0 del capital invertido por las personas damnificadas tanto para el pago de las propias entradas, como por el pago de\u00a0 pasajes y hospedaje contratado, todo en el marco de asistir al espect\u00e1culo deportivo.\u00a0<b><strong>En determinados casos, tambi\u00e9n cabr\u00eda analizar un reclamo por el da\u00f1o moral<\/strong><\/b>, de acuerdo a las circunstancias de cada familia\u201d.<\/p>\n<p>En otro pasaje de la charla, la letrada subray\u00f3 que \u201csin obviar todo lo ante dicho, tambi\u00e9n habr\u00eda que evaluar<b><strong>\u00a0un posible incumplimiento de normas tributarias y fiscales nacionales y provinciales<\/strong><\/b>, ya que a la luz de las consultas en la p\u00e1gina web de ARCA, ex AFIP, la se\u00f1alada figura como monotributista categor\u00eda \u201cA\u201d y la empresa que publica en sus redes sociales, al menos a la fecha, carece de registraci\u00f3n\u201d.<\/p>\n<p>Por \u00faltimo, y sobre el pedido de disculpas expresado en una historia de Instagram por parte de la influencer, y el hecho de decir que ella tambi\u00e9n fue estafada,<b><strong>\u00a0la abogada no dej\u00f3 margen de dudas.<\/strong><\/b><\/p>\n<p>\u201cClaramente la persona que le compr\u00f3 hizo el contrato con ella. La que tiene que responder por la venta es ella, independientemente de los reclamos que la se\u00f1alada luego quiera hacer en nombre propio.\u00a0<b><strong>El damnificado hizo el contrato con ella y con nadie m\u00e1s<\/strong><\/b>\u201d sentenci\u00f3.<\/p>\n<p>&nbsp;<\/p>\n<p>&nbsp;<\/p>\n<p><strong>Redacci\u00f3n de BHInfo<\/strong><\/p>\n","protected":false},"excerpt":{"rendered":"<p>En la tarde de ayer tanto un nutrido\u00a0grupo de los damnificados por Frany Tickets\u00a0como la se\u00f1alada se vieron con sus respectivos abogados, y en el transcurso de la ma\u00f1ana de hoy ambas partes prometieron brindar novedades.<\/p>\n","protected":false},"author":3,"featured_media":114464,"comment_status":"closed","ping_status":"closed","sticky":false,"template":"","format":"standard","meta":{"footnotes":""},"categories":[57],"tags":[],"class_list":["post-114463","post","type-post","status-publish","format-standard","has-post-thumbnail","hentry","category-judiciales"],"yoast_head":"<!-- This site is optimized with the Yoast SEO plugin v25.9 - https:\/\/yoast.com\/wordpress\/plugins\/seo\/ -->\n<title>Estafa con entradas: \u201cEl que compr\u00f3 hizo el contrato con ella, con nadie m\u00e1s\u201d - Noticias Radio Reflejos<\/title>\n<meta name=\"robots\" content=\"index, follow, max-snippet:-1, max-image-preview:large, max-video-preview:-1\" \/>\n<link rel=\"canonical\" href=\"https:\/\/www.noticiasradioreflejos.com.ar\/2021\/estafa-con-entradas-el-que-compro-hizo-el-contrato-con-ella-con-nadie-mas\/\" \/>\n<meta property=\"og:locale\" content=\"es_ES\" \/>\n<meta property=\"og:type\" content=\"article\" \/>\n<meta property=\"og:title\" content=\"Estafa con entradas: \u201cEl que compr\u00f3 hizo el contrato con ella, con nadie m\u00e1s\u201d - Noticias Radio Reflejos\" \/>\n<meta property=\"og:description\" content=\"En la tarde de ayer tanto un nutrido\u00a0grupo de los damnificados por Frany Tickets\u00a0como la se\u00f1alada se vieron con sus respectivos abogados, y en el transcurso de la ma\u00f1ana de hoy ambas partes prometieron brindar novedades.\" \/>\n<meta property=\"og:url\" content=\"https:\/\/www.noticiasradioreflejos.com.ar\/2021\/estafa-con-entradas-el-que-compro-hizo-el-contrato-con-ella-con-nadie-mas\/\" \/>\n<meta property=\"og:site_name\" content=\"Noticias Radio Reflejos\" \/>\n<meta property=\"article:published_time\" content=\"2025-03-25T10:45:18+00:00\" \/>\n<meta property=\"og:image\" content=\"https:\/\/www.noticiasradioreflejos.com.ar\/2021\/wp-content\/uploads\/2025\/03\/Frany-1.jpg\" \/>\n\t<meta property=\"og:image:width\" content=\"1625\" \/>\n\t<meta property=\"og:image:height\" content=\"715\" \/>\n\t<meta property=\"og:image:type\" content=\"image\/jpeg\" \/>\n<meta name=\"author\" content=\"Arnaldo Botto\" \/>\n<meta name=\"twitter:card\" content=\"summary_large_image\" \/>\n<script type=\"application\/ld+json\" class=\"yoast-schema-graph\">{\"@context\":\"https:\/\/schema.org\",\"@graph\":[{\"@type\":\"WebPage\",\"@id\":\"https:\/\/www.noticiasradioreflejos.com.ar\/2021\/estafa-con-entradas-el-que-compro-hizo-el-contrato-con-ella-con-nadie-mas\/\",\"url\":\"https:\/\/www.noticiasradioreflejos.com.ar\/2021\/estafa-con-entradas-el-que-compro-hizo-el-contrato-con-ella-con-nadie-mas\/\",\"name\":\"Estafa con entradas: \u201cEl que compr\u00f3 hizo el contrato con ella, con nadie m\u00e1s\u201d - Noticias Radio Reflejos\",\"isPartOf\":{\"@id\":\"https:\/\/www.noticiasradioreflejos.com.ar\/2021\/#website\"},\"primaryImageOfPage\":{\"@id\":\"https:\/\/www.noticiasradioreflejos.com.ar\/2021\/estafa-con-entradas-el-que-compro-hizo-el-contrato-con-ella-con-nadie-mas\/#primaryimage\"},\"image\":{\"@id\":\"https:\/\/www.noticiasradioreflejos.com.ar\/2021\/estafa-con-entradas-el-que-compro-hizo-el-contrato-con-ella-con-nadie-mas\/#primaryimage\"},\"thumbnailUrl\":\"https:\/\/www.noticiasradioreflejos.com.ar\/2021\/wp-content\/uploads\/2025\/03\/Frany-1.jpg\",\"datePublished\":\"2025-03-25T10:45:18+00:00\",\"author\":{\"@id\":\"https:\/\/www.noticiasradioreflejos.com.ar\/2021\/#\/schema\/person\/ad82545263dcc5ec0996818884fd5fb1\"},\"breadcrumb\":{\"@id\":\"https:\/\/www.noticiasradioreflejos.com.ar\/2021\/estafa-con-entradas-el-que-compro-hizo-el-contrato-con-ella-con-nadie-mas\/#breadcrumb\"},\"inLanguage\":\"es\",\"potentialAction\":[{\"@type\":\"ReadAction\",\"target\":[\"https:\/\/www.noticiasradioreflejos.com.ar\/2021\/estafa-con-entradas-el-que-compro-hizo-el-contrato-con-ella-con-nadie-mas\/\"]}]},{\"@type\":\"ImageObject\",\"inLanguage\":\"es\",\"@id\":\"https:\/\/www.noticiasradioreflejos.com.ar\/2021\/estafa-con-entradas-el-que-compro-hizo-el-contrato-con-ella-con-nadie-mas\/#primaryimage\",\"url\":\"https:\/\/www.noticiasradioreflejos.com.ar\/2021\/wp-content\/uploads\/2025\/03\/Frany-1.jpg\",\"contentUrl\":\"https:\/\/www.noticiasradioreflejos.com.ar\/2021\/wp-content\/uploads\/2025\/03\/Frany-1.jpg\",\"width\":1625,\"height\":715},{\"@type\":\"BreadcrumbList\",\"@id\":\"https:\/\/www.noticiasradioreflejos.com.ar\/2021\/estafa-con-entradas-el-que-compro-hizo-el-contrato-con-ella-con-nadie-mas\/#breadcrumb\",\"itemListElement\":[{\"@type\":\"ListItem\",\"position\":1,\"name\":\"Portada\",\"item\":\"https:\/\/www.noticiasradioreflejos.com.ar\/2021\/\"},{\"@type\":\"ListItem\",\"position\":2,\"name\":\"Estafa con entradas: \u201cEl que compr\u00f3 hizo el contrato con ella, con nadie m\u00e1s\u201d\"}]},{\"@type\":\"WebSite\",\"@id\":\"https:\/\/www.noticiasradioreflejos.com.ar\/2021\/#website\",\"url\":\"https:\/\/www.noticiasradioreflejos.com.ar\/2021\/\",\"name\":\"Noticias Radio Reflejos\",\"description\":\"Las noticias de mi comarca\",\"potentialAction\":[{\"@type\":\"SearchAction\",\"target\":{\"@type\":\"EntryPoint\",\"urlTemplate\":\"https:\/\/www.noticiasradioreflejos.com.ar\/2021\/?s={search_term_string}\"},\"query-input\":{\"@type\":\"PropertyValueSpecification\",\"valueRequired\":true,\"valueName\":\"search_term_string\"}}],\"inLanguage\":\"es\"},{\"@type\":\"Person\",\"@id\":\"https:\/\/www.noticiasradioreflejos.com.ar\/2021\/#\/schema\/person\/ad82545263dcc5ec0996818884fd5fb1\",\"name\":\"Arnaldo Botto\",\"image\":{\"@type\":\"ImageObject\",\"inLanguage\":\"es\",\"@id\":\"https:\/\/www.noticiasradioreflejos.com.ar\/2021\/#\/schema\/person\/image\/\",\"url\":\"https:\/\/secure.gravatar.com\/avatar\/55cb5e37c1efa326397366e6974cb338056df65cb50e7d64d1cf314e87504837?s=96&d=mm&r=g\",\"contentUrl\":\"https:\/\/secure.gravatar.com\/avatar\/55cb5e37c1efa326397366e6974cb338056df65cb50e7d64d1cf314e87504837?s=96&d=mm&r=g\",\"caption\":\"Arnaldo Botto\"},\"url\":\"https:\/\/www.noticiasradioreflejos.com.ar\/2021\/author\/arnaldo\/\"}]}<\/script>\n<!-- \/ Yoast SEO plugin. -->","yoast_head_json":{"title":"Estafa con entradas: \u201cEl que compr\u00f3 hizo el contrato con ella, con nadie m\u00e1s\u201d - Noticias Radio Reflejos","robots":{"index":"index","follow":"follow","max-snippet":"max-snippet:-1","max-image-preview":"max-image-preview:large","max-video-preview":"max-video-preview:-1"},"canonical":"https:\/\/www.noticiasradioreflejos.com.ar\/2021\/estafa-con-entradas-el-que-compro-hizo-el-contrato-con-ella-con-nadie-mas\/","og_locale":"es_ES","og_type":"article","og_title":"Estafa con entradas: \u201cEl que compr\u00f3 hizo el contrato con ella, con nadie m\u00e1s\u201d - Noticias Radio Reflejos","og_description":"En la tarde de ayer tanto un nutrido\u00a0grupo de los damnificados por Frany Tickets\u00a0como la se\u00f1alada se vieron con sus respectivos abogados, y en el transcurso de la ma\u00f1ana de hoy ambas partes prometieron brindar novedades.","og_url":"https:\/\/www.noticiasradioreflejos.com.ar\/2021\/estafa-con-entradas-el-que-compro-hizo-el-contrato-con-ella-con-nadie-mas\/","og_site_name":"Noticias Radio Reflejos","article_published_time":"2025-03-25T10:45:18+00:00","og_image":[{"width":1625,"height":715,"url":"https:\/\/www.noticiasradioreflejos.com.ar\/2021\/wp-content\/uploads\/2025\/03\/Frany-1.jpg","type":"image\/jpeg"}],"author":"Arnaldo Botto","twitter_card":"summary_large_image","schema":{"@context":"https:\/\/schema.org","@graph":[{"@type":"WebPage","@id":"https:\/\/www.noticiasradioreflejos.com.ar\/2021\/estafa-con-entradas-el-que-compro-hizo-el-contrato-con-ella-con-nadie-mas\/","url":"https:\/\/www.noticiasradioreflejos.com.ar\/2021\/estafa-con-entradas-el-que-compro-hizo-el-contrato-con-ella-con-nadie-mas\/","name":"Estafa con entradas: \u201cEl que compr\u00f3 hizo el contrato con ella, con nadie m\u00e1s\u201d - Noticias Radio Reflejos","isPartOf":{"@id":"https:\/\/www.noticiasradioreflejos.com.ar\/2021\/#website"},"primaryImageOfPage":{"@id":"https:\/\/www.noticiasradioreflejos.com.ar\/2021\/estafa-con-entradas-el-que-compro-hizo-el-contrato-con-ella-con-nadie-mas\/#primaryimage"},"image":{"@id":"https:\/\/www.noticiasradioreflejos.com.ar\/2021\/estafa-con-entradas-el-que-compro-hizo-el-contrato-con-ella-con-nadie-mas\/#primaryimage"},"thumbnailUrl":"https:\/\/www.noticiasradioreflejos.com.ar\/2021\/wp-content\/uploads\/2025\/03\/Frany-1.jpg","datePublished":"2025-03-25T10:45:18+00:00","author":{"@id":"https:\/\/www.noticiasradioreflejos.com.ar\/2021\/#\/schema\/person\/ad82545263dcc5ec0996818884fd5fb1"},"breadcrumb":{"@id":"https:\/\/www.noticiasradioreflejos.com.ar\/2021\/estafa-con-entradas-el-que-compro-hizo-el-contrato-con-ella-con-nadie-mas\/#breadcrumb"},"inLanguage":"es","potentialAction":[{"@type":"ReadAction","target":["https:\/\/www.noticiasradioreflejos.com.ar\/2021\/estafa-con-entradas-el-que-compro-hizo-el-contrato-con-ella-con-nadie-mas\/"]}]},{"@type":"ImageObject","inLanguage":"es","@id":"https:\/\/www.noticiasradioreflejos.com.ar\/2021\/estafa-con-entradas-el-que-compro-hizo-el-contrato-con-ella-con-nadie-mas\/#primaryimage","url":"https:\/\/www.noticiasradioreflejos.com.ar\/2021\/wp-content\/uploads\/2025\/03\/Frany-1.jpg","contentUrl":"https:\/\/www.noticiasradioreflejos.com.ar\/2021\/wp-content\/uploads\/2025\/03\/Frany-1.jpg","width":1625,"height":715},{"@type":"BreadcrumbList","@id":"https:\/\/www.noticiasradioreflejos.com.ar\/2021\/estafa-con-entradas-el-que-compro-hizo-el-contrato-con-ella-con-nadie-mas\/#breadcrumb","itemListElement":[{"@type":"ListItem","position":1,"name":"Portada","item":"https:\/\/www.noticiasradioreflejos.com.ar\/2021\/"},{"@type":"ListItem","position":2,"name":"Estafa con entradas: \u201cEl que compr\u00f3 hizo el contrato con ella, con nadie m\u00e1s\u201d"}]},{"@type":"WebSite","@id":"https:\/\/www.noticiasradioreflejos.com.ar\/2021\/#website","url":"https:\/\/www.noticiasradioreflejos.com.ar\/2021\/","name":"Noticias Radio Reflejos","description":"Las noticias de mi comarca","potentialAction":[{"@type":"SearchAction","target":{"@type":"EntryPoint","urlTemplate":"https:\/\/www.noticiasradioreflejos.com.ar\/2021\/?s={search_term_string}"},"query-input":{"@type":"PropertyValueSpecification","valueRequired":true,"valueName":"search_term_string"}}],"inLanguage":"es"},{"@type":"Person","@id":"https:\/\/www.noticiasradioreflejos.com.ar\/2021\/#\/schema\/person\/ad82545263dcc5ec0996818884fd5fb1","name":"Arnaldo Botto","image":{"@type":"ImageObject","inLanguage":"es","@id":"https:\/\/www.noticiasradioreflejos.com.ar\/2021\/#\/schema\/person\/image\/","url":"https:\/\/secure.gravatar.com\/avatar\/55cb5e37c1efa326397366e6974cb338056df65cb50e7d64d1cf314e87504837?s=96&d=mm&r=g","contentUrl":"https:\/\/secure.gravatar.com\/avatar\/55cb5e37c1efa326397366e6974cb338056df65cb50e7d64d1cf314e87504837?s=96&d=mm&r=g","caption":"Arnaldo Botto"},"url":"https:\/\/www.noticiasradioreflejos.com.ar\/2021\/author\/arnaldo\/"}]}},"_links":{"self":[{"href":"https:\/\/www.noticiasradioreflejos.com.ar\/2021\/wp-json\/wp\/v2\/posts\/114463","targetHints":{"allow":["GET"]}}],"collection":[{"href":"https:\/\/www.noticiasradioreflejos.com.ar\/2021\/wp-json\/wp\/v2\/posts"}],"about":[{"href":"https:\/\/www.noticiasradioreflejos.com.ar\/2021\/wp-json\/wp\/v2\/types\/post"}],"author":[{"embeddable":true,"href":"https:\/\/www.noticiasradioreflejos.com.ar\/2021\/wp-json\/wp\/v2\/users\/3"}],"replies":[{"embeddable":true,"href":"https:\/\/www.noticiasradioreflejos.com.ar\/2021\/wp-json\/wp\/v2\/comments?post=114463"}],"version-history":[{"count":1,"href":"https:\/\/www.noticiasradioreflejos.com.ar\/2021\/wp-json\/wp\/v2\/posts\/114463\/revisions"}],"predecessor-version":[{"id":114465,"href":"https:\/\/www.noticiasradioreflejos.com.ar\/2021\/wp-json\/wp\/v2\/posts\/114463\/revisions\/114465"}],"wp:featuredmedia":[{"embeddable":true,"href":"https:\/\/www.noticiasradioreflejos.com.ar\/2021\/wp-json\/wp\/v2\/media\/114464"}],"wp:attachment":[{"href":"https:\/\/www.noticiasradioreflejos.com.ar\/2021\/wp-json\/wp\/v2\/media?parent=114463"}],"wp:term":[{"taxonomy":"category","embeddable":true,"href":"https:\/\/www.noticiasradioreflejos.com.ar\/2021\/wp-json\/wp\/v2\/categories?post=114463"},{"taxonomy":"post_tag","embeddable":true,"href":"https:\/\/www.noticiasradioreflejos.com.ar\/2021\/wp-json\/wp\/v2\/tags?post=114463"}],"curies":[{"name":"wp","href":"https:\/\/api.w.org\/{rel}","templated":true}]}}