{"id":114281,"date":"2025-03-20T12:57:58","date_gmt":"2025-03-20T15:57:58","guid":{"rendered":"https:\/\/www.noticiasradioreflejos.com.ar\/2021\/?p=114281"},"modified":"2025-03-20T12:57:58","modified_gmt":"2025-03-20T15:57:58","slug":"el-intendente-recibio-a-personal-de-la-uns-para-abordar-el-riesgo-hidrico-en-el-distrito","status":"publish","type":"post","link":"https:\/\/www.noticiasradioreflejos.com.ar\/2021\/el-intendente-recibio-a-personal-de-la-uns-para-abordar-el-riesgo-hidrico-en-el-distrito\/","title":{"rendered":"El Intendente recibi\u00f3 a personal de la UNS para abordar el riesgo h\u00eddrico en el distrito"},"content":{"rendered":"<p>Este mi\u00e9rcoles, el intendente Sergio Bordoni, recibi\u00f3 a representantes del Departamento de Geograf\u00eda y Turismo de la Universidad Nacional del Sur (UNS) para dialogar sobre las posibles problem\u00e1ticas del riesgo h\u00eddrico en el distrito. <!--more--><\/p>\n<p>Durante el encuentro, se analiz\u00f3 y convers\u00f3 sobre el proyecto desarrollado por la UNS en esta materia en 2024, y se avanz\u00f3 en la evaluaci\u00f3n y planificaci\u00f3n de un plan de acci\u00f3n y prevenci\u00f3n ante eventuales emergencias.<\/p>\n<p>En ese sentido, los presentes coincidieron en la importancia de establecer estrategias conjuntas que permitan mitigar el impacto de posibles eventos h\u00eddricos adversos y garantizar la seguridad de la comunidad.<\/p>\n<p><a data-flickr-embed=\"true\" href=\"https:\/\/www.flickr.com\/photos\/182279889@N02\/54399379735\/in\/dateposted-public\/\" title=\"Reunion riesgo hidrico (3)\"><img loading=\"lazy\" decoding=\"async\" src=\"https:\/\/live.staticflickr.com\/65535\/54399379735_5b6a260471_z.jpg\" width=\"640\" height=\"480\" alt=\"Reunion riesgo hidrico (3)\"\/><\/a><script async src=\"\/\/embedr.flickr.com\/assets\/client-code.js\" charset=\"utf-8\"><\/script><\/p>\n<p>La jornada form\u00f3 parte de un plan de acci\u00f3n que el municipio y la casa de altos estudios vienen llevando adelante desde el a\u00f1o pasado, a trav\u00e9s del cual, mediante diversas mesas de trabajo, se dise\u00f1\u00f3 una Gu\u00eda de Buenas Pr\u00e1cticas H\u00eddricas para el distrito.<\/p>\n<p><a data-flickr-embed=\"true\" href=\"https:\/\/www.flickr.com\/photos\/182279889@N02\/54399016456\/in\/dateposted-public\/\" title=\"Reunion riesgo hidrico (2)\"><img loading=\"lazy\" decoding=\"async\" src=\"https:\/\/live.staticflickr.com\/65535\/54399016456_9ddfee5ed1_z.jpg\" width=\"640\" height=\"480\" alt=\"Reunion riesgo hidrico (2)\"\/><\/a><script async src=\"\/\/embedr.flickr.com\/assets\/client-code.js\" charset=\"utf-8\"><\/script><\/p>\n<p>Desde Tornquist Muncipio se reafirma el compromiso de trabajar en la prevenci\u00f3n y en la implementaci\u00f3n de medidas que fortalezcan el accionar de todas sus \u00e1reas ante situaciones de emergencia.<\/p>\n<p>La reuni\u00f3n, que tuvo lugar en el aula ambiental de Tornquist, cont\u00f3 con la participaci\u00f3n del Secretario de Gobierno y Gesti\u00f3n P\u00fablica, Bruno Zacconi; la Subsecretar\u00eda de Ambiente, Melisa Herrada; el Secretario de Obras y Servicios P\u00fablicos, Bruno P\u00e1ez; el Subsecretario de Gesti\u00f3n Urbana, Branko De Sabarte; la Secretaria de Desarrollo, Daniela Aguilar; y el equipo de Defensa Civil municipal. <\/p>\n","protected":false},"excerpt":{"rendered":"<p>Este mi\u00e9rcoles, el intendente Sergio Bordoni, recibi\u00f3 a representantes del Departamento de Geograf\u00eda y Turismo de la Universidad Nacional del Sur (UNS) para dialogar sobre las posibles problem\u00e1ticas del riesgo h\u00eddrico en el distrito.<\/p>\n","protected":false},"author":3,"featured_media":0,"comment_status":"closed","ping_status":"closed","sticky":false,"template":"","format":"standard","meta":{"footnotes":""},"categories":[28],"tags":[],"class_list":["post-114281","post","type-post","status-publish","format-standard","hentry","category-municipales"],"yoast_head":"<!-- This site is optimized with the Yoast SEO plugin v25.9 - https:\/\/yoast.com\/wordpress\/plugins\/seo\/ -->\n<title>El Intendente recibi\u00f3 a personal de la UNS para abordar el riesgo h\u00eddrico en el distrito - Noticias Radio Reflejos<\/title>\n<meta name=\"robots\" content=\"index, follow, max-snippet:-1, max-image-preview:large, max-video-preview:-1\" \/>\n<link rel=\"canonical\" href=\"https:\/\/www.noticiasradioreflejos.com.ar\/2021\/el-intendente-recibio-a-personal-de-la-uns-para-abordar-el-riesgo-hidrico-en-el-distrito\/\" \/>\n<meta property=\"og:locale\" content=\"es_ES\" \/>\n<meta property=\"og:type\" content=\"article\" \/>\n<meta property=\"og:title\" content=\"El Intendente recibi\u00f3 a personal de la UNS para abordar el riesgo h\u00eddrico en el distrito - Noticias Radio Reflejos\" \/>\n<meta property=\"og:description\" content=\"Este mi\u00e9rcoles, el intendente Sergio Bordoni, recibi\u00f3 a representantes del Departamento de Geograf\u00eda y Turismo de la Universidad Nacional del Sur (UNS) para dialogar sobre las posibles problem\u00e1ticas del riesgo h\u00eddrico en el distrito.\" \/>\n<meta property=\"og:url\" content=\"https:\/\/www.noticiasradioreflejos.com.ar\/2021\/el-intendente-recibio-a-personal-de-la-uns-para-abordar-el-riesgo-hidrico-en-el-distrito\/\" \/>\n<meta property=\"og:site_name\" content=\"Noticias Radio Reflejos\" \/>\n<meta property=\"article:published_time\" content=\"2025-03-20T15:57:58+00:00\" \/>\n<meta property=\"og:image\" content=\"https:\/\/live.staticflickr.com\/65535\/54399379735_5b6a260471_z.jpg\" \/>\n<meta name=\"author\" content=\"Arnaldo Botto\" \/>\n<meta name=\"twitter:card\" content=\"summary_large_image\" \/>\n<script type=\"application\/ld+json\" class=\"yoast-schema-graph\">{\"@context\":\"https:\/\/schema.org\",\"@graph\":[{\"@type\":\"WebPage\",\"@id\":\"https:\/\/www.noticiasradioreflejos.com.ar\/2021\/el-intendente-recibio-a-personal-de-la-uns-para-abordar-el-riesgo-hidrico-en-el-distrito\/\",\"url\":\"https:\/\/www.noticiasradioreflejos.com.ar\/2021\/el-intendente-recibio-a-personal-de-la-uns-para-abordar-el-riesgo-hidrico-en-el-distrito\/\",\"name\":\"El Intendente recibi\u00f3 a personal de la UNS para abordar el riesgo h\u00eddrico en el distrito - Noticias Radio Reflejos\",\"isPartOf\":{\"@id\":\"https:\/\/www.noticiasradioreflejos.com.ar\/2021\/#website\"},\"primaryImageOfPage\":{\"@id\":\"https:\/\/www.noticiasradioreflejos.com.ar\/2021\/el-intendente-recibio-a-personal-de-la-uns-para-abordar-el-riesgo-hidrico-en-el-distrito\/#primaryimage\"},\"image\":{\"@id\":\"https:\/\/www.noticiasradioreflejos.com.ar\/2021\/el-intendente-recibio-a-personal-de-la-uns-para-abordar-el-riesgo-hidrico-en-el-distrito\/#primaryimage\"},\"thumbnailUrl\":\"https:\/\/live.staticflickr.com\/65535\/54399379735_5b6a260471_z.jpg\",\"datePublished\":\"2025-03-20T15:57:58+00:00\",\"author\":{\"@id\":\"https:\/\/www.noticiasradioreflejos.com.ar\/2021\/#\/schema\/person\/ad82545263dcc5ec0996818884fd5fb1\"},\"breadcrumb\":{\"@id\":\"https:\/\/www.noticiasradioreflejos.com.ar\/2021\/el-intendente-recibio-a-personal-de-la-uns-para-abordar-el-riesgo-hidrico-en-el-distrito\/#breadcrumb\"},\"inLanguage\":\"es\",\"potentialAction\":[{\"@type\":\"ReadAction\",\"target\":[\"https:\/\/www.noticiasradioreflejos.com.ar\/2021\/el-intendente-recibio-a-personal-de-la-uns-para-abordar-el-riesgo-hidrico-en-el-distrito\/\"]}]},{\"@type\":\"ImageObject\",\"inLanguage\":\"es\",\"@id\":\"https:\/\/www.noticiasradioreflejos.com.ar\/2021\/el-intendente-recibio-a-personal-de-la-uns-para-abordar-el-riesgo-hidrico-en-el-distrito\/#primaryimage\",\"url\":\"https:\/\/live.staticflickr.com\/65535\/54399379735_5b6a260471_z.jpg\",\"contentUrl\":\"https:\/\/live.staticflickr.com\/65535\/54399379735_5b6a260471_z.jpg\"},{\"@type\":\"BreadcrumbList\",\"@id\":\"https:\/\/www.noticiasradioreflejos.com.ar\/2021\/el-intendente-recibio-a-personal-de-la-uns-para-abordar-el-riesgo-hidrico-en-el-distrito\/#breadcrumb\",\"itemListElement\":[{\"@type\":\"ListItem\",\"position\":1,\"name\":\"Portada\",\"item\":\"https:\/\/www.noticiasradioreflejos.com.ar\/2021\/\"},{\"@type\":\"ListItem\",\"position\":2,\"name\":\"El Intendente recibi\u00f3 a personal de la UNS para abordar el riesgo h\u00eddrico en el distrito\"}]},{\"@type\":\"WebSite\",\"@id\":\"https:\/\/www.noticiasradioreflejos.com.ar\/2021\/#website\",\"url\":\"https:\/\/www.noticiasradioreflejos.com.ar\/2021\/\",\"name\":\"Noticias Radio Reflejos\",\"description\":\"Las noticias de mi comarca\",\"potentialAction\":[{\"@type\":\"SearchAction\",\"target\":{\"@type\":\"EntryPoint\",\"urlTemplate\":\"https:\/\/www.noticiasradioreflejos.com.ar\/2021\/?s={search_term_string}\"},\"query-input\":{\"@type\":\"PropertyValueSpecification\",\"valueRequired\":true,\"valueName\":\"search_term_string\"}}],\"inLanguage\":\"es\"},{\"@type\":\"Person\",\"@id\":\"https:\/\/www.noticiasradioreflejos.com.ar\/2021\/#\/schema\/person\/ad82545263dcc5ec0996818884fd5fb1\",\"name\":\"Arnaldo Botto\",\"image\":{\"@type\":\"ImageObject\",\"inLanguage\":\"es\",\"@id\":\"https:\/\/www.noticiasradioreflejos.com.ar\/2021\/#\/schema\/person\/image\/\",\"url\":\"https:\/\/secure.gravatar.com\/avatar\/55cb5e37c1efa326397366e6974cb338056df65cb50e7d64d1cf314e87504837?s=96&d=mm&r=g\",\"contentUrl\":\"https:\/\/secure.gravatar.com\/avatar\/55cb5e37c1efa326397366e6974cb338056df65cb50e7d64d1cf314e87504837?s=96&d=mm&r=g\",\"caption\":\"Arnaldo Botto\"},\"url\":\"https:\/\/www.noticiasradioreflejos.com.ar\/2021\/author\/arnaldo\/\"}]}<\/script>\n<!-- \/ Yoast SEO plugin. -->","yoast_head_json":{"title":"El Intendente recibi\u00f3 a personal de la UNS para abordar el riesgo h\u00eddrico en el distrito - Noticias Radio Reflejos","robots":{"index":"index","follow":"follow","max-snippet":"max-snippet:-1","max-image-preview":"max-image-preview:large","max-video-preview":"max-video-preview:-1"},"canonical":"https:\/\/www.noticiasradioreflejos.com.ar\/2021\/el-intendente-recibio-a-personal-de-la-uns-para-abordar-el-riesgo-hidrico-en-el-distrito\/","og_locale":"es_ES","og_type":"article","og_title":"El Intendente recibi\u00f3 a personal de la UNS para abordar el riesgo h\u00eddrico en el distrito - Noticias Radio Reflejos","og_description":"Este mi\u00e9rcoles, el intendente Sergio Bordoni, recibi\u00f3 a representantes del Departamento de Geograf\u00eda y Turismo de la Universidad Nacional del Sur (UNS) para dialogar sobre las posibles problem\u00e1ticas del riesgo h\u00eddrico en el distrito.","og_url":"https:\/\/www.noticiasradioreflejos.com.ar\/2021\/el-intendente-recibio-a-personal-de-la-uns-para-abordar-el-riesgo-hidrico-en-el-distrito\/","og_site_name":"Noticias Radio Reflejos","article_published_time":"2025-03-20T15:57:58+00:00","og_image":[{"url":"https:\/\/live.staticflickr.com\/65535\/54399379735_5b6a260471_z.jpg","type":"","width":"","height":""}],"author":"Arnaldo Botto","twitter_card":"summary_large_image","schema":{"@context":"https:\/\/schema.org","@graph":[{"@type":"WebPage","@id":"https:\/\/www.noticiasradioreflejos.com.ar\/2021\/el-intendente-recibio-a-personal-de-la-uns-para-abordar-el-riesgo-hidrico-en-el-distrito\/","url":"https:\/\/www.noticiasradioreflejos.com.ar\/2021\/el-intendente-recibio-a-personal-de-la-uns-para-abordar-el-riesgo-hidrico-en-el-distrito\/","name":"El Intendente recibi\u00f3 a personal de la UNS para abordar el riesgo h\u00eddrico en el distrito - Noticias Radio Reflejos","isPartOf":{"@id":"https:\/\/www.noticiasradioreflejos.com.ar\/2021\/#website"},"primaryImageOfPage":{"@id":"https:\/\/www.noticiasradioreflejos.com.ar\/2021\/el-intendente-recibio-a-personal-de-la-uns-para-abordar-el-riesgo-hidrico-en-el-distrito\/#primaryimage"},"image":{"@id":"https:\/\/www.noticiasradioreflejos.com.ar\/2021\/el-intendente-recibio-a-personal-de-la-uns-para-abordar-el-riesgo-hidrico-en-el-distrito\/#primaryimage"},"thumbnailUrl":"https:\/\/live.staticflickr.com\/65535\/54399379735_5b6a260471_z.jpg","datePublished":"2025-03-20T15:57:58+00:00","author":{"@id":"https:\/\/www.noticiasradioreflejos.com.ar\/2021\/#\/schema\/person\/ad82545263dcc5ec0996818884fd5fb1"},"breadcrumb":{"@id":"https:\/\/www.noticiasradioreflejos.com.ar\/2021\/el-intendente-recibio-a-personal-de-la-uns-para-abordar-el-riesgo-hidrico-en-el-distrito\/#breadcrumb"},"inLanguage":"es","potentialAction":[{"@type":"ReadAction","target":["https:\/\/www.noticiasradioreflejos.com.ar\/2021\/el-intendente-recibio-a-personal-de-la-uns-para-abordar-el-riesgo-hidrico-en-el-distrito\/"]}]},{"@type":"ImageObject","inLanguage":"es","@id":"https:\/\/www.noticiasradioreflejos.com.ar\/2021\/el-intendente-recibio-a-personal-de-la-uns-para-abordar-el-riesgo-hidrico-en-el-distrito\/#primaryimage","url":"https:\/\/live.staticflickr.com\/65535\/54399379735_5b6a260471_z.jpg","contentUrl":"https:\/\/live.staticflickr.com\/65535\/54399379735_5b6a260471_z.jpg"},{"@type":"BreadcrumbList","@id":"https:\/\/www.noticiasradioreflejos.com.ar\/2021\/el-intendente-recibio-a-personal-de-la-uns-para-abordar-el-riesgo-hidrico-en-el-distrito\/#breadcrumb","itemListElement":[{"@type":"ListItem","position":1,"name":"Portada","item":"https:\/\/www.noticiasradioreflejos.com.ar\/2021\/"},{"@type":"ListItem","position":2,"name":"El Intendente recibi\u00f3 a personal de la UNS para abordar el riesgo h\u00eddrico en el distrito"}]},{"@type":"WebSite","@id":"https:\/\/www.noticiasradioreflejos.com.ar\/2021\/#website","url":"https:\/\/www.noticiasradioreflejos.com.ar\/2021\/","name":"Noticias Radio Reflejos","description":"Las noticias de mi comarca","potentialAction":[{"@type":"SearchAction","target":{"@type":"EntryPoint","urlTemplate":"https:\/\/www.noticiasradioreflejos.com.ar\/2021\/?s={search_term_string}"},"query-input":{"@type":"PropertyValueSpecification","valueRequired":true,"valueName":"search_term_string"}}],"inLanguage":"es"},{"@type":"Person","@id":"https:\/\/www.noticiasradioreflejos.com.ar\/2021\/#\/schema\/person\/ad82545263dcc5ec0996818884fd5fb1","name":"Arnaldo Botto","image":{"@type":"ImageObject","inLanguage":"es","@id":"https:\/\/www.noticiasradioreflejos.com.ar\/2021\/#\/schema\/person\/image\/","url":"https:\/\/secure.gravatar.com\/avatar\/55cb5e37c1efa326397366e6974cb338056df65cb50e7d64d1cf314e87504837?s=96&d=mm&r=g","contentUrl":"https:\/\/secure.gravatar.com\/avatar\/55cb5e37c1efa326397366e6974cb338056df65cb50e7d64d1cf314e87504837?s=96&d=mm&r=g","caption":"Arnaldo Botto"},"url":"https:\/\/www.noticiasradioreflejos.com.ar\/2021\/author\/arnaldo\/"}]}},"_links":{"self":[{"href":"https:\/\/www.noticiasradioreflejos.com.ar\/2021\/wp-json\/wp\/v2\/posts\/114281","targetHints":{"allow":["GET"]}}],"collection":[{"href":"https:\/\/www.noticiasradioreflejos.com.ar\/2021\/wp-json\/wp\/v2\/posts"}],"about":[{"href":"https:\/\/www.noticiasradioreflejos.com.ar\/2021\/wp-json\/wp\/v2\/types\/post"}],"author":[{"embeddable":true,"href":"https:\/\/www.noticiasradioreflejos.com.ar\/2021\/wp-json\/wp\/v2\/users\/3"}],"replies":[{"embeddable":true,"href":"https:\/\/www.noticiasradioreflejos.com.ar\/2021\/wp-json\/wp\/v2\/comments?post=114281"}],"version-history":[{"count":1,"href":"https:\/\/www.noticiasradioreflejos.com.ar\/2021\/wp-json\/wp\/v2\/posts\/114281\/revisions"}],"predecessor-version":[{"id":114283,"href":"https:\/\/www.noticiasradioreflejos.com.ar\/2021\/wp-json\/wp\/v2\/posts\/114281\/revisions\/114283"}],"wp:attachment":[{"href":"https:\/\/www.noticiasradioreflejos.com.ar\/2021\/wp-json\/wp\/v2\/media?parent=114281"}],"wp:term":[{"taxonomy":"category","embeddable":true,"href":"https:\/\/www.noticiasradioreflejos.com.ar\/2021\/wp-json\/wp\/v2\/categories?post=114281"},{"taxonomy":"post_tag","embeddable":true,"href":"https:\/\/www.noticiasradioreflejos.com.ar\/2021\/wp-json\/wp\/v2\/tags?post=114281"}],"curies":[{"name":"wp","href":"https:\/\/api.w.org\/{rel}","templated":true}]}}