{"id":114254,"date":"2025-03-20T07:13:38","date_gmt":"2025-03-20T10:13:38","guid":{"rendered":"https:\/\/www.noticiasradioreflejos.com.ar\/2021\/?p=114254"},"modified":"2025-03-20T07:13:38","modified_gmt":"2025-03-20T10:13:38","slug":"el-congreso-aprueba-un-nuevo-endeudamiento-a-ciegas-con-el-fmi","status":"publish","type":"post","link":"https:\/\/www.noticiasradioreflejos.com.ar\/2021\/el-congreso-aprueba-un-nuevo-endeudamiento-a-ciegas-con-el-fmi\/","title":{"rendered":"El Congreso aprueba un nuevo endeudamiento a ciegas con el FMI"},"content":{"rendered":"<p>Sin dar detalles sobre cu\u00e1nto ser\u00e1 el monto final del pr\u00e9stamo, el oficialismo consigui\u00f3 el apoyo de los opositores aliados para blindar el DNU que firm\u00f3 Milei. Hubo fuertes cruces con la oposici\u00f3n.<!--more--><strong>Con el Congreso vallado y un recinto sumido en la anarqu\u00eda, Javier Milei logr\u00f3 ratificar el DNU que habilita un nuevo acuerdo con el FMI<\/strong>. Fue una votaci\u00f3n anunciada, pero con lo justo:\u00a0<strong>129 votos a favor, 108 en contra y seis abstenciones<\/strong>. Mientras el olor a gas pimienta iba ingresando a los pasillos de la C\u00e1mara de Diputados, La Libertad Avanza festej\u00f3 el blindaje pol\u00edtico a un nuevo endeudamiento con el Fondo del que no se conoce el monto, las condiciones ni el plazo.<\/p>\n<p>Toda la confianza que el Gobierno exhib\u00eda en el n\u00famero para aprobar el acuerdo con el FMI ten\u00eda su correlato, a la inversa, en el clima de tensi\u00f3n y caos que se percib\u00eda en el recinto. <a class=\"link\" href=\"https:\/\/www.eldiarioar.com\/politica\/audios-filtrados-menem-megafono-pagano-pico-almiron-convierten-votacion-fmi-anarquia-libertaria_1_12147086.html\" data-mrf-recirculation=\"links-noticia\" data-mrf-link=\"https:\/\/www.eldiarioar.com\/politica\/audios-filtrados-menem-megafono-pagano-pico-almiron-convierten-votacion-fmi-anarquia-libertaria_1_12147086.html\">Los audios filtrados de Mart\u00edn Menem en el chat del bloque libertario,<\/a>\u00a0en el que los arengaba a la tropa a que \u201cputeen, nada pac\u00edfico\u201d, hab\u00edan sido el anticipo de una\u00a0<strong>jornada que estar\u00eda marcada por el esc\u00e1ndalo<\/strong>. Protagonizado, en su mayor\u00eda, por los propios diputados de LLA.<\/p>\n<p>Hubo dos momentos de paz relativa: el inicio, cuando el oficialismo consigui\u00f3 qu\u00f3rum, y al momento de la votaci\u00f3n, cuando se aprob\u00f3 el DNU <strong>con el apoyo del PRO, la UCR deloredista, la Coalici\u00f3n C\u00edvica y la gran mayor\u00eda de los gobernadores<\/strong>. El cordob\u00e9s\u00a0<strong>Mart\u00edn Llaryora,<\/strong>\u00a0el salte\u00f1o\u00a0<strong>Gustavo S\u00e1enz<\/strong>, el misionero\u00a0<strong>Hugo Passalacqua<\/strong>, as\u00ed como todos los gobernadores radicales (<strong>Gustavo Vald\u00e9s, Leandro Zdero, Alfredo Cornejo<\/strong>), cumplieron un rol clave en la sesi\u00f3n, aportando el diferencial para que Milei pudiera aprobar el nuevo endeudamiento.<\/p>\n<p>&nbsp;<\/p>\n<figure><picture class=\"news-image\"><source srcset=\"https:\/\/static.eldiario.es\/clip\/7f5e9d79-02fe-4abd-a2b2-119a1858cc80_16-9-discover-aspect-ratio_50p_0.webp\" type=\"image\/webp\" media=\"(max-width: 576px)\" \/><source srcset=\"https:\/\/static.eldiario.es\/clip\/7f5e9d79-02fe-4abd-a2b2-119a1858cc80_16-9-discover-aspect-ratio_50p_0.jpg\" type=\"image\/jpg\" media=\"(max-width: 576px)\" \/><source srcset=\"https:\/\/static.eldiario.es\/clip\/7f5e9d79-02fe-4abd-a2b2-119a1858cc80_16-9-discover-aspect-ratio_75p_0.webp\" type=\"image\/webp\" media=\"(max-width: 767px)\" \/><source srcset=\"https:\/\/static.eldiario.es\/clip\/7f5e9d79-02fe-4abd-a2b2-119a1858cc80_16-9-discover-aspect-ratio_75p_0.jpg\" type=\"image\/jpg\" media=\"(max-width: 767px)\" \/><source srcset=\"https:\/\/static.eldiario.es\/clip\/7f5e9d79-02fe-4abd-a2b2-119a1858cc80_16-9-discover-aspect-ratio_default_0.webp\" type=\"image\/webp\" media=\"(min-width: 768px)\" \/><source srcset=\"https:\/\/static.eldiario.es\/clip\/7f5e9d79-02fe-4abd-a2b2-119a1858cc80_16-9-discover-aspect-ratio_default_0.jpg\" type=\"image\/jpg\" media=\"(min-width: 768px)\" \/><source srcset=\"https:\/\/static.eldiario.es\/clip\/7f5e9d79-02fe-4abd-a2b2-119a1858cc80_16-9-discover-aspect-ratio_default_0.webp\" type=\"image\/webp\" \/><img decoding=\"async\" class=\"lazy entered loaded\" src=\"https:\/\/static.eldiario.es\/clip\/7f5e9d79-02fe-4abd-a2b2-119a1858cc80_16-9-discover-aspect-ratio_default_0.jpg\" alt=\"\" data-src=\"https:\/\/static.eldiario.es\/clip\/7f5e9d79-02fe-4abd-a2b2-119a1858cc80_16-9-discover-aspect-ratio_default_0.jpg\" data-ll-status=\"loaded\" \/><\/picture><figcaption class=\"image-footer\"><\/figcaption><\/figure>\n<figure><\/figure>\n<p>El grueso de los votos en contra, en cambio, fueron de Uni\u00f3n por la Patria, el FIT y una parte del radicalismo de Democracia Para Siempre. El peronismo tuvo unas siete ausencias, entre las que se destac\u00f3 la de los catamarque\u00f1os que responden a Ra\u00fal Jalil. Facundo Manes, Pablo Juliano y el resto de los radicales de DPS tambi\u00e9n votaron en contra, pero hubo cuatro -m\u00e1s alineados con los gobernadores- que acompa\u00f1aron. El pichettismo de Encuentro Federal, mientras tanto, se dividi\u00f3:\u00a0<strong>Miguel \u00c1ngel Pichetto\u00a0<\/strong>vot\u00f3 a favor, as\u00ed como los cordobeses, pero\u00a0<strong>Oscar Agost Carre\u00f1o<\/strong>,\u00a0<strong>Emilio Monz\u00f3<\/strong>,<strong>\u00a0Nicol\u00e1s Massot\u00a0<\/strong>y\u00a0<strong>Florencio Randazzo<\/strong>\u00a0se abstuvieron.<\/p>\n<p class=\"article-text\">Apenas el tablero se ilumin\u00f3, la oficina de la Presidencia sali\u00f3 a celebrar con un comunicado. \u201cEste acuerdo garantizar\u00e1 una operaci\u00f3n de cr\u00e9dito p\u00fablico para que el Tesoro Nacional cancele deuda existente con el Banco Central e implica una reducci\u00f3n del total de la deuda p\u00fablica\u201d, destac\u00f3 el Gobierno, que se resiste a aceptar que se trata de un nuevo endeudamiento externo.<\/p>\n<figure class=\"embed-container embed-container--type-twitter \">\n<div class=\"twitter-tweet twitter-tweet-rendered\"><iframe id=\"twitter-widget-0\" class=\"\" title=\"X Post\" src=\"https:\/\/platform.twitter.com\/embed\/Tweet.html?dnt=false&amp;embedId=twitter-widget-0&amp;features=eyJ0ZndfdGltZWxpbmVfbGlzdCI6eyJidWNrZXQiOltdLCJ2ZXJzaW9uIjpudWxsfSwidGZ3X2ZvbGxvd2VyX2NvdW50X3N1bnNldCI6eyJidWNrZXQiOnRydWUsInZlcnNpb24iOm51bGx9LCJ0ZndfdHdlZXRfZWRpdF9iYWNrZW5kIjp7ImJ1Y2tldCI6Im9uIiwidmVyc2lvbiI6bnVsbH0sInRmd19yZWZzcmNfc2Vzc2lvbiI6eyJidWNrZXQiOiJvbiIsInZlcnNpb24iOm51bGx9LCJ0ZndfZm9zbnJfc29mdF9pbnRlcnZlbnRpb25zX2VuYWJsZWQiOnsiYnVja2V0Ijoib24iLCJ2ZXJzaW9uIjpudWxsfSwidGZ3X21peGVkX21lZGlhXzE1ODk3Ijp7ImJ1Y2tldCI6InRyZWF0bWVudCIsInZlcnNpb24iOm51bGx9LCJ0ZndfZXhwZXJpbWVudHNfY29va2llX2V4cGlyYXRpb24iOnsiYnVja2V0IjoxMjA5NjAwLCJ2ZXJzaW9uIjpudWxsfSwidGZ3X3Nob3dfYmlyZHdhdGNoX3Bpdm90c19lbmFibGVkIjp7ImJ1Y2tldCI6Im9uIiwidmVyc2lvbiI6bnVsbH0sInRmd19kdXBsaWNhdGVfc2NyaWJlc190b19zZXR0aW5ncyI6eyJidWNrZXQiOiJvbiIsInZlcnNpb24iOm51bGx9LCJ0ZndfdXNlX3Byb2ZpbGVfaW1hZ2Vfc2hhcGVfZW5hYmxlZCI6eyJidWNrZXQiOiJvbiIsInZlcnNpb24iOm51bGx9LCJ0ZndfdmlkZW9faGxzX2R5bmFtaWNfbWFuaWZlc3RzXzE1MDgyIjp7ImJ1Y2tldCI6InRydWVfYml0cmF0ZSIsInZlcnNpb24iOm51bGx9LCJ0ZndfbGVnYWN5X3RpbWVsaW5lX3N1bnNldCI6eyJidWNrZXQiOnRydWUsInZlcnNpb24iOm51bGx9LCJ0ZndfdHdlZXRfZWRpdF9mcm9udGVuZCI6eyJidWNrZXQiOiJvbiIsInZlcnNpb24iOm51bGx9fQ%3D%3D&amp;frame=false&amp;hideCard=false&amp;hideThread=false&amp;id=1902455296704049391&amp;lang=es&amp;origin=https%3A%2F%2Fwww.eldiarioar.com%2Fpolitica%2Fcongreso-aprueba-nuevo-endeudamiento-ciegas-fmi_1_12147742.html&amp;sessionId=303812a4d97c346060a2aae44e685c4229bcea1f&amp;theme=light&amp;widgetsVersion=2615f7e52b7e0%3A1702314776716&amp;width=550px\" frameborder=\"0\" scrolling=\"no\" allowfullscreen=\"allowfullscreen\" data-tweet-id=\"1902455296704049391\" data-mce-fragment=\"1\"><\/iframe><\/div>\n<\/figure>\n<p>&nbsp;<\/p>\n<h4>Un debate atravesado por el caos<\/h4>\n<p class=\"article-text\">Durante la sesi\u00f3n hubo de todo.\u00a0<strong>Insultos, gritos, amenazas y pedidos melodram\u00e1ticos de disculpas<\/strong>. Y, en la mayor\u00eda de los casos, hab\u00eda un diputado de LLA detr\u00e1s protagonizando el espect\u00e1culo. Desde el forzado\u00a0<em>mea culpa<\/em>\u00a0de\u00a0<strong>Lisandro Almir\u00f3n<\/strong>\u00a0con\u00a0<strong>Oscar Zago<\/strong>, a quien hab\u00eda levantado a la fuerza en la \u00faltima sesi\u00f3n para que no diera qu\u00f3rum y casi terminan a las trompadas.<strong>\u00a0Hasta la denuncia escandalosa de Marcela Pagano, quien llev\u00f3 un meg\u00e1fono al recinto y acus\u00f3 a Mart\u00edn Menem de \u201cfascista\u201d cuando le cort\u00f3 la palabra.\u00a0<\/strong><\/p>\n<p class=\"article-text\">Menem tuvo varios problemas para controlar la sesi\u00f3n, pero ninguno fue tan grave como el que encabez\u00f3 Pagano por el tema de la presidencia de la comisi\u00f3n de Juicio Pol\u00edtico. \u201c<strong>Usted no tiene facultades para desintegrar comisiones<\/strong>. Usted a m\u00ed durante un a\u00f1o me presion\u00f3 para que yo desconociera un acta\u201d, le recrimin\u00f3 la diputada libertaria, quien reclama que se reconozca su lugar en la presidencia de la comisi\u00f3n (un lugar del cual fue expulsada por orden de\u00a0<strong>Karina Milei<\/strong>). \u201c<strong>La primera vez que habla y habla para pegarle a Menem, mir\u00e1 lo que es la nena<\/strong>\u201d, se escuch\u00f3 que ironizaba<strong>\u00a0Lilia Lemoine<\/strong>, que la semana pasada intent\u00f3 apurarla para que abandonara el recinto. Pagano, en p\u00fablico, reconoci\u00f3 que los audios de Menem eran ciertos, incluido el \u00faltimo, que se dio a conocer al atardecer.<\/p>\n<figure><picture class=\"news-image\"><source srcset=\"https:\/\/static.eldiario.es\/clip\/d3f844af-6944-4018-bcfe-e8e6679f0b13_16-9-discover-aspect-ratio_50p_0.webp\" type=\"image\/webp\" media=\"(max-width: 576px)\" \/><source srcset=\"https:\/\/static.eldiario.es\/clip\/d3f844af-6944-4018-bcfe-e8e6679f0b13_16-9-discover-aspect-ratio_50p_0.jpg\" type=\"image\/jpg\" media=\"(max-width: 576px)\" \/><source srcset=\"https:\/\/static.eldiario.es\/clip\/d3f844af-6944-4018-bcfe-e8e6679f0b13_16-9-discover-aspect-ratio_75p_0.webp\" type=\"image\/webp\" media=\"(max-width: 767px)\" \/><source srcset=\"https:\/\/static.eldiario.es\/clip\/d3f844af-6944-4018-bcfe-e8e6679f0b13_16-9-discover-aspect-ratio_75p_0.jpg\" type=\"image\/jpg\" media=\"(max-width: 767px)\" \/><source srcset=\"https:\/\/static.eldiario.es\/clip\/d3f844af-6944-4018-bcfe-e8e6679f0b13_16-9-discover-aspect-ratio_default_0.webp\" type=\"image\/webp\" media=\"(min-width: 768px)\" \/><source srcset=\"https:\/\/static.eldiario.es\/clip\/d3f844af-6944-4018-bcfe-e8e6679f0b13_16-9-discover-aspect-ratio_default_0.jpg\" type=\"image\/jpg\" media=\"(min-width: 768px)\" \/><source srcset=\"https:\/\/static.eldiario.es\/clip\/d3f844af-6944-4018-bcfe-e8e6679f0b13_16-9-discover-aspect-ratio_default_0.webp\" type=\"image\/webp\" \/><img decoding=\"async\" class=\"lazy entered loaded\" src=\"https:\/\/static.eldiario.es\/clip\/d3f844af-6944-4018-bcfe-e8e6679f0b13_16-9-discover-aspect-ratio_default_0.jpg\" alt=\"\" data-src=\"https:\/\/static.eldiario.es\/clip\/d3f844af-6944-4018-bcfe-e8e6679f0b13_16-9-discover-aspect-ratio_default_0.jpg\" data-ll-status=\"loaded\" \/><\/picture><\/figure>\n<p><em><span class=\"title\">La libertaria Marcela Pagano tild\u00f3 a Menem de \u00abfascista\u00bb por quitarle la palabra\u00a0<span class=\"author\">NA<\/span><\/span>\u00a0<\/em><\/p>\n<p>&nbsp;<\/p>\n<p>En este \u00faltimo audio, Menem le advert\u00eda a su bancada que UxP iba a intentar insistir en ratificar las autoridades de la presidencia de la comisi\u00f3n de Juicio Pol\u00edtico. \u201cNosotros estamos en contra, avis\u00e9mosle a todos los bloques. La Coalici\u00f3n no se va a prender a esto, hay que trabajar con Democracia\u201d, se lo escucha decir, escrachando as\u00ed p\u00fablicamente a los lilitos: el voto decisivo.<\/p>\n<p>Por fuera de estos cruces, que podr\u00edan derivar en la expulsi\u00f3n de Pagano del bloque libertario, hubo\u00a0<strong>tres tipos de discursos referidos al acuerdo con el FMI.<\/strong>\u00a0<strong>Primero, los de la ex oposici\u00f3n dialoguista<\/strong>, como los radicales de Democracia Para Siempre o los m\u00e1s duros del pichettismo de Encuentro Federal,\u00a0<strong>que cuestionaban las \u201cformas\u201d del nuevo acuerdo con el FMI<\/strong>: el reclamo era que el DNU era ileg\u00edtimo porque se saltaba la ley de Fortalecimiento de Sostenibilidad de la Deuda P\u00fablica. \u201cEl acuerdo no se puede hacer de espaldas a la sociedad, por decreto y sin discusi\u00f3n en este Parlamento\u201d, cuestion\u00f3, por ejemplo,\u00a0<strong>Facundo Manes<\/strong>, quien vot\u00f3 en contra del DNU.<\/p>\n<p class=\"article-text\">\u201c<strong>Hoy el DNU va a tener una docena de votos menos,<\/strong>\u00a0empezando por el m\u00edo, pero que lo hubiera tenido si entraba por ley y con un Presupuesto\u201d, sum\u00f3\u00a0<strong>Nicol\u00e1s Massot\u00a0<\/strong>(EF), que se abstendr\u00eda. Hubo algunos, como los diputados de la Coalici\u00f3n C\u00edvica, que tambi\u00e9n cuestionaron el mecanismo, pero igual votaron a favor: \u201cVamos a ratificar el DNU.\u00a0<strong>No estamos orgullosos<\/strong>, sabemos que no es la herramienta ideal, pero es responsabilidad: el pr\u00e9stamo lo tom\u00f3 el Gobierno que apoyamos\u201d, reconoci\u00f3\u00a0<strong>Juan Manuel L\u00f3pez<\/strong>.<\/p>\n<p class=\"article-text\">Despu\u00e9s estuvieron los discursos oficialistas. \u201cHoy cerramos un nuevo acuerdo con el FMI sin crisis en Argentina. Estamos negociando en un momento hist\u00f3rico donde la Argentina tiene equilibrio fiscal y eso lo pone en una situaci\u00f3n mucho mejor para negociar\u201d, atin\u00f3 a argumentar\u00a0<strong>Gabriel Boronoroni<\/strong>, jefe de bloque libertario, entre las risas ir\u00f3nicas del peronismo.<\/p>\n<p class=\"article-text\"><strong>Las defensas m\u00e1s elocuentes, sin embargo, vinieron de parte del PRO y la UCR<\/strong>. \u201cNuestra Constituci\u00f3n otorga al Ejecutivo la atribuci\u00f3n de dictar DNU en circunstancias excepcionales, y en este marco, la pesada herencia del anterior Gobierno coloca a la Argentina en una situaci\u00f3n de extrema necesidad y urgencia\u201d, argument\u00f3 el jefe de la bancada PRO,\u00a0<strong>Cristian Ritondo<\/strong>, que record\u00f3 que N\u00e9stor Kirchner hab\u00eda publicado 237 DNU. Le respondi\u00f3, a los gritos,\u00a0<strong>Carlos Castagnetto (UxP): \u201cNosotros pagamos la deuda y nos fuimos del Fondo<\/strong>\u201d, le record\u00f3, fuera del micr\u00f3fono.<\/p>\n<p class=\"article-text\"><strong>Rodrigo de Loredo<\/strong>, mientras tanto, opt\u00f3 por el discurso de la \u201cresponsabilidad\u201d: \u201cNuestro bloque, una vez m\u00e1s, viene a ayudar a un gobierno que no integra en un momento cr\u00edtico, como lo hizo tambi\u00e9n con el gobierno de Alberto Fern\u00e1ndez. Sin especulaci\u00f3n. Es una actitud de sensatez y racionalidad\u201d, argument\u00f3.<\/p>\n<p class=\"article-text\">Por \u00faltimo,\u00a0<strong>la oposici\u00f3n m\u00e1s dura: los discursos de UxP y la izquierda, que cuestionaron tanto la forma -el DNU- como el fondo<\/strong>. \u201cEl instrumento es un problema porque incumple la Constituci\u00f3n y la ley. Pero no solo es el instrumento, si ac\u00e1 fuera una ley tambi\u00e9n estar\u00eda en contra de un nuevo acuerdo con el FMI sin revisar un horizonte de pagos.\u00a0<strong>Est\u00e1 claro que es un acuerdo pol\u00edtico\u201d,\u00a0<\/strong>cuestion\u00f3<strong>\u00a0Julia Strada\u00a0<\/strong>(UxP). \u201cEste acuerdo no va a ser diferente (al de Mauricio Macri). Va a tener destino a financiar la salida de capitales a los que estuvieron haciendo ganancias exorbitantes con la bicicleta financiera\u201d, sum\u00f3<strong>\u00a0Itai Hagman\u00a0<\/strong>(UxP).<\/p>\n<figure><picture class=\"news-image\"><source srcset=\"https:\/\/static.eldiario.es\/clip\/b883ea37-7a66-4f22-9d6b-8bc04289c510_16-9-discover-aspect-ratio_50p_0.webp\" type=\"image\/webp\" media=\"(max-width: 576px)\" \/><source srcset=\"https:\/\/static.eldiario.es\/clip\/b883ea37-7a66-4f22-9d6b-8bc04289c510_16-9-discover-aspect-ratio_50p_0.jpg\" type=\"image\/jpg\" media=\"(max-width: 576px)\" \/><source srcset=\"https:\/\/static.eldiario.es\/clip\/b883ea37-7a66-4f22-9d6b-8bc04289c510_16-9-discover-aspect-ratio_75p_0.webp\" type=\"image\/webp\" media=\"(max-width: 767px)\" \/><source srcset=\"https:\/\/static.eldiario.es\/clip\/b883ea37-7a66-4f22-9d6b-8bc04289c510_16-9-discover-aspect-ratio_75p_0.jpg\" type=\"image\/jpg\" media=\"(max-width: 767px)\" \/><source srcset=\"https:\/\/static.eldiario.es\/clip\/b883ea37-7a66-4f22-9d6b-8bc04289c510_16-9-discover-aspect-ratio_default_0.webp\" type=\"image\/webp\" media=\"(min-width: 768px)\" \/><source srcset=\"https:\/\/static.eldiario.es\/clip\/b883ea37-7a66-4f22-9d6b-8bc04289c510_16-9-discover-aspect-ratio_default_0.jpg\" type=\"image\/jpg\" media=\"(min-width: 768px)\" \/><source srcset=\"https:\/\/static.eldiario.es\/clip\/b883ea37-7a66-4f22-9d6b-8bc04289c510_16-9-discover-aspect-ratio_default_0.webp\" type=\"image\/webp\" \/><img decoding=\"async\" class=\"lazy entered loaded\" src=\"https:\/\/static.eldiario.es\/clip\/b883ea37-7a66-4f22-9d6b-8bc04289c510_16-9-discover-aspect-ratio_default_0.jpg\" alt=\"\" data-src=\"https:\/\/static.eldiario.es\/clip\/b883ea37-7a66-4f22-9d6b-8bc04289c510_16-9-discover-aspect-ratio_default_0.jpg\" data-ll-status=\"loaded\" \/><\/picture><\/figure>\n<p><span class=\"title\">M\u00e1ximo Kirchner vot\u00f3 de nuevo en contra del acuerdo con el FMI\u00a0<span class=\"author\">Prensa MK<\/span><\/span><\/p>\n<p class=\"article-text\"><strong>Tambi\u00e9n M\u00e1ximo Kirchner tom\u00f3 la palabra, quien aprovech\u00f3 para recordar que ni \u00e9l ni Javier Milei votaron la reestructuraci\u00f3n de la deuda del gobierno de Frente de Todos<\/strong>. Kirchner se encarg\u00f3 de verbalizar la advertencia que su madre,\u00a0<strong>Cristina Fern\u00e1ndez de Kirchner<\/strong>, precedi\u00f3 en el comunicado del PJ Nacional: la amenaza de que un futuro gobierno peronista podr\u00eda no reconocer el acuerdo: \u201cNo va a funcionar. Ustedes tienen una responsabilidad \u00fanica hasta el 10 de diciembre de 2027. Ej\u00e9rzanla. Y el 10 de diciembre de 2027 el gobierno que asuma podr\u00e1 plantear la ilegitimidad e ilegalidad de esta deuda\u201d, advirti\u00f3.<\/p>\n<div id=\"container-after-news-outlook\"><\/div>\n<p class=\"article-text\">Poco despu\u00e9s, lleg\u00f3 el momento de la votaci\u00f3n. Cuando el tablero dio que hab\u00eda 129 votos a favor, LLA estall\u00f3 en aplausos y se abraz\u00f3 con sus aliados del PRO.\u00a0<strong>En el recinto se escuchaban los estallidos de la protesta, que ya hab\u00eda comenzado<\/strong>. Estaba hablando Eduardo Toniolli y Menem, perdido, lo interrumpi\u00f3 para preguntarle si era \u00e9l quien hac\u00eda el ruido. El recinto, mientras tanto, vibraba.<\/p>\n<p class=\"article-text\"><em>MC<\/em><\/p>\n","protected":false},"excerpt":{"rendered":"<p>Sin dar detalles sobre cu\u00e1nto ser\u00e1 el monto final del pr\u00e9stamo, el oficialismo consigui\u00f3 el apoyo de los opositores aliados para blindar el DNU que firm\u00f3 Milei. Hubo fuertes cruces con la oposici\u00f3n.<\/p>\n","protected":false},"author":3,"featured_media":0,"comment_status":"closed","ping_status":"closed","sticky":false,"template":"","format":"standard","meta":{"footnotes":""},"categories":[24],"tags":[],"class_list":["post-114254","post","type-post","status-publish","format-standard","hentry","category-politica"],"yoast_head":"<!-- This site is optimized with the Yoast SEO plugin v25.9 - https:\/\/yoast.com\/wordpress\/plugins\/seo\/ -->\n<title>El Congreso aprueba un nuevo endeudamiento a ciegas con el FMI - Noticias Radio Reflejos<\/title>\n<meta name=\"robots\" content=\"index, follow, max-snippet:-1, max-image-preview:large, max-video-preview:-1\" \/>\n<link rel=\"canonical\" href=\"https:\/\/www.noticiasradioreflejos.com.ar\/2021\/el-congreso-aprueba-un-nuevo-endeudamiento-a-ciegas-con-el-fmi\/\" \/>\n<meta property=\"og:locale\" content=\"es_ES\" \/>\n<meta property=\"og:type\" content=\"article\" \/>\n<meta property=\"og:title\" content=\"El Congreso aprueba un nuevo endeudamiento a ciegas con el FMI - Noticias Radio Reflejos\" \/>\n<meta property=\"og:description\" content=\"Sin dar detalles sobre cu\u00e1nto ser\u00e1 el monto final del pr\u00e9stamo, el oficialismo consigui\u00f3 el apoyo de los opositores aliados para blindar el DNU que firm\u00f3 Milei. Hubo fuertes cruces con la oposici\u00f3n.\" \/>\n<meta property=\"og:url\" content=\"https:\/\/www.noticiasradioreflejos.com.ar\/2021\/el-congreso-aprueba-un-nuevo-endeudamiento-a-ciegas-con-el-fmi\/\" \/>\n<meta property=\"og:site_name\" content=\"Noticias Radio Reflejos\" \/>\n<meta property=\"article:published_time\" content=\"2025-03-20T10:13:38+00:00\" \/>\n<meta property=\"og:image\" content=\"https:\/\/static.eldiario.es\/clip\/7f5e9d79-02fe-4abd-a2b2-119a1858cc80_16-9-discover-aspect-ratio_default_0.jpg\" \/>\n<meta name=\"author\" content=\"Arnaldo Botto\" \/>\n<meta name=\"twitter:card\" content=\"summary_large_image\" \/>\n<script type=\"application\/ld+json\" class=\"yoast-schema-graph\">{\"@context\":\"https:\/\/schema.org\",\"@graph\":[{\"@type\":\"WebPage\",\"@id\":\"https:\/\/www.noticiasradioreflejos.com.ar\/2021\/el-congreso-aprueba-un-nuevo-endeudamiento-a-ciegas-con-el-fmi\/\",\"url\":\"https:\/\/www.noticiasradioreflejos.com.ar\/2021\/el-congreso-aprueba-un-nuevo-endeudamiento-a-ciegas-con-el-fmi\/\",\"name\":\"El Congreso aprueba un nuevo endeudamiento a ciegas con el FMI - Noticias Radio Reflejos\",\"isPartOf\":{\"@id\":\"https:\/\/www.noticiasradioreflejos.com.ar\/2021\/#website\"},\"primaryImageOfPage\":{\"@id\":\"https:\/\/www.noticiasradioreflejos.com.ar\/2021\/el-congreso-aprueba-un-nuevo-endeudamiento-a-ciegas-con-el-fmi\/#primaryimage\"},\"image\":{\"@id\":\"https:\/\/www.noticiasradioreflejos.com.ar\/2021\/el-congreso-aprueba-un-nuevo-endeudamiento-a-ciegas-con-el-fmi\/#primaryimage\"},\"thumbnailUrl\":\"https:\/\/static.eldiario.es\/clip\/7f5e9d79-02fe-4abd-a2b2-119a1858cc80_16-9-discover-aspect-ratio_default_0.jpg\",\"datePublished\":\"2025-03-20T10:13:38+00:00\",\"author\":{\"@id\":\"https:\/\/www.noticiasradioreflejos.com.ar\/2021\/#\/schema\/person\/ad82545263dcc5ec0996818884fd5fb1\"},\"breadcrumb\":{\"@id\":\"https:\/\/www.noticiasradioreflejos.com.ar\/2021\/el-congreso-aprueba-un-nuevo-endeudamiento-a-ciegas-con-el-fmi\/#breadcrumb\"},\"inLanguage\":\"es\",\"potentialAction\":[{\"@type\":\"ReadAction\",\"target\":[\"https:\/\/www.noticiasradioreflejos.com.ar\/2021\/el-congreso-aprueba-un-nuevo-endeudamiento-a-ciegas-con-el-fmi\/\"]}]},{\"@type\":\"ImageObject\",\"inLanguage\":\"es\",\"@id\":\"https:\/\/www.noticiasradioreflejos.com.ar\/2021\/el-congreso-aprueba-un-nuevo-endeudamiento-a-ciegas-con-el-fmi\/#primaryimage\",\"url\":\"https:\/\/static.eldiario.es\/clip\/7f5e9d79-02fe-4abd-a2b2-119a1858cc80_16-9-discover-aspect-ratio_default_0.jpg\",\"contentUrl\":\"https:\/\/static.eldiario.es\/clip\/7f5e9d79-02fe-4abd-a2b2-119a1858cc80_16-9-discover-aspect-ratio_default_0.jpg\"},{\"@type\":\"BreadcrumbList\",\"@id\":\"https:\/\/www.noticiasradioreflejos.com.ar\/2021\/el-congreso-aprueba-un-nuevo-endeudamiento-a-ciegas-con-el-fmi\/#breadcrumb\",\"itemListElement\":[{\"@type\":\"ListItem\",\"position\":1,\"name\":\"Portada\",\"item\":\"https:\/\/www.noticiasradioreflejos.com.ar\/2021\/\"},{\"@type\":\"ListItem\",\"position\":2,\"name\":\"El Congreso aprueba un nuevo endeudamiento a ciegas con el FMI\"}]},{\"@type\":\"WebSite\",\"@id\":\"https:\/\/www.noticiasradioreflejos.com.ar\/2021\/#website\",\"url\":\"https:\/\/www.noticiasradioreflejos.com.ar\/2021\/\",\"name\":\"Noticias Radio Reflejos\",\"description\":\"Las noticias de mi comarca\",\"potentialAction\":[{\"@type\":\"SearchAction\",\"target\":{\"@type\":\"EntryPoint\",\"urlTemplate\":\"https:\/\/www.noticiasradioreflejos.com.ar\/2021\/?s={search_term_string}\"},\"query-input\":{\"@type\":\"PropertyValueSpecification\",\"valueRequired\":true,\"valueName\":\"search_term_string\"}}],\"inLanguage\":\"es\"},{\"@type\":\"Person\",\"@id\":\"https:\/\/www.noticiasradioreflejos.com.ar\/2021\/#\/schema\/person\/ad82545263dcc5ec0996818884fd5fb1\",\"name\":\"Arnaldo Botto\",\"image\":{\"@type\":\"ImageObject\",\"inLanguage\":\"es\",\"@id\":\"https:\/\/www.noticiasradioreflejos.com.ar\/2021\/#\/schema\/person\/image\/\",\"url\":\"https:\/\/secure.gravatar.com\/avatar\/55cb5e37c1efa326397366e6974cb338056df65cb50e7d64d1cf314e87504837?s=96&d=mm&r=g\",\"contentUrl\":\"https:\/\/secure.gravatar.com\/avatar\/55cb5e37c1efa326397366e6974cb338056df65cb50e7d64d1cf314e87504837?s=96&d=mm&r=g\",\"caption\":\"Arnaldo Botto\"},\"url\":\"https:\/\/www.noticiasradioreflejos.com.ar\/2021\/author\/arnaldo\/\"}]}<\/script>\n<!-- \/ Yoast SEO plugin. -->","yoast_head_json":{"title":"El Congreso aprueba un nuevo endeudamiento a ciegas con el FMI - Noticias Radio Reflejos","robots":{"index":"index","follow":"follow","max-snippet":"max-snippet:-1","max-image-preview":"max-image-preview:large","max-video-preview":"max-video-preview:-1"},"canonical":"https:\/\/www.noticiasradioreflejos.com.ar\/2021\/el-congreso-aprueba-un-nuevo-endeudamiento-a-ciegas-con-el-fmi\/","og_locale":"es_ES","og_type":"article","og_title":"El Congreso aprueba un nuevo endeudamiento a ciegas con el FMI - Noticias Radio Reflejos","og_description":"Sin dar detalles sobre cu\u00e1nto ser\u00e1 el monto final del pr\u00e9stamo, el oficialismo consigui\u00f3 el apoyo de los opositores aliados para blindar el DNU que firm\u00f3 Milei. Hubo fuertes cruces con la oposici\u00f3n.","og_url":"https:\/\/www.noticiasradioreflejos.com.ar\/2021\/el-congreso-aprueba-un-nuevo-endeudamiento-a-ciegas-con-el-fmi\/","og_site_name":"Noticias Radio Reflejos","article_published_time":"2025-03-20T10:13:38+00:00","og_image":[{"url":"https:\/\/static.eldiario.es\/clip\/7f5e9d79-02fe-4abd-a2b2-119a1858cc80_16-9-discover-aspect-ratio_default_0.jpg","type":"","width":"","height":""}],"author":"Arnaldo Botto","twitter_card":"summary_large_image","schema":{"@context":"https:\/\/schema.org","@graph":[{"@type":"WebPage","@id":"https:\/\/www.noticiasradioreflejos.com.ar\/2021\/el-congreso-aprueba-un-nuevo-endeudamiento-a-ciegas-con-el-fmi\/","url":"https:\/\/www.noticiasradioreflejos.com.ar\/2021\/el-congreso-aprueba-un-nuevo-endeudamiento-a-ciegas-con-el-fmi\/","name":"El Congreso aprueba un nuevo endeudamiento a ciegas con el FMI - Noticias Radio Reflejos","isPartOf":{"@id":"https:\/\/www.noticiasradioreflejos.com.ar\/2021\/#website"},"primaryImageOfPage":{"@id":"https:\/\/www.noticiasradioreflejos.com.ar\/2021\/el-congreso-aprueba-un-nuevo-endeudamiento-a-ciegas-con-el-fmi\/#primaryimage"},"image":{"@id":"https:\/\/www.noticiasradioreflejos.com.ar\/2021\/el-congreso-aprueba-un-nuevo-endeudamiento-a-ciegas-con-el-fmi\/#primaryimage"},"thumbnailUrl":"https:\/\/static.eldiario.es\/clip\/7f5e9d79-02fe-4abd-a2b2-119a1858cc80_16-9-discover-aspect-ratio_default_0.jpg","datePublished":"2025-03-20T10:13:38+00:00","author":{"@id":"https:\/\/www.noticiasradioreflejos.com.ar\/2021\/#\/schema\/person\/ad82545263dcc5ec0996818884fd5fb1"},"breadcrumb":{"@id":"https:\/\/www.noticiasradioreflejos.com.ar\/2021\/el-congreso-aprueba-un-nuevo-endeudamiento-a-ciegas-con-el-fmi\/#breadcrumb"},"inLanguage":"es","potentialAction":[{"@type":"ReadAction","target":["https:\/\/www.noticiasradioreflejos.com.ar\/2021\/el-congreso-aprueba-un-nuevo-endeudamiento-a-ciegas-con-el-fmi\/"]}]},{"@type":"ImageObject","inLanguage":"es","@id":"https:\/\/www.noticiasradioreflejos.com.ar\/2021\/el-congreso-aprueba-un-nuevo-endeudamiento-a-ciegas-con-el-fmi\/#primaryimage","url":"https:\/\/static.eldiario.es\/clip\/7f5e9d79-02fe-4abd-a2b2-119a1858cc80_16-9-discover-aspect-ratio_default_0.jpg","contentUrl":"https:\/\/static.eldiario.es\/clip\/7f5e9d79-02fe-4abd-a2b2-119a1858cc80_16-9-discover-aspect-ratio_default_0.jpg"},{"@type":"BreadcrumbList","@id":"https:\/\/www.noticiasradioreflejos.com.ar\/2021\/el-congreso-aprueba-un-nuevo-endeudamiento-a-ciegas-con-el-fmi\/#breadcrumb","itemListElement":[{"@type":"ListItem","position":1,"name":"Portada","item":"https:\/\/www.noticiasradioreflejos.com.ar\/2021\/"},{"@type":"ListItem","position":2,"name":"El Congreso aprueba un nuevo endeudamiento a ciegas con el FMI"}]},{"@type":"WebSite","@id":"https:\/\/www.noticiasradioreflejos.com.ar\/2021\/#website","url":"https:\/\/www.noticiasradioreflejos.com.ar\/2021\/","name":"Noticias Radio Reflejos","description":"Las noticias de mi comarca","potentialAction":[{"@type":"SearchAction","target":{"@type":"EntryPoint","urlTemplate":"https:\/\/www.noticiasradioreflejos.com.ar\/2021\/?s={search_term_string}"},"query-input":{"@type":"PropertyValueSpecification","valueRequired":true,"valueName":"search_term_string"}}],"inLanguage":"es"},{"@type":"Person","@id":"https:\/\/www.noticiasradioreflejos.com.ar\/2021\/#\/schema\/person\/ad82545263dcc5ec0996818884fd5fb1","name":"Arnaldo Botto","image":{"@type":"ImageObject","inLanguage":"es","@id":"https:\/\/www.noticiasradioreflejos.com.ar\/2021\/#\/schema\/person\/image\/","url":"https:\/\/secure.gravatar.com\/avatar\/55cb5e37c1efa326397366e6974cb338056df65cb50e7d64d1cf314e87504837?s=96&d=mm&r=g","contentUrl":"https:\/\/secure.gravatar.com\/avatar\/55cb5e37c1efa326397366e6974cb338056df65cb50e7d64d1cf314e87504837?s=96&d=mm&r=g","caption":"Arnaldo Botto"},"url":"https:\/\/www.noticiasradioreflejos.com.ar\/2021\/author\/arnaldo\/"}]}},"_links":{"self":[{"href":"https:\/\/www.noticiasradioreflejos.com.ar\/2021\/wp-json\/wp\/v2\/posts\/114254","targetHints":{"allow":["GET"]}}],"collection":[{"href":"https:\/\/www.noticiasradioreflejos.com.ar\/2021\/wp-json\/wp\/v2\/posts"}],"about":[{"href":"https:\/\/www.noticiasradioreflejos.com.ar\/2021\/wp-json\/wp\/v2\/types\/post"}],"author":[{"embeddable":true,"href":"https:\/\/www.noticiasradioreflejos.com.ar\/2021\/wp-json\/wp\/v2\/users\/3"}],"replies":[{"embeddable":true,"href":"https:\/\/www.noticiasradioreflejos.com.ar\/2021\/wp-json\/wp\/v2\/comments?post=114254"}],"version-history":[{"count":3,"href":"https:\/\/www.noticiasradioreflejos.com.ar\/2021\/wp-json\/wp\/v2\/posts\/114254\/revisions"}],"predecessor-version":[{"id":114257,"href":"https:\/\/www.noticiasradioreflejos.com.ar\/2021\/wp-json\/wp\/v2\/posts\/114254\/revisions\/114257"}],"wp:attachment":[{"href":"https:\/\/www.noticiasradioreflejos.com.ar\/2021\/wp-json\/wp\/v2\/media?parent=114254"}],"wp:term":[{"taxonomy":"category","embeddable":true,"href":"https:\/\/www.noticiasradioreflejos.com.ar\/2021\/wp-json\/wp\/v2\/categories?post=114254"},{"taxonomy":"post_tag","embeddable":true,"href":"https:\/\/www.noticiasradioreflejos.com.ar\/2021\/wp-json\/wp\/v2\/tags?post=114254"}],"curies":[{"name":"wp","href":"https:\/\/api.w.org\/{rel}","templated":true}]}}