{"id":114250,"date":"2025-03-20T07:06:55","date_gmt":"2025-03-20T10:06:55","guid":{"rendered":"https:\/\/www.noticiasradioreflejos.com.ar\/2021\/?p=114250"},"modified":"2025-03-20T07:06:55","modified_gmt":"2025-03-20T10:06:55","slug":"a-partir-de-la-semana-proxima-las-mujeres-sin-aportes-completos-no-podran-acceder-a-una-jubilacion","status":"publish","type":"post","link":"https:\/\/www.noticiasradioreflejos.com.ar\/2021\/a-partir-de-la-semana-proxima-las-mujeres-sin-aportes-completos-no-podran-acceder-a-una-jubilacion\/","title":{"rendered":"A partir de la semana pr\u00f3xima las mujeres sin aportes completos no podr\u00e1n acceder a una jubilaci\u00f3n"},"content":{"rendered":"<p>El Gobierno no renovar\u00e1 el mecanismo que permit\u00eda a las personas sin los a\u00f1os de aporte reglamentarios compensar la deuda y acceder a ese derecho. Afecta sobre todo a mujeres. El Presidente lo decidi\u00f3 en uso de sus facultades extraordinarias y puede pensarse como una reforma previsional de hecho.<!--more-->El fin de esta semana se conjugar\u00e1 con el de una tradici\u00f3n de la Argentina: ser un pa\u00eds con cultura previsional, en el que m\u00e1s del 90% de los mayores de 65 a\u00f1os tienen derecho a un haber jubilatorio. El domingo 23 de marzo vence la moratoria que permit\u00eda a personas en edad jubilatoria \u201ccomprar\u201d los a\u00f1os de aporte necesarios para acceder a una jubilaci\u00f3n, y el Gobierno manifest\u00f3 p\u00fablicamente que no la prorrogar\u00e1 ni abrir\u00e1 una nueva.<\/p>\n<p>As\u00ed, cada a\u00f1o alrededor de 200.000 argentinos y argentinas no podr\u00e1n jubilarse, el 70% mujeres. <strong>Con facultades extraordinarias en materia previsional hasta diciembre de 2025<\/strong>, expertos alertan que el Ejecutivo podr\u00eda avanzar en m\u00e1s reformas estructurales por decreto, sin necesidad de pasar por el Congreso.<\/p>\n<p>Seg\u00fan el an\u00e1lisis del informe sobre <a class=\"link\" href=\"https:\/\/www.argentina.gob.ar\/sites\/default\/files\/densidad_de_aportes_al_sistema_previsional_administrado_por_la_anses_1994-2024.pdf\" target=\"_blank\" rel=\"noopener\" data-mrf-recirculation=\"links-noticia\" data-mrf-link=\"https:\/\/www.argentina.gob.ar\/sites\/default\/files\/densidad_de_aportes_al_sistema_previsional_administrado_por_la_anses_1994-2024.pdf\">Densidad de aportes al sistema previsional<\/a>\u00a0elaborado por Anses, dentro de la cohorte de varones que cumpli\u00f3 64 a\u00f1os en 2024 (187.044 personas), solo el 42% acceder\u00e1 a una jubilaci\u00f3n por contar con aportes completos. En el caso de las mujeres que cumplieron 59 a\u00f1os (216.022 personas), el panorama es a\u00fan m\u00e1s complejo:\u00a0<strong>apenas el 17% tendr\u00e1 derecho a una jubilaci\u00f3n contributiva este a\u00f1o.<\/strong><\/p>\n<p>\u201cEs una reforma previsional de hecho\u201d, sentencia V\u00edctor, miembro de Jubilados Insurgentes, en di\u00e1logo con elDiarioAR. Victor tiene 72 a\u00f1os y trabaja desde los doce en talleres, como cadete, e incluso en f\u00e1bricas donde sus empleadores no le derivaron los aportes y no logr\u00f3 cumplir los 30 a\u00f1os necesarios a sus 65. Como se jubil\u00f3 en 2018, cuando Mauricio Macri ya hab\u00eda creado la Pensi\u00f3n Universal para el Adulto Mayor (PUAM) y restringi\u00f3 las moratorias previsionales solo a mujeres v\u00eda la reforma previsional, no pudo acceder al derecho a jubilarse.<\/p>\n<p>En marzo, <strong>cobr\u00f3 una PUAM de $293.297\u00a0<\/strong>($223.297 m\u00e1s un bono de $70.000) y calcula \u2013dice que no est\u00e1 seguro, que entra la plata y la gasta y no cuenta mucho sus ingresos\u2013 que cont\u00f3 con unos $300.000 m\u00e1s por su trabajo como vendedor ambulante. \u201cDebo vivir con $600.000 por mes. Por suerte tengo mi casa y estoy bien de salud, tengo alg\u00fan problema de pr\u00f3stata, pero cualquier estudio que me hago me desbalancea todo el mes\u201d, agrega y remata: \u201cEs una cat\u00e1strofe para los trabajadores. Se los quiero advertir,\u00a0<strong>muchos van a tener que trabajar hasta que te den los huesos<\/strong>, como yo\u201d.<\/p>\n<p>&nbsp;<\/p>\n<p><strong style=\"color: #1d1f20; font-size: 1.953em;\">Certificado de pobreza<\/strong><\/p>\n<p>El impacto de la primera moratoria previsional, entre 2003 y 2010, deriv\u00f3 en que la cantidad de jubilaciones y pensiones del sistema nacional pasara de 3,2 millones a 5,6 millones. Posteriormente, se implementaron tres moratorias adicionales en 2014, 2019 y 2023, esta \u00faltima con vencimiento el 23 de marzo<\/p>\n<p>Ca\u00eddo el r\u00e9gimen vigente, <strong>la alternativa para los adultos mayores que no cuenten con los 30 a\u00f1os de aportes requeridos ser\u00e1 aplicar al cobro de la PUAM<\/strong>\u00a0\u2013creada en 2016 por la\u00a0<a class=\"link\" href=\"https:\/\/servicios.infoleg.gob.ar\/infolegInternet\/anexos\/260000-264999\/263691\/norma.htm\" target=\"_blank\" rel=\"noopener\" data-mrf-recirculation=\"links-noticia\" data-mrf-link=\"https:\/\/servicios.infoleg.gob.ar\/infolegInternet\/anexos\/260000-264999\/263691\/norma.htm\">Ley 27.260<\/a>\u2013,\u00a0 que representa un 80% del haber m\u00ednimo.<\/p>\n<p>Una de las cr\u00edticas que analistas previsionales le hacen a la PUAM, tiene que ver con los requisitos socioecon\u00f3micos y patrimoniales para su acceso. \u201cTuve que presentar un certificado de pobreza\u201d, recuerda V\u00edctor. Los aspirantes no deben tener ingresos brutos anuales mayores a $3,5 millones; gastos que no deben superar en m\u00e1s del 30% de ese monto, y veh\u00edculos de un valor 1,5 veces mayor que el ingreso permitido.<\/p>\n<p>Adem\u00e1s, la PUAM \u201ces un beneficio asistencial, no da derecho a pensi\u00f3n\u201d, asegura el abogado previsional Facundo Fern\u00e1ndez Pastor en di\u00e1logo con este diario. A diferencia de otras asignaciones sociales, \u201csi una mujer cobra una PUAM y fallece su esposo que cobraba jubilaci\u00f3n o pensi\u00f3n, tiene que elegir entre la PUAM y la pensi\u00f3n. Si fallece ella, la PUAM se termina\u201d.<\/p>\n<p>El investigador principal del CIPPEC Rafael Rofman celebra esta herramienta pero asegura que es insuficiente porque no reconoce aportes. La PUAM no es contributiva, con lo cual una persona con 29 a\u00f1os de aportes tendr\u00e1 el mismo beneficio que quien no hizo ninguna contribuci\u00f3n al sistema previsional.<\/p>\n<p>Finalmente,\u00a0 y al ser una opci\u00f3n que reci\u00e9n se habilita a los 65 a\u00f1os, retrasa cinco a\u00f1os la edad de retiro de las mujeres (60 a\u00f1os).<\/p>\n<p>En respuesta a una consulta por este diario, en Anses aseguraron que los <strong>turnos que se saquen hasta el 23 de marzo guardan el derecho a la moratoria<\/strong> \u2013aunque sean para luego de esa fecha\u2013. Incluso, si al momento de intentar sacar un turno no hubiera, el sistema mismo deriva a una atenci\u00f3n virtual donde el usuario se registr\u00e1 y despu\u00e9s Anses otorga un turno cuando haya, pero conservando el derecho para iniciar con moratoria.<\/p>\n<p><strong style=\"color: #1d1f20; font-size: 1.953em;\">Otro golpe para las mujeres<\/strong><\/p>\n<p>&nbsp;<\/p>\n<p>El impacto es doble para las mujeres: por el aumento de hecho de la edad jubilatoria y porque\u00a0<strong>solo el 23% de las mujeres que hoy tienen 60 a\u00f1os tiene m\u00e1s de 25 a\u00f1os de aporte,<\/strong>\u00a0seg\u00fan el cuarto informe de \u201c<a class=\"link\" href=\"https:\/\/www.cels.org.ar\/web\/wp-content\/uploads\/2025\/03\/LCDLC-INFORME-4-2.pdf.\" target=\"_blank\" rel=\"noopener\" data-mrf-recirculation=\"links-noticia\" data-mrf-link=\"https:\/\/www.cels.org.ar\/web\/wp-content\/uploads\/2025\/03\/LCDLC-INFORME-4-2.pdf.\">La cocina de los cuidados<\/a>\u201d, difundido por el Centro de Estudios Legales y Sociales (CELS).<\/p>\n<p>Seg\u00fan una encuesta sobre el trabajo no remunerado y uso del tiempo realizada por el Indec en 2021 (\u00faltimo dato disponible) la mayor carga de trabajo dom\u00e9stico no pago recae sobre las mujeres, 90% versus 68% por ciento de los hombres; lo que reduce la posibilidad de sumar a\u00f1os de aporte. Si bien Anses mantiene el programa de Reconocimiento Previsional del Cuidado que otorga un a\u00f1o de aporte por hijo o hija, \u201ccarece de sentido si no empalma con una moratoria. El faltante de a\u00f1os de aporte es muy superior a la cantidad de a\u00f1os a computar por hijo, es decir que la vigencia de esta pol\u00edtica sola no permitir\u00e1 jubilarse a nadie\u201d, asegura el informe del CELS.<\/p>\n<picture class=\"news-image\"><img decoding=\"async\" class=\"lazy entered loaded\" src=\"https:\/\/static.eldiario.es\/clip\/f2bc3171-496b-4001-9652-8060503ef077_16-9-discover-aspect-ratio_default_1113303.jpg\" alt=\"\" data-src=\"https:\/\/static.eldiario.es\/clip\/f2bc3171-496b-4001-9652-8060503ef077_16-9-discover-aspect-ratio_default_1113303.jpg\" data-ll-status=\"loaded\" \/><\/picture><em><span class=\"title\">con la firma del DNU 70\/23, el Poder Ejecutivo se atribuy\u00f3 facultades extraordinarias en materia previsional hasta diciembre de 2025.\u00a0<span class=\"author\">EFE\/ Enrique Garc\u00eda Medina<\/span><\/span><\/em><\/p>\n<p>&nbsp;<\/p>\n<p>&nbsp;<\/p>\n<p><strong style=\"color: #1d1f20; font-size: 1.953em;\">El verdadero impacto<\/strong><\/p>\n<p>\u201cLa pol\u00edtica previsional representa una de las m\u00e1s relevantes pol\u00edticas p\u00fablicas de Argentina, tanto por los recursos que gestiona (alrededor del 10% del PIB) como por el n\u00famero de ciudadanos impactados por el mismo\u201d, asegura la\u00a0<a class=\"link\" href=\"https:\/\/www.cippec.org\/wp-content\/uploads\/2024\/12\/En-busqueda-de-equidad-y-sostenibilidad.pdf\" target=\"_blank\" rel=\"noopener\" data-mrf-recirculation=\"links-noticia\" data-mrf-link=\"https:\/\/www.cippec.org\/wp-content\/uploads\/2024\/12\/En-busqueda-de-equidad-y-sostenibilidad.pdf\">Propuesta para reordenar el Sistema Previsional Argentino\u00a0<\/a>que elaboraron Rofman y Manuel Mera para CIPPEC y da un primer acercamiento de la<strong>\u00a0obsesi\u00f3n de los sucesivos gobiernos con los y las jubiladas<\/strong>.<\/p>\n<p>La eliminaci\u00f3n de la moratoria previsional no solo dejar\u00e1 a cientos de miles de personas sin acceso a una jubilaci\u00f3n, sino que tambi\u00e9n se enmarca en un contexto de reformas econ\u00f3micas que podr\u00edan modificar profundamente el sistema previsional argentino.<\/p>\n<p>Seg\u00fan datos de la Oficina de Presupuesto del Congreso (OPC), la \u00faltima moratoria represent\u00f3 un <strong>costo fiscal equivalente al 0,42% del PBI<\/strong>, un porcentaje significativo en plena negociaci\u00f3n con el Fondo Monetario Internacional (FMI). Esto refuerza la hip\u00f3tesis de que su eliminaci\u00f3n responde, en parte, a la necesidad de reducir el gasto p\u00fablico.<\/p>\n<p>Adem\u00e1s, con la firma del DNU 70\/23, el Poder Ejecutivo se atribuy\u00f3 <strong>facultades extraordinarias en materia previsional hasta diciembre de 2025<\/strong>, lo que abre la posibilidad de profundizar esta reforma sin necesidad de aprobaci\u00f3n legislativa.<\/p>\n<p>Entre las medidas que podr\u00edan implementarse, el abogado previsional Facundo Fern\u00e1ndez Pastor alerta sobre la posible reducci\u00f3n de la tasa de sustituci\u00f3n, la quita de reg\u00edmenes especiales (uno de los m\u00e1s significativos son los\u00a0 beneficios jubilatorios docentes, que representan alrededor del 50%o del gasto total de estos reg\u00edmenes de excepci\u00f3n); y finalmente volver a incorporar un sistema de capitalizaci\u00f3n.<\/p>\n<p>&nbsp;<\/p>\n<p>La <strong>tasa de sustituci\u00f3n<\/strong>\u00a0es el porcentaje del \u00faltimo salario que un trabajador percibe como jubilaci\u00f3n. En Argentina, actualmente ronda el 60%, pero Fern\u00e1ndez Pastor advierte que no es suficiente para implantar un sistema de capitalizaci\u00f3n, que ser\u00eda el verdadero objetivo. \u201cEn Chile, la tasa de sustituci\u00f3n es del 18%, en Per\u00fa y Colombia del 20% y en M\u00e9xico del 22%. Para avanzar en un modelo de capitalizaci\u00f3n como el que impuls\u00f3 Macri en su gobierno, primero deben reducir la tasa de sustituci\u00f3n, que \u00e9l ya hab\u00eda llevado al 40%\u201d, explic\u00f3.<\/p>\n<p>&nbsp;<\/p>\n<p><strong><a href=\"https:\/\/www.eldiarioar.com\/autores\/natali-risso\/\" data-mrf-link=\"https:\/\/www.eldiarioar.com\/autores\/natali-risso\/\">Natal\u00ed Risso<\/a> &#8211; ElDiarioAr<\/strong><\/p>\n","protected":false},"excerpt":{"rendered":"<p>El Gobierno no renovar\u00e1 el mecanismo que permit\u00eda a las personas sin los a\u00f1os de aporte reglamentarios compensar la deuda y acceder a ese derecho. Afecta sobre todo a mujeres. El Presidente lo decidi\u00f3 en uso de sus facultades extraordinarias y puede pensarse como una reforma previsional de hecho.<\/p>\n","protected":false},"author":3,"featured_media":114252,"comment_status":"closed","ping_status":"closed","sticky":false,"template":"","format":"standard","meta":{"footnotes":""},"categories":[36,26],"tags":[],"class_list":["post-114250","post","type-post","status-publish","format-standard","has-post-thumbnail","hentry","category-economia","category-sociedad"],"yoast_head":"<!-- This site is optimized with the Yoast SEO plugin v25.9 - https:\/\/yoast.com\/wordpress\/plugins\/seo\/ -->\n<title>A partir de la semana pr\u00f3xima las mujeres sin aportes completos no podr\u00e1n acceder a una jubilaci\u00f3n - Noticias Radio Reflejos<\/title>\n<meta name=\"robots\" content=\"index, follow, max-snippet:-1, max-image-preview:large, max-video-preview:-1\" \/>\n<link rel=\"canonical\" href=\"https:\/\/www.noticiasradioreflejos.com.ar\/2021\/a-partir-de-la-semana-proxima-las-mujeres-sin-aportes-completos-no-podran-acceder-a-una-jubilacion\/\" \/>\n<meta property=\"og:locale\" content=\"es_ES\" \/>\n<meta property=\"og:type\" content=\"article\" \/>\n<meta property=\"og:title\" content=\"A partir de la semana pr\u00f3xima las mujeres sin aportes completos no podr\u00e1n acceder a una jubilaci\u00f3n - Noticias Radio Reflejos\" \/>\n<meta property=\"og:description\" content=\"El Gobierno no renovar\u00e1 el mecanismo que permit\u00eda a las personas sin los a\u00f1os de aporte reglamentarios compensar la deuda y acceder a ese derecho. Afecta sobre todo a mujeres. El Presidente lo decidi\u00f3 en uso de sus facultades extraordinarias y puede pensarse como una reforma previsional de hecho.\" \/>\n<meta property=\"og:url\" content=\"https:\/\/www.noticiasradioreflejos.com.ar\/2021\/a-partir-de-la-semana-proxima-las-mujeres-sin-aportes-completos-no-podran-acceder-a-una-jubilacion\/\" \/>\n<meta property=\"og:site_name\" content=\"Noticias Radio Reflejos\" \/>\n<meta property=\"article:published_time\" content=\"2025-03-20T10:06:55+00:00\" \/>\n<meta property=\"og:image\" content=\"https:\/\/www.noticiasradioreflejos.com.ar\/2021\/wp-content\/uploads\/2025\/03\/jubiladas.jpg\" \/>\n\t<meta property=\"og:image:width\" content=\"1200\" \/>\n\t<meta property=\"og:image:height\" content=\"675\" \/>\n\t<meta property=\"og:image:type\" content=\"image\/jpeg\" \/>\n<meta name=\"author\" content=\"Arnaldo Botto\" \/>\n<meta name=\"twitter:card\" content=\"summary_large_image\" \/>\n<script type=\"application\/ld+json\" class=\"yoast-schema-graph\">{\"@context\":\"https:\/\/schema.org\",\"@graph\":[{\"@type\":\"WebPage\",\"@id\":\"https:\/\/www.noticiasradioreflejos.com.ar\/2021\/a-partir-de-la-semana-proxima-las-mujeres-sin-aportes-completos-no-podran-acceder-a-una-jubilacion\/\",\"url\":\"https:\/\/www.noticiasradioreflejos.com.ar\/2021\/a-partir-de-la-semana-proxima-las-mujeres-sin-aportes-completos-no-podran-acceder-a-una-jubilacion\/\",\"name\":\"A partir de la semana pr\u00f3xima las mujeres sin aportes completos no podr\u00e1n acceder a una jubilaci\u00f3n - Noticias Radio Reflejos\",\"isPartOf\":{\"@id\":\"https:\/\/www.noticiasradioreflejos.com.ar\/2021\/#website\"},\"primaryImageOfPage\":{\"@id\":\"https:\/\/www.noticiasradioreflejos.com.ar\/2021\/a-partir-de-la-semana-proxima-las-mujeres-sin-aportes-completos-no-podran-acceder-a-una-jubilacion\/#primaryimage\"},\"image\":{\"@id\":\"https:\/\/www.noticiasradioreflejos.com.ar\/2021\/a-partir-de-la-semana-proxima-las-mujeres-sin-aportes-completos-no-podran-acceder-a-una-jubilacion\/#primaryimage\"},\"thumbnailUrl\":\"https:\/\/www.noticiasradioreflejos.com.ar\/2021\/wp-content\/uploads\/2025\/03\/jubiladas.jpg\",\"datePublished\":\"2025-03-20T10:06:55+00:00\",\"author\":{\"@id\":\"https:\/\/www.noticiasradioreflejos.com.ar\/2021\/#\/schema\/person\/ad82545263dcc5ec0996818884fd5fb1\"},\"breadcrumb\":{\"@id\":\"https:\/\/www.noticiasradioreflejos.com.ar\/2021\/a-partir-de-la-semana-proxima-las-mujeres-sin-aportes-completos-no-podran-acceder-a-una-jubilacion\/#breadcrumb\"},\"inLanguage\":\"es\",\"potentialAction\":[{\"@type\":\"ReadAction\",\"target\":[\"https:\/\/www.noticiasradioreflejos.com.ar\/2021\/a-partir-de-la-semana-proxima-las-mujeres-sin-aportes-completos-no-podran-acceder-a-una-jubilacion\/\"]}]},{\"@type\":\"ImageObject\",\"inLanguage\":\"es\",\"@id\":\"https:\/\/www.noticiasradioreflejos.com.ar\/2021\/a-partir-de-la-semana-proxima-las-mujeres-sin-aportes-completos-no-podran-acceder-a-una-jubilacion\/#primaryimage\",\"url\":\"https:\/\/www.noticiasradioreflejos.com.ar\/2021\/wp-content\/uploads\/2025\/03\/jubiladas.jpg\",\"contentUrl\":\"https:\/\/www.noticiasradioreflejos.com.ar\/2021\/wp-content\/uploads\/2025\/03\/jubiladas.jpg\",\"width\":1200,\"height\":675},{\"@type\":\"BreadcrumbList\",\"@id\":\"https:\/\/www.noticiasradioreflejos.com.ar\/2021\/a-partir-de-la-semana-proxima-las-mujeres-sin-aportes-completos-no-podran-acceder-a-una-jubilacion\/#breadcrumb\",\"itemListElement\":[{\"@type\":\"ListItem\",\"position\":1,\"name\":\"Portada\",\"item\":\"https:\/\/www.noticiasradioreflejos.com.ar\/2021\/\"},{\"@type\":\"ListItem\",\"position\":2,\"name\":\"A partir de la semana pr\u00f3xima las mujeres sin aportes completos no podr\u00e1n acceder a una jubilaci\u00f3n\"}]},{\"@type\":\"WebSite\",\"@id\":\"https:\/\/www.noticiasradioreflejos.com.ar\/2021\/#website\",\"url\":\"https:\/\/www.noticiasradioreflejos.com.ar\/2021\/\",\"name\":\"Noticias Radio Reflejos\",\"description\":\"Las noticias de mi comarca\",\"potentialAction\":[{\"@type\":\"SearchAction\",\"target\":{\"@type\":\"EntryPoint\",\"urlTemplate\":\"https:\/\/www.noticiasradioreflejos.com.ar\/2021\/?s={search_term_string}\"},\"query-input\":{\"@type\":\"PropertyValueSpecification\",\"valueRequired\":true,\"valueName\":\"search_term_string\"}}],\"inLanguage\":\"es\"},{\"@type\":\"Person\",\"@id\":\"https:\/\/www.noticiasradioreflejos.com.ar\/2021\/#\/schema\/person\/ad82545263dcc5ec0996818884fd5fb1\",\"name\":\"Arnaldo Botto\",\"image\":{\"@type\":\"ImageObject\",\"inLanguage\":\"es\",\"@id\":\"https:\/\/www.noticiasradioreflejos.com.ar\/2021\/#\/schema\/person\/image\/\",\"url\":\"https:\/\/secure.gravatar.com\/avatar\/55cb5e37c1efa326397366e6974cb338056df65cb50e7d64d1cf314e87504837?s=96&d=mm&r=g\",\"contentUrl\":\"https:\/\/secure.gravatar.com\/avatar\/55cb5e37c1efa326397366e6974cb338056df65cb50e7d64d1cf314e87504837?s=96&d=mm&r=g\",\"caption\":\"Arnaldo Botto\"},\"url\":\"https:\/\/www.noticiasradioreflejos.com.ar\/2021\/author\/arnaldo\/\"}]}<\/script>\n<!-- \/ Yoast SEO plugin. -->","yoast_head_json":{"title":"A partir de la semana pr\u00f3xima las mujeres sin aportes completos no podr\u00e1n acceder a una jubilaci\u00f3n - Noticias Radio Reflejos","robots":{"index":"index","follow":"follow","max-snippet":"max-snippet:-1","max-image-preview":"max-image-preview:large","max-video-preview":"max-video-preview:-1"},"canonical":"https:\/\/www.noticiasradioreflejos.com.ar\/2021\/a-partir-de-la-semana-proxima-las-mujeres-sin-aportes-completos-no-podran-acceder-a-una-jubilacion\/","og_locale":"es_ES","og_type":"article","og_title":"A partir de la semana pr\u00f3xima las mujeres sin aportes completos no podr\u00e1n acceder a una jubilaci\u00f3n - Noticias Radio Reflejos","og_description":"El Gobierno no renovar\u00e1 el mecanismo que permit\u00eda a las personas sin los a\u00f1os de aporte reglamentarios compensar la deuda y acceder a ese derecho. Afecta sobre todo a mujeres. El Presidente lo decidi\u00f3 en uso de sus facultades extraordinarias y puede pensarse como una reforma previsional de hecho.","og_url":"https:\/\/www.noticiasradioreflejos.com.ar\/2021\/a-partir-de-la-semana-proxima-las-mujeres-sin-aportes-completos-no-podran-acceder-a-una-jubilacion\/","og_site_name":"Noticias Radio Reflejos","article_published_time":"2025-03-20T10:06:55+00:00","og_image":[{"width":1200,"height":675,"url":"https:\/\/www.noticiasradioreflejos.com.ar\/2021\/wp-content\/uploads\/2025\/03\/jubiladas.jpg","type":"image\/jpeg"}],"author":"Arnaldo Botto","twitter_card":"summary_large_image","schema":{"@context":"https:\/\/schema.org","@graph":[{"@type":"WebPage","@id":"https:\/\/www.noticiasradioreflejos.com.ar\/2021\/a-partir-de-la-semana-proxima-las-mujeres-sin-aportes-completos-no-podran-acceder-a-una-jubilacion\/","url":"https:\/\/www.noticiasradioreflejos.com.ar\/2021\/a-partir-de-la-semana-proxima-las-mujeres-sin-aportes-completos-no-podran-acceder-a-una-jubilacion\/","name":"A partir de la semana pr\u00f3xima las mujeres sin aportes completos no podr\u00e1n acceder a una jubilaci\u00f3n - Noticias Radio Reflejos","isPartOf":{"@id":"https:\/\/www.noticiasradioreflejos.com.ar\/2021\/#website"},"primaryImageOfPage":{"@id":"https:\/\/www.noticiasradioreflejos.com.ar\/2021\/a-partir-de-la-semana-proxima-las-mujeres-sin-aportes-completos-no-podran-acceder-a-una-jubilacion\/#primaryimage"},"image":{"@id":"https:\/\/www.noticiasradioreflejos.com.ar\/2021\/a-partir-de-la-semana-proxima-las-mujeres-sin-aportes-completos-no-podran-acceder-a-una-jubilacion\/#primaryimage"},"thumbnailUrl":"https:\/\/www.noticiasradioreflejos.com.ar\/2021\/wp-content\/uploads\/2025\/03\/jubiladas.jpg","datePublished":"2025-03-20T10:06:55+00:00","author":{"@id":"https:\/\/www.noticiasradioreflejos.com.ar\/2021\/#\/schema\/person\/ad82545263dcc5ec0996818884fd5fb1"},"breadcrumb":{"@id":"https:\/\/www.noticiasradioreflejos.com.ar\/2021\/a-partir-de-la-semana-proxima-las-mujeres-sin-aportes-completos-no-podran-acceder-a-una-jubilacion\/#breadcrumb"},"inLanguage":"es","potentialAction":[{"@type":"ReadAction","target":["https:\/\/www.noticiasradioreflejos.com.ar\/2021\/a-partir-de-la-semana-proxima-las-mujeres-sin-aportes-completos-no-podran-acceder-a-una-jubilacion\/"]}]},{"@type":"ImageObject","inLanguage":"es","@id":"https:\/\/www.noticiasradioreflejos.com.ar\/2021\/a-partir-de-la-semana-proxima-las-mujeres-sin-aportes-completos-no-podran-acceder-a-una-jubilacion\/#primaryimage","url":"https:\/\/www.noticiasradioreflejos.com.ar\/2021\/wp-content\/uploads\/2025\/03\/jubiladas.jpg","contentUrl":"https:\/\/www.noticiasradioreflejos.com.ar\/2021\/wp-content\/uploads\/2025\/03\/jubiladas.jpg","width":1200,"height":675},{"@type":"BreadcrumbList","@id":"https:\/\/www.noticiasradioreflejos.com.ar\/2021\/a-partir-de-la-semana-proxima-las-mujeres-sin-aportes-completos-no-podran-acceder-a-una-jubilacion\/#breadcrumb","itemListElement":[{"@type":"ListItem","position":1,"name":"Portada","item":"https:\/\/www.noticiasradioreflejos.com.ar\/2021\/"},{"@type":"ListItem","position":2,"name":"A partir de la semana pr\u00f3xima las mujeres sin aportes completos no podr\u00e1n acceder a una jubilaci\u00f3n"}]},{"@type":"WebSite","@id":"https:\/\/www.noticiasradioreflejos.com.ar\/2021\/#website","url":"https:\/\/www.noticiasradioreflejos.com.ar\/2021\/","name":"Noticias Radio Reflejos","description":"Las noticias de mi comarca","potentialAction":[{"@type":"SearchAction","target":{"@type":"EntryPoint","urlTemplate":"https:\/\/www.noticiasradioreflejos.com.ar\/2021\/?s={search_term_string}"},"query-input":{"@type":"PropertyValueSpecification","valueRequired":true,"valueName":"search_term_string"}}],"inLanguage":"es"},{"@type":"Person","@id":"https:\/\/www.noticiasradioreflejos.com.ar\/2021\/#\/schema\/person\/ad82545263dcc5ec0996818884fd5fb1","name":"Arnaldo Botto","image":{"@type":"ImageObject","inLanguage":"es","@id":"https:\/\/www.noticiasradioreflejos.com.ar\/2021\/#\/schema\/person\/image\/","url":"https:\/\/secure.gravatar.com\/avatar\/55cb5e37c1efa326397366e6974cb338056df65cb50e7d64d1cf314e87504837?s=96&d=mm&r=g","contentUrl":"https:\/\/secure.gravatar.com\/avatar\/55cb5e37c1efa326397366e6974cb338056df65cb50e7d64d1cf314e87504837?s=96&d=mm&r=g","caption":"Arnaldo Botto"},"url":"https:\/\/www.noticiasradioreflejos.com.ar\/2021\/author\/arnaldo\/"}]}},"_links":{"self":[{"href":"https:\/\/www.noticiasradioreflejos.com.ar\/2021\/wp-json\/wp\/v2\/posts\/114250","targetHints":{"allow":["GET"]}}],"collection":[{"href":"https:\/\/www.noticiasradioreflejos.com.ar\/2021\/wp-json\/wp\/v2\/posts"}],"about":[{"href":"https:\/\/www.noticiasradioreflejos.com.ar\/2021\/wp-json\/wp\/v2\/types\/post"}],"author":[{"embeddable":true,"href":"https:\/\/www.noticiasradioreflejos.com.ar\/2021\/wp-json\/wp\/v2\/users\/3"}],"replies":[{"embeddable":true,"href":"https:\/\/www.noticiasradioreflejos.com.ar\/2021\/wp-json\/wp\/v2\/comments?post=114250"}],"version-history":[{"count":2,"href":"https:\/\/www.noticiasradioreflejos.com.ar\/2021\/wp-json\/wp\/v2\/posts\/114250\/revisions"}],"predecessor-version":[{"id":114253,"href":"https:\/\/www.noticiasradioreflejos.com.ar\/2021\/wp-json\/wp\/v2\/posts\/114250\/revisions\/114253"}],"wp:featuredmedia":[{"embeddable":true,"href":"https:\/\/www.noticiasradioreflejos.com.ar\/2021\/wp-json\/wp\/v2\/media\/114252"}],"wp:attachment":[{"href":"https:\/\/www.noticiasradioreflejos.com.ar\/2021\/wp-json\/wp\/v2\/media?parent=114250"}],"wp:term":[{"taxonomy":"category","embeddable":true,"href":"https:\/\/www.noticiasradioreflejos.com.ar\/2021\/wp-json\/wp\/v2\/categories?post=114250"},{"taxonomy":"post_tag","embeddable":true,"href":"https:\/\/www.noticiasradioreflejos.com.ar\/2021\/wp-json\/wp\/v2\/tags?post=114250"}],"curies":[{"name":"wp","href":"https:\/\/api.w.org\/{rel}","templated":true}]}}