{"id":114187,"date":"2025-03-19T07:00:43","date_gmt":"2025-03-19T10:00:43","guid":{"rendered":"https:\/\/www.noticiasradioreflejos.com.ar\/2021\/?p=114187"},"modified":"2025-03-19T07:00:56","modified_gmt":"2025-03-19T10:00:56","slug":"cambio-de-horario-del-taller-de-finanzas-de-la-biblio","status":"publish","type":"post","link":"https:\/\/www.noticiasradioreflejos.com.ar\/2021\/cambio-de-horario-del-taller-de-finanzas-de-la-biblio\/","title":{"rendered":"Cambio de horario del Taller de Finanzas de la biblio."},"content":{"rendered":"<div>A \u00a0pedido del p\u00fablico, se realizar\u00e1 este <strong>viernes 21\/3, de 19:30 a 21 hs<\/strong>, en la Biblioteca Mariano Moreno de Sierra de la Ventana.<\/div>\n<p><!--more--><\/p>\n<p>\u00bfTe da miedo la palabra \u00abfinanzas\u00bb? \u00bfQuer\u00e9s aprender a manejar tu dinero y construir tu independencia econ\u00f3mica?<br \/>\nTe invitamos a una tarde de aprendizaje y empoderamiento, donde desmitificaremos el mundo de las finanzas e inversiones.<br \/>\n\u00abCharla-taller sobre educaci\u00f3n financiera e inversiones, especialmente dise\u00f1ada para mujeres. Rompamos juntas los mitos sobre el dinero y descubramos c\u00f3mo tomar el control de nuestro futuro econ\u00f3mico. Aprenderemos conceptos b\u00e1sicos, estrategias de ahorro e inversi\u00f3n, y c\u00f3mo protegernos de estafas.<br \/>\nFecha: 21 de marzo de 2025<br \/>\nHora: 19:30 hs<br \/>\nLugar: Biblioteca Mariano Moreno, Sierra de la Ventana<br \/>\n\u00a1Te esperamos!<\/p>\n<p>&nbsp;<\/p>\n<p><a href=\"https:\/\/www.noticiasradioreflejos.com.ar\/2021\/cambio-de-horario-del-taller-de-finanzas-de-la-biblio\/flyer-taller-finanzas\/\" rel=\"attachment wp-att-114188\"><img loading=\"lazy\" decoding=\"async\" class=\"aligncenter size-full wp-image-114188\" src=\"https:\/\/www.noticiasradioreflejos.com.ar\/2021\/wp-content\/uploads\/2025\/03\/Flyer-Taller-Finanzas.jpeg\" alt=\"\" width=\"1080\" height=\"1350\" \/><\/a><\/p>\n","protected":false},"excerpt":{"rendered":"<p>A \u00a0pedido del p\u00fablico, se realizar\u00e1 este viernes 21\/3, de 19:30 a 21 hs, en la Biblioteca Mariano Moreno de Sierra de la Ventana.<\/p>\n","protected":false},"author":3,"featured_media":0,"comment_status":"closed","ping_status":"closed","sticky":false,"template":"","format":"standard","meta":{"footnotes":""},"categories":[35],"tags":[],"class_list":["post-114187","post","type-post","status-publish","format-standard","hentry","category-cultura"],"yoast_head":"<!-- This site is optimized with the Yoast SEO plugin v25.9 - https:\/\/yoast.com\/wordpress\/plugins\/seo\/ -->\n<title>Cambio de horario del Taller de Finanzas de la biblio. - Noticias Radio Reflejos<\/title>\n<meta name=\"robots\" content=\"index, follow, max-snippet:-1, max-image-preview:large, max-video-preview:-1\" \/>\n<link rel=\"canonical\" href=\"https:\/\/www.noticiasradioreflejos.com.ar\/2021\/cambio-de-horario-del-taller-de-finanzas-de-la-biblio\/\" \/>\n<meta property=\"og:locale\" content=\"es_ES\" \/>\n<meta property=\"og:type\" content=\"article\" \/>\n<meta property=\"og:title\" content=\"Cambio de horario del Taller de Finanzas de la biblio. - Noticias Radio Reflejos\" \/>\n<meta property=\"og:description\" content=\"A \u00a0pedido del p\u00fablico, se realizar\u00e1 este viernes 21\/3, de 19:30 a 21 hs, en la Biblioteca Mariano Moreno de Sierra de la Ventana.\" \/>\n<meta property=\"og:url\" content=\"https:\/\/www.noticiasradioreflejos.com.ar\/2021\/cambio-de-horario-del-taller-de-finanzas-de-la-biblio\/\" \/>\n<meta property=\"og:site_name\" content=\"Noticias Radio Reflejos\" \/>\n<meta property=\"article:published_time\" content=\"2025-03-19T10:00:43+00:00\" \/>\n<meta property=\"article:modified_time\" content=\"2025-03-19T10:00:56+00:00\" \/>\n<meta property=\"og:image\" content=\"https:\/\/www.noticiasradioreflejos.com.ar\/2021\/wp-content\/uploads\/2025\/03\/Flyer-Taller-Finanzas.jpeg\" \/>\n<meta name=\"author\" content=\"Arnaldo Botto\" \/>\n<meta name=\"twitter:card\" content=\"summary_large_image\" \/>\n<script type=\"application\/ld+json\" class=\"yoast-schema-graph\">{\"@context\":\"https:\/\/schema.org\",\"@graph\":[{\"@type\":\"WebPage\",\"@id\":\"https:\/\/www.noticiasradioreflejos.com.ar\/2021\/cambio-de-horario-del-taller-de-finanzas-de-la-biblio\/\",\"url\":\"https:\/\/www.noticiasradioreflejos.com.ar\/2021\/cambio-de-horario-del-taller-de-finanzas-de-la-biblio\/\",\"name\":\"Cambio de horario del Taller de Finanzas de la biblio. - Noticias Radio Reflejos\",\"isPartOf\":{\"@id\":\"https:\/\/www.noticiasradioreflejos.com.ar\/2021\/#website\"},\"primaryImageOfPage\":{\"@id\":\"https:\/\/www.noticiasradioreflejos.com.ar\/2021\/cambio-de-horario-del-taller-de-finanzas-de-la-biblio\/#primaryimage\"},\"image\":{\"@id\":\"https:\/\/www.noticiasradioreflejos.com.ar\/2021\/cambio-de-horario-del-taller-de-finanzas-de-la-biblio\/#primaryimage\"},\"thumbnailUrl\":\"https:\/\/www.noticiasradioreflejos.com.ar\/2021\/wp-content\/uploads\/2025\/03\/Flyer-Taller-Finanzas.jpeg\",\"datePublished\":\"2025-03-19T10:00:43+00:00\",\"dateModified\":\"2025-03-19T10:00:56+00:00\",\"author\":{\"@id\":\"https:\/\/www.noticiasradioreflejos.com.ar\/2021\/#\/schema\/person\/ad82545263dcc5ec0996818884fd5fb1\"},\"breadcrumb\":{\"@id\":\"https:\/\/www.noticiasradioreflejos.com.ar\/2021\/cambio-de-horario-del-taller-de-finanzas-de-la-biblio\/#breadcrumb\"},\"inLanguage\":\"es\",\"potentialAction\":[{\"@type\":\"ReadAction\",\"target\":[\"https:\/\/www.noticiasradioreflejos.com.ar\/2021\/cambio-de-horario-del-taller-de-finanzas-de-la-biblio\/\"]}]},{\"@type\":\"ImageObject\",\"inLanguage\":\"es\",\"@id\":\"https:\/\/www.noticiasradioreflejos.com.ar\/2021\/cambio-de-horario-del-taller-de-finanzas-de-la-biblio\/#primaryimage\",\"url\":\"\",\"contentUrl\":\"\"},{\"@type\":\"BreadcrumbList\",\"@id\":\"https:\/\/www.noticiasradioreflejos.com.ar\/2021\/cambio-de-horario-del-taller-de-finanzas-de-la-biblio\/#breadcrumb\",\"itemListElement\":[{\"@type\":\"ListItem\",\"position\":1,\"name\":\"Portada\",\"item\":\"https:\/\/www.noticiasradioreflejos.com.ar\/2021\/\"},{\"@type\":\"ListItem\",\"position\":2,\"name\":\"Cambio de horario del Taller de Finanzas de la biblio.\"}]},{\"@type\":\"WebSite\",\"@id\":\"https:\/\/www.noticiasradioreflejos.com.ar\/2021\/#website\",\"url\":\"https:\/\/www.noticiasradioreflejos.com.ar\/2021\/\",\"name\":\"Noticias Radio Reflejos\",\"description\":\"Las noticias de mi comarca\",\"potentialAction\":[{\"@type\":\"SearchAction\",\"target\":{\"@type\":\"EntryPoint\",\"urlTemplate\":\"https:\/\/www.noticiasradioreflejos.com.ar\/2021\/?s={search_term_string}\"},\"query-input\":{\"@type\":\"PropertyValueSpecification\",\"valueRequired\":true,\"valueName\":\"search_term_string\"}}],\"inLanguage\":\"es\"},{\"@type\":\"Person\",\"@id\":\"https:\/\/www.noticiasradioreflejos.com.ar\/2021\/#\/schema\/person\/ad82545263dcc5ec0996818884fd5fb1\",\"name\":\"Arnaldo Botto\",\"image\":{\"@type\":\"ImageObject\",\"inLanguage\":\"es\",\"@id\":\"https:\/\/www.noticiasradioreflejos.com.ar\/2021\/#\/schema\/person\/image\/\",\"url\":\"https:\/\/secure.gravatar.com\/avatar\/55cb5e37c1efa326397366e6974cb338056df65cb50e7d64d1cf314e87504837?s=96&d=mm&r=g\",\"contentUrl\":\"https:\/\/secure.gravatar.com\/avatar\/55cb5e37c1efa326397366e6974cb338056df65cb50e7d64d1cf314e87504837?s=96&d=mm&r=g\",\"caption\":\"Arnaldo Botto\"},\"url\":\"https:\/\/www.noticiasradioreflejos.com.ar\/2021\/author\/arnaldo\/\"}]}<\/script>\n<!-- \/ Yoast SEO plugin. -->","yoast_head_json":{"title":"Cambio de horario del Taller de Finanzas de la biblio. - Noticias Radio Reflejos","robots":{"index":"index","follow":"follow","max-snippet":"max-snippet:-1","max-image-preview":"max-image-preview:large","max-video-preview":"max-video-preview:-1"},"canonical":"https:\/\/www.noticiasradioreflejos.com.ar\/2021\/cambio-de-horario-del-taller-de-finanzas-de-la-biblio\/","og_locale":"es_ES","og_type":"article","og_title":"Cambio de horario del Taller de Finanzas de la biblio. - Noticias Radio Reflejos","og_description":"A \u00a0pedido del p\u00fablico, se realizar\u00e1 este viernes 21\/3, de 19:30 a 21 hs, en la Biblioteca Mariano Moreno de Sierra de la Ventana.","og_url":"https:\/\/www.noticiasradioreflejos.com.ar\/2021\/cambio-de-horario-del-taller-de-finanzas-de-la-biblio\/","og_site_name":"Noticias Radio Reflejos","article_published_time":"2025-03-19T10:00:43+00:00","article_modified_time":"2025-03-19T10:00:56+00:00","og_image":[{"url":"https:\/\/www.noticiasradioreflejos.com.ar\/2021\/wp-content\/uploads\/2025\/03\/Flyer-Taller-Finanzas.jpeg","type":"","width":"","height":""}],"author":"Arnaldo Botto","twitter_card":"summary_large_image","schema":{"@context":"https:\/\/schema.org","@graph":[{"@type":"WebPage","@id":"https:\/\/www.noticiasradioreflejos.com.ar\/2021\/cambio-de-horario-del-taller-de-finanzas-de-la-biblio\/","url":"https:\/\/www.noticiasradioreflejos.com.ar\/2021\/cambio-de-horario-del-taller-de-finanzas-de-la-biblio\/","name":"Cambio de horario del Taller de Finanzas de la biblio. - Noticias Radio Reflejos","isPartOf":{"@id":"https:\/\/www.noticiasradioreflejos.com.ar\/2021\/#website"},"primaryImageOfPage":{"@id":"https:\/\/www.noticiasradioreflejos.com.ar\/2021\/cambio-de-horario-del-taller-de-finanzas-de-la-biblio\/#primaryimage"},"image":{"@id":"https:\/\/www.noticiasradioreflejos.com.ar\/2021\/cambio-de-horario-del-taller-de-finanzas-de-la-biblio\/#primaryimage"},"thumbnailUrl":"https:\/\/www.noticiasradioreflejos.com.ar\/2021\/wp-content\/uploads\/2025\/03\/Flyer-Taller-Finanzas.jpeg","datePublished":"2025-03-19T10:00:43+00:00","dateModified":"2025-03-19T10:00:56+00:00","author":{"@id":"https:\/\/www.noticiasradioreflejos.com.ar\/2021\/#\/schema\/person\/ad82545263dcc5ec0996818884fd5fb1"},"breadcrumb":{"@id":"https:\/\/www.noticiasradioreflejos.com.ar\/2021\/cambio-de-horario-del-taller-de-finanzas-de-la-biblio\/#breadcrumb"},"inLanguage":"es","potentialAction":[{"@type":"ReadAction","target":["https:\/\/www.noticiasradioreflejos.com.ar\/2021\/cambio-de-horario-del-taller-de-finanzas-de-la-biblio\/"]}]},{"@type":"ImageObject","inLanguage":"es","@id":"https:\/\/www.noticiasradioreflejos.com.ar\/2021\/cambio-de-horario-del-taller-de-finanzas-de-la-biblio\/#primaryimage","url":"","contentUrl":""},{"@type":"BreadcrumbList","@id":"https:\/\/www.noticiasradioreflejos.com.ar\/2021\/cambio-de-horario-del-taller-de-finanzas-de-la-biblio\/#breadcrumb","itemListElement":[{"@type":"ListItem","position":1,"name":"Portada","item":"https:\/\/www.noticiasradioreflejos.com.ar\/2021\/"},{"@type":"ListItem","position":2,"name":"Cambio de horario del Taller de Finanzas de la biblio."}]},{"@type":"WebSite","@id":"https:\/\/www.noticiasradioreflejos.com.ar\/2021\/#website","url":"https:\/\/www.noticiasradioreflejos.com.ar\/2021\/","name":"Noticias Radio Reflejos","description":"Las noticias de mi comarca","potentialAction":[{"@type":"SearchAction","target":{"@type":"EntryPoint","urlTemplate":"https:\/\/www.noticiasradioreflejos.com.ar\/2021\/?s={search_term_string}"},"query-input":{"@type":"PropertyValueSpecification","valueRequired":true,"valueName":"search_term_string"}}],"inLanguage":"es"},{"@type":"Person","@id":"https:\/\/www.noticiasradioreflejos.com.ar\/2021\/#\/schema\/person\/ad82545263dcc5ec0996818884fd5fb1","name":"Arnaldo Botto","image":{"@type":"ImageObject","inLanguage":"es","@id":"https:\/\/www.noticiasradioreflejos.com.ar\/2021\/#\/schema\/person\/image\/","url":"https:\/\/secure.gravatar.com\/avatar\/55cb5e37c1efa326397366e6974cb338056df65cb50e7d64d1cf314e87504837?s=96&d=mm&r=g","contentUrl":"https:\/\/secure.gravatar.com\/avatar\/55cb5e37c1efa326397366e6974cb338056df65cb50e7d64d1cf314e87504837?s=96&d=mm&r=g","caption":"Arnaldo Botto"},"url":"https:\/\/www.noticiasradioreflejos.com.ar\/2021\/author\/arnaldo\/"}]}},"_links":{"self":[{"href":"https:\/\/www.noticiasradioreflejos.com.ar\/2021\/wp-json\/wp\/v2\/posts\/114187","targetHints":{"allow":["GET"]}}],"collection":[{"href":"https:\/\/www.noticiasradioreflejos.com.ar\/2021\/wp-json\/wp\/v2\/posts"}],"about":[{"href":"https:\/\/www.noticiasradioreflejos.com.ar\/2021\/wp-json\/wp\/v2\/types\/post"}],"author":[{"embeddable":true,"href":"https:\/\/www.noticiasradioreflejos.com.ar\/2021\/wp-json\/wp\/v2\/users\/3"}],"replies":[{"embeddable":true,"href":"https:\/\/www.noticiasradioreflejos.com.ar\/2021\/wp-json\/wp\/v2\/comments?post=114187"}],"version-history":[{"count":3,"href":"https:\/\/www.noticiasradioreflejos.com.ar\/2021\/wp-json\/wp\/v2\/posts\/114187\/revisions"}],"predecessor-version":[{"id":114191,"href":"https:\/\/www.noticiasradioreflejos.com.ar\/2021\/wp-json\/wp\/v2\/posts\/114187\/revisions\/114191"}],"wp:attachment":[{"href":"https:\/\/www.noticiasradioreflejos.com.ar\/2021\/wp-json\/wp\/v2\/media?parent=114187"}],"wp:term":[{"taxonomy":"category","embeddable":true,"href":"https:\/\/www.noticiasradioreflejos.com.ar\/2021\/wp-json\/wp\/v2\/categories?post=114187"},{"taxonomy":"post_tag","embeddable":true,"href":"https:\/\/www.noticiasradioreflejos.com.ar\/2021\/wp-json\/wp\/v2\/tags?post=114187"}],"curies":[{"name":"wp","href":"https:\/\/api.w.org\/{rel}","templated":true}]}}