{"id":113939,"date":"2025-03-12T18:29:19","date_gmt":"2025-03-12T21:29:19","guid":{"rendered":"https:\/\/www.noticiasradioreflejos.com.ar\/2021\/?p=113939"},"modified":"2025-03-12T18:29:19","modified_gmt":"2025-03-12T21:29:19","slug":"charla-taller-sobre-educacion-financiera-e-inversiones-especialmente-disenada-para-mujeres","status":"publish","type":"post","link":"https:\/\/www.noticiasradioreflejos.com.ar\/2021\/charla-taller-sobre-educacion-financiera-e-inversiones-especialmente-disenada-para-mujeres\/","title":{"rendered":"Charla-taller sobre educaci\u00f3n financiera e inversiones, especialmente dise\u00f1ada para mujeres"},"content":{"rendered":"<p>\u00bfTe da miedo la palabra \u00abfinanzas\u00bb? \u00bfQuieres aprender a manejar tu dinero y construir tu independencia econ\u00f3mica?<!--more--><br \/>\nTe invitamos a una tarde de aprendizaje y empoderamiento, donde desmitificaremos el mundo de las finanzas e inversiones.<br \/>\n\u00abCharla-taller sobre educaci\u00f3n financiera e inversiones, especialmente dise\u00f1ada para mujeres.<\/p>\n<p>Rompamos juntas los mitos sobre el dinero y descubramos c\u00f3mo tomar el control de nuestro futuro econ\u00f3mico. Aprenderemos conceptos b\u00e1sicos, estrategias de ahorro e inversi\u00f3n, y c\u00f3mo protegernos de estafas.<\/p>\n<p><strong>Fecha: 21 de marzo de 2025<\/strong><br \/>\n<strong>Hora: 14:00 hs<\/strong><br \/>\n<strong><em>Lugar: Biblioteca Mariano Moreno, Sierra de la Ventana<\/em><\/strong><br \/>\n<strong>\u00a1Te esperamos!<\/strong><\/p>\n<p><a href=\"https:\/\/www.noticiasradioreflejos.com.ar\/2021\/charla-taller-sobre-educacion-financiera-e-inversiones-especialmente-disenada-para-mujeres\/finnanzas-biblio\/\" rel=\"attachment wp-att-113940\"><img loading=\"lazy\" decoding=\"async\" class=\"aligncenter size-full wp-image-113940\" src=\"https:\/\/www.noticiasradioreflejos.com.ar\/2021\/wp-content\/uploads\/2025\/03\/finnanzas-biblio.jpg\" alt=\"\" width=\"1080\" height=\"1350\" \/><\/a><\/p>\n","protected":false},"excerpt":{"rendered":"<p>\u00bfTe da miedo la palabra \u00abfinanzas\u00bb? \u00bfQuieres aprender a manejar tu dinero y construir tu independencia econ\u00f3mica?<\/p>\n","protected":false},"author":3,"featured_media":0,"comment_status":"closed","ping_status":"closed","sticky":false,"template":"","format":"standard","meta":{"footnotes":""},"categories":[35],"tags":[],"class_list":["post-113939","post","type-post","status-publish","format-standard","hentry","category-cultura"],"yoast_head":"<!-- This site is optimized with the Yoast SEO plugin v25.9 - https:\/\/yoast.com\/wordpress\/plugins\/seo\/ -->\n<title>Charla-taller sobre educaci\u00f3n financiera e inversiones, especialmente dise\u00f1ada para mujeres - Noticias Radio Reflejos<\/title>\n<meta name=\"robots\" content=\"index, follow, max-snippet:-1, max-image-preview:large, max-video-preview:-1\" \/>\n<link rel=\"canonical\" href=\"https:\/\/www.noticiasradioreflejos.com.ar\/2021\/charla-taller-sobre-educacion-financiera-e-inversiones-especialmente-disenada-para-mujeres\/\" \/>\n<meta property=\"og:locale\" content=\"es_ES\" \/>\n<meta property=\"og:type\" content=\"article\" \/>\n<meta property=\"og:title\" content=\"Charla-taller sobre educaci\u00f3n financiera e inversiones, especialmente dise\u00f1ada para mujeres - Noticias Radio Reflejos\" \/>\n<meta property=\"og:description\" content=\"\u00bfTe da miedo la palabra \u00abfinanzas\u00bb? \u00bfQuieres aprender a manejar tu dinero y construir tu independencia econ\u00f3mica?\" \/>\n<meta property=\"og:url\" content=\"https:\/\/www.noticiasradioreflejos.com.ar\/2021\/charla-taller-sobre-educacion-financiera-e-inversiones-especialmente-disenada-para-mujeres\/\" \/>\n<meta property=\"og:site_name\" content=\"Noticias Radio Reflejos\" \/>\n<meta property=\"article:published_time\" content=\"2025-03-12T21:29:19+00:00\" \/>\n<meta property=\"og:image\" content=\"https:\/\/www.noticiasradioreflejos.com.ar\/2021\/wp-content\/uploads\/2025\/03\/finnanzas-biblio.jpg\" \/>\n<meta name=\"author\" content=\"Arnaldo Botto\" \/>\n<meta name=\"twitter:card\" content=\"summary_large_image\" \/>\n<script type=\"application\/ld+json\" class=\"yoast-schema-graph\">{\"@context\":\"https:\/\/schema.org\",\"@graph\":[{\"@type\":\"WebPage\",\"@id\":\"https:\/\/www.noticiasradioreflejos.com.ar\/2021\/charla-taller-sobre-educacion-financiera-e-inversiones-especialmente-disenada-para-mujeres\/\",\"url\":\"https:\/\/www.noticiasradioreflejos.com.ar\/2021\/charla-taller-sobre-educacion-financiera-e-inversiones-especialmente-disenada-para-mujeres\/\",\"name\":\"Charla-taller sobre educaci\u00f3n financiera e inversiones, especialmente dise\u00f1ada para mujeres - Noticias Radio Reflejos\",\"isPartOf\":{\"@id\":\"https:\/\/www.noticiasradioreflejos.com.ar\/2021\/#website\"},\"primaryImageOfPage\":{\"@id\":\"https:\/\/www.noticiasradioreflejos.com.ar\/2021\/charla-taller-sobre-educacion-financiera-e-inversiones-especialmente-disenada-para-mujeres\/#primaryimage\"},\"image\":{\"@id\":\"https:\/\/www.noticiasradioreflejos.com.ar\/2021\/charla-taller-sobre-educacion-financiera-e-inversiones-especialmente-disenada-para-mujeres\/#primaryimage\"},\"thumbnailUrl\":\"https:\/\/www.noticiasradioreflejos.com.ar\/2021\/wp-content\/uploads\/2025\/03\/finnanzas-biblio.jpg\",\"datePublished\":\"2025-03-12T21:29:19+00:00\",\"author\":{\"@id\":\"https:\/\/www.noticiasradioreflejos.com.ar\/2021\/#\/schema\/person\/ad82545263dcc5ec0996818884fd5fb1\"},\"breadcrumb\":{\"@id\":\"https:\/\/www.noticiasradioreflejos.com.ar\/2021\/charla-taller-sobre-educacion-financiera-e-inversiones-especialmente-disenada-para-mujeres\/#breadcrumb\"},\"inLanguage\":\"es\",\"potentialAction\":[{\"@type\":\"ReadAction\",\"target\":[\"https:\/\/www.noticiasradioreflejos.com.ar\/2021\/charla-taller-sobre-educacion-financiera-e-inversiones-especialmente-disenada-para-mujeres\/\"]}]},{\"@type\":\"ImageObject\",\"inLanguage\":\"es\",\"@id\":\"https:\/\/www.noticiasradioreflejos.com.ar\/2021\/charla-taller-sobre-educacion-financiera-e-inversiones-especialmente-disenada-para-mujeres\/#primaryimage\",\"url\":\"\",\"contentUrl\":\"\"},{\"@type\":\"BreadcrumbList\",\"@id\":\"https:\/\/www.noticiasradioreflejos.com.ar\/2021\/charla-taller-sobre-educacion-financiera-e-inversiones-especialmente-disenada-para-mujeres\/#breadcrumb\",\"itemListElement\":[{\"@type\":\"ListItem\",\"position\":1,\"name\":\"Portada\",\"item\":\"https:\/\/www.noticiasradioreflejos.com.ar\/2021\/\"},{\"@type\":\"ListItem\",\"position\":2,\"name\":\"Charla-taller sobre educaci\u00f3n financiera e inversiones, especialmente dise\u00f1ada para mujeres\"}]},{\"@type\":\"WebSite\",\"@id\":\"https:\/\/www.noticiasradioreflejos.com.ar\/2021\/#website\",\"url\":\"https:\/\/www.noticiasradioreflejos.com.ar\/2021\/\",\"name\":\"Noticias Radio Reflejos\",\"description\":\"Las noticias de mi comarca\",\"potentialAction\":[{\"@type\":\"SearchAction\",\"target\":{\"@type\":\"EntryPoint\",\"urlTemplate\":\"https:\/\/www.noticiasradioreflejos.com.ar\/2021\/?s={search_term_string}\"},\"query-input\":{\"@type\":\"PropertyValueSpecification\",\"valueRequired\":true,\"valueName\":\"search_term_string\"}}],\"inLanguage\":\"es\"},{\"@type\":\"Person\",\"@id\":\"https:\/\/www.noticiasradioreflejos.com.ar\/2021\/#\/schema\/person\/ad82545263dcc5ec0996818884fd5fb1\",\"name\":\"Arnaldo Botto\",\"image\":{\"@type\":\"ImageObject\",\"inLanguage\":\"es\",\"@id\":\"https:\/\/www.noticiasradioreflejos.com.ar\/2021\/#\/schema\/person\/image\/\",\"url\":\"https:\/\/secure.gravatar.com\/avatar\/55cb5e37c1efa326397366e6974cb338056df65cb50e7d64d1cf314e87504837?s=96&d=mm&r=g\",\"contentUrl\":\"https:\/\/secure.gravatar.com\/avatar\/55cb5e37c1efa326397366e6974cb338056df65cb50e7d64d1cf314e87504837?s=96&d=mm&r=g\",\"caption\":\"Arnaldo Botto\"},\"url\":\"https:\/\/www.noticiasradioreflejos.com.ar\/2021\/author\/arnaldo\/\"}]}<\/script>\n<!-- \/ Yoast SEO plugin. -->","yoast_head_json":{"title":"Charla-taller sobre educaci\u00f3n financiera e inversiones, especialmente dise\u00f1ada para mujeres - Noticias Radio Reflejos","robots":{"index":"index","follow":"follow","max-snippet":"max-snippet:-1","max-image-preview":"max-image-preview:large","max-video-preview":"max-video-preview:-1"},"canonical":"https:\/\/www.noticiasradioreflejos.com.ar\/2021\/charla-taller-sobre-educacion-financiera-e-inversiones-especialmente-disenada-para-mujeres\/","og_locale":"es_ES","og_type":"article","og_title":"Charla-taller sobre educaci\u00f3n financiera e inversiones, especialmente dise\u00f1ada para mujeres - Noticias Radio Reflejos","og_description":"\u00bfTe da miedo la palabra \u00abfinanzas\u00bb? \u00bfQuieres aprender a manejar tu dinero y construir tu independencia econ\u00f3mica?","og_url":"https:\/\/www.noticiasradioreflejos.com.ar\/2021\/charla-taller-sobre-educacion-financiera-e-inversiones-especialmente-disenada-para-mujeres\/","og_site_name":"Noticias Radio Reflejos","article_published_time":"2025-03-12T21:29:19+00:00","og_image":[{"url":"https:\/\/www.noticiasradioreflejos.com.ar\/2021\/wp-content\/uploads\/2025\/03\/finnanzas-biblio.jpg","type":"","width":"","height":""}],"author":"Arnaldo Botto","twitter_card":"summary_large_image","schema":{"@context":"https:\/\/schema.org","@graph":[{"@type":"WebPage","@id":"https:\/\/www.noticiasradioreflejos.com.ar\/2021\/charla-taller-sobre-educacion-financiera-e-inversiones-especialmente-disenada-para-mujeres\/","url":"https:\/\/www.noticiasradioreflejos.com.ar\/2021\/charla-taller-sobre-educacion-financiera-e-inversiones-especialmente-disenada-para-mujeres\/","name":"Charla-taller sobre educaci\u00f3n financiera e inversiones, especialmente dise\u00f1ada para mujeres - Noticias Radio Reflejos","isPartOf":{"@id":"https:\/\/www.noticiasradioreflejos.com.ar\/2021\/#website"},"primaryImageOfPage":{"@id":"https:\/\/www.noticiasradioreflejos.com.ar\/2021\/charla-taller-sobre-educacion-financiera-e-inversiones-especialmente-disenada-para-mujeres\/#primaryimage"},"image":{"@id":"https:\/\/www.noticiasradioreflejos.com.ar\/2021\/charla-taller-sobre-educacion-financiera-e-inversiones-especialmente-disenada-para-mujeres\/#primaryimage"},"thumbnailUrl":"https:\/\/www.noticiasradioreflejos.com.ar\/2021\/wp-content\/uploads\/2025\/03\/finnanzas-biblio.jpg","datePublished":"2025-03-12T21:29:19+00:00","author":{"@id":"https:\/\/www.noticiasradioreflejos.com.ar\/2021\/#\/schema\/person\/ad82545263dcc5ec0996818884fd5fb1"},"breadcrumb":{"@id":"https:\/\/www.noticiasradioreflejos.com.ar\/2021\/charla-taller-sobre-educacion-financiera-e-inversiones-especialmente-disenada-para-mujeres\/#breadcrumb"},"inLanguage":"es","potentialAction":[{"@type":"ReadAction","target":["https:\/\/www.noticiasradioreflejos.com.ar\/2021\/charla-taller-sobre-educacion-financiera-e-inversiones-especialmente-disenada-para-mujeres\/"]}]},{"@type":"ImageObject","inLanguage":"es","@id":"https:\/\/www.noticiasradioreflejos.com.ar\/2021\/charla-taller-sobre-educacion-financiera-e-inversiones-especialmente-disenada-para-mujeres\/#primaryimage","url":"","contentUrl":""},{"@type":"BreadcrumbList","@id":"https:\/\/www.noticiasradioreflejos.com.ar\/2021\/charla-taller-sobre-educacion-financiera-e-inversiones-especialmente-disenada-para-mujeres\/#breadcrumb","itemListElement":[{"@type":"ListItem","position":1,"name":"Portada","item":"https:\/\/www.noticiasradioreflejos.com.ar\/2021\/"},{"@type":"ListItem","position":2,"name":"Charla-taller sobre educaci\u00f3n financiera e inversiones, especialmente dise\u00f1ada para mujeres"}]},{"@type":"WebSite","@id":"https:\/\/www.noticiasradioreflejos.com.ar\/2021\/#website","url":"https:\/\/www.noticiasradioreflejos.com.ar\/2021\/","name":"Noticias Radio Reflejos","description":"Las noticias de mi comarca","potentialAction":[{"@type":"SearchAction","target":{"@type":"EntryPoint","urlTemplate":"https:\/\/www.noticiasradioreflejos.com.ar\/2021\/?s={search_term_string}"},"query-input":{"@type":"PropertyValueSpecification","valueRequired":true,"valueName":"search_term_string"}}],"inLanguage":"es"},{"@type":"Person","@id":"https:\/\/www.noticiasradioreflejos.com.ar\/2021\/#\/schema\/person\/ad82545263dcc5ec0996818884fd5fb1","name":"Arnaldo Botto","image":{"@type":"ImageObject","inLanguage":"es","@id":"https:\/\/www.noticiasradioreflejos.com.ar\/2021\/#\/schema\/person\/image\/","url":"https:\/\/secure.gravatar.com\/avatar\/55cb5e37c1efa326397366e6974cb338056df65cb50e7d64d1cf314e87504837?s=96&d=mm&r=g","contentUrl":"https:\/\/secure.gravatar.com\/avatar\/55cb5e37c1efa326397366e6974cb338056df65cb50e7d64d1cf314e87504837?s=96&d=mm&r=g","caption":"Arnaldo Botto"},"url":"https:\/\/www.noticiasradioreflejos.com.ar\/2021\/author\/arnaldo\/"}]}},"_links":{"self":[{"href":"https:\/\/www.noticiasradioreflejos.com.ar\/2021\/wp-json\/wp\/v2\/posts\/113939","targetHints":{"allow":["GET"]}}],"collection":[{"href":"https:\/\/www.noticiasradioreflejos.com.ar\/2021\/wp-json\/wp\/v2\/posts"}],"about":[{"href":"https:\/\/www.noticiasradioreflejos.com.ar\/2021\/wp-json\/wp\/v2\/types\/post"}],"author":[{"embeddable":true,"href":"https:\/\/www.noticiasradioreflejos.com.ar\/2021\/wp-json\/wp\/v2\/users\/3"}],"replies":[{"embeddable":true,"href":"https:\/\/www.noticiasradioreflejos.com.ar\/2021\/wp-json\/wp\/v2\/comments?post=113939"}],"version-history":[{"count":2,"href":"https:\/\/www.noticiasradioreflejos.com.ar\/2021\/wp-json\/wp\/v2\/posts\/113939\/revisions"}],"predecessor-version":[{"id":113942,"href":"https:\/\/www.noticiasradioreflejos.com.ar\/2021\/wp-json\/wp\/v2\/posts\/113939\/revisions\/113942"}],"wp:attachment":[{"href":"https:\/\/www.noticiasradioreflejos.com.ar\/2021\/wp-json\/wp\/v2\/media?parent=113939"}],"wp:term":[{"taxonomy":"category","embeddable":true,"href":"https:\/\/www.noticiasradioreflejos.com.ar\/2021\/wp-json\/wp\/v2\/categories?post=113939"},{"taxonomy":"post_tag","embeddable":true,"href":"https:\/\/www.noticiasradioreflejos.com.ar\/2021\/wp-json\/wp\/v2\/tags?post=113939"}],"curies":[{"name":"wp","href":"https:\/\/api.w.org\/{rel}","templated":true}]}}