{"id":113915,"date":"2025-03-12T14:22:27","date_gmt":"2025-03-12T17:22:27","guid":{"rendered":"https:\/\/www.noticiasradioreflejos.com.ar\/2021\/?p=113915"},"modified":"2025-03-12T14:22:27","modified_gmt":"2025-03-12T17:22:27","slug":"abierto-el-registro-de-oposicion-para-el-listado-de-beneficiarios-de-viviendas-en-tornquist","status":"publish","type":"post","link":"https:\/\/www.noticiasradioreflejos.com.ar\/2021\/abierto-el-registro-de-oposicion-para-el-listado-de-beneficiarios-de-viviendas-en-tornquist\/","title":{"rendered":"Abierto el Registro de Oposici\u00f3n para el listado de beneficiarios de viviendas en Tornquist"},"content":{"rendered":"<p>Tornquist Municipio informa que se encuentra abierto, desde este mi\u00e9rcoles 12 y por cinco d\u00edas h\u00e1biles, el Registro P\u00fablico de Oposici\u00f3n para el listado de beneficiarios de 32 viviendas en la localidad de Tornquist, pertenecientes al Programa Bonaerense II \u2013 Solidaridad con Municipios.<!--more--><\/p>\n<p>Durante ese periodo de tiempo, cualquier interesado podr\u00e1 presentarse en Mesa de Entradas (Av. Sarmiento 53, Tornquist), de 8 a 14 hs, mediante nota firmada, ejerciendo la oposici\u00f3n y\/o denuncia al listado de beneficiarios surgido en el sorteo p\u00fablico del 6 de marzo del corriente, debidamente fundada y con las pruebas que considere asisten a su derecho.<\/p>\n<p>&nbsp;<br \/>\n <iframe loading=\"lazy\" class=\"scribd_iframe_embed\" title=\"Decreto 295_25\" src=\"https:\/\/www.scribd.com\/embeds\/838483198\/content?start_page=1&#038;view_mode=scroll&#038;access_key=key-50F1fdZN4qvvvEE7Z3HG\" tabindex=\"0\" data-auto-height=\"true\" data-aspect-ratio=\"0.7080062794348508\" scrolling=\"no\" width=\"100%\" height=\"600\" frameborder=\"0\" ><\/iframe> <\/p>\n<p style=\"margin: 12px auto 6px auto; font-family: Helvetica,Arial,Sans-serif; font-size: 14px; line-height: normal; display: block;\"> <a title=\"View Decreto 295_25 on Scribd\" href=\"https:\/\/www.scribd.com\/document\/838483198\/Decreto-295-25#from_embed\" style=\"text-decoration: underline;\"> Decreto 295_25 <\/a> by <a title=\"View FM Reflejos Sierra de la Ventana's profile on Scribd\" href=\"https:\/\/www.scribd.com\/user\/128459674\/FM-Reflejos-Sierra-de-la-Ventana#from_embed\" style=\"text-decoration: underline;\" > FM Reflejos Sierra de la Ventana <\/a> <\/p>\n<p>&nbsp;<\/p>\n","protected":false},"excerpt":{"rendered":"<p>Tornquist Municipio informa que se encuentra abierto, desde este mi\u00e9rcoles 12 y por cinco d\u00edas h\u00e1biles, el Registro P\u00fablico de Oposici\u00f3n para el listado de beneficiarios de 32 viviendas en la localidad de Tornquist, pertenecientes al Programa Bonaerense II \u2013 Solidaridad con Municipios.<\/p>\n","protected":false},"author":3,"featured_media":0,"comment_status":"closed","ping_status":"closed","sticky":false,"template":"","format":"standard","meta":{"footnotes":""},"categories":[28],"tags":[],"class_list":["post-113915","post","type-post","status-publish","format-standard","hentry","category-municipales"],"yoast_head":"<!-- This site is optimized with the Yoast SEO plugin v25.9 - https:\/\/yoast.com\/wordpress\/plugins\/seo\/ -->\n<title>Abierto el Registro de Oposici\u00f3n para el listado de beneficiarios de viviendas en Tornquist - Noticias Radio Reflejos<\/title>\n<meta name=\"robots\" content=\"index, follow, max-snippet:-1, max-image-preview:large, max-video-preview:-1\" \/>\n<link rel=\"canonical\" href=\"https:\/\/www.noticiasradioreflejos.com.ar\/2021\/abierto-el-registro-de-oposicion-para-el-listado-de-beneficiarios-de-viviendas-en-tornquist\/\" \/>\n<meta property=\"og:locale\" content=\"es_ES\" \/>\n<meta property=\"og:type\" content=\"article\" \/>\n<meta property=\"og:title\" content=\"Abierto el Registro de Oposici\u00f3n para el listado de beneficiarios de viviendas en Tornquist - Noticias Radio Reflejos\" \/>\n<meta property=\"og:description\" content=\"Tornquist Municipio informa que se encuentra abierto, desde este mi\u00e9rcoles 12 y por cinco d\u00edas h\u00e1biles, el Registro P\u00fablico de Oposici\u00f3n para el listado de beneficiarios de 32 viviendas en la localidad de Tornquist, pertenecientes al Programa Bonaerense II \u2013 Solidaridad con Municipios.\" \/>\n<meta property=\"og:url\" content=\"https:\/\/www.noticiasradioreflejos.com.ar\/2021\/abierto-el-registro-de-oposicion-para-el-listado-de-beneficiarios-de-viviendas-en-tornquist\/\" \/>\n<meta property=\"og:site_name\" content=\"Noticias Radio Reflejos\" \/>\n<meta property=\"article:published_time\" content=\"2025-03-12T17:22:27+00:00\" \/>\n<meta property=\"og:image\" content=\"https:\/\/www.noticiasradioreflejos.com.ar\/2021\/wp-content\/uploads\/2021\/07\/logosol300x200.png\" \/>\n\t<meta property=\"og:image:width\" content=\"300\" \/>\n\t<meta property=\"og:image:height\" content=\"200\" \/>\n\t<meta property=\"og:image:type\" content=\"image\/png\" \/>\n<meta name=\"author\" content=\"Arnaldo Botto\" \/>\n<meta name=\"twitter:card\" content=\"summary_large_image\" \/>\n<script type=\"application\/ld+json\" class=\"yoast-schema-graph\">{\"@context\":\"https:\/\/schema.org\",\"@graph\":[{\"@type\":\"WebPage\",\"@id\":\"https:\/\/www.noticiasradioreflejos.com.ar\/2021\/abierto-el-registro-de-oposicion-para-el-listado-de-beneficiarios-de-viviendas-en-tornquist\/\",\"url\":\"https:\/\/www.noticiasradioreflejos.com.ar\/2021\/abierto-el-registro-de-oposicion-para-el-listado-de-beneficiarios-de-viviendas-en-tornquist\/\",\"name\":\"Abierto el Registro de Oposici\u00f3n para el listado de beneficiarios de viviendas en Tornquist - Noticias Radio Reflejos\",\"isPartOf\":{\"@id\":\"https:\/\/www.noticiasradioreflejos.com.ar\/2021\/#website\"},\"datePublished\":\"2025-03-12T17:22:27+00:00\",\"author\":{\"@id\":\"https:\/\/www.noticiasradioreflejos.com.ar\/2021\/#\/schema\/person\/ad82545263dcc5ec0996818884fd5fb1\"},\"breadcrumb\":{\"@id\":\"https:\/\/www.noticiasradioreflejos.com.ar\/2021\/abierto-el-registro-de-oposicion-para-el-listado-de-beneficiarios-de-viviendas-en-tornquist\/#breadcrumb\"},\"inLanguage\":\"es\",\"potentialAction\":[{\"@type\":\"ReadAction\",\"target\":[\"https:\/\/www.noticiasradioreflejos.com.ar\/2021\/abierto-el-registro-de-oposicion-para-el-listado-de-beneficiarios-de-viviendas-en-tornquist\/\"]}]},{\"@type\":\"BreadcrumbList\",\"@id\":\"https:\/\/www.noticiasradioreflejos.com.ar\/2021\/abierto-el-registro-de-oposicion-para-el-listado-de-beneficiarios-de-viviendas-en-tornquist\/#breadcrumb\",\"itemListElement\":[{\"@type\":\"ListItem\",\"position\":1,\"name\":\"Portada\",\"item\":\"https:\/\/www.noticiasradioreflejos.com.ar\/2021\/\"},{\"@type\":\"ListItem\",\"position\":2,\"name\":\"Abierto el Registro de Oposici\u00f3n para el listado de beneficiarios de viviendas en Tornquist\"}]},{\"@type\":\"WebSite\",\"@id\":\"https:\/\/www.noticiasradioreflejos.com.ar\/2021\/#website\",\"url\":\"https:\/\/www.noticiasradioreflejos.com.ar\/2021\/\",\"name\":\"Noticias Radio Reflejos\",\"description\":\"Las noticias de mi comarca\",\"potentialAction\":[{\"@type\":\"SearchAction\",\"target\":{\"@type\":\"EntryPoint\",\"urlTemplate\":\"https:\/\/www.noticiasradioreflejos.com.ar\/2021\/?s={search_term_string}\"},\"query-input\":{\"@type\":\"PropertyValueSpecification\",\"valueRequired\":true,\"valueName\":\"search_term_string\"}}],\"inLanguage\":\"es\"},{\"@type\":\"Person\",\"@id\":\"https:\/\/www.noticiasradioreflejos.com.ar\/2021\/#\/schema\/person\/ad82545263dcc5ec0996818884fd5fb1\",\"name\":\"Arnaldo Botto\",\"image\":{\"@type\":\"ImageObject\",\"inLanguage\":\"es\",\"@id\":\"https:\/\/www.noticiasradioreflejos.com.ar\/2021\/#\/schema\/person\/image\/\",\"url\":\"https:\/\/secure.gravatar.com\/avatar\/55cb5e37c1efa326397366e6974cb338056df65cb50e7d64d1cf314e87504837?s=96&d=mm&r=g\",\"contentUrl\":\"https:\/\/secure.gravatar.com\/avatar\/55cb5e37c1efa326397366e6974cb338056df65cb50e7d64d1cf314e87504837?s=96&d=mm&r=g\",\"caption\":\"Arnaldo Botto\"},\"url\":\"https:\/\/www.noticiasradioreflejos.com.ar\/2021\/author\/arnaldo\/\"}]}<\/script>\n<!-- \/ Yoast SEO plugin. -->","yoast_head_json":{"title":"Abierto el Registro de Oposici\u00f3n para el listado de beneficiarios de viviendas en Tornquist - Noticias Radio Reflejos","robots":{"index":"index","follow":"follow","max-snippet":"max-snippet:-1","max-image-preview":"max-image-preview:large","max-video-preview":"max-video-preview:-1"},"canonical":"https:\/\/www.noticiasradioreflejos.com.ar\/2021\/abierto-el-registro-de-oposicion-para-el-listado-de-beneficiarios-de-viviendas-en-tornquist\/","og_locale":"es_ES","og_type":"article","og_title":"Abierto el Registro de Oposici\u00f3n para el listado de beneficiarios de viviendas en Tornquist - Noticias Radio Reflejos","og_description":"Tornquist Municipio informa que se encuentra abierto, desde este mi\u00e9rcoles 12 y por cinco d\u00edas h\u00e1biles, el Registro P\u00fablico de Oposici\u00f3n para el listado de beneficiarios de 32 viviendas en la localidad de Tornquist, pertenecientes al Programa Bonaerense II \u2013 Solidaridad con Municipios.","og_url":"https:\/\/www.noticiasradioreflejos.com.ar\/2021\/abierto-el-registro-de-oposicion-para-el-listado-de-beneficiarios-de-viviendas-en-tornquist\/","og_site_name":"Noticias Radio Reflejos","article_published_time":"2025-03-12T17:22:27+00:00","og_image":[{"width":300,"height":200,"url":"https:\/\/www.noticiasradioreflejos.com.ar\/2021\/wp-content\/uploads\/2021\/07\/logosol300x200.png","type":"image\/png"}],"author":"Arnaldo Botto","twitter_card":"summary_large_image","schema":{"@context":"https:\/\/schema.org","@graph":[{"@type":"WebPage","@id":"https:\/\/www.noticiasradioreflejos.com.ar\/2021\/abierto-el-registro-de-oposicion-para-el-listado-de-beneficiarios-de-viviendas-en-tornquist\/","url":"https:\/\/www.noticiasradioreflejos.com.ar\/2021\/abierto-el-registro-de-oposicion-para-el-listado-de-beneficiarios-de-viviendas-en-tornquist\/","name":"Abierto el Registro de Oposici\u00f3n para el listado de beneficiarios de viviendas en Tornquist - Noticias Radio Reflejos","isPartOf":{"@id":"https:\/\/www.noticiasradioreflejos.com.ar\/2021\/#website"},"datePublished":"2025-03-12T17:22:27+00:00","author":{"@id":"https:\/\/www.noticiasradioreflejos.com.ar\/2021\/#\/schema\/person\/ad82545263dcc5ec0996818884fd5fb1"},"breadcrumb":{"@id":"https:\/\/www.noticiasradioreflejos.com.ar\/2021\/abierto-el-registro-de-oposicion-para-el-listado-de-beneficiarios-de-viviendas-en-tornquist\/#breadcrumb"},"inLanguage":"es","potentialAction":[{"@type":"ReadAction","target":["https:\/\/www.noticiasradioreflejos.com.ar\/2021\/abierto-el-registro-de-oposicion-para-el-listado-de-beneficiarios-de-viviendas-en-tornquist\/"]}]},{"@type":"BreadcrumbList","@id":"https:\/\/www.noticiasradioreflejos.com.ar\/2021\/abierto-el-registro-de-oposicion-para-el-listado-de-beneficiarios-de-viviendas-en-tornquist\/#breadcrumb","itemListElement":[{"@type":"ListItem","position":1,"name":"Portada","item":"https:\/\/www.noticiasradioreflejos.com.ar\/2021\/"},{"@type":"ListItem","position":2,"name":"Abierto el Registro de Oposici\u00f3n para el listado de beneficiarios de viviendas en Tornquist"}]},{"@type":"WebSite","@id":"https:\/\/www.noticiasradioreflejos.com.ar\/2021\/#website","url":"https:\/\/www.noticiasradioreflejos.com.ar\/2021\/","name":"Noticias Radio Reflejos","description":"Las noticias de mi comarca","potentialAction":[{"@type":"SearchAction","target":{"@type":"EntryPoint","urlTemplate":"https:\/\/www.noticiasradioreflejos.com.ar\/2021\/?s={search_term_string}"},"query-input":{"@type":"PropertyValueSpecification","valueRequired":true,"valueName":"search_term_string"}}],"inLanguage":"es"},{"@type":"Person","@id":"https:\/\/www.noticiasradioreflejos.com.ar\/2021\/#\/schema\/person\/ad82545263dcc5ec0996818884fd5fb1","name":"Arnaldo Botto","image":{"@type":"ImageObject","inLanguage":"es","@id":"https:\/\/www.noticiasradioreflejos.com.ar\/2021\/#\/schema\/person\/image\/","url":"https:\/\/secure.gravatar.com\/avatar\/55cb5e37c1efa326397366e6974cb338056df65cb50e7d64d1cf314e87504837?s=96&d=mm&r=g","contentUrl":"https:\/\/secure.gravatar.com\/avatar\/55cb5e37c1efa326397366e6974cb338056df65cb50e7d64d1cf314e87504837?s=96&d=mm&r=g","caption":"Arnaldo Botto"},"url":"https:\/\/www.noticiasradioreflejos.com.ar\/2021\/author\/arnaldo\/"}]}},"_links":{"self":[{"href":"https:\/\/www.noticiasradioreflejos.com.ar\/2021\/wp-json\/wp\/v2\/posts\/113915","targetHints":{"allow":["GET"]}}],"collection":[{"href":"https:\/\/www.noticiasradioreflejos.com.ar\/2021\/wp-json\/wp\/v2\/posts"}],"about":[{"href":"https:\/\/www.noticiasradioreflejos.com.ar\/2021\/wp-json\/wp\/v2\/types\/post"}],"author":[{"embeddable":true,"href":"https:\/\/www.noticiasradioreflejos.com.ar\/2021\/wp-json\/wp\/v2\/users\/3"}],"replies":[{"embeddable":true,"href":"https:\/\/www.noticiasradioreflejos.com.ar\/2021\/wp-json\/wp\/v2\/comments?post=113915"}],"version-history":[{"count":1,"href":"https:\/\/www.noticiasradioreflejos.com.ar\/2021\/wp-json\/wp\/v2\/posts\/113915\/revisions"}],"predecessor-version":[{"id":113916,"href":"https:\/\/www.noticiasradioreflejos.com.ar\/2021\/wp-json\/wp\/v2\/posts\/113915\/revisions\/113916"}],"wp:attachment":[{"href":"https:\/\/www.noticiasradioreflejos.com.ar\/2021\/wp-json\/wp\/v2\/media?parent=113915"}],"wp:term":[{"taxonomy":"category","embeddable":true,"href":"https:\/\/www.noticiasradioreflejos.com.ar\/2021\/wp-json\/wp\/v2\/categories?post=113915"},{"taxonomy":"post_tag","embeddable":true,"href":"https:\/\/www.noticiasradioreflejos.com.ar\/2021\/wp-json\/wp\/v2\/tags?post=113915"}],"curies":[{"name":"wp","href":"https:\/\/api.w.org\/{rel}","templated":true}]}}