{"id":113900,"date":"2025-03-12T11:54:30","date_gmt":"2025-03-12T14:54:30","guid":{"rendered":"https:\/\/www.noticiasradioreflejos.com.ar\/2021\/?p=113900"},"modified":"2025-03-12T14:10:04","modified_gmt":"2025-03-12T17:10:04","slug":"113900-2","status":"publish","type":"post","link":"https:\/\/www.noticiasradioreflejos.com.ar\/2021\/113900-2\/","title":{"rendered":"El pueblo con m\u00e1s almacenes de campo del pa\u00eds."},"content":{"rendered":"<p>Punto de encuentro, sitio donde descansar el caballo y tomarse un trago, lugar donde aprovisionarse e intercambiar productos, los almacenes y pulper\u00edas son una parte fundamental de la historia.<br \/>\n<!--more--><br \/>\nHasta all\u00ed llegaban gauchos y viajeros que recorr\u00edan los solitarios y extensos caminos provinciales para hacer un alto en el camino, informarse de las \u00faltimas noticias, comer, comprar productos necesarios para su cotidianeidad, buscar sus correspondencias. Una historia muy nuestra, con m\u00e1s de 100 a\u00f1os, que hoy es tendencia en cualquier escapada hacia el turismo rural, donde uno busca relajarse con un horizonte<br \/>\nabierto y verde, comer rico en estos almacenes devenidos en comedores y restaurantes y dormir escuchando el canto de los p\u00e1jaros y las ranas.<br \/>\nRoque P\u00e9rez, en sus pueblos rurales y parajes, ofrece la mayor concentraci\u00f3n de Almacenes abiertos y funcionando de toda la Provincia de Buenos Aires y la Argentina. Cada uno con su impronta, sus comidas regionales, su atenci\u00f3n personalizada, deleitan al viajero con sus grandes fotograf\u00edas, sus recuerdos, sus objetos viejos.<br \/>\nEn cada visita uno se asombra con la reacci\u00f3n de los m\u00e1s j\u00f3venes frente a la visi\u00f3n de un sif\u00f3n, una calculadora antigua, alguna prensa de quesos. Ese encuentro con el pasado es parte de una de las experiencias m\u00e1s ricas de las escapadas al interior bonaerense, un territorio vasto donde lo nuestro<br \/>\npermanece casi intacto y s\u00f3lo es cuesti\u00f3n de salir a descubrirlo.<\/p>\n<p>Roque P\u00e9rez, ciudad ubicada a apenas 130 km de la Capital Federal, se encuentra en el coraz\u00f3n de la pampa bonaerense, sobre la RutaN 205, la misma que llega a Ezeiza\/Ca\u00f1uelas.<\/p>\n<p><strong>Almac\u00e9n Don Lalo<\/strong><br \/>\nEl Almac\u00e9n de campo Don Lalo, atendido por sus due\u00f1os desde hace m\u00e1s de 50 a\u00f1os, es el primer atractivo que encontrar\u00e1n en este circuito, ya que est\u00e1 ubicado justo en la bajada de la ruta 205, por donde deben continuar para realizar el recorrido.<br \/>\nActualmente, las hijas de Lalo son las encargadas de llevar el negocio. Podr\u00e1s encontrar all\u00ed productos regionales: fiambres de todo tipo, bondiola, salamines, queso, miel, huevos de campo, pastelitos, conservas realizadas por productores de la zona, vinos, pan casero, entre otras delicias. La familia<br \/>\ncuenta con una huerta donde cosecha verduras org\u00e1nicas, alimentos de\u00a0excelente calidad. Adem\u00e1s, suelen servir desayunos salados y picadas para grupos.<br \/>\nConsideramos que es una parada que no se pueden perder, porque adem\u00e1s de que pueden comprar salames, quesos y llevarse un poquito de la esencia del pueblo, aprendiendo sobre su vida productiva.<br \/>\nInformaci\u00f3n de contacto Celular 2227465776. Facebook Almacen de campo \u201cdon Lalo\u201d. Instagram @almacendecampodonlalo. Horarios de atenci\u00f3n: Lunes a lunes de 10 a 22hs.<\/p>\n<p><strong>Almac\u00e9n La Uni\u00f3n<\/strong><br \/>\nEs una casona de m\u00e1s de 100 a\u00f1os de antig\u00fcedad, los memoriosos del lugar cuentan que hace unos 40 a\u00f1os una fuerte tormenta derrib\u00f3 las centenarias araucarias de su terreno, cayendo sobre la casona y destruyendo por completo el lugar. En ese estado de abandono permaneci\u00f3 durante mucho tiempo, y hace tan solo 10 a\u00f1os es comprada por la familia Amica, quienes restauraron por completo esta hermosa casona del Paraje La Paz Grande.<br \/>\nEn la actualidad ha sido reutilizada como sal\u00f3n de eventos, shows y pe\u00f1as folcl\u00f3ricas. Para informaci\u00f3n y reservas de grupos: Celular 2227447952 Instagram @launion_comedordecampo<br \/>\nHorarios de atenci\u00f3n: Viernes y s\u00e1bados 19hs.\u00a0Almac\u00e9n La Paz \u2013 Ramos Generales .<br \/>\nEl Almac\u00e9n La Paz Ramos Generales es un tesoro escondido en medio del campo. Este antiguo almac\u00e9n de ramos generales, fundado en 1859, es un encantador edificio de adobe y techo de paja que te transporta a tiempos pasados. Al cruzar sus puertas, te envuelve una atm\u00f3sfera c\u00e1lida y nost\u00e1lgica, donde los muebles originales y los objetos cotidianos cuentan historias de<br \/>\nencuentros y risas entre los vecinos. Hace poco los herederos de este tesoro reabrieron sus puertas y ofrecen picadas y sandwich al paso los fines de semana. Informaci\u00f3n de contacto. Celular 2227413319. Instagram @almacen.lapaz<br \/>\nHorarios de atenci\u00f3n: Sabado de 18 a 21 y domingos de 10 a 14hs<\/p>\n<p><strong>La Estafeta<\/strong><br \/>\nLa antigua estafeta postal es una casona antigua e imponente que supo ser la instalaci\u00f3n de servicios postales y telegr\u00e1ficos. Actualmente en este lugar\u00a0funciona como restaurante, ofreciendo servicio de comidas los fines de semana. La instalaci\u00f3n de los servicios postal y telegr\u00e1fico en la localidad de<br \/>\nRoque P\u00e9rez se habr\u00edan llevado a cabo por decreto del poder ejecutivo nacional el 21 de noviembre de 1884, cre\u00e1ndose entonces esta antigua estafeta de Roque P\u00e9rez. El edificio fue construido por Don Pedro Coltrinari en el a\u00f1o 1891, all\u00ed habitaron el matrimonio de Argisto Coltrinari y Amelia Bianchi<br \/>\nde Coltrinari. Para informaci\u00f3n y reservas de grupos: Celular: 2227449201 Instagram: @laestafeta.rp<br \/>\nHorarios de atenci\u00f3n: Viernes 19hs y domingo 10hs<\/p>\n<p><strong>Almac\u00e9n La Paz Chica<\/strong><br \/>\nEl almac\u00e9n comenz\u00f3 a funcionar en el edificio vecino en el a\u00f1o 1983, y en el 1984 se mudaron al actual local, al que le fueron haciendo reformas. Actualmente funciona tanto como un almac\u00e9n para los vecinos del paraje y como restaurante, ofreciendo almuerzo para quien lo visite. Para informaci\u00f3n y reservas de grupos: Celular 2227627398 Instagram @almacenlapazchica Horarios de atenci\u00f3n: mi\u00e9rcoles a domingo 10 a 22 hs.<\/p>\n<p>&nbsp;<\/p>\n<p><strong>Almac\u00e9n San Francisco<\/strong><br \/>\nEl Almac\u00e9n San Francisco que parece detenido en el tiempo, ha sido parte de la historia de la familia Ruzzi desde 1936. Los Ruzzi, inmigrantes italianos que llegaron en busca de nuevas oportunidades, levantaron el almac\u00e9n con esfuerzo y dedicaci\u00f3n.\u00a0Actualmente, lo abren sus due\u00f1os solo para visitas<br \/>\nguiadas. \u00a0El almac\u00e9n lleg\u00f3 a tener entre otras cosas surtidor de nafta, cancha de f\u00fatbol y bochas, y hasta peluquer\u00eda. Tambi\u00e9n se realizaban bailes y ten\u00eda un terreno donde se asentaban los circos que en aquellos a\u00f1os recorr\u00edan el lugar.\u00a0Para informaci\u00f3n y reservas de grupos: Celular: 2227470241<\/p>\n<p><strong>Paraje 7<\/strong><br \/>\n<strong>Almac\u00e9n Gramiyal<\/strong><br \/>\nEl Gramiyal naci\u00f3 como despacho de bebidas y luego incorpor\u00f3 un peque\u00f1o ramo generales. Posteriormente anex\u00f3 el club que llev\u00f3 su mismo nombre, el cual fue organizador de un sinf\u00edn de actividades recreativas y sociales que congregaban toda la atenci\u00f3n de los lugare\u00f1os principalmente en la d\u00e9cada de los sesenta. Hoy sigue destac\u00e1ndose con el despacho de bebidas, los platos y<\/p>\n<p>grandes remates. A pocos pasos del Almac\u00e9n, se encuentra el Santuario del gauchito Gil, que es visitado durante todo el a\u00f1o por sus devotos. Para informaci\u00f3n y reservas de grupos: Celular 2227578627. Horarios de atenci\u00f3n: Lunes a lunes.<\/p>\n<p>&nbsp;<\/p>\n<p><strong>CARLOS BEGUERIE<\/strong><br \/>\n<strong>Almac\u00e9n HyA La Perla. <\/strong><\/p>\n<p>Su origen comienza con la llegada del Ferrocarril Provincial de Buenos Aires en el a\u00f1o 1912. Carlos Beguerie era un empalme ferroviario y un centro comercial muy importante para la zona por donde transitaba esta l\u00ednea. En este almac\u00e9n se acopiaba parte de la producci\u00f3n, fue almac\u00e9n de ramos generales y, adem\u00e1s, despachaban combustible. Hoy en d\u00eda funciona como restaurante de campo, a cargo de Alicia y H\u00e9ctor Parodi, abriendo todos los d\u00edas del a\u00f1o. Su maravillosa construcci\u00f3n que nos transporta en el tiempo, las exquisitas carnes al asador y su comida casera, se convierten en una excelente combinaci\u00f3n para disfrutar de su estad\u00eda. Para informaci\u00f3n y reservas de grupos: Celular 2227472880. Horarios de atenci\u00f3n: lunes a viernes de 11hs y s\u00e1bado y domingo a partir de las 10hs.<\/p>\n<p><strong>Almac\u00e9n La Esperanza<\/strong><br \/>\nUn antiguo almac\u00e9n de campo, que reabri\u00f3 sus puertas hace cuatro a\u00f1os de la mano de una joven emprendedora local en conjunto a su padre y su t\u00edo ofrece una gran propuesta gastron\u00f3mica.<br \/>\nPara informaci\u00f3n y reservas de grupos: Celular 2227535320. Horarios de atenci\u00f3n: Lunes a lunes 19hs.<\/p>\n<p>&nbsp;<\/p>\n<p><strong>Estancia San Antonio<\/strong><br \/>\nSu due\u00f1o Alejandro Lanz siempre quiso tener su propia pulper\u00eda, al ver tantos puesteros cerca de su campo decidido abrirlo como un lugar, no solo de encuentro para beber sino para que los mismo puedan abastecerse de algunos productos b\u00e1sicos y regionales. La estancia tiene su nombre en honor a su abuelo y su padre. Para informaci\u00f3n y reservas de grupos: Celular 2227577523. Horarios de atenci\u00f3n: s\u00e1bados a domingos 8 a 12 y de 17hs.<\/p>\n<table role=\"presentation\" border=\"0\" width=\"100%\" cellspacing=\"0\" cellpadding=\"0\">\n<tbody>\n<tr>\n<td align=\"left\">\n<table border=\"0\" width=\"100%\" cellspacing=\"0\" cellpadding=\"0\">\n<tbody>\n<tr>\n<td align=\"center\"><img decoding=\"async\" class=\"CToWUd a6T\" tabindex=\"0\" title=\"\" src=\"https:\/\/ci3.googleusercontent.com\/meips\/ADKq_NawYeYY-kjj396fEC_mdStwxMQD34tNpIFpthbCdluvoFe_MuyK5n1diKAlnaecMqPq8IfbwCJHLR23THThw11aoOVsaX28YmLLb90W_RHaBQ=s0-d-e1-ft#https:\/\/cdn.pemsv11.net\/1741789421530-roque%20perez%201.jpg\" alt=\"\" width=\"640\" align=\"center\" border=\"0\" data-bit=\"iit\" \/><\/td>\n<\/tr>\n<\/tbody>\n<\/table>\n<\/td>\n<\/tr>\n<\/tbody>\n<\/table>\n<p>&nbsp;<\/p>\n<p>&nbsp;<\/p>\n<p><strong>Prensa de Turismo: Cicar\u00e9\/Kan Prensa<\/strong><\/p>\n","protected":false},"excerpt":{"rendered":"<p>Punto de encuentro, sitio donde descansar el caballo y tomarse un trago, lugar donde aprovisionarse e intercambiar productos, los almacenes y pulper\u00edas son una parte fundamental de la historia.<\/p>\n","protected":false},"author":3,"featured_media":113901,"comment_status":"closed","ping_status":"closed","sticky":false,"template":"","format":"standard","meta":{"footnotes":""},"categories":[33],"tags":[48],"class_list":["post-113900","post","type-post","status-publish","format-standard","has-post-thumbnail","hentry","category-turismo","tag-destacada"],"yoast_head":"<!-- This site is optimized with the Yoast SEO plugin v25.9 - https:\/\/yoast.com\/wordpress\/plugins\/seo\/ -->\n<title>El pueblo con m\u00e1s almacenes de campo del pa\u00eds. - Noticias Radio Reflejos<\/title>\n<meta name=\"robots\" content=\"index, follow, max-snippet:-1, max-image-preview:large, max-video-preview:-1\" \/>\n<link rel=\"canonical\" href=\"https:\/\/www.noticiasradioreflejos.com.ar\/2021\/113900-2\/\" \/>\n<meta property=\"og:locale\" content=\"es_ES\" \/>\n<meta property=\"og:type\" content=\"article\" \/>\n<meta property=\"og:title\" content=\"El pueblo con m\u00e1s almacenes de campo del pa\u00eds. - Noticias Radio Reflejos\" \/>\n<meta property=\"og:description\" content=\"Punto de encuentro, sitio donde descansar el caballo y tomarse un trago, lugar donde aprovisionarse e intercambiar productos, los almacenes y pulper\u00edas son una parte fundamental de la historia.\" \/>\n<meta property=\"og:url\" content=\"https:\/\/www.noticiasradioreflejos.com.ar\/2021\/113900-2\/\" \/>\n<meta property=\"og:site_name\" content=\"Noticias Radio Reflejos\" \/>\n<meta property=\"article:published_time\" content=\"2025-03-12T14:54:30+00:00\" \/>\n<meta property=\"article:modified_time\" content=\"2025-03-12T17:10:04+00:00\" \/>\n<meta property=\"og:image\" content=\"https:\/\/www.noticiasradioreflejos.com.ar\/2021\/wp-content\/uploads\/2025\/03\/Almacen-de-Campo.jpg\" \/>\n\t<meta property=\"og:image:width\" content=\"1024\" \/>\n\t<meta property=\"og:image:height\" content=\"682\" \/>\n\t<meta property=\"og:image:type\" content=\"image\/jpeg\" \/>\n<meta name=\"author\" content=\"Arnaldo Botto\" \/>\n<meta name=\"twitter:card\" content=\"summary_large_image\" \/>\n<script type=\"application\/ld+json\" class=\"yoast-schema-graph\">{\"@context\":\"https:\/\/schema.org\",\"@graph\":[{\"@type\":\"WebPage\",\"@id\":\"https:\/\/www.noticiasradioreflejos.com.ar\/2021\/113900-2\/\",\"url\":\"https:\/\/www.noticiasradioreflejos.com.ar\/2021\/113900-2\/\",\"name\":\"El pueblo con m\u00e1s almacenes de campo del pa\u00eds. - Noticias Radio Reflejos\",\"isPartOf\":{\"@id\":\"https:\/\/www.noticiasradioreflejos.com.ar\/2021\/#website\"},\"primaryImageOfPage\":{\"@id\":\"https:\/\/www.noticiasradioreflejos.com.ar\/2021\/113900-2\/#primaryimage\"},\"image\":{\"@id\":\"https:\/\/www.noticiasradioreflejos.com.ar\/2021\/113900-2\/#primaryimage\"},\"thumbnailUrl\":\"https:\/\/www.noticiasradioreflejos.com.ar\/2021\/wp-content\/uploads\/2025\/03\/Almacen-de-Campo.jpg\",\"datePublished\":\"2025-03-12T14:54:30+00:00\",\"dateModified\":\"2025-03-12T17:10:04+00:00\",\"author\":{\"@id\":\"https:\/\/www.noticiasradioreflejos.com.ar\/2021\/#\/schema\/person\/ad82545263dcc5ec0996818884fd5fb1\"},\"breadcrumb\":{\"@id\":\"https:\/\/www.noticiasradioreflejos.com.ar\/2021\/113900-2\/#breadcrumb\"},\"inLanguage\":\"es\",\"potentialAction\":[{\"@type\":\"ReadAction\",\"target\":[\"https:\/\/www.noticiasradioreflejos.com.ar\/2021\/113900-2\/\"]}]},{\"@type\":\"ImageObject\",\"inLanguage\":\"es\",\"@id\":\"https:\/\/www.noticiasradioreflejos.com.ar\/2021\/113900-2\/#primaryimage\",\"url\":\"https:\/\/www.noticiasradioreflejos.com.ar\/2021\/wp-content\/uploads\/2025\/03\/Almacen-de-Campo.jpg\",\"contentUrl\":\"https:\/\/www.noticiasradioreflejos.com.ar\/2021\/wp-content\/uploads\/2025\/03\/Almacen-de-Campo.jpg\",\"width\":1024,\"height\":682},{\"@type\":\"BreadcrumbList\",\"@id\":\"https:\/\/www.noticiasradioreflejos.com.ar\/2021\/113900-2\/#breadcrumb\",\"itemListElement\":[{\"@type\":\"ListItem\",\"position\":1,\"name\":\"Portada\",\"item\":\"https:\/\/www.noticiasradioreflejos.com.ar\/2021\/\"},{\"@type\":\"ListItem\",\"position\":2,\"name\":\"El pueblo con m\u00e1s almacenes de campo del pa\u00eds.\"}]},{\"@type\":\"WebSite\",\"@id\":\"https:\/\/www.noticiasradioreflejos.com.ar\/2021\/#website\",\"url\":\"https:\/\/www.noticiasradioreflejos.com.ar\/2021\/\",\"name\":\"Noticias Radio Reflejos\",\"description\":\"Las noticias de mi comarca\",\"potentialAction\":[{\"@type\":\"SearchAction\",\"target\":{\"@type\":\"EntryPoint\",\"urlTemplate\":\"https:\/\/www.noticiasradioreflejos.com.ar\/2021\/?s={search_term_string}\"},\"query-input\":{\"@type\":\"PropertyValueSpecification\",\"valueRequired\":true,\"valueName\":\"search_term_string\"}}],\"inLanguage\":\"es\"},{\"@type\":\"Person\",\"@id\":\"https:\/\/www.noticiasradioreflejos.com.ar\/2021\/#\/schema\/person\/ad82545263dcc5ec0996818884fd5fb1\",\"name\":\"Arnaldo Botto\",\"image\":{\"@type\":\"ImageObject\",\"inLanguage\":\"es\",\"@id\":\"https:\/\/www.noticiasradioreflejos.com.ar\/2021\/#\/schema\/person\/image\/\",\"url\":\"https:\/\/secure.gravatar.com\/avatar\/55cb5e37c1efa326397366e6974cb338056df65cb50e7d64d1cf314e87504837?s=96&d=mm&r=g\",\"contentUrl\":\"https:\/\/secure.gravatar.com\/avatar\/55cb5e37c1efa326397366e6974cb338056df65cb50e7d64d1cf314e87504837?s=96&d=mm&r=g\",\"caption\":\"Arnaldo Botto\"},\"url\":\"https:\/\/www.noticiasradioreflejos.com.ar\/2021\/author\/arnaldo\/\"}]}<\/script>\n<!-- \/ Yoast SEO plugin. -->","yoast_head_json":{"title":"El pueblo con m\u00e1s almacenes de campo del pa\u00eds. - Noticias Radio Reflejos","robots":{"index":"index","follow":"follow","max-snippet":"max-snippet:-1","max-image-preview":"max-image-preview:large","max-video-preview":"max-video-preview:-1"},"canonical":"https:\/\/www.noticiasradioreflejos.com.ar\/2021\/113900-2\/","og_locale":"es_ES","og_type":"article","og_title":"El pueblo con m\u00e1s almacenes de campo del pa\u00eds. - Noticias Radio Reflejos","og_description":"Punto de encuentro, sitio donde descansar el caballo y tomarse un trago, lugar donde aprovisionarse e intercambiar productos, los almacenes y pulper\u00edas son una parte fundamental de la historia.","og_url":"https:\/\/www.noticiasradioreflejos.com.ar\/2021\/113900-2\/","og_site_name":"Noticias Radio Reflejos","article_published_time":"2025-03-12T14:54:30+00:00","article_modified_time":"2025-03-12T17:10:04+00:00","og_image":[{"width":1024,"height":682,"url":"https:\/\/www.noticiasradioreflejos.com.ar\/2021\/wp-content\/uploads\/2025\/03\/Almacen-de-Campo.jpg","type":"image\/jpeg"}],"author":"Arnaldo Botto","twitter_card":"summary_large_image","schema":{"@context":"https:\/\/schema.org","@graph":[{"@type":"WebPage","@id":"https:\/\/www.noticiasradioreflejos.com.ar\/2021\/113900-2\/","url":"https:\/\/www.noticiasradioreflejos.com.ar\/2021\/113900-2\/","name":"El pueblo con m\u00e1s almacenes de campo del pa\u00eds. - Noticias Radio Reflejos","isPartOf":{"@id":"https:\/\/www.noticiasradioreflejos.com.ar\/2021\/#website"},"primaryImageOfPage":{"@id":"https:\/\/www.noticiasradioreflejos.com.ar\/2021\/113900-2\/#primaryimage"},"image":{"@id":"https:\/\/www.noticiasradioreflejos.com.ar\/2021\/113900-2\/#primaryimage"},"thumbnailUrl":"https:\/\/www.noticiasradioreflejos.com.ar\/2021\/wp-content\/uploads\/2025\/03\/Almacen-de-Campo.jpg","datePublished":"2025-03-12T14:54:30+00:00","dateModified":"2025-03-12T17:10:04+00:00","author":{"@id":"https:\/\/www.noticiasradioreflejos.com.ar\/2021\/#\/schema\/person\/ad82545263dcc5ec0996818884fd5fb1"},"breadcrumb":{"@id":"https:\/\/www.noticiasradioreflejos.com.ar\/2021\/113900-2\/#breadcrumb"},"inLanguage":"es","potentialAction":[{"@type":"ReadAction","target":["https:\/\/www.noticiasradioreflejos.com.ar\/2021\/113900-2\/"]}]},{"@type":"ImageObject","inLanguage":"es","@id":"https:\/\/www.noticiasradioreflejos.com.ar\/2021\/113900-2\/#primaryimage","url":"https:\/\/www.noticiasradioreflejos.com.ar\/2021\/wp-content\/uploads\/2025\/03\/Almacen-de-Campo.jpg","contentUrl":"https:\/\/www.noticiasradioreflejos.com.ar\/2021\/wp-content\/uploads\/2025\/03\/Almacen-de-Campo.jpg","width":1024,"height":682},{"@type":"BreadcrumbList","@id":"https:\/\/www.noticiasradioreflejos.com.ar\/2021\/113900-2\/#breadcrumb","itemListElement":[{"@type":"ListItem","position":1,"name":"Portada","item":"https:\/\/www.noticiasradioreflejos.com.ar\/2021\/"},{"@type":"ListItem","position":2,"name":"El pueblo con m\u00e1s almacenes de campo del pa\u00eds."}]},{"@type":"WebSite","@id":"https:\/\/www.noticiasradioreflejos.com.ar\/2021\/#website","url":"https:\/\/www.noticiasradioreflejos.com.ar\/2021\/","name":"Noticias Radio Reflejos","description":"Las noticias de mi comarca","potentialAction":[{"@type":"SearchAction","target":{"@type":"EntryPoint","urlTemplate":"https:\/\/www.noticiasradioreflejos.com.ar\/2021\/?s={search_term_string}"},"query-input":{"@type":"PropertyValueSpecification","valueRequired":true,"valueName":"search_term_string"}}],"inLanguage":"es"},{"@type":"Person","@id":"https:\/\/www.noticiasradioreflejos.com.ar\/2021\/#\/schema\/person\/ad82545263dcc5ec0996818884fd5fb1","name":"Arnaldo Botto","image":{"@type":"ImageObject","inLanguage":"es","@id":"https:\/\/www.noticiasradioreflejos.com.ar\/2021\/#\/schema\/person\/image\/","url":"https:\/\/secure.gravatar.com\/avatar\/55cb5e37c1efa326397366e6974cb338056df65cb50e7d64d1cf314e87504837?s=96&d=mm&r=g","contentUrl":"https:\/\/secure.gravatar.com\/avatar\/55cb5e37c1efa326397366e6974cb338056df65cb50e7d64d1cf314e87504837?s=96&d=mm&r=g","caption":"Arnaldo Botto"},"url":"https:\/\/www.noticiasradioreflejos.com.ar\/2021\/author\/arnaldo\/"}]}},"_links":{"self":[{"href":"https:\/\/www.noticiasradioreflejos.com.ar\/2021\/wp-json\/wp\/v2\/posts\/113900","targetHints":{"allow":["GET"]}}],"collection":[{"href":"https:\/\/www.noticiasradioreflejos.com.ar\/2021\/wp-json\/wp\/v2\/posts"}],"about":[{"href":"https:\/\/www.noticiasradioreflejos.com.ar\/2021\/wp-json\/wp\/v2\/types\/post"}],"author":[{"embeddable":true,"href":"https:\/\/www.noticiasradioreflejos.com.ar\/2021\/wp-json\/wp\/v2\/users\/3"}],"replies":[{"embeddable":true,"href":"https:\/\/www.noticiasradioreflejos.com.ar\/2021\/wp-json\/wp\/v2\/comments?post=113900"}],"version-history":[{"count":2,"href":"https:\/\/www.noticiasradioreflejos.com.ar\/2021\/wp-json\/wp\/v2\/posts\/113900\/revisions"}],"predecessor-version":[{"id":113914,"href":"https:\/\/www.noticiasradioreflejos.com.ar\/2021\/wp-json\/wp\/v2\/posts\/113900\/revisions\/113914"}],"wp:featuredmedia":[{"embeddable":true,"href":"https:\/\/www.noticiasradioreflejos.com.ar\/2021\/wp-json\/wp\/v2\/media\/113901"}],"wp:attachment":[{"href":"https:\/\/www.noticiasradioreflejos.com.ar\/2021\/wp-json\/wp\/v2\/media?parent=113900"}],"wp:term":[{"taxonomy":"category","embeddable":true,"href":"https:\/\/www.noticiasradioreflejos.com.ar\/2021\/wp-json\/wp\/v2\/categories?post=113900"},{"taxonomy":"post_tag","embeddable":true,"href":"https:\/\/www.noticiasradioreflejos.com.ar\/2021\/wp-json\/wp\/v2\/tags?post=113900"}],"curies":[{"name":"wp","href":"https:\/\/api.w.org\/{rel}","templated":true}]}}