{"id":113876,"date":"2025-03-12T07:45:36","date_gmt":"2025-03-12T10:45:36","guid":{"rendered":"https:\/\/www.noticiasradioreflejos.com.ar\/2021\/?p=113876"},"modified":"2025-03-12T07:45:36","modified_gmt":"2025-03-12T10:45:36","slug":"eclipse-lunar-total-cuando-y-como-ver-la-luna-de-sangre-en-argentina","status":"publish","type":"post","link":"https:\/\/www.noticiasradioreflejos.com.ar\/2021\/eclipse-lunar-total-cuando-y-como-ver-la-luna-de-sangre-en-argentina\/","title":{"rendered":"Eclipse lunar total: cu\u00e1ndo y c\u00f3mo ver la \u201cluna de sangre\u201d en Argentina"},"content":{"rendered":"<p>El cielo ofrecer\u00e1 un espect\u00e1culo inusual este 14 de marzo, cuando un alineamiento planetario genere un cambio de color en el sat\u00e9lite terrestre. Cu\u00e1ndo ser\u00e1 el pr\u00f3ximo&lt;<!--more--><\/p>\n<p>&nbsp;<\/p>\n<article class=\"article\">\n<div class=\"body-article \">\n<div class=\"visual__image image-full-width\"><picture><source srcset=\"https:\/\/www.infobae.com\/resizer\/v2\/BIMRC6GEO5BO3A4RYMU2R2WGHY.jpg?auth=c1e0fcef364da10e92aa01a2ce9c7f94221b21e73379198dda504d09d9b2dfe7&amp;smart=true&amp;width=1200&amp;height=800&amp;quality=85\" media=\"(min-width: 1200px)\" \/><source srcset=\"https:\/\/www.infobae.com\/resizer\/v2\/BIMRC6GEO5BO3A4RYMU2R2WGHY.jpg?auth=c1e0fcef364da10e92aa01a2ce9c7f94221b21e73379198dda504d09d9b2dfe7&amp;smart=true&amp;width=992&amp;height=661&amp;quality=85\" media=\"(min-width: 1000px)\" \/><source srcset=\"https:\/\/www.infobae.com\/resizer\/v2\/BIMRC6GEO5BO3A4RYMU2R2WGHY.jpg?auth=c1e0fcef364da10e92aa01a2ce9c7f94221b21e73379198dda504d09d9b2dfe7&amp;smart=true&amp;width=768&amp;height=512&amp;quality=85\" media=\"(min-width: 768px)\" \/><source srcset=\"https:\/\/www.infobae.com\/resizer\/v2\/BIMRC6GEO5BO3A4RYMU2R2WGHY.jpg?auth=c1e0fcef364da10e92aa01a2ce9c7f94221b21e73379198dda504d09d9b2dfe7&amp;smart=true&amp;width=577&amp;height=385&amp;quality=85\" media=\"(min-width: 580px)\" \/><source srcset=\"https:\/\/www.infobae.com\/resizer\/v2\/BIMRC6GEO5BO3A4RYMU2R2WGHY.jpg?auth=c1e0fcef364da10e92aa01a2ce9c7f94221b21e73379198dda504d09d9b2dfe7&amp;smart=true&amp;width=420&amp;height=280&amp;quality=85\" media=\"(min-width: 350px)\" \/><source srcset=\"https:\/\/www.infobae.com\/resizer\/v2\/BIMRC6GEO5BO3A4RYMU2R2WGHY.jpg?auth=c1e0fcef364da10e92aa01a2ce9c7f94221b21e73379198dda504d09d9b2dfe7&amp;smart=true&amp;width=350&amp;height=233&amp;quality=85\" media=\"(min-width: 80px)\" \/><img loading=\"lazy\" decoding=\"async\" class=\"global-image\" src=\"https:\/\/www.infobae.com\/resizer\/v2\/BIMRC6GEO5BO3A4RYMU2R2WGHY.jpg?auth=c1e0fcef364da10e92aa01a2ce9c7f94221b21e73379198dda504d09d9b2dfe7&amp;smart=true&amp;width=350&amp;height=233&amp;quality=85\" alt=\"Este ser\u00e1 el primer eclipse\" width=\"1134\" height=\"757\" \/><\/picture><em>Este ser\u00e1 el primer eclipse lunar total desde 2022, ya que desde entonces solo ocurrieron oscurecimientos parciales del sat\u00e9lite (REUTERS\/Kai Pfaffenbach)<\/em><\/div>\n<p data-mrf-recirculation=\"Links inline\">\n<p data-mrf-recirculation=\"Links inline\">\n<p class=\"paragraph\" data-mrf-recirculation=\"Links inline\">Durante las primeras horas del\u00a0<b>viernes 14 de marzo<\/b>, la Luna se\u00a0<b>te\u00f1ir\u00e1 de rojo\u00a0<\/b>en lo que ser\u00e1 un\u00a0<a href=\"https:\/\/www.infobae.com\/tag\/eclipse-lunar-total\/\" target=\"_blank\" rel=\"noopener noreferrer\" data-mrf-link=\"https:\/\/www.infobae.com\/tag\/eclipse-lunar-total\/\"><b>eclipse lunar total<\/b><\/a>. Se trata del primero de estos<a href=\"https:\/\/www.infobae.com\/america\/ciencia-america\/2025\/03\/10\/nacimiento-de-estrellas-nuevas-imagenes-del-telescopio-james-webb-revelan-estructuras-ocultas-de-una-nebulosa-en-formacion\/\" target=\"_blank\" rel=\"noopener noreferrer\" data-mrf-link=\"https:\/\/www.infobae.com\/america\/ciencia-america\/2025\/03\/10\/nacimiento-de-estrellas-nuevas-imagenes-del-telescopio-james-webb-revelan-estructuras-ocultas-de-una-nebulosa-en-formacion\/\">\u00a0eventos astron\u00f3micos\u00a0<\/a>desde 2022. Aunque en los \u00faltimos a\u00f1os hubo\u00a0<b>oscurecimientos parciales\u00a0<\/b>del sat\u00e9lite, este fen\u00f3meno ser\u00e1 distinto, ya que dar\u00e1 lugar a la llamada \u201c<b>luna de sangre<\/b>\u201d, un espect\u00e1culo visual singular.<\/p>\n<p class=\"paragraph\" data-mrf-recirculation=\"Links inline\">Podr\u00e1 observarse en\u00a0<b>todo el continente americano<\/b>,y\u00a0<b>Argentina\u00a0<\/b>ser\u00e1 uno de los puntos privilegiados para observarlo. Sin embargo, se deben tener en cuenta aspectos clave como el\u00a0<b>sitio ideal\u00a0<\/b>y el\u00a0<b>horario\u00a0<\/b>en el que ocurrir\u00e1 el esperado acontecimiento.<\/p>\n<div class=\"headline-wrapper\">\n<h2 class=\"header headline-class-h2\">\u00bfQu\u00e9 es un eclipse lunar?<\/h2>\n<\/div>\n<div class=\"inline ad-wrapper\">\n<div class=\"dfpAd ad-inline\"><\/div>\n<\/div>\n<p class=\"paragraph\" data-mrf-recirculation=\"Links inline\">Seg\u00fan la\u00a0<b>NASA<\/b>, un eclipse lunar ocurre \u201ccuando la Tierra se encuentra situada exactamente\u00a0<b>entre la Luna y el Sol<\/b>\u201d. Este fen\u00f3meno se da en la fase de\u00a0<b>luna llena<\/b>, cuando el alineamiento es\u00a0<b>preciso\u00a0<\/b>y la sombra terrestre\u00a0<b>oscurece parcial o totalmente la superficie\u00a0<\/b>del sat\u00e9lite.<\/p>\n<div class=\"news-module\" data-mrf-recirculation=\"IL_m3kiGo-8SVS6m0U7OqrZLw\" data-testid=\"text-html\" data-mrf-experience=\"IL_m3kiGo-8SVS6m0U7OqrZLw\">\n<div class=\"recommended-card__info\">\n<div class=\"recommended-card__info-button recommended-card__info-button--deportes\"><\/div>\n<\/div>\n<\/div>\n<div class=\"visual__image image-full-width\"><picture><source srcset=\"https:\/\/www.infobae.com\/resizer\/v2\/TF6TV3CJCNDDVK7WQTB3T6AWO4.png?auth=131a553b45d4d2dc6df71ef40dbf0f6e6ad275ac95140390b972c10f19662d32&amp;smart=true&amp;width=1200&amp;height=675&amp;quality=85\" media=\"(min-width: 1200px)\" \/><source srcset=\"https:\/\/www.infobae.com\/resizer\/v2\/TF6TV3CJCNDDVK7WQTB3T6AWO4.png?auth=131a553b45d4d2dc6df71ef40dbf0f6e6ad275ac95140390b972c10f19662d32&amp;smart=true&amp;width=992&amp;height=558&amp;quality=85\" media=\"(min-width: 1000px)\" \/><source srcset=\"https:\/\/www.infobae.com\/resizer\/v2\/TF6TV3CJCNDDVK7WQTB3T6AWO4.png?auth=131a553b45d4d2dc6df71ef40dbf0f6e6ad275ac95140390b972c10f19662d32&amp;smart=true&amp;width=768&amp;height=432&amp;quality=85\" media=\"(min-width: 768px)\" \/><source srcset=\"https:\/\/www.infobae.com\/resizer\/v2\/TF6TV3CJCNDDVK7WQTB3T6AWO4.png?auth=131a553b45d4d2dc6df71ef40dbf0f6e6ad275ac95140390b972c10f19662d32&amp;smart=true&amp;width=577&amp;height=325&amp;quality=85\" media=\"(min-width: 580px)\" \/><source srcset=\"https:\/\/www.infobae.com\/resizer\/v2\/TF6TV3CJCNDDVK7WQTB3T6AWO4.png?auth=131a553b45d4d2dc6df71ef40dbf0f6e6ad275ac95140390b972c10f19662d32&amp;smart=true&amp;width=420&amp;height=236&amp;quality=85\" media=\"(min-width: 350px)\" \/><source srcset=\"https:\/\/www.infobae.com\/resizer\/v2\/TF6TV3CJCNDDVK7WQTB3T6AWO4.png?auth=131a553b45d4d2dc6df71ef40dbf0f6e6ad275ac95140390b972c10f19662d32&amp;smart=true&amp;width=350&amp;height=197&amp;quality=85\" media=\"(min-width: 80px)\" \/><img loading=\"lazy\" decoding=\"async\" class=\"global-image\" src=\"https:\/\/www.infobae.com\/resizer\/v2\/TF6TV3CJCNDDVK7WQTB3T6AWO4.png?auth=131a553b45d4d2dc6df71ef40dbf0f6e6ad275ac95140390b972c10f19662d32&amp;smart=true&amp;width=350&amp;height=197&amp;quality=85\" alt=\"La Luna ingresar\u00e1 por completo\" width=\"1920\" height=\"1080\" \/><\/picture><em>La Luna ingresar\u00e1 por completo en la umbra terrestre, lo que permitir\u00e1 que la atm\u00f3sfera filtre la luz y le otorgue el caracter\u00edstico tono rojizo (Lowell Observatory)<\/em><\/div>\n<p data-mrf-recirculation=\"Links inline\">\n<p data-mrf-recirculation=\"Links inline\">\n<p class=\"paragraph\" data-mrf-recirculation=\"Links inline\">Dependiendo de la posici\u00f3n relativa de estos cuerpos, se pueden observar distintos tipos de eclipses lunares:<\/p>\n<ul class=\"list\" data-icon=\"\u2b24\">\n<li data-icon=\"\u2b24\"><b>Eclipse total:<\/b>\u00a0sucede cuando la Luna ingresa por completo en la\u00a0<b>umbra<\/b>, la parte m\u00e1s oscura de la sombra terrestre. En este caso, la luz solar atraviesa la atm\u00f3sfera de la Tierra y\u00a0<b>se dispersa<\/b>, lo que permite que solo los\u00a0<b>colores rojizos<\/b>\u00a0lleguen a la superficie lunar. Los expertos de la agencia espacial norteamericana explican que \u201clos colores con<b>\u00a0longitudes de onda m\u00e1s cortas\u00a0<\/b>(azules y violetas) se dispersan m\u00e1s f\u00e1cilmente que los colores con longitudes de onda m\u00e1s largas, como el\u00a0<b>rojo y el naranja<\/b>\u201d. Estas \u00faltimas llegan a\u00a0<b>atravesar la atm\u00f3sfera<\/b>\u00a0mientras las azules son esparcidas. Por esta raz\u00f3n,\u00a0<b>el sat\u00e9lite se ti\u00f1e del singular color rojo<\/b>.<\/li>\n<li data-icon=\"\u2b24\"><b>Eclipse parcial:<\/b>\u00a0ocurre cuando solo una parte de la Luna entra en la umbra. En este caso, el sat\u00e9lite\u00a0<b>se oscurece parcialmente\u00a0<\/b>y muestra un contraste entre la zona iluminada y la cubierta por la sombra terrestre.<\/li>\n<li data-icon=\"\u2b24\"><b>Eclipse penumbral:<\/b>\u00a0este es el menos perceptible, ya que la Luna solo atraviesa la\u00a0<b>penumbra<\/b>, la parte externa de la sombra de la Tierra. \u201cSi no sabe que esto est\u00e1 sucediendo,<b>\u00a0es posible que se lo pierda<\/b>\u201d, expresaron desde la NASA.<\/li>\n<\/ul>\n<div class=\"headline-wrapper\">\n<h2 class=\"header headline-class-h2\">\u00bfC\u00f3mo ver el eclipse lunar total en Argentina?<\/h2>\n<\/div>\n<div class=\"visual__image image-full-width\"><\/div>\n<div class=\"inline_2_DSK ad-wrapper ad-desktop\">\n<div class=\"dfpAd ad-inline\">El sat\u00e9lite natural ingresar\u00e1 en el <b>cono de sombra terrestre\u00a0<\/b>y permanecer\u00e1 en \u00e9l durante alrededor de\u00a0<b>65 minutos<\/b>\u00a0en la madrugada del 14 de marzo. El impresionante acontecimiento podr\u00e1 verse<b>\u00a0a simple vista<\/b>, sin la necesidad de telescopios ni otros equipamientos profesionales, aunque estos pueden brindar una mejor visi\u00f3n del fen\u00f3meno. Ahora bien, ser\u00e1 esencial contar con\u00a0<b>cielos despejados\u00a0<\/b>para apreciar el eclipse.<\/div>\n<\/div>\n<\/div>\n<\/article>\n<div><\/div>\n<article class=\"article\">\n<div class=\"body-article \">\n<p class=\"paragraph\" data-mrf-recirculation=\"Links inline\">La\u00a0<b>penumbra\u00a0<\/b>comenzar\u00e1 a cubrir la Luna a las\u00a0<b>00:57<\/b>\u00a0hora de Argentina. En esta fase se podr\u00e1 ver c\u00f3mo el brillo del cuerpo<b>\u00a0disminuye levemente<\/b>. Luego, a las<b>\u00a002:09 hs<\/b>, la umbra\u00a0<b>tapar\u00e1 parcialmente al sat\u00e9lite\u00a0<\/b>y se distinguir\u00e1 la curvatura del planeta en la superficie lunar.<\/p>\n<p class=\"paragraph\" data-mrf-recirculation=\"Links inline\">A medida que avanza, a las\u00a0<b>03:26 hs,<\/b>\u00a0las<b>\u00a0tonalidades rojizas<\/b>\u00a0empezar\u00e1n a hacerse presentes en lo que ser\u00e1 la\u00a0<b>fase de totalidad<\/b>. Unos minutos despu\u00e9s, a las<b>\u00a003:58 hs<\/b>, el eclipse llegar\u00e1 a su\u00a0<b>punto m\u00e1ximo<\/b>. La Luna mantendr\u00e1 el caracter\u00edstico color hasta las\u00a0<b>04:31 hs<\/b>, momento en el que, poco a poco, saldr\u00e1 de la penumbra. Ya a las\u00a0<b>07:00 hs\u00a0<\/b>no quedar\u00e1 rastro de la sombra de la Tierra.<\/p>\n<div class=\"headline-wrapper\">\n<h2 class=\"header headline-class-h2\">Eventos de observaci\u00f3n en Argentina<\/h2>\n<\/div>\n<div class=\"visual__image image-full-width\"><picture><source srcset=\"https:\/\/www.infobae.com\/resizer\/v2\/VONEGBSSY5A6TGLUNQP3O6XKKY.png?auth=c76f2df4404515ff5eea8a50f11c2d7b8df67caffe20bd3f6245e414bf8ad2e4&amp;smart=true&amp;width=1200&amp;height=675&amp;quality=85\" media=\"(min-width: 1200px)\" \/><source srcset=\"https:\/\/www.infobae.com\/resizer\/v2\/VONEGBSSY5A6TGLUNQP3O6XKKY.png?auth=c76f2df4404515ff5eea8a50f11c2d7b8df67caffe20bd3f6245e414bf8ad2e4&amp;smart=true&amp;width=992&amp;height=558&amp;quality=85\" media=\"(min-width: 1000px)\" \/><source srcset=\"https:\/\/www.infobae.com\/resizer\/v2\/VONEGBSSY5A6TGLUNQP3O6XKKY.png?auth=c76f2df4404515ff5eea8a50f11c2d7b8df67caffe20bd3f6245e414bf8ad2e4&amp;smart=true&amp;width=768&amp;height=432&amp;quality=85\" media=\"(min-width: 768px)\" \/><source srcset=\"https:\/\/www.infobae.com\/resizer\/v2\/VONEGBSSY5A6TGLUNQP3O6XKKY.png?auth=c76f2df4404515ff5eea8a50f11c2d7b8df67caffe20bd3f6245e414bf8ad2e4&amp;smart=true&amp;width=577&amp;height=325&amp;quality=85\" media=\"(min-width: 580px)\" \/><source srcset=\"https:\/\/www.infobae.com\/resizer\/v2\/VONEGBSSY5A6TGLUNQP3O6XKKY.png?auth=c76f2df4404515ff5eea8a50f11c2d7b8df67caffe20bd3f6245e414bf8ad2e4&amp;smart=true&amp;width=420&amp;height=236&amp;quality=85\" media=\"(min-width: 350px)\" \/><source srcset=\"https:\/\/www.infobae.com\/resizer\/v2\/VONEGBSSY5A6TGLUNQP3O6XKKY.png?auth=c76f2df4404515ff5eea8a50f11c2d7b8df67caffe20bd3f6245e414bf8ad2e4&amp;smart=true&amp;width=350&amp;height=197&amp;quality=85\" media=\"(min-width: 80px)\" \/><img loading=\"lazy\" decoding=\"async\" class=\"global-image\" src=\"https:\/\/www.infobae.com\/resizer\/v2\/VONEGBSSY5A6TGLUNQP3O6XKKY.png?auth=c76f2df4404515ff5eea8a50f11c2d7b8df67caffe20bd3f6245e414bf8ad2e4&amp;smart=true&amp;width=350&amp;height=197&amp;quality=85\" alt=\"El eclipse podr\u00e1 apreciarse en\" width=\"1920\" height=\"1080\" \/><\/picture><em>El eclipse podr\u00e1 apreciarse en su totalidad sin la necesidad de utilizar equipamiento especial (Reuters)<\/em><\/div>\n<p data-mrf-recirculation=\"Links inline\">\n<p data-mrf-recirculation=\"Links inline\">\n<p class=\"paragraph\" data-mrf-recirculation=\"Links inline\">En Buenos Aires, el\u00a0<b>Planetario Galileo Galilei<\/b>\u00a0organizar\u00e1 una serie de actividades para observar el eclipse. Desde las\u00a0<b>23:59 hs del jueves 13 hasta las 05:30 hs del viernes 14 de marzo<\/b>, se dispondr\u00e1n telescopios en la explanada del Planetario para ver el fen\u00f3meno en detalle. Adem\u00e1s, habr\u00e1 una radio abierta con\u00a0<b>especialistas\u00a0<\/b>que comentar\u00e1n el evento en tiempo real, estaciones accesibles para personas con discapacidad y m\u00fasica para ambientar la velada.<\/p>\n<p class=\"paragraph\" data-mrf-recirculation=\"Links inline\">Por su parte, el\u00a0<b>Complejo Astron\u00f3mico El Leoncito (CASLEO)<\/b>\u00a0del CONICET destac\u00f3 que el eclipse se podr\u00e1 ver en todo el pa\u00eds\u00a0<b>sin necesidad de instrumentos<\/b>. No obstante, el uso de binoculares o telescopios permitir\u00e1 apreciar mejor los\u00a0<b>matices de brillo y color en la Luna<\/b>. Durante el acontecimiento, el sat\u00e9lite estar\u00e1 en el l\u00edmite entre las\u00a0<b>constelaciones de Leo y Virgo<\/b>, lo que brindar\u00e1 una excelente oportunidad para admirar el cielo nocturno.<\/p>\n<p class=\"paragraph\" data-mrf-recirculation=\"Links inline\">El pr\u00f3ximo eclipse lunar total visible en Argentina ser\u00e1 el\u00a0<b>26 de junio de 2029<\/b>. Hasta entonces, habr\u00e1 un\u00a0<b>eclipse parcial profundo el 28 de agosto de 2026<\/b>, con un 93% de la Luna cubierta por la sombra de la Tierra.<\/p>\n<\/div>\n<\/article>\n<p data-mrf-recirculation=\"Links inline\">\n<p data-mrf-recirculation=\"Links inline\"><strong>Por <a class=\"author-name\" href=\"https:\/\/www.infobae.com\/autor\/camila-caruso\/\" aria-label=\"Camila Caruso\">Camila Caruso<\/a> para Infobae<\/strong><\/p>\n<p data-mrf-recirculation=\"Links inline\">\n","protected":false},"excerpt":{"rendered":"<p>El cielo ofrecer\u00e1 un espect\u00e1culo inusual este 14 de marzo, cuando un alineamiento planetario genere un cambio de color en el sat\u00e9lite terrestre. Cu\u00e1ndo ser\u00e1 el pr\u00f3ximo&lt;<\/p>\n","protected":false},"author":3,"featured_media":113877,"comment_status":"closed","ping_status":"closed","sticky":false,"template":"","format":"standard","meta":{"footnotes":""},"categories":[46],"tags":[48],"class_list":["post-113876","post","type-post","status-publish","format-standard","has-post-thumbnail","hentry","category-ciencia-y-tecnologia","tag-destacada"],"yoast_head":"<!-- This site is optimized with the Yoast SEO plugin v25.9 - https:\/\/yoast.com\/wordpress\/plugins\/seo\/ -->\n<title>Eclipse lunar total: cu\u00e1ndo y c\u00f3mo ver la \u201cluna de sangre\u201d en Argentina - Noticias Radio Reflejos<\/title>\n<meta name=\"robots\" content=\"index, follow, max-snippet:-1, max-image-preview:large, max-video-preview:-1\" \/>\n<link rel=\"canonical\" href=\"https:\/\/www.noticiasradioreflejos.com.ar\/2021\/eclipse-lunar-total-cuando-y-como-ver-la-luna-de-sangre-en-argentina\/\" \/>\n<meta property=\"og:locale\" content=\"es_ES\" \/>\n<meta property=\"og:type\" content=\"article\" \/>\n<meta property=\"og:title\" content=\"Eclipse lunar total: cu\u00e1ndo y c\u00f3mo ver la \u201cluna de sangre\u201d en Argentina - Noticias Radio Reflejos\" \/>\n<meta property=\"og:description\" content=\"El cielo ofrecer\u00e1 un espect\u00e1culo inusual este 14 de marzo, cuando un alineamiento planetario genere un cambio de color en el sat\u00e9lite terrestre. Cu\u00e1ndo ser\u00e1 el pr\u00f3ximo&lt;\" \/>\n<meta property=\"og:url\" content=\"https:\/\/www.noticiasradioreflejos.com.ar\/2021\/eclipse-lunar-total-cuando-y-como-ver-la-luna-de-sangre-en-argentina\/\" \/>\n<meta property=\"og:site_name\" content=\"Noticias Radio Reflejos\" \/>\n<meta property=\"article:published_time\" content=\"2025-03-12T10:45:36+00:00\" \/>\n<meta property=\"og:image\" content=\"https:\/\/www.noticiasradioreflejos.com.ar\/2021\/wp-content\/uploads\/2025\/03\/Eclipse-de-Luna.jpg\" \/>\n\t<meta property=\"og:image:width\" content=\"768\" \/>\n\t<meta property=\"og:image:height\" content=\"432\" \/>\n\t<meta property=\"og:image:type\" content=\"image\/jpeg\" \/>\n<meta name=\"author\" content=\"Arnaldo Botto\" \/>\n<meta name=\"twitter:card\" content=\"summary_large_image\" \/>\n<script type=\"application\/ld+json\" class=\"yoast-schema-graph\">{\"@context\":\"https:\/\/schema.org\",\"@graph\":[{\"@type\":\"WebPage\",\"@id\":\"https:\/\/www.noticiasradioreflejos.com.ar\/2021\/eclipse-lunar-total-cuando-y-como-ver-la-luna-de-sangre-en-argentina\/\",\"url\":\"https:\/\/www.noticiasradioreflejos.com.ar\/2021\/eclipse-lunar-total-cuando-y-como-ver-la-luna-de-sangre-en-argentina\/\",\"name\":\"Eclipse lunar total: cu\u00e1ndo y c\u00f3mo ver la \u201cluna de sangre\u201d en Argentina - Noticias Radio Reflejos\",\"isPartOf\":{\"@id\":\"https:\/\/www.noticiasradioreflejos.com.ar\/2021\/#website\"},\"primaryImageOfPage\":{\"@id\":\"https:\/\/www.noticiasradioreflejos.com.ar\/2021\/eclipse-lunar-total-cuando-y-como-ver-la-luna-de-sangre-en-argentina\/#primaryimage\"},\"image\":{\"@id\":\"https:\/\/www.noticiasradioreflejos.com.ar\/2021\/eclipse-lunar-total-cuando-y-como-ver-la-luna-de-sangre-en-argentina\/#primaryimage\"},\"thumbnailUrl\":\"https:\/\/www.noticiasradioreflejos.com.ar\/2021\/wp-content\/uploads\/2025\/03\/Eclipse-de-Luna.jpg\",\"datePublished\":\"2025-03-12T10:45:36+00:00\",\"author\":{\"@id\":\"https:\/\/www.noticiasradioreflejos.com.ar\/2021\/#\/schema\/person\/ad82545263dcc5ec0996818884fd5fb1\"},\"breadcrumb\":{\"@id\":\"https:\/\/www.noticiasradioreflejos.com.ar\/2021\/eclipse-lunar-total-cuando-y-como-ver-la-luna-de-sangre-en-argentina\/#breadcrumb\"},\"inLanguage\":\"es\",\"potentialAction\":[{\"@type\":\"ReadAction\",\"target\":[\"https:\/\/www.noticiasradioreflejos.com.ar\/2021\/eclipse-lunar-total-cuando-y-como-ver-la-luna-de-sangre-en-argentina\/\"]}]},{\"@type\":\"ImageObject\",\"inLanguage\":\"es\",\"@id\":\"https:\/\/www.noticiasradioreflejos.com.ar\/2021\/eclipse-lunar-total-cuando-y-como-ver-la-luna-de-sangre-en-argentina\/#primaryimage\",\"url\":\"https:\/\/www.noticiasradioreflejos.com.ar\/2021\/wp-content\/uploads\/2025\/03\/Eclipse-de-Luna.jpg\",\"contentUrl\":\"https:\/\/www.noticiasradioreflejos.com.ar\/2021\/wp-content\/uploads\/2025\/03\/Eclipse-de-Luna.jpg\",\"width\":768,\"height\":432},{\"@type\":\"BreadcrumbList\",\"@id\":\"https:\/\/www.noticiasradioreflejos.com.ar\/2021\/eclipse-lunar-total-cuando-y-como-ver-la-luna-de-sangre-en-argentina\/#breadcrumb\",\"itemListElement\":[{\"@type\":\"ListItem\",\"position\":1,\"name\":\"Portada\",\"item\":\"https:\/\/www.noticiasradioreflejos.com.ar\/2021\/\"},{\"@type\":\"ListItem\",\"position\":2,\"name\":\"Eclipse lunar total: cu\u00e1ndo y c\u00f3mo ver la \u201cluna de sangre\u201d en Argentina\"}]},{\"@type\":\"WebSite\",\"@id\":\"https:\/\/www.noticiasradioreflejos.com.ar\/2021\/#website\",\"url\":\"https:\/\/www.noticiasradioreflejos.com.ar\/2021\/\",\"name\":\"Noticias Radio Reflejos\",\"description\":\"Las noticias de mi comarca\",\"potentialAction\":[{\"@type\":\"SearchAction\",\"target\":{\"@type\":\"EntryPoint\",\"urlTemplate\":\"https:\/\/www.noticiasradioreflejos.com.ar\/2021\/?s={search_term_string}\"},\"query-input\":{\"@type\":\"PropertyValueSpecification\",\"valueRequired\":true,\"valueName\":\"search_term_string\"}}],\"inLanguage\":\"es\"},{\"@type\":\"Person\",\"@id\":\"https:\/\/www.noticiasradioreflejos.com.ar\/2021\/#\/schema\/person\/ad82545263dcc5ec0996818884fd5fb1\",\"name\":\"Arnaldo Botto\",\"image\":{\"@type\":\"ImageObject\",\"inLanguage\":\"es\",\"@id\":\"https:\/\/www.noticiasradioreflejos.com.ar\/2021\/#\/schema\/person\/image\/\",\"url\":\"https:\/\/secure.gravatar.com\/avatar\/55cb5e37c1efa326397366e6974cb338056df65cb50e7d64d1cf314e87504837?s=96&d=mm&r=g\",\"contentUrl\":\"https:\/\/secure.gravatar.com\/avatar\/55cb5e37c1efa326397366e6974cb338056df65cb50e7d64d1cf314e87504837?s=96&d=mm&r=g\",\"caption\":\"Arnaldo Botto\"},\"url\":\"https:\/\/www.noticiasradioreflejos.com.ar\/2021\/author\/arnaldo\/\"}]}<\/script>\n<!-- \/ Yoast SEO plugin. -->","yoast_head_json":{"title":"Eclipse lunar total: cu\u00e1ndo y c\u00f3mo ver la \u201cluna de sangre\u201d en Argentina - Noticias Radio Reflejos","robots":{"index":"index","follow":"follow","max-snippet":"max-snippet:-1","max-image-preview":"max-image-preview:large","max-video-preview":"max-video-preview:-1"},"canonical":"https:\/\/www.noticiasradioreflejos.com.ar\/2021\/eclipse-lunar-total-cuando-y-como-ver-la-luna-de-sangre-en-argentina\/","og_locale":"es_ES","og_type":"article","og_title":"Eclipse lunar total: cu\u00e1ndo y c\u00f3mo ver la \u201cluna de sangre\u201d en Argentina - Noticias Radio Reflejos","og_description":"El cielo ofrecer\u00e1 un espect\u00e1culo inusual este 14 de marzo, cuando un alineamiento planetario genere un cambio de color en el sat\u00e9lite terrestre. Cu\u00e1ndo ser\u00e1 el pr\u00f3ximo&lt;","og_url":"https:\/\/www.noticiasradioreflejos.com.ar\/2021\/eclipse-lunar-total-cuando-y-como-ver-la-luna-de-sangre-en-argentina\/","og_site_name":"Noticias Radio Reflejos","article_published_time":"2025-03-12T10:45:36+00:00","og_image":[{"width":768,"height":432,"url":"https:\/\/www.noticiasradioreflejos.com.ar\/2021\/wp-content\/uploads\/2025\/03\/Eclipse-de-Luna.jpg","type":"image\/jpeg"}],"author":"Arnaldo Botto","twitter_card":"summary_large_image","schema":{"@context":"https:\/\/schema.org","@graph":[{"@type":"WebPage","@id":"https:\/\/www.noticiasradioreflejos.com.ar\/2021\/eclipse-lunar-total-cuando-y-como-ver-la-luna-de-sangre-en-argentina\/","url":"https:\/\/www.noticiasradioreflejos.com.ar\/2021\/eclipse-lunar-total-cuando-y-como-ver-la-luna-de-sangre-en-argentina\/","name":"Eclipse lunar total: cu\u00e1ndo y c\u00f3mo ver la \u201cluna de sangre\u201d en Argentina - Noticias Radio Reflejos","isPartOf":{"@id":"https:\/\/www.noticiasradioreflejos.com.ar\/2021\/#website"},"primaryImageOfPage":{"@id":"https:\/\/www.noticiasradioreflejos.com.ar\/2021\/eclipse-lunar-total-cuando-y-como-ver-la-luna-de-sangre-en-argentina\/#primaryimage"},"image":{"@id":"https:\/\/www.noticiasradioreflejos.com.ar\/2021\/eclipse-lunar-total-cuando-y-como-ver-la-luna-de-sangre-en-argentina\/#primaryimage"},"thumbnailUrl":"https:\/\/www.noticiasradioreflejos.com.ar\/2021\/wp-content\/uploads\/2025\/03\/Eclipse-de-Luna.jpg","datePublished":"2025-03-12T10:45:36+00:00","author":{"@id":"https:\/\/www.noticiasradioreflejos.com.ar\/2021\/#\/schema\/person\/ad82545263dcc5ec0996818884fd5fb1"},"breadcrumb":{"@id":"https:\/\/www.noticiasradioreflejos.com.ar\/2021\/eclipse-lunar-total-cuando-y-como-ver-la-luna-de-sangre-en-argentina\/#breadcrumb"},"inLanguage":"es","potentialAction":[{"@type":"ReadAction","target":["https:\/\/www.noticiasradioreflejos.com.ar\/2021\/eclipse-lunar-total-cuando-y-como-ver-la-luna-de-sangre-en-argentina\/"]}]},{"@type":"ImageObject","inLanguage":"es","@id":"https:\/\/www.noticiasradioreflejos.com.ar\/2021\/eclipse-lunar-total-cuando-y-como-ver-la-luna-de-sangre-en-argentina\/#primaryimage","url":"https:\/\/www.noticiasradioreflejos.com.ar\/2021\/wp-content\/uploads\/2025\/03\/Eclipse-de-Luna.jpg","contentUrl":"https:\/\/www.noticiasradioreflejos.com.ar\/2021\/wp-content\/uploads\/2025\/03\/Eclipse-de-Luna.jpg","width":768,"height":432},{"@type":"BreadcrumbList","@id":"https:\/\/www.noticiasradioreflejos.com.ar\/2021\/eclipse-lunar-total-cuando-y-como-ver-la-luna-de-sangre-en-argentina\/#breadcrumb","itemListElement":[{"@type":"ListItem","position":1,"name":"Portada","item":"https:\/\/www.noticiasradioreflejos.com.ar\/2021\/"},{"@type":"ListItem","position":2,"name":"Eclipse lunar total: cu\u00e1ndo y c\u00f3mo ver la \u201cluna de sangre\u201d en Argentina"}]},{"@type":"WebSite","@id":"https:\/\/www.noticiasradioreflejos.com.ar\/2021\/#website","url":"https:\/\/www.noticiasradioreflejos.com.ar\/2021\/","name":"Noticias Radio Reflejos","description":"Las noticias de mi comarca","potentialAction":[{"@type":"SearchAction","target":{"@type":"EntryPoint","urlTemplate":"https:\/\/www.noticiasradioreflejos.com.ar\/2021\/?s={search_term_string}"},"query-input":{"@type":"PropertyValueSpecification","valueRequired":true,"valueName":"search_term_string"}}],"inLanguage":"es"},{"@type":"Person","@id":"https:\/\/www.noticiasradioreflejos.com.ar\/2021\/#\/schema\/person\/ad82545263dcc5ec0996818884fd5fb1","name":"Arnaldo Botto","image":{"@type":"ImageObject","inLanguage":"es","@id":"https:\/\/www.noticiasradioreflejos.com.ar\/2021\/#\/schema\/person\/image\/","url":"https:\/\/secure.gravatar.com\/avatar\/55cb5e37c1efa326397366e6974cb338056df65cb50e7d64d1cf314e87504837?s=96&d=mm&r=g","contentUrl":"https:\/\/secure.gravatar.com\/avatar\/55cb5e37c1efa326397366e6974cb338056df65cb50e7d64d1cf314e87504837?s=96&d=mm&r=g","caption":"Arnaldo Botto"},"url":"https:\/\/www.noticiasradioreflejos.com.ar\/2021\/author\/arnaldo\/"}]}},"_links":{"self":[{"href":"https:\/\/www.noticiasradioreflejos.com.ar\/2021\/wp-json\/wp\/v2\/posts\/113876","targetHints":{"allow":["GET"]}}],"collection":[{"href":"https:\/\/www.noticiasradioreflejos.com.ar\/2021\/wp-json\/wp\/v2\/posts"}],"about":[{"href":"https:\/\/www.noticiasradioreflejos.com.ar\/2021\/wp-json\/wp\/v2\/types\/post"}],"author":[{"embeddable":true,"href":"https:\/\/www.noticiasradioreflejos.com.ar\/2021\/wp-json\/wp\/v2\/users\/3"}],"replies":[{"embeddable":true,"href":"https:\/\/www.noticiasradioreflejos.com.ar\/2021\/wp-json\/wp\/v2\/comments?post=113876"}],"version-history":[{"count":1,"href":"https:\/\/www.noticiasradioreflejos.com.ar\/2021\/wp-json\/wp\/v2\/posts\/113876\/revisions"}],"predecessor-version":[{"id":113878,"href":"https:\/\/www.noticiasradioreflejos.com.ar\/2021\/wp-json\/wp\/v2\/posts\/113876\/revisions\/113878"}],"wp:featuredmedia":[{"embeddable":true,"href":"https:\/\/www.noticiasradioreflejos.com.ar\/2021\/wp-json\/wp\/v2\/media\/113877"}],"wp:attachment":[{"href":"https:\/\/www.noticiasradioreflejos.com.ar\/2021\/wp-json\/wp\/v2\/media?parent=113876"}],"wp:term":[{"taxonomy":"category","embeddable":true,"href":"https:\/\/www.noticiasradioreflejos.com.ar\/2021\/wp-json\/wp\/v2\/categories?post=113876"},{"taxonomy":"post_tag","embeddable":true,"href":"https:\/\/www.noticiasradioreflejos.com.ar\/2021\/wp-json\/wp\/v2\/tags?post=113876"}],"curies":[{"name":"wp","href":"https:\/\/api.w.org\/{rel}","templated":true}]}}