{"id":113837,"date":"2025-03-11T08:10:25","date_gmt":"2025-03-11T11:10:25","guid":{"rendered":"https:\/\/www.noticiasradioreflejos.com.ar\/2021\/?p=113837"},"modified":"2025-03-11T08:10:37","modified_gmt":"2025-03-11T11:10:37","slug":"karina-milei-la-llave-del-criptogate-el-caso-libra-acorrala-al-gobierno-en-una-semana-clave","status":"publish","type":"post","link":"https:\/\/www.noticiasradioreflejos.com.ar\/2021\/karina-milei-la-llave-del-criptogate-el-caso-libra-acorrala-al-gobierno-en-una-semana-clave\/","title":{"rendered":"Karina Milei, la llave del criptogate: el caso $LIBRA acorrala al Gobierno en una semana clave"},"content":{"rendered":"<p>Mensajes filtrados, testigos y registros oficiales complican a la hermana del Presidente en la causa por fraude y cohecho. La oposici\u00f3n busca instalar el tema en el Congreso, mientras en la Casa Rosada se encienden todas las alarmas.<!--more-->La tormenta de la criptomoneda $LIBRA no se disip\u00f3, sino que va ganando intensidad. Mientras el gobierno de <strong>Javier Milei<\/strong>\u00a0intenta encapsular el esc\u00e1ndalo en la figura de<strong>\u00a0Sergio Morales<\/strong>, exasesor en criptoactivos de la Comisi\u00f3n Nacional de Valores (CNV) que\u00a0<a class=\"link\" href=\"https:\/\/www.eldiarioar.com\/politica\/criptoescandalo-justicia-allano-mauricio-novelli-sergio-morales_1_12115948.html\" data-mrf-recirculation=\"links-noticia\" data-mrf-link=\"https:\/\/www.eldiarioar.com\/politica\/criptoescandalo-justicia-allano-mauricio-novelli-sergio-morales_1_12115948.html\">acaba de renunciar<\/a>\u00a0a su cargo,\u00a0<strong>el silencio del Presidente sobre los verdaderos art\u00edfices del proyecto genera dudas<\/strong>. Es un tema que, el pr\u00f3ximo mi\u00e9rcoles, podr\u00eda derivar en un serio rev\u00e9s pol\u00edtico para La Libertad Avanza en el Congreso si la oposici\u00f3n logra el qu\u00f3rum para debatirlo en el recinto de Diputados.<\/p>\n<p>&nbsp;<\/p>\n<p>Pero la sombra que realmente inquieta a la Casa Rosada es la de Karina Milei. <strong>La hermana del Presidente no es una espectadora de este esc\u00e1ndalo, sino que estuvo en el centro de las negociaciones que derivaron en la estafa de $LIBRA<\/strong>. Karina supervis\u00f3 la firma de una \u201ccarta de intenci\u00f3n\u201d con Cube Exchange, el exchange que luego sirvi\u00f3 de plataforma para la fallida criptomoneda, y revis\u00f3 personalmente el borrador del acuerdo con\u00a0<strong>Hayden Mark Davis<\/strong>, el enigm\u00e1tico empresario estadounidense que encabez\u00f3 la operaci\u00f3n junto a\u00a0<strong>Mauricio Novelli\u00a0<\/strong>y\u00a0<strong>Manuel Terrones Godoy<\/strong>. No pasaba un solo documento sin su visto bueno.<\/p>\n<div class=\"content-container col-12 col-lg-8\">\n<div class=\"c-content\">\n<div class=\"partner-wrapper article-page__body-row\">\n<div class=\"second-col\">\n<figure><picture class=\"news-image\"><source srcset=\"https:\/\/static.eldiario.es\/clip\/fe06bee1-7d56-40c1-9e12-a97806d9b635_16-9-discover-aspect-ratio_50p_0.webp\" type=\"image\/webp\" media=\"(max-width: 576px)\" \/><source srcset=\"https:\/\/static.eldiario.es\/clip\/fe06bee1-7d56-40c1-9e12-a97806d9b635_16-9-discover-aspect-ratio_50p_0.jpg\" type=\"image\/jpg\" media=\"(max-width: 576px)\" \/><source srcset=\"https:\/\/static.eldiario.es\/clip\/fe06bee1-7d56-40c1-9e12-a97806d9b635_16-9-discover-aspect-ratio_75p_0.webp\" type=\"image\/webp\" media=\"(max-width: 767px)\" \/><source srcset=\"https:\/\/static.eldiario.es\/clip\/fe06bee1-7d56-40c1-9e12-a97806d9b635_16-9-discover-aspect-ratio_75p_0.jpg\" type=\"image\/jpg\" media=\"(max-width: 767px)\" \/><source srcset=\"https:\/\/static.eldiario.es\/clip\/fe06bee1-7d56-40c1-9e12-a97806d9b635_16-9-discover-aspect-ratio_default_0.webp\" type=\"image\/webp\" media=\"(min-width: 768px)\" \/><source srcset=\"https:\/\/static.eldiario.es\/clip\/fe06bee1-7d56-40c1-9e12-a97806d9b635_16-9-discover-aspect-ratio_default_0.jpg\" type=\"image\/jpg\" media=\"(min-width: 768px)\" \/><source srcset=\"https:\/\/static.eldiario.es\/clip\/fe06bee1-7d56-40c1-9e12-a97806d9b635_16-9-discover-aspect-ratio_default_0.webp\" type=\"image\/webp\" \/><img decoding=\"async\" class=\"lazy entered loaded\" src=\"https:\/\/static.eldiario.es\/clip\/fe06bee1-7d56-40c1-9e12-a97806d9b635_16-9-discover-aspect-ratio_default_0.jpg\" alt=\"\" data-src=\"https:\/\/static.eldiario.es\/clip\/fe06bee1-7d56-40c1-9e12-a97806d9b635_16-9-discover-aspect-ratio_default_0.jpg\" data-ll-status=\"loaded\" \/><\/picture><figcaption class=\"image-footer\"><em><span class=\"title\">Javier Milei delega gran parte de sus tareas diarias en Karina; siempre fue as\u00ed.\u00a0<span class=\"author\">EFE<\/span><\/span><\/em><\/figcaption><\/figure>\n<p>&nbsp;<\/p>\n<p>La conexi\u00f3n es innegable.\u00a0<strong>Morales, el primer ca\u00eddo en desgracia, pas\u00f3 por la Secretar\u00eda General de la Presidencia antes de recalar en la CNV<\/strong>. Su relaci\u00f3n con Novelli y Terrones Godoy es directa, y la foto de los tres en la Casa Rosada el 11 de junio pasado es una prueba dif\u00edcil de ignorar. Todo indica que se abrieron las puertas del poder para un negocio que termin\u00f3 desplumando a cientos de inversores y dejando un hueco de entre 87 y 107 millones de d\u00f3lares.<\/p>\n<p class=\"article-text\">El expediente que instruye la jueza federal Mar\u00eda Servini, con el fiscal Eduardo Taiano al frente, busca reconstruir ese entramado.\u00a0<strong>La investigaci\u00f3n avanza sobre los presuntos delitos de abuso de autoridad, estafa, tr\u00e1fico de influencias y cohecho<\/strong>. La jueza ya solicit\u00f3 registros de llamadas, correos electr\u00f3nicos y entradas a la Casa Rosada y Olivos de todos los involucrados. Y hay testigos que apuntan directamente a la hermana del Presidente<\/p>\n<p>&nbsp;<\/p>\n<picture class=\"news-image\"><img decoding=\"async\" class=\"lazy entered loaded\" src=\"https:\/\/static.eldiario.es\/clip\/9cec2535-95e6-4b3b-ba75-df133ee63c07_16-9-discover-aspect-ratio_default_0.jpg\" alt=\"\" data-src=\"https:\/\/static.eldiario.es\/clip\/9cec2535-95e6-4b3b-ba75-df133ee63c07_16-9-discover-aspect-ratio_default_0.jpg\" data-ll-status=\"loaded\" \/><\/picture><span class=\"title\"><em>Javier Milei y Mauricio Novelli.<\/em><\/span><\/p>\n<p>&nbsp;<\/p>\n<p>&nbsp;<\/p>\n<p>&nbsp;<\/p>\n<p>Hay un dato que resuena en los pasillos de Comodoro Py: los registros de ingresos de Novelli a la Casa de Gobierno. Diez veces durante 2024. A veces solo, a veces con Terrones Godoy, otras con el CEO de Cube Exchange, Bartosz Lipinsk, o con Hayden Davis. Demasiadas visitas para alguien que solo era un \u201cempresario independiente\u201d. Y a esas reuniones, Karina Milei siempre estaba.El temor de la Casa Rosada es que la investigaci\u00f3n termine revelando algo peor: que hubo pagos.<strong>\u00a0El trader Hayden Davis habl\u00f3, y lo que dijo en sus mensajes filtrados es explosivo<\/strong>. \u201cLe mando $$ a su hermana y \u00e9l firma lo que quiero\u201d, escribi\u00f3 en referencia a Karina y Javier Milei. Y cuando Charles Hoskinson, fundador de Cardano, revel\u00f3 que le pidieron dinero para reunirse con el Presidente, las sospechas explotaron.<\/p>\n<p class=\"article-text\">Pero el golpe m\u00e1s fuerte lleg\u00f3 con la investigaci\u00f3n del\u00a0<em>New York Times<\/em>, que revel\u00f3 documentos y testimonios que comprometen de lleno al entorno presidencial.\u00a0<strong>En la nota publicada, el diario estadounidense expuso contratos de \u201cconsultor\u00eda\u201d por cifras de hasta 500.000 d\u00f3lares<\/strong>, firmados por empresarios cripto que buscaban acceder al poder pol\u00edtico en Argentina. Algunos de esos documentos mencionan a Novelli y a Davis, pero lo m\u00e1s inquietante es la conexi\u00f3n directa con Karina Milei. Seg\u00fan la publicaci\u00f3n, los empresarios eran direccionados hacia ella para obtener reuniones con su hermano.<\/p>\n<figure><picture class=\"news-image\"><source srcset=\"https:\/\/static.eldiario.es\/clip\/9eb08a01-ec22-438e-ba15-b6f91966ce8a_16-9-discover-aspect-ratio_50p_0.webp\" type=\"image\/webp\" media=\"(max-width: 576px)\" \/><source srcset=\"https:\/\/static.eldiario.es\/clip\/9eb08a01-ec22-438e-ba15-b6f91966ce8a_16-9-discover-aspect-ratio_50p_0.jpg\" type=\"image\/jpg\" media=\"(max-width: 576px)\" \/><source srcset=\"https:\/\/static.eldiario.es\/clip\/9eb08a01-ec22-438e-ba15-b6f91966ce8a_16-9-discover-aspect-ratio_75p_0.webp\" type=\"image\/webp\" media=\"(max-width: 767px)\" \/><source srcset=\"https:\/\/static.eldiario.es\/clip\/9eb08a01-ec22-438e-ba15-b6f91966ce8a_16-9-discover-aspect-ratio_75p_0.jpg\" type=\"image\/jpg\" media=\"(max-width: 767px)\" \/><source srcset=\"https:\/\/static.eldiario.es\/clip\/9eb08a01-ec22-438e-ba15-b6f91966ce8a_16-9-discover-aspect-ratio_default_0.webp\" type=\"image\/webp\" media=\"(min-width: 768px)\" \/><source srcset=\"https:\/\/static.eldiario.es\/clip\/9eb08a01-ec22-438e-ba15-b6f91966ce8a_16-9-discover-aspect-ratio_default_0.jpg\" type=\"image\/jpg\" media=\"(min-width: 768px)\" \/><source srcset=\"https:\/\/static.eldiario.es\/clip\/9eb08a01-ec22-438e-ba15-b6f91966ce8a_16-9-discover-aspect-ratio_default_0.webp\" type=\"image\/webp\" \/><img decoding=\"async\" class=\"lazy entered loaded\" src=\"https:\/\/static.eldiario.es\/clip\/9eb08a01-ec22-438e-ba15-b6f91966ce8a_16-9-discover-aspect-ratio_default_0.jpg\" alt=\"\" data-src=\"https:\/\/static.eldiario.es\/clip\/9eb08a01-ec22-438e-ba15-b6f91966ce8a_16-9-discover-aspect-ratio_default_0.jpg\" data-ll-status=\"loaded\" \/><\/picture><figcaption class=\"image-footer\"><em><span class=\"title\">Milei, y a su lado Novelli y Terrones Godoy, saluda a participantes del Tech Forum.<\/span><\/em><\/figcaption><\/figure>\n<h2><\/h2>\n<h2 class=\"article-text\">Silencio calculado<\/h2>\n<p>Milei mantiene un silencio calculado. Se limit\u00f3 a llamar<strong>\u00a0\u201cchismes de peluquer\u00eda\u201d\u00a0<\/strong>a las acusaciones y a despegarse de cualquier responsabilidad. Pero lo llamativo es que, a diferencia de otros casos, no insult\u00f3 ni atac\u00f3 a Novelli ni a Davis. Ni siquiera intent\u00f3 desacreditarlos.\u00a0<strong>\u201cEst\u00e1n investigados, no son los culpables a\u00fan\u201d<\/strong>, se justifican en Balcarce 50.<\/p>\n<p class=\"article-text\">Pero la causa est\u00e1 lejos de enfriarse. No faltan quienes aventuran que\u00a0<strong>la jueza Servini podr\u00eda citar a declarar a Karina Milei en las pr\u00f3ximas semanas<\/strong>, y en la oposici\u00f3n hay quienes ya hablan de indagarla por violaci\u00f3n de la Ley de \u00c9tica P\u00fablica. En la Coalici\u00f3n C\u00edvica, Maximiliano Ferraro y M\u00f3nica Frade presentaron una denuncia que la acusa de cohecho y tr\u00e1fico de influencias. En la Justicia de Estados Unidos, el esc\u00e1ndalo tambi\u00e9n empieza a tomar vuelo.<\/p>\n<figure><picture class=\"news-image\"><source srcset=\"https:\/\/static.eldiario.es\/clip\/80f42fa8-9117-4b75-b331-e6fc47a0f7e2_16-9-discover-aspect-ratio_50p_0.webp\" type=\"image\/webp\" media=\"(max-width: 576px)\" \/><source srcset=\"https:\/\/static.eldiario.es\/clip\/80f42fa8-9117-4b75-b331-e6fc47a0f7e2_16-9-discover-aspect-ratio_50p_0.jpg\" type=\"image\/jpg\" media=\"(max-width: 576px)\" \/><source srcset=\"https:\/\/static.eldiario.es\/clip\/80f42fa8-9117-4b75-b331-e6fc47a0f7e2_16-9-discover-aspect-ratio_75p_0.webp\" type=\"image\/webp\" media=\"(max-width: 767px)\" \/><source srcset=\"https:\/\/static.eldiario.es\/clip\/80f42fa8-9117-4b75-b331-e6fc47a0f7e2_16-9-discover-aspect-ratio_75p_0.jpg\" type=\"image\/jpg\" media=\"(max-width: 767px)\" \/><source srcset=\"https:\/\/static.eldiario.es\/clip\/80f42fa8-9117-4b75-b331-e6fc47a0f7e2_16-9-discover-aspect-ratio_default_0.webp\" type=\"image\/webp\" media=\"(min-width: 768px)\" \/><source srcset=\"https:\/\/static.eldiario.es\/clip\/80f42fa8-9117-4b75-b331-e6fc47a0f7e2_16-9-discover-aspect-ratio_default_0.jpg\" type=\"image\/jpg\" media=\"(min-width: 768px)\" \/><source srcset=\"https:\/\/static.eldiario.es\/clip\/80f42fa8-9117-4b75-b331-e6fc47a0f7e2_16-9-discover-aspect-ratio_default_0.webp\" type=\"image\/webp\" \/><img decoding=\"async\" class=\"lazy entered loaded\" src=\"https:\/\/static.eldiario.es\/clip\/80f42fa8-9117-4b75-b331-e6fc47a0f7e2_16-9-discover-aspect-ratio_default_0.jpg\" alt=\"\" data-src=\"https:\/\/static.eldiario.es\/clip\/80f42fa8-9117-4b75-b331-e6fc47a0f7e2_16-9-discover-aspect-ratio_default_0.jpg\" data-ll-status=\"loaded\" \/><\/picture><figcaption class=\"image-footer\"><em><span class=\"title\">Karina Milei, la secretaria general de la Presidencia, envuelta en el esc\u00e1ndalo cripto.\u00a0<span class=\"author\">Eliana Obreg\u00f3n \/ T\u00e9lam<\/span><\/span><\/em><\/figcaption><\/figure>\n<p>&nbsp;<\/p>\n<p>El jueves pasado, un hecho dej\u00f3 en evidencia que la investigaci\u00f3n avanza m\u00e1s r\u00e1pido de lo que esperaba la Casa Rosada:\u00a0<strong>el fiscal Taiano orden\u00f3 el allanamiento de las casas de Novelli y de Morales<\/strong>. Los procedimientos incluyeron tambi\u00e9n la sede de Tech Forum, la empresa de Novelli vinculada al entramado de $LIBRA. En todos los casos\u00a0<strong>se secuestraron tel\u00e9fonos y computadoras, en busca de pruebas que permitan reconstruir la trama de la estafa<\/strong>, lo que deja ver que las autoridades judiciales ya tienen en la mira los nexos financieros de la operaci\u00f3n.<\/p>\n<p class=\"article-text\">Mientras tanto, en Diputados, la oposici\u00f3n logr\u00f3 las firmas para\u00a0<a class=\"link\" href=\"https:\/\/www.eldiarioar.com\/politica\/debatiran-diputados-creacion-comision-investigar-milei-caso-libra_1_12119830.html\" data-mrf-recirculation=\"links-noticia\" data-mrf-link=\"https:\/\/www.eldiarioar.com\/politica\/debatiran-diputados-creacion-comision-investigar-milei-caso-libra_1_12119830.html\">tratar el tema en el recinto<\/a>\u00a0el mi\u00e9rcoles y se prepara para un nuevo intento de instalarlo en la agenda legislativa. Si consigue qu\u00f3rum, el esc\u00e1ndalo volver\u00e1 al centro de la escena pol\u00edtica, abriendo la puerta a una investigaci\u00f3n parlamentaria. La Casa Rosada, consciente del riesgo, mueve fichas para evitarlo:\u00a0<strong>se activaron llamadas a gobernadores y legisladores aliados para frenar el avance<\/strong>.<\/p>\n<div id=\"container-after-news-outlook\"><\/div>\n<p class=\"article-text\">Si el oficialismo logra vaciar el recinto, habr\u00e1 una tregua moment\u00e1nea. Pero si la sesi\u00f3n prospera, la presi\u00f3n sobre Karina Milei y el Gobierno se volver\u00e1 insoportable. En medio de una semana en la que Milei pretende firmar su DNU de acuerdo con el FMI, lo que est\u00e1 en juego no es solo la continuidad del caso, sino\u00a0<strong>la credibilidad de una gesti\u00f3n que, hasta ahora, no pudo dar una explicaci\u00f3n cre\u00edble<\/strong>\u00a0sobre el criptogate.<\/p>\n<p class=\"article-text\"><em>PL\/MC<\/em><\/p>\n<div class=\"featured-avatar\"><picture class=\"rounded-img avatar\"><img loading=\"lazy\" decoding=\"async\" class=\"lazy entered loaded\" src=\"https:\/\/static.eldiario.es\/clip\/8ffc2a31-2f7f-483f-8fe3-40e1826fa1ca_avatar-200-aspect-ratio_default_0.jpg\" alt=\"\" width=\"68\" height=\"68\" data-src=\"https:\/\/static.eldiario.es\/clip\/8ffc2a31-2f7f-483f-8fe3-40e1826fa1ca_avatar-200-aspect-ratio_default_0.jpg\" data-ll-status=\"loaded\" \/><\/picture><\/div>\n<div class=\"featured-data\">\n<div class=\"featured-name__wrapper\"><a class=\"featured-name\" href=\"https:\/\/www.eldiarioar.com\/autores\/pedro-lacour\/\">Pedro Lacour<\/a><\/div>\n<div>\n<div><a class=\"twitter-account\" href=\"https:\/\/twitter.com\/pedrolacour\" target=\"_blank\" rel=\"noopener\"><i class=\"fab fa-twitter\"><\/i>\u00a0<span class=\"featured-twitter\">@pedrolacour<\/span><\/a><\/div>\n<\/div>\n<\/div>\n<\/div>\n<\/div>\n<\/div>\n<\/div>\n","protected":false},"excerpt":{"rendered":"<p>Mensajes filtrados, testigos y registros oficiales complican a la hermana del Presidente en la causa por fraude y cohecho. La oposici\u00f3n busca instalar el tema en el Congreso, mientras en la Casa Rosada se encienden todas las alarmas.<\/p>\n","protected":false},"author":3,"featured_media":111251,"comment_status":"closed","ping_status":"closed","sticky":false,"template":"","format":"standard","meta":{"footnotes":""},"categories":[24],"tags":[],"class_list":["post-113837","post","type-post","status-publish","format-standard","has-post-thumbnail","hentry","category-politica"],"yoast_head":"<!-- This site is optimized with the Yoast SEO plugin v25.9 - https:\/\/yoast.com\/wordpress\/plugins\/seo\/ -->\n<title>Karina Milei, la llave del criptogate: el caso $LIBRA acorrala al Gobierno en una semana clave - Noticias Radio Reflejos<\/title>\n<meta name=\"robots\" content=\"index, follow, max-snippet:-1, max-image-preview:large, max-video-preview:-1\" \/>\n<link rel=\"canonical\" href=\"https:\/\/www.noticiasradioreflejos.com.ar\/2021\/karina-milei-la-llave-del-criptogate-el-caso-libra-acorrala-al-gobierno-en-una-semana-clave\/\" \/>\n<meta property=\"og:locale\" content=\"es_ES\" \/>\n<meta property=\"og:type\" content=\"article\" \/>\n<meta property=\"og:title\" content=\"Karina Milei, la llave del criptogate: el caso $LIBRA acorrala al Gobierno en una semana clave - Noticias Radio Reflejos\" \/>\n<meta property=\"og:description\" content=\"Mensajes filtrados, testigos y registros oficiales complican a la hermana del Presidente en la causa por fraude y cohecho. La oposici\u00f3n busca instalar el tema en el Congreso, mientras en la Casa Rosada se encienden todas las alarmas.\" \/>\n<meta property=\"og:url\" content=\"https:\/\/www.noticiasradioreflejos.com.ar\/2021\/karina-milei-la-llave-del-criptogate-el-caso-libra-acorrala-al-gobierno-en-una-semana-clave\/\" \/>\n<meta property=\"og:site_name\" content=\"Noticias Radio Reflejos\" \/>\n<meta property=\"article:published_time\" content=\"2025-03-11T11:10:25+00:00\" \/>\n<meta property=\"article:modified_time\" content=\"2025-03-11T11:10:37+00:00\" \/>\n<meta property=\"og:image\" content=\"https:\/\/www.noticiasradioreflejos.com.ar\/2021\/wp-content\/uploads\/2025\/01\/milei-karina.jpg\" \/>\n\t<meta property=\"og:image:width\" content=\"1200\" \/>\n\t<meta property=\"og:image:height\" content=\"675\" \/>\n\t<meta property=\"og:image:type\" content=\"image\/jpeg\" \/>\n<meta name=\"author\" content=\"Arnaldo Botto\" \/>\n<meta name=\"twitter:card\" content=\"summary_large_image\" \/>\n<script type=\"application\/ld+json\" class=\"yoast-schema-graph\">{\"@context\":\"https:\/\/schema.org\",\"@graph\":[{\"@type\":\"WebPage\",\"@id\":\"https:\/\/www.noticiasradioreflejos.com.ar\/2021\/karina-milei-la-llave-del-criptogate-el-caso-libra-acorrala-al-gobierno-en-una-semana-clave\/\",\"url\":\"https:\/\/www.noticiasradioreflejos.com.ar\/2021\/karina-milei-la-llave-del-criptogate-el-caso-libra-acorrala-al-gobierno-en-una-semana-clave\/\",\"name\":\"Karina Milei, la llave del criptogate: el caso $LIBRA acorrala al Gobierno en una semana clave - Noticias Radio Reflejos\",\"isPartOf\":{\"@id\":\"https:\/\/www.noticiasradioreflejos.com.ar\/2021\/#website\"},\"primaryImageOfPage\":{\"@id\":\"https:\/\/www.noticiasradioreflejos.com.ar\/2021\/karina-milei-la-llave-del-criptogate-el-caso-libra-acorrala-al-gobierno-en-una-semana-clave\/#primaryimage\"},\"image\":{\"@id\":\"https:\/\/www.noticiasradioreflejos.com.ar\/2021\/karina-milei-la-llave-del-criptogate-el-caso-libra-acorrala-al-gobierno-en-una-semana-clave\/#primaryimage\"},\"thumbnailUrl\":\"https:\/\/www.noticiasradioreflejos.com.ar\/2021\/wp-content\/uploads\/2025\/01\/milei-karina.jpg\",\"datePublished\":\"2025-03-11T11:10:25+00:00\",\"dateModified\":\"2025-03-11T11:10:37+00:00\",\"author\":{\"@id\":\"https:\/\/www.noticiasradioreflejos.com.ar\/2021\/#\/schema\/person\/ad82545263dcc5ec0996818884fd5fb1\"},\"breadcrumb\":{\"@id\":\"https:\/\/www.noticiasradioreflejos.com.ar\/2021\/karina-milei-la-llave-del-criptogate-el-caso-libra-acorrala-al-gobierno-en-una-semana-clave\/#breadcrumb\"},\"inLanguage\":\"es\",\"potentialAction\":[{\"@type\":\"ReadAction\",\"target\":[\"https:\/\/www.noticiasradioreflejos.com.ar\/2021\/karina-milei-la-llave-del-criptogate-el-caso-libra-acorrala-al-gobierno-en-una-semana-clave\/\"]}]},{\"@type\":\"ImageObject\",\"inLanguage\":\"es\",\"@id\":\"https:\/\/www.noticiasradioreflejos.com.ar\/2021\/karina-milei-la-llave-del-criptogate-el-caso-libra-acorrala-al-gobierno-en-una-semana-clave\/#primaryimage\",\"url\":\"https:\/\/www.noticiasradioreflejos.com.ar\/2021\/wp-content\/uploads\/2025\/01\/milei-karina.jpg\",\"contentUrl\":\"https:\/\/www.noticiasradioreflejos.com.ar\/2021\/wp-content\/uploads\/2025\/01\/milei-karina.jpg\",\"width\":1200,\"height\":675},{\"@type\":\"BreadcrumbList\",\"@id\":\"https:\/\/www.noticiasradioreflejos.com.ar\/2021\/karina-milei-la-llave-del-criptogate-el-caso-libra-acorrala-al-gobierno-en-una-semana-clave\/#breadcrumb\",\"itemListElement\":[{\"@type\":\"ListItem\",\"position\":1,\"name\":\"Portada\",\"item\":\"https:\/\/www.noticiasradioreflejos.com.ar\/2021\/\"},{\"@type\":\"ListItem\",\"position\":2,\"name\":\"Karina Milei, la llave del criptogate: el caso $LIBRA acorrala al Gobierno en una semana clave\"}]},{\"@type\":\"WebSite\",\"@id\":\"https:\/\/www.noticiasradioreflejos.com.ar\/2021\/#website\",\"url\":\"https:\/\/www.noticiasradioreflejos.com.ar\/2021\/\",\"name\":\"Noticias Radio Reflejos\",\"description\":\"Las noticias de mi comarca\",\"potentialAction\":[{\"@type\":\"SearchAction\",\"target\":{\"@type\":\"EntryPoint\",\"urlTemplate\":\"https:\/\/www.noticiasradioreflejos.com.ar\/2021\/?s={search_term_string}\"},\"query-input\":{\"@type\":\"PropertyValueSpecification\",\"valueRequired\":true,\"valueName\":\"search_term_string\"}}],\"inLanguage\":\"es\"},{\"@type\":\"Person\",\"@id\":\"https:\/\/www.noticiasradioreflejos.com.ar\/2021\/#\/schema\/person\/ad82545263dcc5ec0996818884fd5fb1\",\"name\":\"Arnaldo Botto\",\"image\":{\"@type\":\"ImageObject\",\"inLanguage\":\"es\",\"@id\":\"https:\/\/www.noticiasradioreflejos.com.ar\/2021\/#\/schema\/person\/image\/\",\"url\":\"https:\/\/secure.gravatar.com\/avatar\/55cb5e37c1efa326397366e6974cb338056df65cb50e7d64d1cf314e87504837?s=96&d=mm&r=g\",\"contentUrl\":\"https:\/\/secure.gravatar.com\/avatar\/55cb5e37c1efa326397366e6974cb338056df65cb50e7d64d1cf314e87504837?s=96&d=mm&r=g\",\"caption\":\"Arnaldo Botto\"},\"url\":\"https:\/\/www.noticiasradioreflejos.com.ar\/2021\/author\/arnaldo\/\"}]}<\/script>\n<!-- \/ Yoast SEO plugin. -->","yoast_head_json":{"title":"Karina Milei, la llave del criptogate: el caso $LIBRA acorrala al Gobierno en una semana clave - Noticias Radio Reflejos","robots":{"index":"index","follow":"follow","max-snippet":"max-snippet:-1","max-image-preview":"max-image-preview:large","max-video-preview":"max-video-preview:-1"},"canonical":"https:\/\/www.noticiasradioreflejos.com.ar\/2021\/karina-milei-la-llave-del-criptogate-el-caso-libra-acorrala-al-gobierno-en-una-semana-clave\/","og_locale":"es_ES","og_type":"article","og_title":"Karina Milei, la llave del criptogate: el caso $LIBRA acorrala al Gobierno en una semana clave - Noticias Radio Reflejos","og_description":"Mensajes filtrados, testigos y registros oficiales complican a la hermana del Presidente en la causa por fraude y cohecho. La oposici\u00f3n busca instalar el tema en el Congreso, mientras en la Casa Rosada se encienden todas las alarmas.","og_url":"https:\/\/www.noticiasradioreflejos.com.ar\/2021\/karina-milei-la-llave-del-criptogate-el-caso-libra-acorrala-al-gobierno-en-una-semana-clave\/","og_site_name":"Noticias Radio Reflejos","article_published_time":"2025-03-11T11:10:25+00:00","article_modified_time":"2025-03-11T11:10:37+00:00","og_image":[{"width":1200,"height":675,"url":"https:\/\/www.noticiasradioreflejos.com.ar\/2021\/wp-content\/uploads\/2025\/01\/milei-karina.jpg","type":"image\/jpeg"}],"author":"Arnaldo Botto","twitter_card":"summary_large_image","schema":{"@context":"https:\/\/schema.org","@graph":[{"@type":"WebPage","@id":"https:\/\/www.noticiasradioreflejos.com.ar\/2021\/karina-milei-la-llave-del-criptogate-el-caso-libra-acorrala-al-gobierno-en-una-semana-clave\/","url":"https:\/\/www.noticiasradioreflejos.com.ar\/2021\/karina-milei-la-llave-del-criptogate-el-caso-libra-acorrala-al-gobierno-en-una-semana-clave\/","name":"Karina Milei, la llave del criptogate: el caso $LIBRA acorrala al Gobierno en una semana clave - Noticias Radio Reflejos","isPartOf":{"@id":"https:\/\/www.noticiasradioreflejos.com.ar\/2021\/#website"},"primaryImageOfPage":{"@id":"https:\/\/www.noticiasradioreflejos.com.ar\/2021\/karina-milei-la-llave-del-criptogate-el-caso-libra-acorrala-al-gobierno-en-una-semana-clave\/#primaryimage"},"image":{"@id":"https:\/\/www.noticiasradioreflejos.com.ar\/2021\/karina-milei-la-llave-del-criptogate-el-caso-libra-acorrala-al-gobierno-en-una-semana-clave\/#primaryimage"},"thumbnailUrl":"https:\/\/www.noticiasradioreflejos.com.ar\/2021\/wp-content\/uploads\/2025\/01\/milei-karina.jpg","datePublished":"2025-03-11T11:10:25+00:00","dateModified":"2025-03-11T11:10:37+00:00","author":{"@id":"https:\/\/www.noticiasradioreflejos.com.ar\/2021\/#\/schema\/person\/ad82545263dcc5ec0996818884fd5fb1"},"breadcrumb":{"@id":"https:\/\/www.noticiasradioreflejos.com.ar\/2021\/karina-milei-la-llave-del-criptogate-el-caso-libra-acorrala-al-gobierno-en-una-semana-clave\/#breadcrumb"},"inLanguage":"es","potentialAction":[{"@type":"ReadAction","target":["https:\/\/www.noticiasradioreflejos.com.ar\/2021\/karina-milei-la-llave-del-criptogate-el-caso-libra-acorrala-al-gobierno-en-una-semana-clave\/"]}]},{"@type":"ImageObject","inLanguage":"es","@id":"https:\/\/www.noticiasradioreflejos.com.ar\/2021\/karina-milei-la-llave-del-criptogate-el-caso-libra-acorrala-al-gobierno-en-una-semana-clave\/#primaryimage","url":"https:\/\/www.noticiasradioreflejos.com.ar\/2021\/wp-content\/uploads\/2025\/01\/milei-karina.jpg","contentUrl":"https:\/\/www.noticiasradioreflejos.com.ar\/2021\/wp-content\/uploads\/2025\/01\/milei-karina.jpg","width":1200,"height":675},{"@type":"BreadcrumbList","@id":"https:\/\/www.noticiasradioreflejos.com.ar\/2021\/karina-milei-la-llave-del-criptogate-el-caso-libra-acorrala-al-gobierno-en-una-semana-clave\/#breadcrumb","itemListElement":[{"@type":"ListItem","position":1,"name":"Portada","item":"https:\/\/www.noticiasradioreflejos.com.ar\/2021\/"},{"@type":"ListItem","position":2,"name":"Karina Milei, la llave del criptogate: el caso $LIBRA acorrala al Gobierno en una semana clave"}]},{"@type":"WebSite","@id":"https:\/\/www.noticiasradioreflejos.com.ar\/2021\/#website","url":"https:\/\/www.noticiasradioreflejos.com.ar\/2021\/","name":"Noticias Radio Reflejos","description":"Las noticias de mi comarca","potentialAction":[{"@type":"SearchAction","target":{"@type":"EntryPoint","urlTemplate":"https:\/\/www.noticiasradioreflejos.com.ar\/2021\/?s={search_term_string}"},"query-input":{"@type":"PropertyValueSpecification","valueRequired":true,"valueName":"search_term_string"}}],"inLanguage":"es"},{"@type":"Person","@id":"https:\/\/www.noticiasradioreflejos.com.ar\/2021\/#\/schema\/person\/ad82545263dcc5ec0996818884fd5fb1","name":"Arnaldo Botto","image":{"@type":"ImageObject","inLanguage":"es","@id":"https:\/\/www.noticiasradioreflejos.com.ar\/2021\/#\/schema\/person\/image\/","url":"https:\/\/secure.gravatar.com\/avatar\/55cb5e37c1efa326397366e6974cb338056df65cb50e7d64d1cf314e87504837?s=96&d=mm&r=g","contentUrl":"https:\/\/secure.gravatar.com\/avatar\/55cb5e37c1efa326397366e6974cb338056df65cb50e7d64d1cf314e87504837?s=96&d=mm&r=g","caption":"Arnaldo Botto"},"url":"https:\/\/www.noticiasradioreflejos.com.ar\/2021\/author\/arnaldo\/"}]}},"_links":{"self":[{"href":"https:\/\/www.noticiasradioreflejos.com.ar\/2021\/wp-json\/wp\/v2\/posts\/113837","targetHints":{"allow":["GET"]}}],"collection":[{"href":"https:\/\/www.noticiasradioreflejos.com.ar\/2021\/wp-json\/wp\/v2\/posts"}],"about":[{"href":"https:\/\/www.noticiasradioreflejos.com.ar\/2021\/wp-json\/wp\/v2\/types\/post"}],"author":[{"embeddable":true,"href":"https:\/\/www.noticiasradioreflejos.com.ar\/2021\/wp-json\/wp\/v2\/users\/3"}],"replies":[{"embeddable":true,"href":"https:\/\/www.noticiasradioreflejos.com.ar\/2021\/wp-json\/wp\/v2\/comments?post=113837"}],"version-history":[{"count":2,"href":"https:\/\/www.noticiasradioreflejos.com.ar\/2021\/wp-json\/wp\/v2\/posts\/113837\/revisions"}],"predecessor-version":[{"id":113839,"href":"https:\/\/www.noticiasradioreflejos.com.ar\/2021\/wp-json\/wp\/v2\/posts\/113837\/revisions\/113839"}],"wp:featuredmedia":[{"embeddable":true,"href":"https:\/\/www.noticiasradioreflejos.com.ar\/2021\/wp-json\/wp\/v2\/media\/111251"}],"wp:attachment":[{"href":"https:\/\/www.noticiasradioreflejos.com.ar\/2021\/wp-json\/wp\/v2\/media?parent=113837"}],"wp:term":[{"taxonomy":"category","embeddable":true,"href":"https:\/\/www.noticiasradioreflejos.com.ar\/2021\/wp-json\/wp\/v2\/categories?post=113837"},{"taxonomy":"post_tag","embeddable":true,"href":"https:\/\/www.noticiasradioreflejos.com.ar\/2021\/wp-json\/wp\/v2\/tags?post=113837"}],"curies":[{"name":"wp","href":"https:\/\/api.w.org\/{rel}","templated":true}]}}