{"id":113834,"date":"2025-03-11T08:00:06","date_gmt":"2025-03-11T11:00:06","guid":{"rendered":"https:\/\/www.noticiasradioreflejos.com.ar\/2021\/?p=113834"},"modified":"2025-03-12T07:49:46","modified_gmt":"2025-03-12T10:49:46","slug":"bahia-blanca-tras-el-temporal-vuelven-la-recoleccion-de-residuos-y-el-transporte-publico","status":"publish","type":"post","link":"https:\/\/www.noticiasradioreflejos.com.ar\/2021\/bahia-blanca-tras-el-temporal-vuelven-la-recoleccion-de-residuos-y-el-transporte-publico\/","title":{"rendered":"Bah\u00eda Blanca tras el temporal:  vuelven la recolecci\u00f3n de residuos y el transporte p\u00fablico."},"content":{"rendered":"<p>Empresas de trasporte p\u00fablico confirmaron que funcionar\u00e1n entre las 6 de la ma\u00f1ana y las 21 horas con cronograma de domingos. Cu\u00e1les son las l\u00edneas que cambiaron sus recorridos.<br \/>\n<!--more--><\/p>\n<p>Las empresas de colectivos vuelven a prestar servicio desde este martes en\u00a0<strong>Bah\u00eda Blanca<\/strong>, luego de la\u00a0inundaci\u00f3n tr\u00e1gica que caus\u00f3 evacuados y 16 personas fallecidas. Lo har\u00e1 con modificaciones por deficiencias en las calles y con un cronograma especial.<\/p>\n<p>En tanto, la recolecci\u00f3n de residuos desde hoy\u00a0<b>se desarrollar\u00e1 con normalidad<\/b>, inform\u00f3 oficialmente el Municipio.<\/p>\n<p>Los cambios en el transporte fueron detallados\u00a0en las \u00faltimas horas y se pueden consultar desde\u00a0la web\u00a0<a class=\"link\" href=\"https:\/\/www.gpsbahia.com.ar\/\" target=\"_blank\" rel=\"noopener\">gpsbahia.com.ar<\/a>.\u00a0 En cuanto a las frecuencias, las mismas corresponden ser\u00e1n las de d\u00eda\u00a0domingo.<\/p>\n<p>Ambos servicios estuvieron suspendidos desde el viernes, cuando una lluvia torrencial azot\u00f3 a la ciudad, generando destrozos, problemas en la circulaci\u00f3n y el saldo de 16 personas fallecidas y cientos de evacuadas.<\/p>\n<div class=\"newsletter\">\n<form class=\"search-lightbox__form i-amphtml-form\" method=\"POST\" novalidate=\"\" target=\"_top\">\n<div class=\"form__field has-addons\">\n<div><\/div>\n<div class=\"form__control\"><span style=\"color: #1d1f20; font-size: 1.953em;\">L\u00ednea por l\u00ednea, c\u00f3mo funciona el transporte p\u00fablico en Bah\u00eda Blanca<\/span><\/div>\n<\/div>\n<\/form>\n<\/div>\n<p>&#8211;\u00a0<strong>500<\/strong>. Recorrido habitual.<\/p>\n<p>&#8211;\u00a0<strong>502<\/strong>. Recorrido habitual.<\/p>\n<p>&#8211;\u00a0<strong>503<\/strong>.<\/p>\n<p>Villa Rosas al Bah\u00eda Blanca Plaza Shopping trayecto normal hasta 12 de Octubre, Casanova y rec hab.<\/p>\n<p>Bah\u00eda Blanca Plaza Shopping a Villa Rosas por Casanova, Caronti y rec hab.<\/p>\n<p>&#8211;\u00a0<strong>504<\/strong>. Recorrido\u00a0habitual.<\/p>\n<p>&#8211;\u00a0<strong>505<\/strong>. Recorrido habitual.<\/p>\n<p>&#8211;\u00a0<strong>506<\/strong>.<\/p>\n<p>Villa Mu\u00f1iz a \u00a0Villa Nocito por Caseros, Salinas Chicas, Alberdi, Juan Manuel de Rosas, Lainez, rec hab hasta Pampa Central y Mart\u00edn Rodr\u00edguez.<\/p>\n<p>Villa Nocito a Villa Mu\u00f1iz inicia en Pampa Central y Mart\u00edn Rodr\u00edguez, rec hab hasta Lainez, Juan Manuel de Rosas, Alberdi, Salinas Chicas y Rivadavia.<\/p>\n<p>&#8211;\u00a0<strong>507<\/strong>. Recorrido\u00a0habitual.<\/p>\n<p>&#8211;\u00a0<strong>509<\/strong>.<\/p>\n<p>Parque de la Ciudad a Rojas y Charcas por Zelarray\u00e1n, Corenfeld, Alem, Aguado, Estomba y recorrido habitual.<\/p>\n<p>Rojas y Charcas a Parque de la Ciudad trayecto normal hasta Zelarray\u00e1n, Aguado, Alem, Cuyo y Zelarray\u00e1n.<\/p>\n<p>&#8211;\u00a0<strong>512<\/strong>.<\/p>\n<p>5 de Abril a Parque de la Ciudad rec hab hasta Sixto Laspiur y Francia.<\/p>\n<p>Parque de la Ciudad a 5 de Abril inicia en Sixto Laspiur y Francia, rec hab.<\/p>\n<p>&#8211;\u00a0<strong>513<\/strong>. Recorrido habitual.<\/p>\n<p>&#8211;\u00a0<strong>513EX<\/strong>.<\/p>\n<p>Harding Green a Parque de Mayo rec hab hasta Cambaceres, Parera, Rojas, Rosales, Necochea y rec hab.<\/p>\n<p>Parque de Mayo a Harding Green\u00a0recorrido habitual hasta Necochea, D\u00b4Orbiny, Parera, Cambaceres, Juan Manuel de Rosas y recorrido habitual.<\/p>\n<p>&#8211;\u00a0<strong>514<\/strong>.<\/p>\n<p>Coca Cola a Maldonado por Brown, Moreno, hacia Don Bosco, Manuel Molina, L\u00edbano, Maldonado, Don Dosco; y vuelve a Coca Cola (Rond\u00edn 514 por Puente)<\/p>\n<p>Don Bosco a Maldonado llega a la rotonda de Carlos Gardel y Francia, desde all\u00ed vuelve a Maldonado y recorrido habitual.<\/p>\n<p>&#8211;\u00a0<strong>516<\/strong><\/p>\n<p>Cooperaci\u00f3n a Villa Italia rec hab hasta Rosario, Florida, Alem, Aguado, Mitre y rec hab.<\/p>\n<p>Villa Italia a Cooperaci\u00f3n rec hab hasta Alvarado, Aguado, Alem, Cuyo, Zapiola y rec hab.<\/p>\n<p>&#8211;\u00a0<strong>517<\/strong><\/p>\n<p>Espora a Parque de la Ciudad inicia en Juan Manuel de Rosas, Lainez, rec hab, Terrada y Francia.<\/p>\n<p>Parque de la Ciudad a Espora inicia en Terrada y Francia, Castelli, rec hab hasta Juan Manuel de Rosas y Lainez.<\/p>\n<p>&#8211;\u00a0<strong>518<\/strong>. Recorrido habitual.<\/p>\n<p>&#8211;\u00a0<strong>519<\/strong>.<\/p>\n<p>Centro a Cerri por Bolivia, Brasil, Don Bosco, La Plata, Libano, Maldonado, Don Dosco y vuelve a Pedro Pico (Rond\u00edn por puente)<\/p>\n<p>Don Bosco a Cerri por Martin Gil, 17 de Mayo, Carlos Gardel, llega a la rotonda de Carlos Gardel y Franciay y retoma hacia Cerri<\/p>\n<p>&#8211;\u00a0<strong>519A<\/strong><\/p>\n<p>Don Ramiro a Patagonia\/Aldea por Irigoyen, Alem, Alsina Cerrito, Sarmiento y rec hab.<\/p>\n<p>Patagonia\/Aldea a Don Ramiro por Sarmientoy rec hab.<\/p>\n<p>&#8211;\u00a0<strong>520\u00a0<\/strong>(Todos los recorridos por avenida cabrera)<\/p>\n<p>Bah\u00eda Blanca a Cabildo circula por Lamadrid, Sarmiento, Moreno, Vieytes, Mendoza, San Juan, Zapiola, Fuerte Argentino, Sarmiento y Cabrera.<\/p>\n<p>Cabildo a Bah\u00eda Blanca por Cabrera, Sarmiento, Alem, Per\u00fa, Estomba, Chiclana y Las Heras.<\/p>\n<p>&#8211;\u00a0<strong>521<\/strong>. Recorrido\u00a0habitual.<\/p>\n<p>&nbsp;<\/p>\n<p><strong>Fuente La Nueva<\/strong><\/p>\n","protected":false},"excerpt":{"rendered":"<p>Empresas de trasporte p\u00fablico confirmaron que funcionar\u00e1n entre las 6 de la ma\u00f1ana y las 21 horas con cronograma de domingos. Cu\u00e1les son las l\u00edneas que cambiaron sus recorridos.<\/p>\n","protected":false},"author":3,"featured_media":0,"comment_status":"closed","ping_status":"closed","sticky":false,"template":"","format":"standard","meta":{"footnotes":""},"categories":[26],"tags":[],"class_list":["post-113834","post","type-post","status-publish","format-standard","hentry","category-sociedad"],"yoast_head":"<!-- This site is optimized with the Yoast SEO plugin v25.9 - https:\/\/yoast.com\/wordpress\/plugins\/seo\/ -->\n<title>Bah\u00eda Blanca tras el temporal: vuelven la recolecci\u00f3n de residuos y el transporte p\u00fablico. - Noticias Radio Reflejos<\/title>\n<meta name=\"robots\" content=\"index, follow, max-snippet:-1, max-image-preview:large, max-video-preview:-1\" \/>\n<link rel=\"canonical\" href=\"https:\/\/www.noticiasradioreflejos.com.ar\/2021\/bahia-blanca-tras-el-temporal-vuelven-la-recoleccion-de-residuos-y-el-transporte-publico\/\" \/>\n<meta property=\"og:locale\" content=\"es_ES\" \/>\n<meta property=\"og:type\" content=\"article\" \/>\n<meta property=\"og:title\" content=\"Bah\u00eda Blanca tras el temporal: vuelven la recolecci\u00f3n de residuos y el transporte p\u00fablico. - Noticias Radio Reflejos\" \/>\n<meta property=\"og:description\" content=\"Empresas de trasporte p\u00fablico confirmaron que funcionar\u00e1n entre las 6 de la ma\u00f1ana y las 21 horas con cronograma de domingos. Cu\u00e1les son las l\u00edneas que cambiaron sus recorridos.\" \/>\n<meta property=\"og:url\" content=\"https:\/\/www.noticiasradioreflejos.com.ar\/2021\/bahia-blanca-tras-el-temporal-vuelven-la-recoleccion-de-residuos-y-el-transporte-publico\/\" \/>\n<meta property=\"og:site_name\" content=\"Noticias Radio Reflejos\" \/>\n<meta property=\"article:published_time\" content=\"2025-03-11T11:00:06+00:00\" \/>\n<meta property=\"article:modified_time\" content=\"2025-03-12T10:49:46+00:00\" \/>\n<meta property=\"og:image\" content=\"https:\/\/www.noticiasradioreflejos.com.ar\/2021\/wp-content\/uploads\/2021\/07\/logosol300x200.png\" \/>\n\t<meta property=\"og:image:width\" content=\"300\" \/>\n\t<meta property=\"og:image:height\" content=\"200\" \/>\n\t<meta property=\"og:image:type\" content=\"image\/png\" \/>\n<meta name=\"author\" content=\"Arnaldo Botto\" \/>\n<meta name=\"twitter:card\" content=\"summary_large_image\" \/>\n<script type=\"application\/ld+json\" class=\"yoast-schema-graph\">{\"@context\":\"https:\/\/schema.org\",\"@graph\":[{\"@type\":\"WebPage\",\"@id\":\"https:\/\/www.noticiasradioreflejos.com.ar\/2021\/bahia-blanca-tras-el-temporal-vuelven-la-recoleccion-de-residuos-y-el-transporte-publico\/\",\"url\":\"https:\/\/www.noticiasradioreflejos.com.ar\/2021\/bahia-blanca-tras-el-temporal-vuelven-la-recoleccion-de-residuos-y-el-transporte-publico\/\",\"name\":\"Bah\u00eda Blanca tras el temporal: vuelven la recolecci\u00f3n de residuos y el transporte p\u00fablico. - Noticias Radio Reflejos\",\"isPartOf\":{\"@id\":\"https:\/\/www.noticiasradioreflejos.com.ar\/2021\/#website\"},\"datePublished\":\"2025-03-11T11:00:06+00:00\",\"dateModified\":\"2025-03-12T10:49:46+00:00\",\"author\":{\"@id\":\"https:\/\/www.noticiasradioreflejos.com.ar\/2021\/#\/schema\/person\/ad82545263dcc5ec0996818884fd5fb1\"},\"breadcrumb\":{\"@id\":\"https:\/\/www.noticiasradioreflejos.com.ar\/2021\/bahia-blanca-tras-el-temporal-vuelven-la-recoleccion-de-residuos-y-el-transporte-publico\/#breadcrumb\"},\"inLanguage\":\"es\",\"potentialAction\":[{\"@type\":\"ReadAction\",\"target\":[\"https:\/\/www.noticiasradioreflejos.com.ar\/2021\/bahia-blanca-tras-el-temporal-vuelven-la-recoleccion-de-residuos-y-el-transporte-publico\/\"]}]},{\"@type\":\"BreadcrumbList\",\"@id\":\"https:\/\/www.noticiasradioreflejos.com.ar\/2021\/bahia-blanca-tras-el-temporal-vuelven-la-recoleccion-de-residuos-y-el-transporte-publico\/#breadcrumb\",\"itemListElement\":[{\"@type\":\"ListItem\",\"position\":1,\"name\":\"Portada\",\"item\":\"https:\/\/www.noticiasradioreflejos.com.ar\/2021\/\"},{\"@type\":\"ListItem\",\"position\":2,\"name\":\"Bah\u00eda Blanca tras el temporal: vuelven la recolecci\u00f3n de residuos y el transporte p\u00fablico.\"}]},{\"@type\":\"WebSite\",\"@id\":\"https:\/\/www.noticiasradioreflejos.com.ar\/2021\/#website\",\"url\":\"https:\/\/www.noticiasradioreflejos.com.ar\/2021\/\",\"name\":\"Noticias Radio Reflejos\",\"description\":\"Las noticias de mi comarca\",\"potentialAction\":[{\"@type\":\"SearchAction\",\"target\":{\"@type\":\"EntryPoint\",\"urlTemplate\":\"https:\/\/www.noticiasradioreflejos.com.ar\/2021\/?s={search_term_string}\"},\"query-input\":{\"@type\":\"PropertyValueSpecification\",\"valueRequired\":true,\"valueName\":\"search_term_string\"}}],\"inLanguage\":\"es\"},{\"@type\":\"Person\",\"@id\":\"https:\/\/www.noticiasradioreflejos.com.ar\/2021\/#\/schema\/person\/ad82545263dcc5ec0996818884fd5fb1\",\"name\":\"Arnaldo Botto\",\"image\":{\"@type\":\"ImageObject\",\"inLanguage\":\"es\",\"@id\":\"https:\/\/www.noticiasradioreflejos.com.ar\/2021\/#\/schema\/person\/image\/\",\"url\":\"https:\/\/secure.gravatar.com\/avatar\/55cb5e37c1efa326397366e6974cb338056df65cb50e7d64d1cf314e87504837?s=96&d=mm&r=g\",\"contentUrl\":\"https:\/\/secure.gravatar.com\/avatar\/55cb5e37c1efa326397366e6974cb338056df65cb50e7d64d1cf314e87504837?s=96&d=mm&r=g\",\"caption\":\"Arnaldo Botto\"},\"url\":\"https:\/\/www.noticiasradioreflejos.com.ar\/2021\/author\/arnaldo\/\"}]}<\/script>\n<!-- \/ Yoast SEO plugin. -->","yoast_head_json":{"title":"Bah\u00eda Blanca tras el temporal: vuelven la recolecci\u00f3n de residuos y el transporte p\u00fablico. - Noticias Radio Reflejos","robots":{"index":"index","follow":"follow","max-snippet":"max-snippet:-1","max-image-preview":"max-image-preview:large","max-video-preview":"max-video-preview:-1"},"canonical":"https:\/\/www.noticiasradioreflejos.com.ar\/2021\/bahia-blanca-tras-el-temporal-vuelven-la-recoleccion-de-residuos-y-el-transporte-publico\/","og_locale":"es_ES","og_type":"article","og_title":"Bah\u00eda Blanca tras el temporal: vuelven la recolecci\u00f3n de residuos y el transporte p\u00fablico. - Noticias Radio Reflejos","og_description":"Empresas de trasporte p\u00fablico confirmaron que funcionar\u00e1n entre las 6 de la ma\u00f1ana y las 21 horas con cronograma de domingos. Cu\u00e1les son las l\u00edneas que cambiaron sus recorridos.","og_url":"https:\/\/www.noticiasradioreflejos.com.ar\/2021\/bahia-blanca-tras-el-temporal-vuelven-la-recoleccion-de-residuos-y-el-transporte-publico\/","og_site_name":"Noticias Radio Reflejos","article_published_time":"2025-03-11T11:00:06+00:00","article_modified_time":"2025-03-12T10:49:46+00:00","og_image":[{"width":300,"height":200,"url":"https:\/\/www.noticiasradioreflejos.com.ar\/2021\/wp-content\/uploads\/2021\/07\/logosol300x200.png","type":"image\/png"}],"author":"Arnaldo Botto","twitter_card":"summary_large_image","schema":{"@context":"https:\/\/schema.org","@graph":[{"@type":"WebPage","@id":"https:\/\/www.noticiasradioreflejos.com.ar\/2021\/bahia-blanca-tras-el-temporal-vuelven-la-recoleccion-de-residuos-y-el-transporte-publico\/","url":"https:\/\/www.noticiasradioreflejos.com.ar\/2021\/bahia-blanca-tras-el-temporal-vuelven-la-recoleccion-de-residuos-y-el-transporte-publico\/","name":"Bah\u00eda Blanca tras el temporal: vuelven la recolecci\u00f3n de residuos y el transporte p\u00fablico. - Noticias Radio Reflejos","isPartOf":{"@id":"https:\/\/www.noticiasradioreflejos.com.ar\/2021\/#website"},"datePublished":"2025-03-11T11:00:06+00:00","dateModified":"2025-03-12T10:49:46+00:00","author":{"@id":"https:\/\/www.noticiasradioreflejos.com.ar\/2021\/#\/schema\/person\/ad82545263dcc5ec0996818884fd5fb1"},"breadcrumb":{"@id":"https:\/\/www.noticiasradioreflejos.com.ar\/2021\/bahia-blanca-tras-el-temporal-vuelven-la-recoleccion-de-residuos-y-el-transporte-publico\/#breadcrumb"},"inLanguage":"es","potentialAction":[{"@type":"ReadAction","target":["https:\/\/www.noticiasradioreflejos.com.ar\/2021\/bahia-blanca-tras-el-temporal-vuelven-la-recoleccion-de-residuos-y-el-transporte-publico\/"]}]},{"@type":"BreadcrumbList","@id":"https:\/\/www.noticiasradioreflejos.com.ar\/2021\/bahia-blanca-tras-el-temporal-vuelven-la-recoleccion-de-residuos-y-el-transporte-publico\/#breadcrumb","itemListElement":[{"@type":"ListItem","position":1,"name":"Portada","item":"https:\/\/www.noticiasradioreflejos.com.ar\/2021\/"},{"@type":"ListItem","position":2,"name":"Bah\u00eda Blanca tras el temporal: vuelven la recolecci\u00f3n de residuos y el transporte p\u00fablico."}]},{"@type":"WebSite","@id":"https:\/\/www.noticiasradioreflejos.com.ar\/2021\/#website","url":"https:\/\/www.noticiasradioreflejos.com.ar\/2021\/","name":"Noticias Radio Reflejos","description":"Las noticias de mi comarca","potentialAction":[{"@type":"SearchAction","target":{"@type":"EntryPoint","urlTemplate":"https:\/\/www.noticiasradioreflejos.com.ar\/2021\/?s={search_term_string}"},"query-input":{"@type":"PropertyValueSpecification","valueRequired":true,"valueName":"search_term_string"}}],"inLanguage":"es"},{"@type":"Person","@id":"https:\/\/www.noticiasradioreflejos.com.ar\/2021\/#\/schema\/person\/ad82545263dcc5ec0996818884fd5fb1","name":"Arnaldo Botto","image":{"@type":"ImageObject","inLanguage":"es","@id":"https:\/\/www.noticiasradioreflejos.com.ar\/2021\/#\/schema\/person\/image\/","url":"https:\/\/secure.gravatar.com\/avatar\/55cb5e37c1efa326397366e6974cb338056df65cb50e7d64d1cf314e87504837?s=96&d=mm&r=g","contentUrl":"https:\/\/secure.gravatar.com\/avatar\/55cb5e37c1efa326397366e6974cb338056df65cb50e7d64d1cf314e87504837?s=96&d=mm&r=g","caption":"Arnaldo Botto"},"url":"https:\/\/www.noticiasradioreflejos.com.ar\/2021\/author\/arnaldo\/"}]}},"_links":{"self":[{"href":"https:\/\/www.noticiasradioreflejos.com.ar\/2021\/wp-json\/wp\/v2\/posts\/113834","targetHints":{"allow":["GET"]}}],"collection":[{"href":"https:\/\/www.noticiasradioreflejos.com.ar\/2021\/wp-json\/wp\/v2\/posts"}],"about":[{"href":"https:\/\/www.noticiasradioreflejos.com.ar\/2021\/wp-json\/wp\/v2\/types\/post"}],"author":[{"embeddable":true,"href":"https:\/\/www.noticiasradioreflejos.com.ar\/2021\/wp-json\/wp\/v2\/users\/3"}],"replies":[{"embeddable":true,"href":"https:\/\/www.noticiasradioreflejos.com.ar\/2021\/wp-json\/wp\/v2\/comments?post=113834"}],"version-history":[{"count":1,"href":"https:\/\/www.noticiasradioreflejos.com.ar\/2021\/wp-json\/wp\/v2\/posts\/113834\/revisions"}],"predecessor-version":[{"id":113836,"href":"https:\/\/www.noticiasradioreflejos.com.ar\/2021\/wp-json\/wp\/v2\/posts\/113834\/revisions\/113836"}],"wp:attachment":[{"href":"https:\/\/www.noticiasradioreflejos.com.ar\/2021\/wp-json\/wp\/v2\/media?parent=113834"}],"wp:term":[{"taxonomy":"category","embeddable":true,"href":"https:\/\/www.noticiasradioreflejos.com.ar\/2021\/wp-json\/wp\/v2\/categories?post=113834"},{"taxonomy":"post_tag","embeddable":true,"href":"https:\/\/www.noticiasradioreflejos.com.ar\/2021\/wp-json\/wp\/v2\/tags?post=113834"}],"curies":[{"name":"wp","href":"https:\/\/api.w.org\/{rel}","templated":true}]}}