{"id":113831,"date":"2025-03-11T07:55:42","date_gmt":"2025-03-11T10:55:42","guid":{"rendered":"https:\/\/www.noticiasradioreflejos.com.ar\/2021\/?p=113831"},"modified":"2025-03-11T09:49:05","modified_gmt":"2025-03-11T12:49:05","slug":"dia-nacional-de-la-lucha-contra-la-violencia-de-genero-en-los-medios-de-comunicacion-por-que-se-celebra-el-11-de-marzo","status":"publish","type":"post","link":"https:\/\/www.noticiasradioreflejos.com.ar\/2021\/dia-nacional-de-la-lucha-contra-la-violencia-de-genero-en-los-medios-de-comunicacion-por-que-se-celebra-el-11-de-marzo\/","title":{"rendered":"D\u00eda Nacional de la Lucha contra la Violencia de G\u00e9nero en los Medios de Comunicaci\u00f3n: \u00bfpor qu\u00e9 se celebra el 11 de marzo?"},"content":{"rendered":"<p>Desde el a\u00f1o 2015, esta fecha fue marcada en el calendario como un recordatorio de la importancia de avanzar hacia una representaci\u00f3n equitativa en los medios de comunicaci\u00f3n.<!--more--><\/p>\n<p>Cada <strong>11 de marzo<\/strong>, se conmemora el\u00a0<strong>D\u00eda Nacional de la Lucha contra la Violencia de G\u00e9nero en los Medios de Comunicaci\u00f3n<\/strong>, una fecha destinada a promover un tratamiento inclusivo, plural y diverso en los medios, erradicando los estereotipos y las estigmatizaciones por cuestiones de g\u00e9nero y orientaci\u00f3n sexual.<\/p>\n<div class=\"partner-wrapper article-page__body-row\">\n<div class=\"second-col\">\n<h2 class=\"article-text\">Un prop\u00f3sito clave: erradicar la violencia en los medios<\/h2>\n<p class=\"article-text\">Desde el a\u00f1o\u00a0<strong>2015<\/strong>, esta fecha ha sido marcada en el calendario como un recordatorio de la importancia de avanzar hacia una representaci\u00f3n equitativa en los medios de comunicaci\u00f3n. El prop\u00f3sito es claro: poner fin a las violencias expl\u00edcitas y sutiles que perpet\u00faan los estereotipos de g\u00e9nero y marginan.<\/p>\n<p class=\"article-text\">La conmemoraci\u00f3n coincide con el aniversario de<strong>\u00a0la sanci\u00f3n de la Ley 26485 de Protecci\u00f3n Integral a las Mujeres<\/strong>, un hito legislativo crucial en la lucha contra la violencia de g\u00e9nero en Argentina.<\/p>\n<p class=\"article-text\">Datos proporcionados por el sitio web oficial de<em>\u00a0argentina.gob.ar<\/em>\u00a0revelan una disparidad preocupante en la industria de los medios: mientras que<strong>\u00a0las mujeres representan el 64% de la cursada de carreras de comunicaci\u00f3n y periodismo, solo ocupan el 34% del personal en las redacciones<\/strong>. Esta brecha de g\u00e9nero refleja un desaf\u00edo significativo que a\u00fan debe abordarse para garantizar una representaci\u00f3n equitativa y una voz igualitaria en los medios de comunicaci\u00f3n.<\/p>\n<h2 class=\"article-text\">Reflexi\u00f3n y acci\u00f3n: el papel de los medios en la sociedad actual<\/h2>\n<p class=\"article-text\">Desde el<em>\u00a0<\/em><a class=\"link\" href=\"http:\/\/www.obserdiscriminacion.gob.ar\/dia-nacional-de-la-lucha-contra-la-violencia-de-genero-en-los-medios\/#:~:text=Desde%20el%20a%C3%B1o%202015%2C%20cada,en%20los%20Medios%20de%20Comunicaci%C3%B3n.\" target=\"_blank\" rel=\"noopener\" data-mrf-recirculation=\"links-noticia\" data-mrf-link=\"http:\/\/www.obserdiscriminacion.gob.ar\/dia-nacional-de-la-lucha-contra-la-violencia-de-genero-en-los-medios\/#:~:text=Desde%20el%20a%C3%B1o%202015%2C%20cada,en%20los%20Medios%20de%20Comunicaci%C3%B3n.\"><em>Observatorio de la Discriminaci\u00f3n en Radio y TV<\/em><\/a>, se\u00a0<strong>destaca el papel significativo que desempe\u00f1an los medios de comunicaci\u00f3n en la construcci\u00f3n del pensamiento social<\/strong>. Reflexionar sobre las representaciones medi\u00e1ticas nos permite comprender los procesos mediante los cuales las personas construyen y son construidas por la realidad social. Adem\u00e1s, nos acerca a la \u201cvisi\u00f3n de mundo\u201d que las personas o grupos poseen, siendo esencial para comprender la din\u00e1mica de las interacciones sociales y los determinantes de las pr\u00e1cticas sociales.<\/p>\n<p class=\"article-text\">El compromiso con la inclusi\u00f3n y la equidad en la representaci\u00f3n sigue siendo primordial dentro de los medios. Erradicar la violencia de g\u00e9nero en estos \u00e1mbitos es un desaf\u00edo colectivo que requiere el compromiso de toda la sociedad, desde periodistas y comunicadores hasta audiencias y reguladores.<\/p>\n<div id=\"container-after-news-outlook\"><\/div>\n<p class=\"article-text\">En este<strong>\u00a0D\u00eda Nacional de la Lucha contra la Violencia de G\u00e9nero en los Medios de Comunicaci\u00f3n<\/strong>, renovemos nuestro compromiso con la inclusi\u00f3n, la diversidad y el respeto en todas las formas de expresi\u00f3n medi\u00e1tica. Es solo a trav\u00e9s del trabajo conjunto y la conciencia colectiva que podemos construir un futuro donde todos tengan voz y sean representados con dignidad y justicia.<\/p>\n<p>&nbsp;<\/p>\n<p class=\"article-text\"><strong><em>NB &#8211; elDiarioAR<\/em><\/strong><\/p>\n<p>&nbsp;<\/p>\n<\/div>\n<\/div>\n","protected":false},"excerpt":{"rendered":"<p>Desde el a\u00f1o 2015, esta fecha fue marcada en el calendario como un recordatorio de la importancia de avanzar hacia una representaci\u00f3n equitativa en los medios de comunicaci\u00f3n.<\/p>\n","protected":false},"author":3,"featured_media":0,"comment_status":"closed","ping_status":"closed","sticky":false,"template":"","format":"standard","meta":{"footnotes":""},"categories":[24],"tags":[],"class_list":["post-113831","post","type-post","status-publish","format-standard","hentry","category-politica"],"yoast_head":"<!-- This site is optimized with the Yoast SEO plugin v25.9 - https:\/\/yoast.com\/wordpress\/plugins\/seo\/ -->\n<title>D\u00eda Nacional de la Lucha contra la Violencia de G\u00e9nero en los Medios de Comunicaci\u00f3n: \u00bfpor qu\u00e9 se celebra el 11 de marzo? - Noticias Radio Reflejos<\/title>\n<meta name=\"robots\" content=\"index, follow, max-snippet:-1, max-image-preview:large, max-video-preview:-1\" \/>\n<link rel=\"canonical\" href=\"https:\/\/www.noticiasradioreflejos.com.ar\/2021\/dia-nacional-de-la-lucha-contra-la-violencia-de-genero-en-los-medios-de-comunicacion-por-que-se-celebra-el-11-de-marzo\/\" \/>\n<meta property=\"og:locale\" content=\"es_ES\" \/>\n<meta property=\"og:type\" content=\"article\" \/>\n<meta property=\"og:title\" content=\"D\u00eda Nacional de la Lucha contra la Violencia de G\u00e9nero en los Medios de Comunicaci\u00f3n: \u00bfpor qu\u00e9 se celebra el 11 de marzo? - Noticias Radio Reflejos\" \/>\n<meta property=\"og:description\" content=\"Desde el a\u00f1o 2015, esta fecha fue marcada en el calendario como un recordatorio de la importancia de avanzar hacia una representaci\u00f3n equitativa en los medios de comunicaci\u00f3n.\" \/>\n<meta property=\"og:url\" content=\"https:\/\/www.noticiasradioreflejos.com.ar\/2021\/dia-nacional-de-la-lucha-contra-la-violencia-de-genero-en-los-medios-de-comunicacion-por-que-se-celebra-el-11-de-marzo\/\" \/>\n<meta property=\"og:site_name\" content=\"Noticias Radio Reflejos\" \/>\n<meta property=\"article:published_time\" content=\"2025-03-11T10:55:42+00:00\" \/>\n<meta property=\"article:modified_time\" content=\"2025-03-11T12:49:05+00:00\" \/>\n<meta property=\"og:image\" content=\"https:\/\/www.noticiasradioreflejos.com.ar\/2021\/wp-content\/uploads\/2021\/07\/logosol300x200.png\" \/>\n\t<meta property=\"og:image:width\" content=\"300\" \/>\n\t<meta property=\"og:image:height\" content=\"200\" \/>\n\t<meta property=\"og:image:type\" content=\"image\/png\" \/>\n<meta name=\"author\" content=\"Arnaldo Botto\" \/>\n<meta name=\"twitter:card\" content=\"summary_large_image\" \/>\n<script type=\"application\/ld+json\" class=\"yoast-schema-graph\">{\"@context\":\"https:\/\/schema.org\",\"@graph\":[{\"@type\":\"WebPage\",\"@id\":\"https:\/\/www.noticiasradioreflejos.com.ar\/2021\/dia-nacional-de-la-lucha-contra-la-violencia-de-genero-en-los-medios-de-comunicacion-por-que-se-celebra-el-11-de-marzo\/\",\"url\":\"https:\/\/www.noticiasradioreflejos.com.ar\/2021\/dia-nacional-de-la-lucha-contra-la-violencia-de-genero-en-los-medios-de-comunicacion-por-que-se-celebra-el-11-de-marzo\/\",\"name\":\"D\u00eda Nacional de la Lucha contra la Violencia de G\u00e9nero en los Medios de Comunicaci\u00f3n: \u00bfpor qu\u00e9 se celebra el 11 de marzo? - Noticias Radio Reflejos\",\"isPartOf\":{\"@id\":\"https:\/\/www.noticiasradioreflejos.com.ar\/2021\/#website\"},\"datePublished\":\"2025-03-11T10:55:42+00:00\",\"dateModified\":\"2025-03-11T12:49:05+00:00\",\"author\":{\"@id\":\"https:\/\/www.noticiasradioreflejos.com.ar\/2021\/#\/schema\/person\/ad82545263dcc5ec0996818884fd5fb1\"},\"breadcrumb\":{\"@id\":\"https:\/\/www.noticiasradioreflejos.com.ar\/2021\/dia-nacional-de-la-lucha-contra-la-violencia-de-genero-en-los-medios-de-comunicacion-por-que-se-celebra-el-11-de-marzo\/#breadcrumb\"},\"inLanguage\":\"es\",\"potentialAction\":[{\"@type\":\"ReadAction\",\"target\":[\"https:\/\/www.noticiasradioreflejos.com.ar\/2021\/dia-nacional-de-la-lucha-contra-la-violencia-de-genero-en-los-medios-de-comunicacion-por-que-se-celebra-el-11-de-marzo\/\"]}]},{\"@type\":\"BreadcrumbList\",\"@id\":\"https:\/\/www.noticiasradioreflejos.com.ar\/2021\/dia-nacional-de-la-lucha-contra-la-violencia-de-genero-en-los-medios-de-comunicacion-por-que-se-celebra-el-11-de-marzo\/#breadcrumb\",\"itemListElement\":[{\"@type\":\"ListItem\",\"position\":1,\"name\":\"Portada\",\"item\":\"https:\/\/www.noticiasradioreflejos.com.ar\/2021\/\"},{\"@type\":\"ListItem\",\"position\":2,\"name\":\"D\u00eda Nacional de la Lucha contra la Violencia de G\u00e9nero en los Medios de Comunicaci\u00f3n: \u00bfpor qu\u00e9 se celebra el 11 de marzo?\"}]},{\"@type\":\"WebSite\",\"@id\":\"https:\/\/www.noticiasradioreflejos.com.ar\/2021\/#website\",\"url\":\"https:\/\/www.noticiasradioreflejos.com.ar\/2021\/\",\"name\":\"Noticias Radio Reflejos\",\"description\":\"Las noticias de mi comarca\",\"potentialAction\":[{\"@type\":\"SearchAction\",\"target\":{\"@type\":\"EntryPoint\",\"urlTemplate\":\"https:\/\/www.noticiasradioreflejos.com.ar\/2021\/?s={search_term_string}\"},\"query-input\":{\"@type\":\"PropertyValueSpecification\",\"valueRequired\":true,\"valueName\":\"search_term_string\"}}],\"inLanguage\":\"es\"},{\"@type\":\"Person\",\"@id\":\"https:\/\/www.noticiasradioreflejos.com.ar\/2021\/#\/schema\/person\/ad82545263dcc5ec0996818884fd5fb1\",\"name\":\"Arnaldo Botto\",\"image\":{\"@type\":\"ImageObject\",\"inLanguage\":\"es\",\"@id\":\"https:\/\/www.noticiasradioreflejos.com.ar\/2021\/#\/schema\/person\/image\/\",\"url\":\"https:\/\/secure.gravatar.com\/avatar\/55cb5e37c1efa326397366e6974cb338056df65cb50e7d64d1cf314e87504837?s=96&d=mm&r=g\",\"contentUrl\":\"https:\/\/secure.gravatar.com\/avatar\/55cb5e37c1efa326397366e6974cb338056df65cb50e7d64d1cf314e87504837?s=96&d=mm&r=g\",\"caption\":\"Arnaldo Botto\"},\"url\":\"https:\/\/www.noticiasradioreflejos.com.ar\/2021\/author\/arnaldo\/\"}]}<\/script>\n<!-- \/ Yoast SEO plugin. -->","yoast_head_json":{"title":"D\u00eda Nacional de la Lucha contra la Violencia de G\u00e9nero en los Medios de Comunicaci\u00f3n: \u00bfpor qu\u00e9 se celebra el 11 de marzo? - Noticias Radio Reflejos","robots":{"index":"index","follow":"follow","max-snippet":"max-snippet:-1","max-image-preview":"max-image-preview:large","max-video-preview":"max-video-preview:-1"},"canonical":"https:\/\/www.noticiasradioreflejos.com.ar\/2021\/dia-nacional-de-la-lucha-contra-la-violencia-de-genero-en-los-medios-de-comunicacion-por-que-se-celebra-el-11-de-marzo\/","og_locale":"es_ES","og_type":"article","og_title":"D\u00eda Nacional de la Lucha contra la Violencia de G\u00e9nero en los Medios de Comunicaci\u00f3n: \u00bfpor qu\u00e9 se celebra el 11 de marzo? - Noticias Radio Reflejos","og_description":"Desde el a\u00f1o 2015, esta fecha fue marcada en el calendario como un recordatorio de la importancia de avanzar hacia una representaci\u00f3n equitativa en los medios de comunicaci\u00f3n.","og_url":"https:\/\/www.noticiasradioreflejos.com.ar\/2021\/dia-nacional-de-la-lucha-contra-la-violencia-de-genero-en-los-medios-de-comunicacion-por-que-se-celebra-el-11-de-marzo\/","og_site_name":"Noticias Radio Reflejos","article_published_time":"2025-03-11T10:55:42+00:00","article_modified_time":"2025-03-11T12:49:05+00:00","og_image":[{"width":300,"height":200,"url":"https:\/\/www.noticiasradioreflejos.com.ar\/2021\/wp-content\/uploads\/2021\/07\/logosol300x200.png","type":"image\/png"}],"author":"Arnaldo Botto","twitter_card":"summary_large_image","schema":{"@context":"https:\/\/schema.org","@graph":[{"@type":"WebPage","@id":"https:\/\/www.noticiasradioreflejos.com.ar\/2021\/dia-nacional-de-la-lucha-contra-la-violencia-de-genero-en-los-medios-de-comunicacion-por-que-se-celebra-el-11-de-marzo\/","url":"https:\/\/www.noticiasradioreflejos.com.ar\/2021\/dia-nacional-de-la-lucha-contra-la-violencia-de-genero-en-los-medios-de-comunicacion-por-que-se-celebra-el-11-de-marzo\/","name":"D\u00eda Nacional de la Lucha contra la Violencia de G\u00e9nero en los Medios de Comunicaci\u00f3n: \u00bfpor qu\u00e9 se celebra el 11 de marzo? - Noticias Radio Reflejos","isPartOf":{"@id":"https:\/\/www.noticiasradioreflejos.com.ar\/2021\/#website"},"datePublished":"2025-03-11T10:55:42+00:00","dateModified":"2025-03-11T12:49:05+00:00","author":{"@id":"https:\/\/www.noticiasradioreflejos.com.ar\/2021\/#\/schema\/person\/ad82545263dcc5ec0996818884fd5fb1"},"breadcrumb":{"@id":"https:\/\/www.noticiasradioreflejos.com.ar\/2021\/dia-nacional-de-la-lucha-contra-la-violencia-de-genero-en-los-medios-de-comunicacion-por-que-se-celebra-el-11-de-marzo\/#breadcrumb"},"inLanguage":"es","potentialAction":[{"@type":"ReadAction","target":["https:\/\/www.noticiasradioreflejos.com.ar\/2021\/dia-nacional-de-la-lucha-contra-la-violencia-de-genero-en-los-medios-de-comunicacion-por-que-se-celebra-el-11-de-marzo\/"]}]},{"@type":"BreadcrumbList","@id":"https:\/\/www.noticiasradioreflejos.com.ar\/2021\/dia-nacional-de-la-lucha-contra-la-violencia-de-genero-en-los-medios-de-comunicacion-por-que-se-celebra-el-11-de-marzo\/#breadcrumb","itemListElement":[{"@type":"ListItem","position":1,"name":"Portada","item":"https:\/\/www.noticiasradioreflejos.com.ar\/2021\/"},{"@type":"ListItem","position":2,"name":"D\u00eda Nacional de la Lucha contra la Violencia de G\u00e9nero en los Medios de Comunicaci\u00f3n: \u00bfpor qu\u00e9 se celebra el 11 de marzo?"}]},{"@type":"WebSite","@id":"https:\/\/www.noticiasradioreflejos.com.ar\/2021\/#website","url":"https:\/\/www.noticiasradioreflejos.com.ar\/2021\/","name":"Noticias Radio Reflejos","description":"Las noticias de mi comarca","potentialAction":[{"@type":"SearchAction","target":{"@type":"EntryPoint","urlTemplate":"https:\/\/www.noticiasradioreflejos.com.ar\/2021\/?s={search_term_string}"},"query-input":{"@type":"PropertyValueSpecification","valueRequired":true,"valueName":"search_term_string"}}],"inLanguage":"es"},{"@type":"Person","@id":"https:\/\/www.noticiasradioreflejos.com.ar\/2021\/#\/schema\/person\/ad82545263dcc5ec0996818884fd5fb1","name":"Arnaldo Botto","image":{"@type":"ImageObject","inLanguage":"es","@id":"https:\/\/www.noticiasradioreflejos.com.ar\/2021\/#\/schema\/person\/image\/","url":"https:\/\/secure.gravatar.com\/avatar\/55cb5e37c1efa326397366e6974cb338056df65cb50e7d64d1cf314e87504837?s=96&d=mm&r=g","contentUrl":"https:\/\/secure.gravatar.com\/avatar\/55cb5e37c1efa326397366e6974cb338056df65cb50e7d64d1cf314e87504837?s=96&d=mm&r=g","caption":"Arnaldo Botto"},"url":"https:\/\/www.noticiasradioreflejos.com.ar\/2021\/author\/arnaldo\/"}]}},"_links":{"self":[{"href":"https:\/\/www.noticiasradioreflejos.com.ar\/2021\/wp-json\/wp\/v2\/posts\/113831","targetHints":{"allow":["GET"]}}],"collection":[{"href":"https:\/\/www.noticiasradioreflejos.com.ar\/2021\/wp-json\/wp\/v2\/posts"}],"about":[{"href":"https:\/\/www.noticiasradioreflejos.com.ar\/2021\/wp-json\/wp\/v2\/types\/post"}],"author":[{"embeddable":true,"href":"https:\/\/www.noticiasradioreflejos.com.ar\/2021\/wp-json\/wp\/v2\/users\/3"}],"replies":[{"embeddable":true,"href":"https:\/\/www.noticiasradioreflejos.com.ar\/2021\/wp-json\/wp\/v2\/comments?post=113831"}],"version-history":[{"count":2,"href":"https:\/\/www.noticiasradioreflejos.com.ar\/2021\/wp-json\/wp\/v2\/posts\/113831\/revisions"}],"predecessor-version":[{"id":113842,"href":"https:\/\/www.noticiasradioreflejos.com.ar\/2021\/wp-json\/wp\/v2\/posts\/113831\/revisions\/113842"}],"wp:attachment":[{"href":"https:\/\/www.noticiasradioreflejos.com.ar\/2021\/wp-json\/wp\/v2\/media?parent=113831"}],"wp:term":[{"taxonomy":"category","embeddable":true,"href":"https:\/\/www.noticiasradioreflejos.com.ar\/2021\/wp-json\/wp\/v2\/categories?post=113831"},{"taxonomy":"post_tag","embeddable":true,"href":"https:\/\/www.noticiasradioreflejos.com.ar\/2021\/wp-json\/wp\/v2\/tags?post=113831"}],"curies":[{"name":"wp","href":"https:\/\/api.w.org\/{rel}","templated":true}]}}