{"id":113827,"date":"2025-03-11T07:40:28","date_gmt":"2025-03-11T10:40:28","guid":{"rendered":"https:\/\/www.noticiasradioreflejos.com.ar\/2021\/?p=113827"},"modified":"2025-03-11T07:42:20","modified_gmt":"2025-03-11T10:42:20","slug":"el-gobierno-oficializo-el-dnu-con-un-nuevo-acuerdo-con-el-fmi-para-cancelar-deuda-con-el-banco-central","status":"publish","type":"post","link":"https:\/\/www.noticiasradioreflejos.com.ar\/2021\/el-gobierno-oficializo-el-dnu-con-un-nuevo-acuerdo-con-el-fmi-para-cancelar-deuda-con-el-banco-central\/","title":{"rendered":"El Gobierno oficializ\u00f3 el DNU con un nuevo acuerdo con el FMI para cancelar deuda con el Banco Central"},"content":{"rendered":"<p>El decreto establece un Programa de Facilidades Extendidas con un plazo de 10 a\u00f1os y un per\u00edodo de gracia de 4 a\u00f1os y medio. Los fondos ser\u00e1n utilizados para saldar compromisos con el BCRA y el organismo internacional.<!--more--><\/p>\n<div class=\"columns\" data-tadevel-template=\"web\/article-columns\">\n<div class=\"column-main\">\n<div class=\"article-body\" data-tadevel-template=\"web\/article-body\">\n<div class=\"article-body-content\">\n<p>El presidente\u00a0<a href=\"https:\/\/noticiasargentinas.com\/javier-milei_t65552d79207c69788b5733a8\">Javier Milei<\/a>\u00a0fiem\u00f3 un\u00a0<strong>Decreto de Necesidad y Urgencia (DNU) 179\/2025<\/strong>\u00a0que establece un nuevo\u00a0<strong>Programa de Facilidades Extendidas con el Fondo Monetario Internacional (FMI)<\/strong>. La medida, publicada este lunes en el Bolet\u00edn Oficial, tiene como objetivo\u00a0<strong>cancelar parte de la deuda que el Tesoro mantiene con el Banco Central de la Rep\u00fablica Argentina (BCRA)<\/strong>\u00a0y afrontar vencimientos de cr\u00e9ditos tomados con el organismo internacional en el marco del acuerdo firmado en 2022.<\/p>\n<h4><strong>Los puntos clave del DNU<\/strong><\/h4>\n<p>Seg\u00fan el art\u00edculo 1\u00b0 del decreto, las operaciones de cr\u00e9dito p\u00fablico aprobadas bajo este programa tendr\u00e1n\u00a0<strong>un plazo de amortizaci\u00f3n de 10 a\u00f1os, con un per\u00edodo de gracia de 4 a\u00f1os y 6 meses<\/strong>. Los fondos obtenidos se destinar\u00e1n exclusivamente a:<\/p>\n<ul>\n<li>Cancelar letras intransferibles en d\u00f3lares en poder del BCRA, comenzando por los vencimientos m\u00e1s pr\u00f3ximos.<\/li>\n<li>Cubrir pagos de deuda correspondientes al acuerdo firmado con el FMI en 2022.<\/li>\n<\/ul>\n<p>El Gobierno justific\u00f3 la urgencia del decreto argumentando que es necesario\u00a0<strong>fortalecer la posici\u00f3n financiera del Banco Central<\/strong>, garantizar la\u00a0<strong>estabilidad macroecon\u00f3mica<\/strong>, reducir las restricciones cambiarias y continuar con la pol\u00edtica de disminuci\u00f3n de la inflaci\u00f3n.<\/p>\n<h4><strong>Las razones detr\u00e1s de la medida<\/strong><\/h4>\n<p>El Ejecutivo se\u00f1al\u00f3 que al asumir el gobierno en diciembre de 2023, el pa\u00eds enfrentaba\u00a0<strong>un cuadro cr\u00edtico de estanflaci\u00f3n, sin acceso al financiamiento externo y con reservas internacionales netas negativas de USD 11.200 millones<\/strong>.<\/p>\n<p>Desde entonces, la administraci\u00f3n de Javier Milei implement\u00f3\u00a0<strong>un fuerte ajuste fiscal y una pol\u00edtica de estabilizaci\u00f3n econ\u00f3mica<\/strong>, logrando reducir la inflaci\u00f3n mensual del\u00a0<strong>211,4% interanual en diciembre de 2023<\/strong>\u00a0al\u00a0<strong>2,2% en enero de 2025<\/strong>. Asimismo, destacaron que\u00a0<strong>la pobreza se redujo del 54,8% al 38,9% en el primer a\u00f1o de gesti\u00f3n<\/strong>.<\/p>\n<p>El decreto tambi\u00e9n menciona que\u00a0<strong>las reservas internacionales del Banco Central aumentaron en m\u00e1s de USD 7.000 millones<\/strong>\u00a0desde el inicio de la nueva gesti\u00f3n, aunque sigue siendo necesario sanear su balance para garantizar una mayor estabilidad financiera.<\/p>\n<h4><strong>Facultades del Poder Ejecutivo<\/strong><\/h4>\n<p>El DNU establece que el Gobierno nacional suscribir\u00e1 los instrumentos necesarios para cumplir con la medida y podr\u00e1 delegar la ejecuci\u00f3n del programa en el\u00a0<strong>Ministerio de Econom\u00eda<\/strong>, liderado por Luis Caputo.<\/p>\n<p>La decisi\u00f3n ya fue remitida a la\u00a0<strong>Comisi\u00f3n Bicameral Permanente del Congreso<\/strong>, que deber\u00e1 evaluar su validez.<\/p>\n<p>Este nuevo acuerdo con el FMI busca consolidar la estrategia del Gobierno para\u00a0<strong>despejar vencimientos de corto plazo, estabilizar la econom\u00eda y fortalecer la posici\u00f3n del Banco Central<\/strong>, en un contexto donde a\u00fan persisten desaf\u00edos macroecon\u00f3micos y financieros.<\/p>\n<p>&nbsp;<\/p>\n<\/div>\n<\/div>\n<p><em><strong>Fuente NA<\/strong><\/em><\/p>\n<\/div>\n<\/div>\n","protected":false},"excerpt":{"rendered":"<p>El decreto establece un Programa de Facilidades Extendidas con un plazo de 10 a\u00f1os y un per\u00edodo de gracia de 4 a\u00f1os y medio. Los fondos ser\u00e1n utilizados para saldar compromisos con el BCRA y el organismo internacional.<\/p>\n","protected":false},"author":3,"featured_media":99765,"comment_status":"closed","ping_status":"closed","sticky":false,"template":"","format":"standard","meta":{"footnotes":""},"categories":[58],"tags":[],"class_list":["post-113827","post","type-post","status-publish","format-standard","has-post-thumbnail","hentry","category-gobierno"],"yoast_head":"<!-- This site is optimized with the Yoast SEO plugin v25.9 - https:\/\/yoast.com\/wordpress\/plugins\/seo\/ -->\n<title>El Gobierno oficializ\u00f3 el DNU con un nuevo acuerdo con el FMI para cancelar deuda con el Banco Central - Noticias Radio Reflejos<\/title>\n<meta name=\"robots\" content=\"index, follow, max-snippet:-1, max-image-preview:large, max-video-preview:-1\" \/>\n<link rel=\"canonical\" href=\"https:\/\/www.noticiasradioreflejos.com.ar\/2021\/el-gobierno-oficializo-el-dnu-con-un-nuevo-acuerdo-con-el-fmi-para-cancelar-deuda-con-el-banco-central\/\" \/>\n<meta property=\"og:locale\" content=\"es_ES\" \/>\n<meta property=\"og:type\" content=\"article\" \/>\n<meta property=\"og:title\" content=\"El Gobierno oficializ\u00f3 el DNU con un nuevo acuerdo con el FMI para cancelar deuda con el Banco Central - Noticias Radio Reflejos\" \/>\n<meta property=\"og:description\" content=\"El decreto establece un Programa de Facilidades Extendidas con un plazo de 10 a\u00f1os y un per\u00edodo de gracia de 4 a\u00f1os y medio. Los fondos ser\u00e1n utilizados para saldar compromisos con el BCRA y el organismo internacional.\" \/>\n<meta property=\"og:url\" content=\"https:\/\/www.noticiasradioreflejos.com.ar\/2021\/el-gobierno-oficializo-el-dnu-con-un-nuevo-acuerdo-con-el-fmi-para-cancelar-deuda-con-el-banco-central\/\" \/>\n<meta property=\"og:site_name\" content=\"Noticias Radio Reflejos\" \/>\n<meta property=\"article:published_time\" content=\"2025-03-11T10:40:28+00:00\" \/>\n<meta property=\"article:modified_time\" content=\"2025-03-11T10:42:20+00:00\" \/>\n<meta property=\"og:image\" content=\"https:\/\/www.noticiasradioreflejos.com.ar\/2021\/wp-content\/uploads\/2024\/03\/FMI.jpg\" \/>\n\t<meta property=\"og:image:width\" content=\"1024\" \/>\n\t<meta property=\"og:image:height\" content=\"554\" \/>\n\t<meta property=\"og:image:type\" content=\"image\/jpeg\" \/>\n<meta name=\"author\" content=\"Arnaldo Botto\" \/>\n<meta name=\"twitter:card\" content=\"summary_large_image\" \/>\n<script type=\"application\/ld+json\" class=\"yoast-schema-graph\">{\"@context\":\"https:\/\/schema.org\",\"@graph\":[{\"@type\":\"WebPage\",\"@id\":\"https:\/\/www.noticiasradioreflejos.com.ar\/2021\/el-gobierno-oficializo-el-dnu-con-un-nuevo-acuerdo-con-el-fmi-para-cancelar-deuda-con-el-banco-central\/\",\"url\":\"https:\/\/www.noticiasradioreflejos.com.ar\/2021\/el-gobierno-oficializo-el-dnu-con-un-nuevo-acuerdo-con-el-fmi-para-cancelar-deuda-con-el-banco-central\/\",\"name\":\"El Gobierno oficializ\u00f3 el DNU con un nuevo acuerdo con el FMI para cancelar deuda con el Banco Central - Noticias Radio Reflejos\",\"isPartOf\":{\"@id\":\"https:\/\/www.noticiasradioreflejos.com.ar\/2021\/#website\"},\"primaryImageOfPage\":{\"@id\":\"https:\/\/www.noticiasradioreflejos.com.ar\/2021\/el-gobierno-oficializo-el-dnu-con-un-nuevo-acuerdo-con-el-fmi-para-cancelar-deuda-con-el-banco-central\/#primaryimage\"},\"image\":{\"@id\":\"https:\/\/www.noticiasradioreflejos.com.ar\/2021\/el-gobierno-oficializo-el-dnu-con-un-nuevo-acuerdo-con-el-fmi-para-cancelar-deuda-con-el-banco-central\/#primaryimage\"},\"thumbnailUrl\":\"https:\/\/www.noticiasradioreflejos.com.ar\/2021\/wp-content\/uploads\/2024\/03\/FMI.jpg\",\"datePublished\":\"2025-03-11T10:40:28+00:00\",\"dateModified\":\"2025-03-11T10:42:20+00:00\",\"author\":{\"@id\":\"https:\/\/www.noticiasradioreflejos.com.ar\/2021\/#\/schema\/person\/ad82545263dcc5ec0996818884fd5fb1\"},\"breadcrumb\":{\"@id\":\"https:\/\/www.noticiasradioreflejos.com.ar\/2021\/el-gobierno-oficializo-el-dnu-con-un-nuevo-acuerdo-con-el-fmi-para-cancelar-deuda-con-el-banco-central\/#breadcrumb\"},\"inLanguage\":\"es\",\"potentialAction\":[{\"@type\":\"ReadAction\",\"target\":[\"https:\/\/www.noticiasradioreflejos.com.ar\/2021\/el-gobierno-oficializo-el-dnu-con-un-nuevo-acuerdo-con-el-fmi-para-cancelar-deuda-con-el-banco-central\/\"]}]},{\"@type\":\"ImageObject\",\"inLanguage\":\"es\",\"@id\":\"https:\/\/www.noticiasradioreflejos.com.ar\/2021\/el-gobierno-oficializo-el-dnu-con-un-nuevo-acuerdo-con-el-fmi-para-cancelar-deuda-con-el-banco-central\/#primaryimage\",\"url\":\"https:\/\/www.noticiasradioreflejos.com.ar\/2021\/wp-content\/uploads\/2024\/03\/FMI.jpg\",\"contentUrl\":\"https:\/\/www.noticiasradioreflejos.com.ar\/2021\/wp-content\/uploads\/2024\/03\/FMI.jpg\",\"width\":1024,\"height\":554},{\"@type\":\"BreadcrumbList\",\"@id\":\"https:\/\/www.noticiasradioreflejos.com.ar\/2021\/el-gobierno-oficializo-el-dnu-con-un-nuevo-acuerdo-con-el-fmi-para-cancelar-deuda-con-el-banco-central\/#breadcrumb\",\"itemListElement\":[{\"@type\":\"ListItem\",\"position\":1,\"name\":\"Portada\",\"item\":\"https:\/\/www.noticiasradioreflejos.com.ar\/2021\/\"},{\"@type\":\"ListItem\",\"position\":2,\"name\":\"El Gobierno oficializ\u00f3 el DNU con un nuevo acuerdo con el FMI para cancelar deuda con el Banco Central\"}]},{\"@type\":\"WebSite\",\"@id\":\"https:\/\/www.noticiasradioreflejos.com.ar\/2021\/#website\",\"url\":\"https:\/\/www.noticiasradioreflejos.com.ar\/2021\/\",\"name\":\"Noticias Radio Reflejos\",\"description\":\"Las noticias de mi comarca\",\"potentialAction\":[{\"@type\":\"SearchAction\",\"target\":{\"@type\":\"EntryPoint\",\"urlTemplate\":\"https:\/\/www.noticiasradioreflejos.com.ar\/2021\/?s={search_term_string}\"},\"query-input\":{\"@type\":\"PropertyValueSpecification\",\"valueRequired\":true,\"valueName\":\"search_term_string\"}}],\"inLanguage\":\"es\"},{\"@type\":\"Person\",\"@id\":\"https:\/\/www.noticiasradioreflejos.com.ar\/2021\/#\/schema\/person\/ad82545263dcc5ec0996818884fd5fb1\",\"name\":\"Arnaldo Botto\",\"image\":{\"@type\":\"ImageObject\",\"inLanguage\":\"es\",\"@id\":\"https:\/\/www.noticiasradioreflejos.com.ar\/2021\/#\/schema\/person\/image\/\",\"url\":\"https:\/\/secure.gravatar.com\/avatar\/55cb5e37c1efa326397366e6974cb338056df65cb50e7d64d1cf314e87504837?s=96&d=mm&r=g\",\"contentUrl\":\"https:\/\/secure.gravatar.com\/avatar\/55cb5e37c1efa326397366e6974cb338056df65cb50e7d64d1cf314e87504837?s=96&d=mm&r=g\",\"caption\":\"Arnaldo Botto\"},\"url\":\"https:\/\/www.noticiasradioreflejos.com.ar\/2021\/author\/arnaldo\/\"}]}<\/script>\n<!-- \/ Yoast SEO plugin. -->","yoast_head_json":{"title":"El Gobierno oficializ\u00f3 el DNU con un nuevo acuerdo con el FMI para cancelar deuda con el Banco Central - Noticias Radio Reflejos","robots":{"index":"index","follow":"follow","max-snippet":"max-snippet:-1","max-image-preview":"max-image-preview:large","max-video-preview":"max-video-preview:-1"},"canonical":"https:\/\/www.noticiasradioreflejos.com.ar\/2021\/el-gobierno-oficializo-el-dnu-con-un-nuevo-acuerdo-con-el-fmi-para-cancelar-deuda-con-el-banco-central\/","og_locale":"es_ES","og_type":"article","og_title":"El Gobierno oficializ\u00f3 el DNU con un nuevo acuerdo con el FMI para cancelar deuda con el Banco Central - Noticias Radio Reflejos","og_description":"El decreto establece un Programa de Facilidades Extendidas con un plazo de 10 a\u00f1os y un per\u00edodo de gracia de 4 a\u00f1os y medio. Los fondos ser\u00e1n utilizados para saldar compromisos con el BCRA y el organismo internacional.","og_url":"https:\/\/www.noticiasradioreflejos.com.ar\/2021\/el-gobierno-oficializo-el-dnu-con-un-nuevo-acuerdo-con-el-fmi-para-cancelar-deuda-con-el-banco-central\/","og_site_name":"Noticias Radio Reflejos","article_published_time":"2025-03-11T10:40:28+00:00","article_modified_time":"2025-03-11T10:42:20+00:00","og_image":[{"width":1024,"height":554,"url":"https:\/\/www.noticiasradioreflejos.com.ar\/2021\/wp-content\/uploads\/2024\/03\/FMI.jpg","type":"image\/jpeg"}],"author":"Arnaldo Botto","twitter_card":"summary_large_image","schema":{"@context":"https:\/\/schema.org","@graph":[{"@type":"WebPage","@id":"https:\/\/www.noticiasradioreflejos.com.ar\/2021\/el-gobierno-oficializo-el-dnu-con-un-nuevo-acuerdo-con-el-fmi-para-cancelar-deuda-con-el-banco-central\/","url":"https:\/\/www.noticiasradioreflejos.com.ar\/2021\/el-gobierno-oficializo-el-dnu-con-un-nuevo-acuerdo-con-el-fmi-para-cancelar-deuda-con-el-banco-central\/","name":"El Gobierno oficializ\u00f3 el DNU con un nuevo acuerdo con el FMI para cancelar deuda con el Banco Central - Noticias Radio Reflejos","isPartOf":{"@id":"https:\/\/www.noticiasradioreflejos.com.ar\/2021\/#website"},"primaryImageOfPage":{"@id":"https:\/\/www.noticiasradioreflejos.com.ar\/2021\/el-gobierno-oficializo-el-dnu-con-un-nuevo-acuerdo-con-el-fmi-para-cancelar-deuda-con-el-banco-central\/#primaryimage"},"image":{"@id":"https:\/\/www.noticiasradioreflejos.com.ar\/2021\/el-gobierno-oficializo-el-dnu-con-un-nuevo-acuerdo-con-el-fmi-para-cancelar-deuda-con-el-banco-central\/#primaryimage"},"thumbnailUrl":"https:\/\/www.noticiasradioreflejos.com.ar\/2021\/wp-content\/uploads\/2024\/03\/FMI.jpg","datePublished":"2025-03-11T10:40:28+00:00","dateModified":"2025-03-11T10:42:20+00:00","author":{"@id":"https:\/\/www.noticiasradioreflejos.com.ar\/2021\/#\/schema\/person\/ad82545263dcc5ec0996818884fd5fb1"},"breadcrumb":{"@id":"https:\/\/www.noticiasradioreflejos.com.ar\/2021\/el-gobierno-oficializo-el-dnu-con-un-nuevo-acuerdo-con-el-fmi-para-cancelar-deuda-con-el-banco-central\/#breadcrumb"},"inLanguage":"es","potentialAction":[{"@type":"ReadAction","target":["https:\/\/www.noticiasradioreflejos.com.ar\/2021\/el-gobierno-oficializo-el-dnu-con-un-nuevo-acuerdo-con-el-fmi-para-cancelar-deuda-con-el-banco-central\/"]}]},{"@type":"ImageObject","inLanguage":"es","@id":"https:\/\/www.noticiasradioreflejos.com.ar\/2021\/el-gobierno-oficializo-el-dnu-con-un-nuevo-acuerdo-con-el-fmi-para-cancelar-deuda-con-el-banco-central\/#primaryimage","url":"https:\/\/www.noticiasradioreflejos.com.ar\/2021\/wp-content\/uploads\/2024\/03\/FMI.jpg","contentUrl":"https:\/\/www.noticiasradioreflejos.com.ar\/2021\/wp-content\/uploads\/2024\/03\/FMI.jpg","width":1024,"height":554},{"@type":"BreadcrumbList","@id":"https:\/\/www.noticiasradioreflejos.com.ar\/2021\/el-gobierno-oficializo-el-dnu-con-un-nuevo-acuerdo-con-el-fmi-para-cancelar-deuda-con-el-banco-central\/#breadcrumb","itemListElement":[{"@type":"ListItem","position":1,"name":"Portada","item":"https:\/\/www.noticiasradioreflejos.com.ar\/2021\/"},{"@type":"ListItem","position":2,"name":"El Gobierno oficializ\u00f3 el DNU con un nuevo acuerdo con el FMI para cancelar deuda con el Banco Central"}]},{"@type":"WebSite","@id":"https:\/\/www.noticiasradioreflejos.com.ar\/2021\/#website","url":"https:\/\/www.noticiasradioreflejos.com.ar\/2021\/","name":"Noticias Radio Reflejos","description":"Las noticias de mi comarca","potentialAction":[{"@type":"SearchAction","target":{"@type":"EntryPoint","urlTemplate":"https:\/\/www.noticiasradioreflejos.com.ar\/2021\/?s={search_term_string}"},"query-input":{"@type":"PropertyValueSpecification","valueRequired":true,"valueName":"search_term_string"}}],"inLanguage":"es"},{"@type":"Person","@id":"https:\/\/www.noticiasradioreflejos.com.ar\/2021\/#\/schema\/person\/ad82545263dcc5ec0996818884fd5fb1","name":"Arnaldo Botto","image":{"@type":"ImageObject","inLanguage":"es","@id":"https:\/\/www.noticiasradioreflejos.com.ar\/2021\/#\/schema\/person\/image\/","url":"https:\/\/secure.gravatar.com\/avatar\/55cb5e37c1efa326397366e6974cb338056df65cb50e7d64d1cf314e87504837?s=96&d=mm&r=g","contentUrl":"https:\/\/secure.gravatar.com\/avatar\/55cb5e37c1efa326397366e6974cb338056df65cb50e7d64d1cf314e87504837?s=96&d=mm&r=g","caption":"Arnaldo Botto"},"url":"https:\/\/www.noticiasradioreflejos.com.ar\/2021\/author\/arnaldo\/"}]}},"_links":{"self":[{"href":"https:\/\/www.noticiasradioreflejos.com.ar\/2021\/wp-json\/wp\/v2\/posts\/113827","targetHints":{"allow":["GET"]}}],"collection":[{"href":"https:\/\/www.noticiasradioreflejos.com.ar\/2021\/wp-json\/wp\/v2\/posts"}],"about":[{"href":"https:\/\/www.noticiasradioreflejos.com.ar\/2021\/wp-json\/wp\/v2\/types\/post"}],"author":[{"embeddable":true,"href":"https:\/\/www.noticiasradioreflejos.com.ar\/2021\/wp-json\/wp\/v2\/users\/3"}],"replies":[{"embeddable":true,"href":"https:\/\/www.noticiasradioreflejos.com.ar\/2021\/wp-json\/wp\/v2\/comments?post=113827"}],"version-history":[{"count":3,"href":"https:\/\/www.noticiasradioreflejos.com.ar\/2021\/wp-json\/wp\/v2\/posts\/113827\/revisions"}],"predecessor-version":[{"id":113830,"href":"https:\/\/www.noticiasradioreflejos.com.ar\/2021\/wp-json\/wp\/v2\/posts\/113827\/revisions\/113830"}],"wp:featuredmedia":[{"embeddable":true,"href":"https:\/\/www.noticiasradioreflejos.com.ar\/2021\/wp-json\/wp\/v2\/media\/99765"}],"wp:attachment":[{"href":"https:\/\/www.noticiasradioreflejos.com.ar\/2021\/wp-json\/wp\/v2\/media?parent=113827"}],"wp:term":[{"taxonomy":"category","embeddable":true,"href":"https:\/\/www.noticiasradioreflejos.com.ar\/2021\/wp-json\/wp\/v2\/categories?post=113827"},{"taxonomy":"post_tag","embeddable":true,"href":"https:\/\/www.noticiasradioreflejos.com.ar\/2021\/wp-json\/wp\/v2\/tags?post=113827"}],"curies":[{"name":"wp","href":"https:\/\/api.w.org\/{rel}","templated":true}]}}