{"id":11381,"date":"2017-06-19T08:46:52","date_gmt":"2017-06-19T11:46:52","guid":{"rendered":"http:\/\/www.noticiasradioreflejos.com.ar\/noticias\/?p=11381"},"modified":"2017-06-19T08:46:52","modified_gmt":"2017-06-19T11:46:52","slug":"se-abre-la-pre-inscripcion-para-la-guarderia-municipal-de-tornquist","status":"publish","type":"post","link":"https:\/\/www.noticiasradioreflejos.com.ar\/2021\/se-abre-la-pre-inscripcion-para-la-guarderia-municipal-de-tornquist\/","title":{"rendered":"Se abre la Pre Inscripci\u00f3n para la Guarder\u00eda Municipal de Tornquist"},"content":{"rendered":"<p><u><\/u>La Municipalidad de Tornquist comunica que desde el d\u00eda Lunes 19 y hasta el d\u00eda Viernes 30 de junio inclusive, del corriente a\u00f1o, en el horario de 8:30 a 14 hs, estar\u00e1 abierta la pre inscripci\u00f3n a la Guarder\u00eda\u00a0 Municipal. La misma se realizar\u00e1 en la sede de la Secretar\u00eda de Acci\u00f3n Social, calle Av. \u00a0Moreno n\u00ba\u00a0 11.<!--more--><\/p>\n<ul>\n<li>Destinatarios: ni\u00f1os y ni\u00f1as entre 45 d\u00edas y 2 a\u00f1os ( nacidos a partir del 1 de julio de 2015)<\/li>\n<\/ul>\n<p><strong><u>DOCUMENTACI\u00d3N A PRESENTAR:<\/u><\/strong><\/p>\n<ul>\n<li>Fotocopia DNI madre, padre y\/o tutor responsable y del\u00a0 ni\u00f1o\/a<\/li>\n<li>Fotocopia Partida de nacimiento del ni\u00f1o\/a<\/li>\n<li>Fotocopia Libreta sanitaria del ni\u00f1o\/a<\/li>\n<\/ul>\n<p><strong><u>CRITERIOS PARA LA SELECCI\u00d3N:<\/u><\/strong><br \/>\nUna vez cerrada la pre inscripci\u00f3n se realizara una selecci\u00f3n de los aspirantes, para llevar adelante dicha selecci\u00f3n de los ni\u00f1os que acceder\u00e1n al servicio en la Guarder\u00eda Municipal se tomar\u00e1n en cuenta el estudio socio econ\u00f3mico que se le realizar\u00e1 en el hogar como as\u00ed tambi\u00e9n las condiciones laborales y razones de estudio de los padres del menor.<\/p>\n","protected":false},"excerpt":{"rendered":"<p>La Municipalidad de Tornquist comunica que desde el d\u00eda Lunes 19 y hasta el d\u00eda Viernes 30 de junio inclusive, del corriente a\u00f1o, en el horario de 8:30 a 14 hs, estar\u00e1 abierta la pre inscripci\u00f3n a la Guarder\u00eda\u00a0 Municipal. La misma se realizar\u00e1 en la sede de la Secretar\u00eda de Acci\u00f3n Social, calle Av. [&hellip;]<\/p>\n","protected":false},"author":3,"featured_media":0,"comment_status":"closed","ping_status":"open","sticky":false,"template":"","format":"standard","meta":{"footnotes":""},"categories":[28],"tags":[],"class_list":["post-11381","post","type-post","status-publish","format-standard","hentry","category-municipales"],"yoast_head":"<!-- This site is optimized with the Yoast SEO plugin v25.9 - https:\/\/yoast.com\/wordpress\/plugins\/seo\/ -->\n<title>Se abre la Pre Inscripci\u00f3n para la Guarder\u00eda Municipal de Tornquist - Noticias Radio Reflejos<\/title>\n<meta name=\"robots\" content=\"index, follow, max-snippet:-1, max-image-preview:large, max-video-preview:-1\" \/>\n<link rel=\"canonical\" href=\"https:\/\/www.noticiasradioreflejos.com.ar\/2021\/se-abre-la-pre-inscripcion-para-la-guarderia-municipal-de-tornquist\/\" \/>\n<meta property=\"og:locale\" content=\"es_ES\" \/>\n<meta property=\"og:type\" content=\"article\" \/>\n<meta property=\"og:title\" content=\"Se abre la Pre Inscripci\u00f3n para la Guarder\u00eda Municipal de Tornquist - Noticias Radio Reflejos\" \/>\n<meta property=\"og:description\" content=\"La Municipalidad de Tornquist comunica que desde el d\u00eda Lunes 19 y hasta el d\u00eda Viernes 30 de junio inclusive, del corriente a\u00f1o, en el horario de 8:30 a 14 hs, estar\u00e1 abierta la pre inscripci\u00f3n a la Guarder\u00eda\u00a0 Municipal. La misma se realizar\u00e1 en la sede de la Secretar\u00eda de Acci\u00f3n Social, calle Av. [&hellip;]\" \/>\n<meta property=\"og:url\" content=\"https:\/\/www.noticiasradioreflejos.com.ar\/2021\/se-abre-la-pre-inscripcion-para-la-guarderia-municipal-de-tornquist\/\" \/>\n<meta property=\"og:site_name\" content=\"Noticias Radio Reflejos\" \/>\n<meta property=\"article:published_time\" content=\"2017-06-19T11:46:52+00:00\" \/>\n<meta property=\"og:image\" content=\"https:\/\/www.noticiasradioreflejos.com.ar\/2021\/wp-content\/uploads\/2021\/07\/logosol300x200.png\" \/>\n\t<meta property=\"og:image:width\" content=\"300\" \/>\n\t<meta property=\"og:image:height\" content=\"200\" \/>\n\t<meta property=\"og:image:type\" content=\"image\/png\" \/>\n<meta name=\"author\" content=\"Arnaldo Botto\" \/>\n<meta name=\"twitter:card\" content=\"summary_large_image\" \/>\n<script type=\"application\/ld+json\" class=\"yoast-schema-graph\">{\"@context\":\"https:\/\/schema.org\",\"@graph\":[{\"@type\":\"WebPage\",\"@id\":\"https:\/\/www.noticiasradioreflejos.com.ar\/2021\/se-abre-la-pre-inscripcion-para-la-guarderia-municipal-de-tornquist\/\",\"url\":\"https:\/\/www.noticiasradioreflejos.com.ar\/2021\/se-abre-la-pre-inscripcion-para-la-guarderia-municipal-de-tornquist\/\",\"name\":\"Se abre la Pre Inscripci\u00f3n para la Guarder\u00eda Municipal de Tornquist - Noticias Radio Reflejos\",\"isPartOf\":{\"@id\":\"https:\/\/www.noticiasradioreflejos.com.ar\/2021\/#website\"},\"datePublished\":\"2017-06-19T11:46:52+00:00\",\"author\":{\"@id\":\"https:\/\/www.noticiasradioreflejos.com.ar\/2021\/#\/schema\/person\/ad82545263dcc5ec0996818884fd5fb1\"},\"breadcrumb\":{\"@id\":\"https:\/\/www.noticiasradioreflejos.com.ar\/2021\/se-abre-la-pre-inscripcion-para-la-guarderia-municipal-de-tornquist\/#breadcrumb\"},\"inLanguage\":\"es\",\"potentialAction\":[{\"@type\":\"ReadAction\",\"target\":[\"https:\/\/www.noticiasradioreflejos.com.ar\/2021\/se-abre-la-pre-inscripcion-para-la-guarderia-municipal-de-tornquist\/\"]}]},{\"@type\":\"BreadcrumbList\",\"@id\":\"https:\/\/www.noticiasradioreflejos.com.ar\/2021\/se-abre-la-pre-inscripcion-para-la-guarderia-municipal-de-tornquist\/#breadcrumb\",\"itemListElement\":[{\"@type\":\"ListItem\",\"position\":1,\"name\":\"Portada\",\"item\":\"https:\/\/www.noticiasradioreflejos.com.ar\/2021\/\"},{\"@type\":\"ListItem\",\"position\":2,\"name\":\"Se abre la Pre Inscripci\u00f3n para la Guarder\u00eda Municipal de Tornquist\"}]},{\"@type\":\"WebSite\",\"@id\":\"https:\/\/www.noticiasradioreflejos.com.ar\/2021\/#website\",\"url\":\"https:\/\/www.noticiasradioreflejos.com.ar\/2021\/\",\"name\":\"Noticias Radio Reflejos\",\"description\":\"Las noticias de mi comarca\",\"potentialAction\":[{\"@type\":\"SearchAction\",\"target\":{\"@type\":\"EntryPoint\",\"urlTemplate\":\"https:\/\/www.noticiasradioreflejos.com.ar\/2021\/?s={search_term_string}\"},\"query-input\":{\"@type\":\"PropertyValueSpecification\",\"valueRequired\":true,\"valueName\":\"search_term_string\"}}],\"inLanguage\":\"es\"},{\"@type\":\"Person\",\"@id\":\"https:\/\/www.noticiasradioreflejos.com.ar\/2021\/#\/schema\/person\/ad82545263dcc5ec0996818884fd5fb1\",\"name\":\"Arnaldo Botto\",\"image\":{\"@type\":\"ImageObject\",\"inLanguage\":\"es\",\"@id\":\"https:\/\/www.noticiasradioreflejos.com.ar\/2021\/#\/schema\/person\/image\/\",\"url\":\"https:\/\/secure.gravatar.com\/avatar\/55cb5e37c1efa326397366e6974cb338056df65cb50e7d64d1cf314e87504837?s=96&d=mm&r=g\",\"contentUrl\":\"https:\/\/secure.gravatar.com\/avatar\/55cb5e37c1efa326397366e6974cb338056df65cb50e7d64d1cf314e87504837?s=96&d=mm&r=g\",\"caption\":\"Arnaldo Botto\"},\"url\":\"https:\/\/www.noticiasradioreflejos.com.ar\/2021\/author\/arnaldo\/\"}]}<\/script>\n<!-- \/ Yoast SEO plugin. -->","yoast_head_json":{"title":"Se abre la Pre Inscripci\u00f3n para la Guarder\u00eda Municipal de Tornquist - Noticias Radio Reflejos","robots":{"index":"index","follow":"follow","max-snippet":"max-snippet:-1","max-image-preview":"max-image-preview:large","max-video-preview":"max-video-preview:-1"},"canonical":"https:\/\/www.noticiasradioreflejos.com.ar\/2021\/se-abre-la-pre-inscripcion-para-la-guarderia-municipal-de-tornquist\/","og_locale":"es_ES","og_type":"article","og_title":"Se abre la Pre Inscripci\u00f3n para la Guarder\u00eda Municipal de Tornquist - Noticias Radio Reflejos","og_description":"La Municipalidad de Tornquist comunica que desde el d\u00eda Lunes 19 y hasta el d\u00eda Viernes 30 de junio inclusive, del corriente a\u00f1o, en el horario de 8:30 a 14 hs, estar\u00e1 abierta la pre inscripci\u00f3n a la Guarder\u00eda\u00a0 Municipal. La misma se realizar\u00e1 en la sede de la Secretar\u00eda de Acci\u00f3n Social, calle Av. [&hellip;]","og_url":"https:\/\/www.noticiasradioreflejos.com.ar\/2021\/se-abre-la-pre-inscripcion-para-la-guarderia-municipal-de-tornquist\/","og_site_name":"Noticias Radio Reflejos","article_published_time":"2017-06-19T11:46:52+00:00","og_image":[{"width":300,"height":200,"url":"https:\/\/www.noticiasradioreflejos.com.ar\/2021\/wp-content\/uploads\/2021\/07\/logosol300x200.png","type":"image\/png"}],"author":"Arnaldo Botto","twitter_card":"summary_large_image","schema":{"@context":"https:\/\/schema.org","@graph":[{"@type":"WebPage","@id":"https:\/\/www.noticiasradioreflejos.com.ar\/2021\/se-abre-la-pre-inscripcion-para-la-guarderia-municipal-de-tornquist\/","url":"https:\/\/www.noticiasradioreflejos.com.ar\/2021\/se-abre-la-pre-inscripcion-para-la-guarderia-municipal-de-tornquist\/","name":"Se abre la Pre Inscripci\u00f3n para la Guarder\u00eda Municipal de Tornquist - Noticias Radio Reflejos","isPartOf":{"@id":"https:\/\/www.noticiasradioreflejos.com.ar\/2021\/#website"},"datePublished":"2017-06-19T11:46:52+00:00","author":{"@id":"https:\/\/www.noticiasradioreflejos.com.ar\/2021\/#\/schema\/person\/ad82545263dcc5ec0996818884fd5fb1"},"breadcrumb":{"@id":"https:\/\/www.noticiasradioreflejos.com.ar\/2021\/se-abre-la-pre-inscripcion-para-la-guarderia-municipal-de-tornquist\/#breadcrumb"},"inLanguage":"es","potentialAction":[{"@type":"ReadAction","target":["https:\/\/www.noticiasradioreflejos.com.ar\/2021\/se-abre-la-pre-inscripcion-para-la-guarderia-municipal-de-tornquist\/"]}]},{"@type":"BreadcrumbList","@id":"https:\/\/www.noticiasradioreflejos.com.ar\/2021\/se-abre-la-pre-inscripcion-para-la-guarderia-municipal-de-tornquist\/#breadcrumb","itemListElement":[{"@type":"ListItem","position":1,"name":"Portada","item":"https:\/\/www.noticiasradioreflejos.com.ar\/2021\/"},{"@type":"ListItem","position":2,"name":"Se abre la Pre Inscripci\u00f3n para la Guarder\u00eda Municipal de Tornquist"}]},{"@type":"WebSite","@id":"https:\/\/www.noticiasradioreflejos.com.ar\/2021\/#website","url":"https:\/\/www.noticiasradioreflejos.com.ar\/2021\/","name":"Noticias Radio Reflejos","description":"Las noticias de mi comarca","potentialAction":[{"@type":"SearchAction","target":{"@type":"EntryPoint","urlTemplate":"https:\/\/www.noticiasradioreflejos.com.ar\/2021\/?s={search_term_string}"},"query-input":{"@type":"PropertyValueSpecification","valueRequired":true,"valueName":"search_term_string"}}],"inLanguage":"es"},{"@type":"Person","@id":"https:\/\/www.noticiasradioreflejos.com.ar\/2021\/#\/schema\/person\/ad82545263dcc5ec0996818884fd5fb1","name":"Arnaldo Botto","image":{"@type":"ImageObject","inLanguage":"es","@id":"https:\/\/www.noticiasradioreflejos.com.ar\/2021\/#\/schema\/person\/image\/","url":"https:\/\/secure.gravatar.com\/avatar\/55cb5e37c1efa326397366e6974cb338056df65cb50e7d64d1cf314e87504837?s=96&d=mm&r=g","contentUrl":"https:\/\/secure.gravatar.com\/avatar\/55cb5e37c1efa326397366e6974cb338056df65cb50e7d64d1cf314e87504837?s=96&d=mm&r=g","caption":"Arnaldo Botto"},"url":"https:\/\/www.noticiasradioreflejos.com.ar\/2021\/author\/arnaldo\/"}]}},"_links":{"self":[{"href":"https:\/\/www.noticiasradioreflejos.com.ar\/2021\/wp-json\/wp\/v2\/posts\/11381","targetHints":{"allow":["GET"]}}],"collection":[{"href":"https:\/\/www.noticiasradioreflejos.com.ar\/2021\/wp-json\/wp\/v2\/posts"}],"about":[{"href":"https:\/\/www.noticiasradioreflejos.com.ar\/2021\/wp-json\/wp\/v2\/types\/post"}],"author":[{"embeddable":true,"href":"https:\/\/www.noticiasradioreflejos.com.ar\/2021\/wp-json\/wp\/v2\/users\/3"}],"replies":[{"embeddable":true,"href":"https:\/\/www.noticiasradioreflejos.com.ar\/2021\/wp-json\/wp\/v2\/comments?post=11381"}],"version-history":[{"count":0,"href":"https:\/\/www.noticiasradioreflejos.com.ar\/2021\/wp-json\/wp\/v2\/posts\/11381\/revisions"}],"wp:attachment":[{"href":"https:\/\/www.noticiasradioreflejos.com.ar\/2021\/wp-json\/wp\/v2\/media?parent=11381"}],"wp:term":[{"taxonomy":"category","embeddable":true,"href":"https:\/\/www.noticiasradioreflejos.com.ar\/2021\/wp-json\/wp\/v2\/categories?post=11381"},{"taxonomy":"post_tag","embeddable":true,"href":"https:\/\/www.noticiasradioreflejos.com.ar\/2021\/wp-json\/wp\/v2\/tags?post=11381"}],"curies":[{"name":"wp","href":"https:\/\/api.w.org\/{rel}","templated":true}]}}