{"id":113806,"date":"2025-03-10T19:03:55","date_gmt":"2025-03-10T22:03:55","guid":{"rendered":"https:\/\/www.noticiasradioreflejos.com.ar\/2021\/?p=113806"},"modified":"2025-03-10T19:03:55","modified_gmt":"2025-03-10T22:03:55","slug":"la-salud-mental-ante-la-catastrofe-en-bahia-blanca-a-veces-es-muy-dificil-poner-un-parametro-de-como-se-repara","status":"publish","type":"post","link":"https:\/\/www.noticiasradioreflejos.com.ar\/2021\/la-salud-mental-ante-la-catastrofe-en-bahia-blanca-a-veces-es-muy-dificil-poner-un-parametro-de-como-se-repara\/","title":{"rendered":"La salud mental ante la cat\u00e1strofe en Bah\u00eda Blanca: \u00abA veces es muy dif\u00edcil poner un par\u00e1metro de c\u00f3mo se repara.\u00bb"},"content":{"rendered":"<p><strong>Diego Vel\u00e1zquez, Licenciado en Psicolog\u00eda, profesor universitario y miembro del Colegio de Psicoanalistas<\/strong>, explica sobre<strong><em> <a href=\"https:\/\/www.noticiasradioreflejos.com.ar\/2021\/radio-en-vivo\/\">FM Reflejos<\/a> <\/em><\/strong>sobre las consecuencias a nivel ps\u00edquico que traen las cat\u00e1strofes naturales y sociales como la inundaci\u00f3n de Bah\u00eda Blanca y la zona.<!--more--><\/p>\n<p>\u00abEstas son cat\u00e1strofes muy objetivas. En situaciones como estas, lo que impresiona es que tiene un car\u00e1cter universal. No hay manera que no sea traum\u00e1tico, de que a alguien no le afecte. Puede haber variaciones en el nivel de afectaci\u00f3n, pero es universal para todos los que est\u00e1n implicados en la situaci\u00f3n, esto es un golpe dur\u00edsimo\u00bb afirma el Licenciado sobre las inundaciones en Bah\u00eda Blanca y la zona.<\/p>\n<p>\u00abHay un nivel de dolor y de p\u00e9rdida que s\u00f3lo se puede ir amortiguando con el tiempo\u00bb se refiere a que poco se puede hacer luego de sufrir alguna situaci\u00f3n as\u00ed m\u00e1s que poder atender a la posterioridad a la salud mental, aunque menciona que lo positivo es que estas circunstancias activan din\u00e1micas de colaboraci\u00f3n y solidaridad entre todos los afectados.<\/p>\n<p>\u00abLas defensas en parte son necesarias, porque no se puede hacer otra cosa. El problema es cuando no queda nada de d\u00f3nde agarrarnos\u00bb menciona en referencia a aquellas personas que han tenido grandes p\u00e9rdidas econ\u00f3micas pero agradecen no haber perdido seres queridos, por ejemplo. Adem\u00e1s, en cuanto a la violencia que se experimenta en la ciudad, afirma: \u00abEn parte es l\u00f3gico, pero en parte ah\u00ed tiene que ver con las instituciones que puedan morigerar esto. Una situaci\u00f3n de estas desata la supervivencia ego\u00edsta y ni siquiera puede agarr\u00e1rselas con los verdaderos victimarios de esto, sino tambi\u00e9n con otras v\u00edctimas\u00bb.<\/p>\n<p>El Licenciado sugiere tratar de no juzgar a las personas en cuanto a sus reacciones ya que \u00abnadie sabe c\u00f3mo reaccionar\u00eda ante circunstancias as\u00ed, tan bruscas\u00bb.<\/p>\n<p>\u00abTiene que ver con el paso del tiempo y con los recursos ps\u00edquicos con los que contaba la persona ya antes, recursos para afrontar las adversidades de la vida\u00bb responde cuando se le consulta sobre si se pueden calcular de alguna manera las consecuencias de esta cat\u00e1strofe en la salud mental de la gente. \u00abPero ante una cat\u00e1strofe social de esta magnitud, podemos decir que deber\u00edamos tener los mismos par\u00e1metros, pero en parte tambi\u00e9n es como una herida mucho m\u00e1s profunda e incurable que las otras, por las circunstancias en las que se puede perder a un familiar en cat\u00e1strofes as\u00ed\u00bb hace referencia a aquellas personas que han perdido a sus seres queridos. \u00abA veces es muy dif\u00edcil poner un par\u00e1metro de c\u00f3mo se repara. Por supuesto que existe la posibilidad, pero entiendo, en general, que los tiempos y la necesidad de ayuda son otros. Ac\u00e1 es necesario el Estado y la presencia fuerte de instituciones\u00bb.<\/p>\n<p>Asimismo, Diego comenta que el hecho de haber pasado por estas situaciones ya en reiteradas ocasiones y en tan poco tiempo, continua castigando la psiquis de los vecinos bahienses. \u00abDesconozco los dispositivos y las estrategias de los colegas especialistas en este tipo de cat\u00e1strofes. Desde el sentido com\u00fan, no te dan tiempo a levantarte\u00bb expresa.<\/p>\n<p>\u00abEs impensable que no haya profesionales y especialistas apoyados por el Estado y las instituciones. En este caso, si hay algo que no puede faltar es la intervenci\u00f3n Estatal y los especialistas en estas cosas. Pueden faltar los profesionales particulares, pero no puede faltar la asistencia p\u00fablica\u00bb opina sobre la posici\u00f3n del gobierno nacional de desmantelar los recursos nacionales para hacer frente a las cat\u00e1strofes y situaciones de emergencia. \u00abEspero que la poblaci\u00f3n no vea bien el discurso de &#8216;que se arreglen&#8217;, me parece que esto ya no est\u00e1 tan bien visto\u00bb hace referencia a los dichos del Presidente Javier Milei sobre la tormenta de diciembre del 2023.<\/p>\n<p>&nbsp;<\/p>\n<p>&nbsp;<\/p>\n<p><iframe loading=\"lazy\" src=\"https:\/\/w.soundcloud.com\/player\/?url=https%3A\/\/api.soundcloud.com\/tracks\/2051017188&amp;color=%23ff5500&amp;auto_play=false&amp;hide_related=false&amp;show_comments=true&amp;show_user=true&amp;show_reposts=false&amp;show_teaser=true\" width=\"100%\" height=\"166\" frameborder=\"no\" scrolling=\"no\"><\/iframe><\/p>\n<div style=\"font-size: 10px; color: #cccccc; line-break: anywhere; word-break: normal; overflow: hidden; white-space: nowrap; text-overflow: ellipsis; font-family: Interstate,Lucida Grande,Lucida Sans Unicode,Lucida Sans,Garuda,Verdana,Tahoma,sans-serif; font-weight: 100;\"><a style=\"color: #cccccc; text-decoration: none;\" title=\"fmreflejos 103.7\" href=\"https:\/\/soundcloud.com\/fmreflejos-103-7\" target=\"_blank\" rel=\"noopener\">fmreflejos 103.7<\/a> \u00b7 <a style=\"color: #cccccc; text-decoration: none;\" title=\"Diego Vel\u00e1zquez 10-03\" href=\"https:\/\/soundcloud.com\/fmreflejos-103-7\/diego-velazquez-10-03\" target=\"_blank\" rel=\"noopener\">Diego Vel\u00e1zquez 10-03<\/a><\/div>\n","protected":false},"excerpt":{"rendered":"<p>Diego Vel\u00e1zquez, Licenciado en Psicolog\u00eda, profesor universitario y miembro del Colegio de Psicoanalistas, explica sobre FM Reflejos sobre las consecuencias a nivel ps\u00edquico que traen las cat\u00e1strofes naturales y sociales como la inundaci\u00f3n de Bah\u00eda Blanca y la zona.<\/p>\n","protected":false},"author":3,"featured_media":113820,"comment_status":"closed","ping_status":"closed","sticky":false,"template":"","format":"standard","meta":{"footnotes":""},"categories":[30],"tags":[48],"class_list":["post-113806","post","type-post","status-publish","format-standard","has-post-thumbnail","hentry","category-salud","tag-destacada"],"yoast_head":"<!-- This site is optimized with the Yoast SEO plugin v25.9 - https:\/\/yoast.com\/wordpress\/plugins\/seo\/ -->\n<title>La salud mental ante la cat\u00e1strofe en Bah\u00eda Blanca: &quot;A veces es muy dif\u00edcil poner un par\u00e1metro de c\u00f3mo se repara.&quot; - Noticias Radio Reflejos<\/title>\n<meta name=\"robots\" content=\"index, follow, max-snippet:-1, max-image-preview:large, max-video-preview:-1\" \/>\n<link rel=\"canonical\" href=\"https:\/\/www.noticiasradioreflejos.com.ar\/2021\/la-salud-mental-ante-la-catastrofe-en-bahia-blanca-a-veces-es-muy-dificil-poner-un-parametro-de-como-se-repara\/\" \/>\n<meta property=\"og:locale\" content=\"es_ES\" \/>\n<meta property=\"og:type\" content=\"article\" \/>\n<meta property=\"og:title\" content=\"La salud mental ante la cat\u00e1strofe en Bah\u00eda Blanca: &quot;A veces es muy dif\u00edcil poner un par\u00e1metro de c\u00f3mo se repara.&quot; - Noticias Radio Reflejos\" \/>\n<meta property=\"og:description\" content=\"Diego Vel\u00e1zquez, Licenciado en Psicolog\u00eda, profesor universitario y miembro del Colegio de Psicoanalistas, explica sobre FM Reflejos sobre las consecuencias a nivel ps\u00edquico que traen las cat\u00e1strofes naturales y sociales como la inundaci\u00f3n de Bah\u00eda Blanca y la zona.\" \/>\n<meta property=\"og:url\" content=\"https:\/\/www.noticiasradioreflejos.com.ar\/2021\/la-salud-mental-ante-la-catastrofe-en-bahia-blanca-a-veces-es-muy-dificil-poner-un-parametro-de-como-se-repara\/\" \/>\n<meta property=\"og:site_name\" content=\"Noticias Radio Reflejos\" \/>\n<meta property=\"article:published_time\" content=\"2025-03-10T22:03:55+00:00\" \/>\n<meta property=\"og:image\" content=\"https:\/\/www.noticiasradioreflejos.com.ar\/2021\/wp-content\/uploads\/2025\/03\/Bahia-1.jpg\" \/>\n\t<meta property=\"og:image:width\" content=\"779\" \/>\n\t<meta property=\"og:image:height\" content=\"720\" \/>\n\t<meta property=\"og:image:type\" content=\"image\/jpeg\" \/>\n<meta name=\"author\" content=\"Arnaldo Botto\" \/>\n<meta name=\"twitter:card\" content=\"summary_large_image\" \/>\n<script type=\"application\/ld+json\" class=\"yoast-schema-graph\">{\"@context\":\"https:\/\/schema.org\",\"@graph\":[{\"@type\":\"WebPage\",\"@id\":\"https:\/\/www.noticiasradioreflejos.com.ar\/2021\/la-salud-mental-ante-la-catastrofe-en-bahia-blanca-a-veces-es-muy-dificil-poner-un-parametro-de-como-se-repara\/\",\"url\":\"https:\/\/www.noticiasradioreflejos.com.ar\/2021\/la-salud-mental-ante-la-catastrofe-en-bahia-blanca-a-veces-es-muy-dificil-poner-un-parametro-de-como-se-repara\/\",\"name\":\"La salud mental ante la cat\u00e1strofe en Bah\u00eda Blanca: \\\"A veces es muy dif\u00edcil poner un par\u00e1metro de c\u00f3mo se repara.\\\" - Noticias Radio Reflejos\",\"isPartOf\":{\"@id\":\"https:\/\/www.noticiasradioreflejos.com.ar\/2021\/#website\"},\"primaryImageOfPage\":{\"@id\":\"https:\/\/www.noticiasradioreflejos.com.ar\/2021\/la-salud-mental-ante-la-catastrofe-en-bahia-blanca-a-veces-es-muy-dificil-poner-un-parametro-de-como-se-repara\/#primaryimage\"},\"image\":{\"@id\":\"https:\/\/www.noticiasradioreflejos.com.ar\/2021\/la-salud-mental-ante-la-catastrofe-en-bahia-blanca-a-veces-es-muy-dificil-poner-un-parametro-de-como-se-repara\/#primaryimage\"},\"thumbnailUrl\":\"https:\/\/www.noticiasradioreflejos.com.ar\/2021\/wp-content\/uploads\/2025\/03\/Bahia-1.jpg\",\"datePublished\":\"2025-03-10T22:03:55+00:00\",\"author\":{\"@id\":\"https:\/\/www.noticiasradioreflejos.com.ar\/2021\/#\/schema\/person\/ad82545263dcc5ec0996818884fd5fb1\"},\"breadcrumb\":{\"@id\":\"https:\/\/www.noticiasradioreflejos.com.ar\/2021\/la-salud-mental-ante-la-catastrofe-en-bahia-blanca-a-veces-es-muy-dificil-poner-un-parametro-de-como-se-repara\/#breadcrumb\"},\"inLanguage\":\"es\",\"potentialAction\":[{\"@type\":\"ReadAction\",\"target\":[\"https:\/\/www.noticiasradioreflejos.com.ar\/2021\/la-salud-mental-ante-la-catastrofe-en-bahia-blanca-a-veces-es-muy-dificil-poner-un-parametro-de-como-se-repara\/\"]}]},{\"@type\":\"ImageObject\",\"inLanguage\":\"es\",\"@id\":\"https:\/\/www.noticiasradioreflejos.com.ar\/2021\/la-salud-mental-ante-la-catastrofe-en-bahia-blanca-a-veces-es-muy-dificil-poner-un-parametro-de-como-se-repara\/#primaryimage\",\"url\":\"https:\/\/www.noticiasradioreflejos.com.ar\/2021\/wp-content\/uploads\/2025\/03\/Bahia-1.jpg\",\"contentUrl\":\"https:\/\/www.noticiasradioreflejos.com.ar\/2021\/wp-content\/uploads\/2025\/03\/Bahia-1.jpg\",\"width\":779,\"height\":720},{\"@type\":\"BreadcrumbList\",\"@id\":\"https:\/\/www.noticiasradioreflejos.com.ar\/2021\/la-salud-mental-ante-la-catastrofe-en-bahia-blanca-a-veces-es-muy-dificil-poner-un-parametro-de-como-se-repara\/#breadcrumb\",\"itemListElement\":[{\"@type\":\"ListItem\",\"position\":1,\"name\":\"Portada\",\"item\":\"https:\/\/www.noticiasradioreflejos.com.ar\/2021\/\"},{\"@type\":\"ListItem\",\"position\":2,\"name\":\"La salud mental ante la cat\u00e1strofe en Bah\u00eda Blanca: \u00abA veces es muy dif\u00edcil poner un par\u00e1metro de c\u00f3mo se repara.\u00bb\"}]},{\"@type\":\"WebSite\",\"@id\":\"https:\/\/www.noticiasradioreflejos.com.ar\/2021\/#website\",\"url\":\"https:\/\/www.noticiasradioreflejos.com.ar\/2021\/\",\"name\":\"Noticias Radio Reflejos\",\"description\":\"Las noticias de mi comarca\",\"potentialAction\":[{\"@type\":\"SearchAction\",\"target\":{\"@type\":\"EntryPoint\",\"urlTemplate\":\"https:\/\/www.noticiasradioreflejos.com.ar\/2021\/?s={search_term_string}\"},\"query-input\":{\"@type\":\"PropertyValueSpecification\",\"valueRequired\":true,\"valueName\":\"search_term_string\"}}],\"inLanguage\":\"es\"},{\"@type\":\"Person\",\"@id\":\"https:\/\/www.noticiasradioreflejos.com.ar\/2021\/#\/schema\/person\/ad82545263dcc5ec0996818884fd5fb1\",\"name\":\"Arnaldo Botto\",\"image\":{\"@type\":\"ImageObject\",\"inLanguage\":\"es\",\"@id\":\"https:\/\/www.noticiasradioreflejos.com.ar\/2021\/#\/schema\/person\/image\/\",\"url\":\"https:\/\/secure.gravatar.com\/avatar\/55cb5e37c1efa326397366e6974cb338056df65cb50e7d64d1cf314e87504837?s=96&d=mm&r=g\",\"contentUrl\":\"https:\/\/secure.gravatar.com\/avatar\/55cb5e37c1efa326397366e6974cb338056df65cb50e7d64d1cf314e87504837?s=96&d=mm&r=g\",\"caption\":\"Arnaldo Botto\"},\"url\":\"https:\/\/www.noticiasradioreflejos.com.ar\/2021\/author\/arnaldo\/\"}]}<\/script>\n<!-- \/ Yoast SEO plugin. -->","yoast_head_json":{"title":"La salud mental ante la cat\u00e1strofe en Bah\u00eda Blanca: \"A veces es muy dif\u00edcil poner un par\u00e1metro de c\u00f3mo se repara.\" - Noticias Radio Reflejos","robots":{"index":"index","follow":"follow","max-snippet":"max-snippet:-1","max-image-preview":"max-image-preview:large","max-video-preview":"max-video-preview:-1"},"canonical":"https:\/\/www.noticiasradioreflejos.com.ar\/2021\/la-salud-mental-ante-la-catastrofe-en-bahia-blanca-a-veces-es-muy-dificil-poner-un-parametro-de-como-se-repara\/","og_locale":"es_ES","og_type":"article","og_title":"La salud mental ante la cat\u00e1strofe en Bah\u00eda Blanca: \"A veces es muy dif\u00edcil poner un par\u00e1metro de c\u00f3mo se repara.\" - Noticias Radio Reflejos","og_description":"Diego Vel\u00e1zquez, Licenciado en Psicolog\u00eda, profesor universitario y miembro del Colegio de Psicoanalistas, explica sobre FM Reflejos sobre las consecuencias a nivel ps\u00edquico que traen las cat\u00e1strofes naturales y sociales como la inundaci\u00f3n de Bah\u00eda Blanca y la zona.","og_url":"https:\/\/www.noticiasradioreflejos.com.ar\/2021\/la-salud-mental-ante-la-catastrofe-en-bahia-blanca-a-veces-es-muy-dificil-poner-un-parametro-de-como-se-repara\/","og_site_name":"Noticias Radio Reflejos","article_published_time":"2025-03-10T22:03:55+00:00","og_image":[{"width":779,"height":720,"url":"https:\/\/www.noticiasradioreflejos.com.ar\/2021\/wp-content\/uploads\/2025\/03\/Bahia-1.jpg","type":"image\/jpeg"}],"author":"Arnaldo Botto","twitter_card":"summary_large_image","schema":{"@context":"https:\/\/schema.org","@graph":[{"@type":"WebPage","@id":"https:\/\/www.noticiasradioreflejos.com.ar\/2021\/la-salud-mental-ante-la-catastrofe-en-bahia-blanca-a-veces-es-muy-dificil-poner-un-parametro-de-como-se-repara\/","url":"https:\/\/www.noticiasradioreflejos.com.ar\/2021\/la-salud-mental-ante-la-catastrofe-en-bahia-blanca-a-veces-es-muy-dificil-poner-un-parametro-de-como-se-repara\/","name":"La salud mental ante la cat\u00e1strofe en Bah\u00eda Blanca: \"A veces es muy dif\u00edcil poner un par\u00e1metro de c\u00f3mo se repara.\" - Noticias Radio Reflejos","isPartOf":{"@id":"https:\/\/www.noticiasradioreflejos.com.ar\/2021\/#website"},"primaryImageOfPage":{"@id":"https:\/\/www.noticiasradioreflejos.com.ar\/2021\/la-salud-mental-ante-la-catastrofe-en-bahia-blanca-a-veces-es-muy-dificil-poner-un-parametro-de-como-se-repara\/#primaryimage"},"image":{"@id":"https:\/\/www.noticiasradioreflejos.com.ar\/2021\/la-salud-mental-ante-la-catastrofe-en-bahia-blanca-a-veces-es-muy-dificil-poner-un-parametro-de-como-se-repara\/#primaryimage"},"thumbnailUrl":"https:\/\/www.noticiasradioreflejos.com.ar\/2021\/wp-content\/uploads\/2025\/03\/Bahia-1.jpg","datePublished":"2025-03-10T22:03:55+00:00","author":{"@id":"https:\/\/www.noticiasradioreflejos.com.ar\/2021\/#\/schema\/person\/ad82545263dcc5ec0996818884fd5fb1"},"breadcrumb":{"@id":"https:\/\/www.noticiasradioreflejos.com.ar\/2021\/la-salud-mental-ante-la-catastrofe-en-bahia-blanca-a-veces-es-muy-dificil-poner-un-parametro-de-como-se-repara\/#breadcrumb"},"inLanguage":"es","potentialAction":[{"@type":"ReadAction","target":["https:\/\/www.noticiasradioreflejos.com.ar\/2021\/la-salud-mental-ante-la-catastrofe-en-bahia-blanca-a-veces-es-muy-dificil-poner-un-parametro-de-como-se-repara\/"]}]},{"@type":"ImageObject","inLanguage":"es","@id":"https:\/\/www.noticiasradioreflejos.com.ar\/2021\/la-salud-mental-ante-la-catastrofe-en-bahia-blanca-a-veces-es-muy-dificil-poner-un-parametro-de-como-se-repara\/#primaryimage","url":"https:\/\/www.noticiasradioreflejos.com.ar\/2021\/wp-content\/uploads\/2025\/03\/Bahia-1.jpg","contentUrl":"https:\/\/www.noticiasradioreflejos.com.ar\/2021\/wp-content\/uploads\/2025\/03\/Bahia-1.jpg","width":779,"height":720},{"@type":"BreadcrumbList","@id":"https:\/\/www.noticiasradioreflejos.com.ar\/2021\/la-salud-mental-ante-la-catastrofe-en-bahia-blanca-a-veces-es-muy-dificil-poner-un-parametro-de-como-se-repara\/#breadcrumb","itemListElement":[{"@type":"ListItem","position":1,"name":"Portada","item":"https:\/\/www.noticiasradioreflejos.com.ar\/2021\/"},{"@type":"ListItem","position":2,"name":"La salud mental ante la cat\u00e1strofe en Bah\u00eda Blanca: \u00abA veces es muy dif\u00edcil poner un par\u00e1metro de c\u00f3mo se repara.\u00bb"}]},{"@type":"WebSite","@id":"https:\/\/www.noticiasradioreflejos.com.ar\/2021\/#website","url":"https:\/\/www.noticiasradioreflejos.com.ar\/2021\/","name":"Noticias Radio Reflejos","description":"Las noticias de mi comarca","potentialAction":[{"@type":"SearchAction","target":{"@type":"EntryPoint","urlTemplate":"https:\/\/www.noticiasradioreflejos.com.ar\/2021\/?s={search_term_string}"},"query-input":{"@type":"PropertyValueSpecification","valueRequired":true,"valueName":"search_term_string"}}],"inLanguage":"es"},{"@type":"Person","@id":"https:\/\/www.noticiasradioreflejos.com.ar\/2021\/#\/schema\/person\/ad82545263dcc5ec0996818884fd5fb1","name":"Arnaldo Botto","image":{"@type":"ImageObject","inLanguage":"es","@id":"https:\/\/www.noticiasradioreflejos.com.ar\/2021\/#\/schema\/person\/image\/","url":"https:\/\/secure.gravatar.com\/avatar\/55cb5e37c1efa326397366e6974cb338056df65cb50e7d64d1cf314e87504837?s=96&d=mm&r=g","contentUrl":"https:\/\/secure.gravatar.com\/avatar\/55cb5e37c1efa326397366e6974cb338056df65cb50e7d64d1cf314e87504837?s=96&d=mm&r=g","caption":"Arnaldo Botto"},"url":"https:\/\/www.noticiasradioreflejos.com.ar\/2021\/author\/arnaldo\/"}]}},"_links":{"self":[{"href":"https:\/\/www.noticiasradioreflejos.com.ar\/2021\/wp-json\/wp\/v2\/posts\/113806","targetHints":{"allow":["GET"]}}],"collection":[{"href":"https:\/\/www.noticiasradioreflejos.com.ar\/2021\/wp-json\/wp\/v2\/posts"}],"about":[{"href":"https:\/\/www.noticiasradioreflejos.com.ar\/2021\/wp-json\/wp\/v2\/types\/post"}],"author":[{"embeddable":true,"href":"https:\/\/www.noticiasradioreflejos.com.ar\/2021\/wp-json\/wp\/v2\/users\/3"}],"replies":[{"embeddable":true,"href":"https:\/\/www.noticiasradioreflejos.com.ar\/2021\/wp-json\/wp\/v2\/comments?post=113806"}],"version-history":[{"count":9,"href":"https:\/\/www.noticiasradioreflejos.com.ar\/2021\/wp-json\/wp\/v2\/posts\/113806\/revisions"}],"predecessor-version":[{"id":113821,"href":"https:\/\/www.noticiasradioreflejos.com.ar\/2021\/wp-json\/wp\/v2\/posts\/113806\/revisions\/113821"}],"wp:featuredmedia":[{"embeddable":true,"href":"https:\/\/www.noticiasradioreflejos.com.ar\/2021\/wp-json\/wp\/v2\/media\/113820"}],"wp:attachment":[{"href":"https:\/\/www.noticiasradioreflejos.com.ar\/2021\/wp-json\/wp\/v2\/media?parent=113806"}],"wp:term":[{"taxonomy":"category","embeddable":true,"href":"https:\/\/www.noticiasradioreflejos.com.ar\/2021\/wp-json\/wp\/v2\/categories?post=113806"},{"taxonomy":"post_tag","embeddable":true,"href":"https:\/\/www.noticiasradioreflejos.com.ar\/2021\/wp-json\/wp\/v2\/tags?post=113806"}],"curies":[{"name":"wp","href":"https:\/\/api.w.org\/{rel}","templated":true}]}}