{"id":113791,"date":"2025-03-10T17:35:16","date_gmt":"2025-03-10T20:35:16","guid":{"rendered":"https:\/\/www.noticiasradioreflejos.com.ar\/2021\/?p=113791"},"modified":"2025-03-10T17:45:42","modified_gmt":"2025-03-10T20:45:42","slug":"pedro-raspeno-un-limite-creo-que-no-va-a-haber-porque-imposible-cubrir-todo-lo-que-se-perdio","status":"publish","type":"post","link":"https:\/\/www.noticiasradioreflejos.com.ar\/2021\/pedro-raspeno-un-limite-creo-que-no-va-a-haber-porque-imposible-cubrir-todo-lo-que-se-perdio\/","title":{"rendered":"Pedro Raspe\u00f1o: \u00abun l\u00edmite creo que no va a haber, porque imposible cubrir todo lo que se perdi\u00f3\u00bb"},"content":{"rendered":"<p><strong>El presidente del Club Atl\u00e9tico Ventana<\/strong>, nos <a href=\"https:\/\/www.noticiasradioreflejos.com.ar\/2021\/radio-en-vivo\/\">transmite<\/a> c\u00f3mo fue el pasado fin de semana donde muchas instituciones se movieron y colaboraron con colectas y donaciones para los damnificados de Bah\u00eda Blanca, a ra\u00edz de las grandes inundaciones del viernes 7 de marzo.<!--more--><\/p>\n<p>\u00abCuando surgi\u00f3 el inconveniente, en seguida se levant\u00f3 el tel\u00e9fono para trabajar en conjunto\u00bb menciona Pedro c\u00f3mo surgi\u00f3 la iniciativa y la coordinaci\u00f3n entre instituciones. \u00abCuando surgi\u00f3 en la comisi\u00f3n la idea de recibir las donaciones, lo primero que hice fue hablar con bomberos y nos dijeron que mucha gente los estaba llamando a ellos pero que ellos tambi\u00e9n ten\u00edan que estar trabajando\u00bb explica c\u00f3mo coordinaron para poder colaborar entre todos.<\/p>\n<p>La campa\u00f1a de donaci\u00f3n continuar\u00eda hoy y quiz\u00e1s se contin\u00fae extendiendo. \u00abLa verdad es que un l\u00edmite creo que no va a haber, porque imposible cubrir todo lo que se perdi\u00f3. Nosotros extendemos a hoy a las 18 hs y recibiremos en la sede lunes, mi\u00e9rcoles y viernes\u00bb.<\/p>\n<p>Pedro menciona que entre lo que m\u00e1s se prioriza ahora son los art\u00edculos de limpieza, higiene personal, agua y OFF. \u00abAgua no s\u00f3lo para tomar sino tambi\u00e9n para lavar\u00bb aclara.<\/p>\n<p>\u00abFueron solidarios\u00bb menciona en relaci\u00f3n a los camiones que se aportaron para trasladar todas las donaciones. \u00abHubieron muchas personas que se ofrecieron ayer mismo cuando sacamos el flyer\u00bb.<\/p>\n<p>Finalmente, Pedro comenta tambi\u00e9n sobre las actividades deportivas del Club, especialmente sobre el f\u00fatbol. \u00abA\u00fan no est\u00e1 definido\u00bb expresa, haciendo referencia a qu\u00e9 liga estar\u00e1n inscriptos los jugadores para competir durante el 2025.<\/p>\n<p>\u00abLa verdad que como comunidad, funcionamos bastante bien todav\u00eda\u00bb menciona para cerrar.<\/p>\n<p>&nbsp;<\/p>\n<p><iframe loading=\"lazy\" src=\"https:\/\/w.soundcloud.com\/player\/?url=https%3A\/\/api.soundcloud.com\/tracks\/2051016348&amp;color=%23ff5500&amp;auto_play=false&amp;hide_related=false&amp;show_comments=true&amp;show_user=true&amp;show_reposts=false&amp;show_teaser=true\" width=\"100%\" height=\"166\" frameborder=\"no\" scrolling=\"no\"><\/iframe><\/p>\n<div style=\"font-size: 10px; color: #cccccc; line-break: anywhere; word-break: normal; overflow: hidden; white-space: nowrap; text-overflow: ellipsis; font-family: Interstate,Lucida Grande,Lucida Sans Unicode,Lucida Sans,Garuda,Verdana,Tahoma,sans-serif; font-weight: 100;\"><a style=\"color: #cccccc; text-decoration: none;\" title=\"fmreflejos 103.7\" href=\"https:\/\/soundcloud.com\/fmreflejos-103-7\" target=\"_blank\" rel=\"noopener\">fmreflejos 103.7<\/a> \u00b7 <a style=\"color: #cccccc; text-decoration: none;\" title=\"Pedro Raspe\u00f1o 10-03\" href=\"https:\/\/soundcloud.com\/fmreflejos-103-7\/pedro-raspeno-10-03\" target=\"_blank\" rel=\"noopener\">Pedro Raspe\u00f1o 10-03<\/a><\/div>\n<p><iframe loading=\"lazy\" style=\"border: none; overflow: hidden;\" src=\"https:\/\/www.facebook.com\/plugins\/post.php?href=https%3A%2F%2Fwww.facebook.com%2FClubAtleticoVentanaOficial%2Fposts%2Fpfbid021JFgC8WRtWu3G8pDswuRXedJHtntH61jwFb2HhvQ9YTVXbmPCTHSsgR7FrbWs6zl&amp;show_text=true&amp;width=500\" width=\"500\" height=\"616\" frameborder=\"0\" scrolling=\"no\" allowfullscreen=\"allowfullscreen\"><\/iframe><\/p>\n","protected":false},"excerpt":{"rendered":"<p>El presidente del Club Atl\u00e9tico Ventana, nos transmite c\u00f3mo fue el pasado fin de semana donde muchas instituciones se movieron y colaboraron con colectas y donaciones para los damnificados de Bah\u00eda Blanca, a ra\u00edz de las grandes inundaciones del viernes 7 de marzo.<\/p>\n","protected":false},"author":3,"featured_media":0,"comment_status":"closed","ping_status":"closed","sticky":false,"template":"","format":"standard","meta":{"footnotes":""},"categories":[26],"tags":[48],"class_list":["post-113791","post","type-post","status-publish","format-standard","hentry","category-sociedad","tag-destacada"],"yoast_head":"<!-- This site is optimized with the Yoast SEO plugin v25.9 - https:\/\/yoast.com\/wordpress\/plugins\/seo\/ -->\n<title>Pedro Raspe\u00f1o: &quot;un l\u00edmite creo que no va a haber, porque imposible cubrir todo lo que se perdi\u00f3&quot; - Noticias Radio Reflejos<\/title>\n<meta name=\"robots\" content=\"index, follow, max-snippet:-1, max-image-preview:large, max-video-preview:-1\" \/>\n<link rel=\"canonical\" href=\"https:\/\/www.noticiasradioreflejos.com.ar\/2021\/pedro-raspeno-un-limite-creo-que-no-va-a-haber-porque-imposible-cubrir-todo-lo-que-se-perdio\/\" \/>\n<meta property=\"og:locale\" content=\"es_ES\" \/>\n<meta property=\"og:type\" content=\"article\" \/>\n<meta property=\"og:title\" content=\"Pedro Raspe\u00f1o: &quot;un l\u00edmite creo que no va a haber, porque imposible cubrir todo lo que se perdi\u00f3&quot; - Noticias Radio Reflejos\" \/>\n<meta property=\"og:description\" content=\"El presidente del Club Atl\u00e9tico Ventana, nos transmite c\u00f3mo fue el pasado fin de semana donde muchas instituciones se movieron y colaboraron con colectas y donaciones para los damnificados de Bah\u00eda Blanca, a ra\u00edz de las grandes inundaciones del viernes 7 de marzo.\" \/>\n<meta property=\"og:url\" content=\"https:\/\/www.noticiasradioreflejos.com.ar\/2021\/pedro-raspeno-un-limite-creo-que-no-va-a-haber-porque-imposible-cubrir-todo-lo-que-se-perdio\/\" \/>\n<meta property=\"og:site_name\" content=\"Noticias Radio Reflejos\" \/>\n<meta property=\"article:published_time\" content=\"2025-03-10T20:35:16+00:00\" \/>\n<meta property=\"article:modified_time\" content=\"2025-03-10T20:45:42+00:00\" \/>\n<meta property=\"og:image\" content=\"https:\/\/www.noticiasradioreflejos.com.ar\/2021\/wp-content\/uploads\/2021\/07\/logosol300x200.png\" \/>\n\t<meta property=\"og:image:width\" content=\"300\" \/>\n\t<meta property=\"og:image:height\" content=\"200\" \/>\n\t<meta property=\"og:image:type\" content=\"image\/png\" \/>\n<meta name=\"author\" content=\"Arnaldo Botto\" \/>\n<meta name=\"twitter:card\" content=\"summary_large_image\" \/>\n<script type=\"application\/ld+json\" class=\"yoast-schema-graph\">{\"@context\":\"https:\/\/schema.org\",\"@graph\":[{\"@type\":\"WebPage\",\"@id\":\"https:\/\/www.noticiasradioreflejos.com.ar\/2021\/pedro-raspeno-un-limite-creo-que-no-va-a-haber-porque-imposible-cubrir-todo-lo-que-se-perdio\/\",\"url\":\"https:\/\/www.noticiasradioreflejos.com.ar\/2021\/pedro-raspeno-un-limite-creo-que-no-va-a-haber-porque-imposible-cubrir-todo-lo-que-se-perdio\/\",\"name\":\"Pedro Raspe\u00f1o: \\\"un l\u00edmite creo que no va a haber, porque imposible cubrir todo lo que se perdi\u00f3\\\" - Noticias Radio Reflejos\",\"isPartOf\":{\"@id\":\"https:\/\/www.noticiasradioreflejos.com.ar\/2021\/#website\"},\"datePublished\":\"2025-03-10T20:35:16+00:00\",\"dateModified\":\"2025-03-10T20:45:42+00:00\",\"author\":{\"@id\":\"https:\/\/www.noticiasradioreflejos.com.ar\/2021\/#\/schema\/person\/ad82545263dcc5ec0996818884fd5fb1\"},\"breadcrumb\":{\"@id\":\"https:\/\/www.noticiasradioreflejos.com.ar\/2021\/pedro-raspeno-un-limite-creo-que-no-va-a-haber-porque-imposible-cubrir-todo-lo-que-se-perdio\/#breadcrumb\"},\"inLanguage\":\"es\",\"potentialAction\":[{\"@type\":\"ReadAction\",\"target\":[\"https:\/\/www.noticiasradioreflejos.com.ar\/2021\/pedro-raspeno-un-limite-creo-que-no-va-a-haber-porque-imposible-cubrir-todo-lo-que-se-perdio\/\"]}]},{\"@type\":\"BreadcrumbList\",\"@id\":\"https:\/\/www.noticiasradioreflejos.com.ar\/2021\/pedro-raspeno-un-limite-creo-que-no-va-a-haber-porque-imposible-cubrir-todo-lo-que-se-perdio\/#breadcrumb\",\"itemListElement\":[{\"@type\":\"ListItem\",\"position\":1,\"name\":\"Portada\",\"item\":\"https:\/\/www.noticiasradioreflejos.com.ar\/2021\/\"},{\"@type\":\"ListItem\",\"position\":2,\"name\":\"Pedro Raspe\u00f1o: \u00abun l\u00edmite creo que no va a haber, porque imposible cubrir todo lo que se perdi\u00f3\u00bb\"}]},{\"@type\":\"WebSite\",\"@id\":\"https:\/\/www.noticiasradioreflejos.com.ar\/2021\/#website\",\"url\":\"https:\/\/www.noticiasradioreflejos.com.ar\/2021\/\",\"name\":\"Noticias Radio Reflejos\",\"description\":\"Las noticias de mi comarca\",\"potentialAction\":[{\"@type\":\"SearchAction\",\"target\":{\"@type\":\"EntryPoint\",\"urlTemplate\":\"https:\/\/www.noticiasradioreflejos.com.ar\/2021\/?s={search_term_string}\"},\"query-input\":{\"@type\":\"PropertyValueSpecification\",\"valueRequired\":true,\"valueName\":\"search_term_string\"}}],\"inLanguage\":\"es\"},{\"@type\":\"Person\",\"@id\":\"https:\/\/www.noticiasradioreflejos.com.ar\/2021\/#\/schema\/person\/ad82545263dcc5ec0996818884fd5fb1\",\"name\":\"Arnaldo Botto\",\"image\":{\"@type\":\"ImageObject\",\"inLanguage\":\"es\",\"@id\":\"https:\/\/www.noticiasradioreflejos.com.ar\/2021\/#\/schema\/person\/image\/\",\"url\":\"https:\/\/secure.gravatar.com\/avatar\/55cb5e37c1efa326397366e6974cb338056df65cb50e7d64d1cf314e87504837?s=96&d=mm&r=g\",\"contentUrl\":\"https:\/\/secure.gravatar.com\/avatar\/55cb5e37c1efa326397366e6974cb338056df65cb50e7d64d1cf314e87504837?s=96&d=mm&r=g\",\"caption\":\"Arnaldo Botto\"},\"url\":\"https:\/\/www.noticiasradioreflejos.com.ar\/2021\/author\/arnaldo\/\"}]}<\/script>\n<!-- \/ Yoast SEO plugin. -->","yoast_head_json":{"title":"Pedro Raspe\u00f1o: \"un l\u00edmite creo que no va a haber, porque imposible cubrir todo lo que se perdi\u00f3\" - Noticias Radio Reflejos","robots":{"index":"index","follow":"follow","max-snippet":"max-snippet:-1","max-image-preview":"max-image-preview:large","max-video-preview":"max-video-preview:-1"},"canonical":"https:\/\/www.noticiasradioreflejos.com.ar\/2021\/pedro-raspeno-un-limite-creo-que-no-va-a-haber-porque-imposible-cubrir-todo-lo-que-se-perdio\/","og_locale":"es_ES","og_type":"article","og_title":"Pedro Raspe\u00f1o: \"un l\u00edmite creo que no va a haber, porque imposible cubrir todo lo que se perdi\u00f3\" - Noticias Radio Reflejos","og_description":"El presidente del Club Atl\u00e9tico Ventana, nos transmite c\u00f3mo fue el pasado fin de semana donde muchas instituciones se movieron y colaboraron con colectas y donaciones para los damnificados de Bah\u00eda Blanca, a ra\u00edz de las grandes inundaciones del viernes 7 de marzo.","og_url":"https:\/\/www.noticiasradioreflejos.com.ar\/2021\/pedro-raspeno-un-limite-creo-que-no-va-a-haber-porque-imposible-cubrir-todo-lo-que-se-perdio\/","og_site_name":"Noticias Radio Reflejos","article_published_time":"2025-03-10T20:35:16+00:00","article_modified_time":"2025-03-10T20:45:42+00:00","og_image":[{"width":300,"height":200,"url":"https:\/\/www.noticiasradioreflejos.com.ar\/2021\/wp-content\/uploads\/2021\/07\/logosol300x200.png","type":"image\/png"}],"author":"Arnaldo Botto","twitter_card":"summary_large_image","schema":{"@context":"https:\/\/schema.org","@graph":[{"@type":"WebPage","@id":"https:\/\/www.noticiasradioreflejos.com.ar\/2021\/pedro-raspeno-un-limite-creo-que-no-va-a-haber-porque-imposible-cubrir-todo-lo-que-se-perdio\/","url":"https:\/\/www.noticiasradioreflejos.com.ar\/2021\/pedro-raspeno-un-limite-creo-que-no-va-a-haber-porque-imposible-cubrir-todo-lo-que-se-perdio\/","name":"Pedro Raspe\u00f1o: \"un l\u00edmite creo que no va a haber, porque imposible cubrir todo lo que se perdi\u00f3\" - Noticias Radio Reflejos","isPartOf":{"@id":"https:\/\/www.noticiasradioreflejos.com.ar\/2021\/#website"},"datePublished":"2025-03-10T20:35:16+00:00","dateModified":"2025-03-10T20:45:42+00:00","author":{"@id":"https:\/\/www.noticiasradioreflejos.com.ar\/2021\/#\/schema\/person\/ad82545263dcc5ec0996818884fd5fb1"},"breadcrumb":{"@id":"https:\/\/www.noticiasradioreflejos.com.ar\/2021\/pedro-raspeno-un-limite-creo-que-no-va-a-haber-porque-imposible-cubrir-todo-lo-que-se-perdio\/#breadcrumb"},"inLanguage":"es","potentialAction":[{"@type":"ReadAction","target":["https:\/\/www.noticiasradioreflejos.com.ar\/2021\/pedro-raspeno-un-limite-creo-que-no-va-a-haber-porque-imposible-cubrir-todo-lo-que-se-perdio\/"]}]},{"@type":"BreadcrumbList","@id":"https:\/\/www.noticiasradioreflejos.com.ar\/2021\/pedro-raspeno-un-limite-creo-que-no-va-a-haber-porque-imposible-cubrir-todo-lo-que-se-perdio\/#breadcrumb","itemListElement":[{"@type":"ListItem","position":1,"name":"Portada","item":"https:\/\/www.noticiasradioreflejos.com.ar\/2021\/"},{"@type":"ListItem","position":2,"name":"Pedro Raspe\u00f1o: \u00abun l\u00edmite creo que no va a haber, porque imposible cubrir todo lo que se perdi\u00f3\u00bb"}]},{"@type":"WebSite","@id":"https:\/\/www.noticiasradioreflejos.com.ar\/2021\/#website","url":"https:\/\/www.noticiasradioreflejos.com.ar\/2021\/","name":"Noticias Radio Reflejos","description":"Las noticias de mi comarca","potentialAction":[{"@type":"SearchAction","target":{"@type":"EntryPoint","urlTemplate":"https:\/\/www.noticiasradioreflejos.com.ar\/2021\/?s={search_term_string}"},"query-input":{"@type":"PropertyValueSpecification","valueRequired":true,"valueName":"search_term_string"}}],"inLanguage":"es"},{"@type":"Person","@id":"https:\/\/www.noticiasradioreflejos.com.ar\/2021\/#\/schema\/person\/ad82545263dcc5ec0996818884fd5fb1","name":"Arnaldo Botto","image":{"@type":"ImageObject","inLanguage":"es","@id":"https:\/\/www.noticiasradioreflejos.com.ar\/2021\/#\/schema\/person\/image\/","url":"https:\/\/secure.gravatar.com\/avatar\/55cb5e37c1efa326397366e6974cb338056df65cb50e7d64d1cf314e87504837?s=96&d=mm&r=g","contentUrl":"https:\/\/secure.gravatar.com\/avatar\/55cb5e37c1efa326397366e6974cb338056df65cb50e7d64d1cf314e87504837?s=96&d=mm&r=g","caption":"Arnaldo Botto"},"url":"https:\/\/www.noticiasradioreflejos.com.ar\/2021\/author\/arnaldo\/"}]}},"_links":{"self":[{"href":"https:\/\/www.noticiasradioreflejos.com.ar\/2021\/wp-json\/wp\/v2\/posts\/113791","targetHints":{"allow":["GET"]}}],"collection":[{"href":"https:\/\/www.noticiasradioreflejos.com.ar\/2021\/wp-json\/wp\/v2\/posts"}],"about":[{"href":"https:\/\/www.noticiasradioreflejos.com.ar\/2021\/wp-json\/wp\/v2\/types\/post"}],"author":[{"embeddable":true,"href":"https:\/\/www.noticiasradioreflejos.com.ar\/2021\/wp-json\/wp\/v2\/users\/3"}],"replies":[{"embeddable":true,"href":"https:\/\/www.noticiasradioreflejos.com.ar\/2021\/wp-json\/wp\/v2\/comments?post=113791"}],"version-history":[{"count":3,"href":"https:\/\/www.noticiasradioreflejos.com.ar\/2021\/wp-json\/wp\/v2\/posts\/113791\/revisions"}],"predecessor-version":[{"id":113808,"href":"https:\/\/www.noticiasradioreflejos.com.ar\/2021\/wp-json\/wp\/v2\/posts\/113791\/revisions\/113808"}],"wp:attachment":[{"href":"https:\/\/www.noticiasradioreflejos.com.ar\/2021\/wp-json\/wp\/v2\/media?parent=113791"}],"wp:term":[{"taxonomy":"category","embeddable":true,"href":"https:\/\/www.noticiasradioreflejos.com.ar\/2021\/wp-json\/wp\/v2\/categories?post=113791"},{"taxonomy":"post_tag","embeddable":true,"href":"https:\/\/www.noticiasradioreflejos.com.ar\/2021\/wp-json\/wp\/v2\/tags?post=113791"}],"curies":[{"name":"wp","href":"https:\/\/api.w.org\/{rel}","templated":true}]}}