{"id":113753,"date":"2025-03-10T07:31:49","date_gmt":"2025-03-10T10:31:49","guid":{"rendered":"https:\/\/www.noticiasradioreflejos.com.ar\/2021\/?p=113753"},"modified":"2025-03-10T07:53:05","modified_gmt":"2025-03-10T10:53:05","slug":"dia-nacional-del-guitarrista-por-que-se-celebra-hoy-10-de-marzo-en-argentina","status":"publish","type":"post","link":"https:\/\/www.noticiasradioreflejos.com.ar\/2021\/dia-nacional-del-guitarrista-por-que-se-celebra-hoy-10-de-marzo-en-argentina\/","title":{"rendered":"D\u00eda Nacional del Guitarrista: \u00bfpor qu\u00e9 se celebra hoy, 10 de marzo, en Argentina?"},"content":{"rendered":"<p>La fecha conmemora el nacimiento de uno de los m\u00e1ximos exponentes del rock nacional. Su historia y el impacto que tuvo en la m\u00fasica del pa\u00eds<!--more--><\/p>\n<div class=\"body-article \">\n<div class=\"visual__image image-full-width\"><picture><source srcset=\"https:\/\/www.infobae.com\/resizer\/v2\/BRO2RWWX3RASBK7WWITQ4B7QJ4.jpg?auth=dbac74e290e9617d84489ce71afdb7430306c709134fa2830626c0402939443f&amp;smart=true&amp;width=1200&amp;height=675&amp;quality=85\" media=\"(min-width: 1200px)\" \/><source srcset=\"https:\/\/www.infobae.com\/resizer\/v2\/BRO2RWWX3RASBK7WWITQ4B7QJ4.jpg?auth=dbac74e290e9617d84489ce71afdb7430306c709134fa2830626c0402939443f&amp;smart=true&amp;width=992&amp;height=558&amp;quality=85\" media=\"(min-width: 1000px)\" \/><source srcset=\"https:\/\/www.infobae.com\/resizer\/v2\/BRO2RWWX3RASBK7WWITQ4B7QJ4.jpg?auth=dbac74e290e9617d84489ce71afdb7430306c709134fa2830626c0402939443f&amp;smart=true&amp;width=768&amp;height=432&amp;quality=85\" media=\"(min-width: 768px)\" \/><source srcset=\"https:\/\/www.infobae.com\/resizer\/v2\/BRO2RWWX3RASBK7WWITQ4B7QJ4.jpg?auth=dbac74e290e9617d84489ce71afdb7430306c709134fa2830626c0402939443f&amp;smart=true&amp;width=577&amp;height=325&amp;quality=85\" media=\"(min-width: 580px)\" \/><source srcset=\"https:\/\/www.infobae.com\/resizer\/v2\/BRO2RWWX3RASBK7WWITQ4B7QJ4.jpg?auth=dbac74e290e9617d84489ce71afdb7430306c709134fa2830626c0402939443f&amp;smart=true&amp;width=420&amp;height=236&amp;quality=85\" media=\"(min-width: 350px)\" \/><source srcset=\"https:\/\/www.infobae.com\/resizer\/v2\/BRO2RWWX3RASBK7WWITQ4B7QJ4.jpg?auth=dbac74e290e9617d84489ce71afdb7430306c709134fa2830626c0402939443f&amp;smart=true&amp;width=350&amp;height=197&amp;quality=85\" media=\"(min-width: 80px)\" \/><\/picture>La ley que instituy\u00f3 el D\u00eda del Guitarrista fue presentada en 2013 por Daniel Filmus (Imagen Ilustrativa Infobae)<\/div>\n<p class=\"paragraph\" data-mrf-recirculation=\"Links inline\">La\u00a0<a title=\"https:\/\/www.infobae.com\/tag\/musica\/\" href=\"https:\/\/www.infobae.com\/tag\/musica\/\" target=\"_blank\" rel=\"noopener noreferrer\" data-mrf-link=\"https:\/\/www.infobae.com\/tag\/musica\/\">m\u00fasica<\/a>\u00a0tiene el poder de trascender generaciones y convertir a ciertos artistas en\u00a0<b>verdaderos \u00edconos culturales<\/b>. En Argentina, el\u00a0<a title=\"https:\/\/www.infobae.com\/tag\/rock-nacional\/\" href=\"https:\/\/www.infobae.com\/tag\/rock-nacional\/\" target=\"_blank\" rel=\"noopener noreferrer\" data-mrf-link=\"https:\/\/www.infobae.com\/tag\/rock-nacional\/\">rock<\/a> fue m\u00e1s que un g\u00e9nero musical: es una expresi\u00f3n de identidad que acompa\u00f1\u00f3 momentos hist\u00f3ricos y dio lugar a figuras inolvidables.<\/p>\n<p class=\"paragraph\" data-mrf-recirculation=\"Links inline\">Entre ellas, los guitarristas jugaron un papel fundamental, creando melod\u00edas que quedaron grabadas en la memoria colectiva. Cada 10 de marzo, el pa\u00eds celebra a quienes con su\u00a0<a title=\"https:\/\/www.infobae.com\/tag\/guitarra\/\" href=\"https:\/\/www.infobae.com\/tag\/guitarra\/\" target=\"_blank\" rel=\"noopener noreferrer\" data-mrf-link=\"https:\/\/www.infobae.com\/tag\/guitarra\/\">guitarra<\/a><b>\u00a0marcaron el rumbo del rock nacional<\/b>.<\/p>\n<p class=\"paragraph\" data-mrf-recirculation=\"Links inline\">Esta fecha no solo recuerda el talento y la pasi\u00f3n de un m\u00fasico en particular, sino que tambi\u00e9n rinde homenaje a un instrumento que fue el alma de innumerables canciones.<\/p>\n<div class=\"news-module\" data-mrf-recirculation=\"IL_wv5lqF4aQ7G5etrMMyn62Q\" data-testid=\"text-html\" data-mrf-experience=\"IL_wv5lqF4aQ7G5etrMMyn62Q\">\n<div class=\"recommended-card__info\">\n<div class=\"recommended-card__info-button recommended-card__info-button--deportes\"><\/div>\n<\/div>\n<\/div>\n<div class=\"visual__image image-full-width\"><picture><source srcset=\"https:\/\/www.infobae.com\/resizer\/v2\/OMBOVXXDOVELHAO4AFNAE7SPTQ.jpg?auth=02822e742475a64f7a8f932bd6e9dbb8d97254008d2b8573163d1d1bbde365a5&amp;smart=true&amp;width=1200&amp;height=675&amp;quality=85\" media=\"(min-width: 1200px)\" \/><source srcset=\"https:\/\/www.infobae.com\/resizer\/v2\/OMBOVXXDOVELHAO4AFNAE7SPTQ.jpg?auth=02822e742475a64f7a8f932bd6e9dbb8d97254008d2b8573163d1d1bbde365a5&amp;smart=true&amp;width=992&amp;height=558&amp;quality=85\" media=\"(min-width: 1000px)\" \/><source srcset=\"https:\/\/www.infobae.com\/resizer\/v2\/OMBOVXXDOVELHAO4AFNAE7SPTQ.jpg?auth=02822e742475a64f7a8f932bd6e9dbb8d97254008d2b8573163d1d1bbde365a5&amp;smart=true&amp;width=768&amp;height=432&amp;quality=85\" media=\"(min-width: 768px)\" \/><source srcset=\"https:\/\/www.infobae.com\/resizer\/v2\/OMBOVXXDOVELHAO4AFNAE7SPTQ.jpg?auth=02822e742475a64f7a8f932bd6e9dbb8d97254008d2b8573163d1d1bbde365a5&amp;smart=true&amp;width=577&amp;height=325&amp;quality=85\" media=\"(min-width: 580px)\" \/><source srcset=\"https:\/\/www.infobae.com\/resizer\/v2\/OMBOVXXDOVELHAO4AFNAE7SPTQ.jpg?auth=02822e742475a64f7a8f932bd6e9dbb8d97254008d2b8573163d1d1bbde365a5&amp;smart=true&amp;width=420&amp;height=236&amp;quality=85\" media=\"(min-width: 350px)\" \/><source srcset=\"https:\/\/www.infobae.com\/resizer\/v2\/OMBOVXXDOVELHAO4AFNAE7SPTQ.jpg?auth=02822e742475a64f7a8f932bd6e9dbb8d97254008d2b8573163d1d1bbde365a5&amp;smart=true&amp;width=350&amp;height=197&amp;quality=85\" media=\"(min-width: 80px)\" \/><img loading=\"lazy\" decoding=\"async\" class=\"global-image\" src=\"https:\/\/www.infobae.com\/resizer\/v2\/OMBOVXXDOVELHAO4AFNAE7SPTQ.jpg?auth=02822e742475a64f7a8f932bd6e9dbb8d97254008d2b8573163d1d1bbde365a5&amp;smart=true&amp;width=350&amp;height=197&amp;quality=85\" alt=\"Pappo lider\u00f3 bandas ic\u00f3nicas como\" width=\"1920\" height=\"1080\" \/><\/picture><em>Pappo lider\u00f3 bandas ic\u00f3nicas como Pappo\u2019s Blues y Riff, marcando la historia del rock argentino<\/em><\/div>\n<div class=\"headline-wrapper\">\n<h2><\/h2>\n<h2 class=\"header headline-class-h2\">Cu\u00e1l es el origen del D\u00eda Nacional del Guitarrista<\/h2>\n<\/div>\n<p class=\"paragraph\" data-mrf-recirculation=\"Links inline\">Cada 10 de marzo, Argentina\u00a0<b>rinde homenaje a Norberto \u201cPappo\u201d Napolitano<\/b>, uno de los m\u00e1ximos exponentes del rock y el blues en el pa\u00eds. La fecha, establecida en 2013, conmemora el nacimiento del legendario guitarrista, quien dej\u00f3 una huella imborrable en la m\u00fasica nacional.<\/p>\n<div class=\"inline_2_DSK ad-wrapper ad-desktop\">\n<div class=\"dfpAd ad-inline\"><\/div>\n<\/div>\n<p class=\"paragraph\" data-mrf-recirculation=\"Links inline\">Pappo naci\u00f3 el\u00a0<b>10 de marzo de 1950\u00a0<\/b>en el barrio porte\u00f1o de La Paternal. A lo largo de su carrera, form\u00f3 parte de bandas fundamentales para la escena del rock argentino. Su talento y estilo influyeron en generaciones de m\u00fasicos, consolid\u00e1ndolo como un referente indiscutido del g\u00e9nero.<\/p>\n<p class=\"paragraph\" data-mrf-recirculation=\"Links inline\">La iniciativa de instituir el \u201c<b>D\u00eda del Guitarrista de Rock Nacional<\/b>\u201d surgi\u00f3 a trav\u00e9s de un proyecto de ley presentado en 2013 por\u00a0<b>Daniel Filmus<\/b>. La propuesta busc\u00f3 reconocer la importancia de Pappo en la cultura argentina y establecer un d\u00eda para celebrar el legado de los guitarristas de rock.<\/p>\n<div class=\"headline-wrapper\">\n<h2 class=\"header headline-class-h2\">La carrera de Norberto \u201cPappo\u201d Napolitano<\/h2>\n<\/div>\n<p class=\"paragraph\" data-mrf-recirculation=\"Links inline\">A lo largo de su carrera, form\u00f3 parte de bandas fundamentales para la escena del rock argentino, como\u00a0<b>Los Gatos, Los Abuelos de la Nada, Engranaje, Conexi\u00f3n N\u00ba 5, Aeroblus y La Pesada del Rock and Roll<\/b>.<\/p>\n<p class=\"paragraph\" data-mrf-recirculation=\"Links inline\">Sin embargo, su impronta personal se consolid\u00f3 con la creaci\u00f3n de\u00a0<b>Pappo\u2019s Blues<\/b>\u00a0en la d\u00e9cada de 1970 y\u00a0<b>Riff\u00a0<\/b>en los a\u00f1os 80, banda que marc\u00f3 un antes y un despu\u00e9s en el heavy metal argentino.<\/p>\n<p class=\"paragraph\" data-mrf-recirculation=\"Links inline\">Entre sus canciones m\u00e1s recordadas figuran \u201c<b>El hombre suburbano<\/b>\u201d, \u201c<b>Desconf\u00edo<\/b>\u201d, \u201c<b>Susy Cadillacs<\/b>\u201d, \u201c<b>Juntos a la par<\/b>\u201d y \u201c<b>Sube a mi voitur\u00e9<\/b>\u201d.<\/p>\n<p class=\"paragraph\" data-mrf-recirculation=\"Links inline\">En el a\u00f1o 2000, Pappo reuni\u00f3 a grandes figuras de la m\u00fasica nacional en el disco tributo \u201c<b>Pappo &amp; Amigos<\/b>\u201d, donde participaron bandas y artistas como A.N.I.M.A.L., Divididos, Andr\u00e9s Calamaro, La Renga, Viejas Locas, Vicentico, Adri\u00e1n Otero (Memphis) y Moris, entre otros.<\/p>\n<p class=\"paragraph\" data-mrf-recirculation=\"Links inline\">Su \u00faltimo trabajo de estudio, \u201c<b>Buscando un amor<\/b>\u201d, fue lanzado en octubre de 2003 y presentado en vivo el 18 de junio de 2004 en un show de m\u00e1s de dos horas en \u201cEl Teatro\u201d, donde demostr\u00f3 su vigencia y pasi\u00f3n por el escenario, acompa\u00f1ado por Bolsa Gonz\u00e1lez en bater\u00eda y Yulie Ruth en el bajo.<\/p>\n<p class=\"paragraph\" data-mrf-recirculation=\"Links inline\">Pappo\u00a0<b>muri\u00f3 tr\u00e1gicamente el 25 de febrero de 2005<\/b>\u00a0en un accidente de tr\u00e1nsito en la Ruta 5, cerca de Luj\u00e1n, Buenos Aires.<\/p>\n<div class=\"headline-wrapper\">\n<h2 class=\"header headline-class-h2\">Frases para enviar por Whatsapp en el D\u00eda del Guitarrista<\/h2>\n<\/div>\n<ol class=\"list\" data-icon=\"\u2b24\">\n<li data-icon=\"\u2b24\">\u201cHoy el rock suena m\u00e1s fuerte. Feliz D\u00eda del Guitarrista en honor al gran Pappo\u201d.<\/li>\n<li data-icon=\"\u2b24\">\u201cDesconf\u00edo de la vida\u2026 pero nunca del poder de una guitarra. \u00a1Feliz D\u00eda del Guitarrista!\u201d.<\/li>\n<li data-icon=\"\u2b24\">\u201cSub\u00ed el volumen y dej\u00e1 que el rock haga lo suyo. \u00a1Feliz D\u00eda del Guitarrista!\u201d.<\/li>\n<li data-icon=\"\u2b24\">\u201cHoy celebramos a los que hacen vibrar el alma con una guitarra en mano. \u00a1Feliz D\u00eda del Guitarrista!\u201d.<\/li>\n<li data-icon=\"\u2b24\">\u201cPappo vive en cada riff que nos eriza la piel. \u00a1Feliz D\u00eda del Guitarrista de Rock Nacional!\u201d.<\/li>\n<\/ol>\n<\/div>\n<p>&nbsp;<\/p>\n<p>&nbsp;<\/p>\n<p>&nbsp;<\/p>\n<p><strong>Fuente Infobae<\/strong><\/p>\n","protected":false},"excerpt":{"rendered":"<p>La fecha conmemora el nacimiento de uno de los m\u00e1ximos exponentes del rock nacional. Su historia y el impacto que tuvo en la m\u00fasica del pa\u00eds<\/p>\n","protected":false},"author":3,"featured_media":113754,"comment_status":"closed","ping_status":"closed","sticky":false,"template":"","format":"standard","meta":{"footnotes":""},"categories":[35],"tags":[],"class_list":["post-113753","post","type-post","status-publish","format-standard","has-post-thumbnail","hentry","category-cultura"],"yoast_head":"<!-- This site is optimized with the Yoast SEO plugin v25.9 - https:\/\/yoast.com\/wordpress\/plugins\/seo\/ -->\n<title>D\u00eda Nacional del Guitarrista: \u00bfpor qu\u00e9 se celebra hoy, 10 de marzo, en Argentina? - Noticias Radio Reflejos<\/title>\n<meta name=\"robots\" content=\"index, follow, max-snippet:-1, max-image-preview:large, max-video-preview:-1\" \/>\n<link rel=\"canonical\" href=\"https:\/\/www.noticiasradioreflejos.com.ar\/2021\/dia-nacional-del-guitarrista-por-que-se-celebra-hoy-10-de-marzo-en-argentina\/\" \/>\n<meta property=\"og:locale\" content=\"es_ES\" \/>\n<meta property=\"og:type\" content=\"article\" \/>\n<meta property=\"og:title\" content=\"D\u00eda Nacional del Guitarrista: \u00bfpor qu\u00e9 se celebra hoy, 10 de marzo, en Argentina? - Noticias Radio Reflejos\" \/>\n<meta property=\"og:description\" content=\"La fecha conmemora el nacimiento de uno de los m\u00e1ximos exponentes del rock nacional. Su historia y el impacto que tuvo en la m\u00fasica del pa\u00eds\" \/>\n<meta property=\"og:url\" content=\"https:\/\/www.noticiasradioreflejos.com.ar\/2021\/dia-nacional-del-guitarrista-por-que-se-celebra-hoy-10-de-marzo-en-argentina\/\" \/>\n<meta property=\"og:site_name\" content=\"Noticias Radio Reflejos\" \/>\n<meta property=\"article:published_time\" content=\"2025-03-10T10:31:49+00:00\" \/>\n<meta property=\"article:modified_time\" content=\"2025-03-10T10:53:05+00:00\" \/>\n<meta property=\"og:image\" content=\"https:\/\/www.noticiasradioreflejos.com.ar\/2021\/wp-content\/uploads\/2025\/03\/Guitarra.jpg\" \/>\n\t<meta property=\"og:image:width\" content=\"768\" \/>\n\t<meta property=\"og:image:height\" content=\"432\" \/>\n\t<meta property=\"og:image:type\" content=\"image\/jpeg\" \/>\n<meta name=\"author\" content=\"Arnaldo Botto\" \/>\n<meta name=\"twitter:card\" content=\"summary_large_image\" \/>\n<script type=\"application\/ld+json\" class=\"yoast-schema-graph\">{\"@context\":\"https:\/\/schema.org\",\"@graph\":[{\"@type\":\"WebPage\",\"@id\":\"https:\/\/www.noticiasradioreflejos.com.ar\/2021\/dia-nacional-del-guitarrista-por-que-se-celebra-hoy-10-de-marzo-en-argentina\/\",\"url\":\"https:\/\/www.noticiasradioreflejos.com.ar\/2021\/dia-nacional-del-guitarrista-por-que-se-celebra-hoy-10-de-marzo-en-argentina\/\",\"name\":\"D\u00eda Nacional del Guitarrista: \u00bfpor qu\u00e9 se celebra hoy, 10 de marzo, en Argentina? - Noticias Radio Reflejos\",\"isPartOf\":{\"@id\":\"https:\/\/www.noticiasradioreflejos.com.ar\/2021\/#website\"},\"primaryImageOfPage\":{\"@id\":\"https:\/\/www.noticiasradioreflejos.com.ar\/2021\/dia-nacional-del-guitarrista-por-que-se-celebra-hoy-10-de-marzo-en-argentina\/#primaryimage\"},\"image\":{\"@id\":\"https:\/\/www.noticiasradioreflejos.com.ar\/2021\/dia-nacional-del-guitarrista-por-que-se-celebra-hoy-10-de-marzo-en-argentina\/#primaryimage\"},\"thumbnailUrl\":\"https:\/\/www.noticiasradioreflejos.com.ar\/2021\/wp-content\/uploads\/2025\/03\/Guitarra.jpg\",\"datePublished\":\"2025-03-10T10:31:49+00:00\",\"dateModified\":\"2025-03-10T10:53:05+00:00\",\"author\":{\"@id\":\"https:\/\/www.noticiasradioreflejos.com.ar\/2021\/#\/schema\/person\/ad82545263dcc5ec0996818884fd5fb1\"},\"breadcrumb\":{\"@id\":\"https:\/\/www.noticiasradioreflejos.com.ar\/2021\/dia-nacional-del-guitarrista-por-que-se-celebra-hoy-10-de-marzo-en-argentina\/#breadcrumb\"},\"inLanguage\":\"es\",\"potentialAction\":[{\"@type\":\"ReadAction\",\"target\":[\"https:\/\/www.noticiasradioreflejos.com.ar\/2021\/dia-nacional-del-guitarrista-por-que-se-celebra-hoy-10-de-marzo-en-argentina\/\"]}]},{\"@type\":\"ImageObject\",\"inLanguage\":\"es\",\"@id\":\"https:\/\/www.noticiasradioreflejos.com.ar\/2021\/dia-nacional-del-guitarrista-por-que-se-celebra-hoy-10-de-marzo-en-argentina\/#primaryimage\",\"url\":\"https:\/\/www.noticiasradioreflejos.com.ar\/2021\/wp-content\/uploads\/2025\/03\/Guitarra.jpg\",\"contentUrl\":\"https:\/\/www.noticiasradioreflejos.com.ar\/2021\/wp-content\/uploads\/2025\/03\/Guitarra.jpg\",\"width\":768,\"height\":432},{\"@type\":\"BreadcrumbList\",\"@id\":\"https:\/\/www.noticiasradioreflejos.com.ar\/2021\/dia-nacional-del-guitarrista-por-que-se-celebra-hoy-10-de-marzo-en-argentina\/#breadcrumb\",\"itemListElement\":[{\"@type\":\"ListItem\",\"position\":1,\"name\":\"Portada\",\"item\":\"https:\/\/www.noticiasradioreflejos.com.ar\/2021\/\"},{\"@type\":\"ListItem\",\"position\":2,\"name\":\"D\u00eda Nacional del Guitarrista: \u00bfpor qu\u00e9 se celebra hoy, 10 de marzo, en Argentina?\"}]},{\"@type\":\"WebSite\",\"@id\":\"https:\/\/www.noticiasradioreflejos.com.ar\/2021\/#website\",\"url\":\"https:\/\/www.noticiasradioreflejos.com.ar\/2021\/\",\"name\":\"Noticias Radio Reflejos\",\"description\":\"Las noticias de mi comarca\",\"potentialAction\":[{\"@type\":\"SearchAction\",\"target\":{\"@type\":\"EntryPoint\",\"urlTemplate\":\"https:\/\/www.noticiasradioreflejos.com.ar\/2021\/?s={search_term_string}\"},\"query-input\":{\"@type\":\"PropertyValueSpecification\",\"valueRequired\":true,\"valueName\":\"search_term_string\"}}],\"inLanguage\":\"es\"},{\"@type\":\"Person\",\"@id\":\"https:\/\/www.noticiasradioreflejos.com.ar\/2021\/#\/schema\/person\/ad82545263dcc5ec0996818884fd5fb1\",\"name\":\"Arnaldo Botto\",\"image\":{\"@type\":\"ImageObject\",\"inLanguage\":\"es\",\"@id\":\"https:\/\/www.noticiasradioreflejos.com.ar\/2021\/#\/schema\/person\/image\/\",\"url\":\"https:\/\/secure.gravatar.com\/avatar\/55cb5e37c1efa326397366e6974cb338056df65cb50e7d64d1cf314e87504837?s=96&d=mm&r=g\",\"contentUrl\":\"https:\/\/secure.gravatar.com\/avatar\/55cb5e37c1efa326397366e6974cb338056df65cb50e7d64d1cf314e87504837?s=96&d=mm&r=g\",\"caption\":\"Arnaldo Botto\"},\"url\":\"https:\/\/www.noticiasradioreflejos.com.ar\/2021\/author\/arnaldo\/\"}]}<\/script>\n<!-- \/ Yoast SEO plugin. -->","yoast_head_json":{"title":"D\u00eda Nacional del Guitarrista: \u00bfpor qu\u00e9 se celebra hoy, 10 de marzo, en Argentina? - Noticias Radio Reflejos","robots":{"index":"index","follow":"follow","max-snippet":"max-snippet:-1","max-image-preview":"max-image-preview:large","max-video-preview":"max-video-preview:-1"},"canonical":"https:\/\/www.noticiasradioreflejos.com.ar\/2021\/dia-nacional-del-guitarrista-por-que-se-celebra-hoy-10-de-marzo-en-argentina\/","og_locale":"es_ES","og_type":"article","og_title":"D\u00eda Nacional del Guitarrista: \u00bfpor qu\u00e9 se celebra hoy, 10 de marzo, en Argentina? - Noticias Radio Reflejos","og_description":"La fecha conmemora el nacimiento de uno de los m\u00e1ximos exponentes del rock nacional. Su historia y el impacto que tuvo en la m\u00fasica del pa\u00eds","og_url":"https:\/\/www.noticiasradioreflejos.com.ar\/2021\/dia-nacional-del-guitarrista-por-que-se-celebra-hoy-10-de-marzo-en-argentina\/","og_site_name":"Noticias Radio Reflejos","article_published_time":"2025-03-10T10:31:49+00:00","article_modified_time":"2025-03-10T10:53:05+00:00","og_image":[{"width":768,"height":432,"url":"https:\/\/www.noticiasradioreflejos.com.ar\/2021\/wp-content\/uploads\/2025\/03\/Guitarra.jpg","type":"image\/jpeg"}],"author":"Arnaldo Botto","twitter_card":"summary_large_image","schema":{"@context":"https:\/\/schema.org","@graph":[{"@type":"WebPage","@id":"https:\/\/www.noticiasradioreflejos.com.ar\/2021\/dia-nacional-del-guitarrista-por-que-se-celebra-hoy-10-de-marzo-en-argentina\/","url":"https:\/\/www.noticiasradioreflejos.com.ar\/2021\/dia-nacional-del-guitarrista-por-que-se-celebra-hoy-10-de-marzo-en-argentina\/","name":"D\u00eda Nacional del Guitarrista: \u00bfpor qu\u00e9 se celebra hoy, 10 de marzo, en Argentina? - Noticias Radio Reflejos","isPartOf":{"@id":"https:\/\/www.noticiasradioreflejos.com.ar\/2021\/#website"},"primaryImageOfPage":{"@id":"https:\/\/www.noticiasradioreflejos.com.ar\/2021\/dia-nacional-del-guitarrista-por-que-se-celebra-hoy-10-de-marzo-en-argentina\/#primaryimage"},"image":{"@id":"https:\/\/www.noticiasradioreflejos.com.ar\/2021\/dia-nacional-del-guitarrista-por-que-se-celebra-hoy-10-de-marzo-en-argentina\/#primaryimage"},"thumbnailUrl":"https:\/\/www.noticiasradioreflejos.com.ar\/2021\/wp-content\/uploads\/2025\/03\/Guitarra.jpg","datePublished":"2025-03-10T10:31:49+00:00","dateModified":"2025-03-10T10:53:05+00:00","author":{"@id":"https:\/\/www.noticiasradioreflejos.com.ar\/2021\/#\/schema\/person\/ad82545263dcc5ec0996818884fd5fb1"},"breadcrumb":{"@id":"https:\/\/www.noticiasradioreflejos.com.ar\/2021\/dia-nacional-del-guitarrista-por-que-se-celebra-hoy-10-de-marzo-en-argentina\/#breadcrumb"},"inLanguage":"es","potentialAction":[{"@type":"ReadAction","target":["https:\/\/www.noticiasradioreflejos.com.ar\/2021\/dia-nacional-del-guitarrista-por-que-se-celebra-hoy-10-de-marzo-en-argentina\/"]}]},{"@type":"ImageObject","inLanguage":"es","@id":"https:\/\/www.noticiasradioreflejos.com.ar\/2021\/dia-nacional-del-guitarrista-por-que-se-celebra-hoy-10-de-marzo-en-argentina\/#primaryimage","url":"https:\/\/www.noticiasradioreflejos.com.ar\/2021\/wp-content\/uploads\/2025\/03\/Guitarra.jpg","contentUrl":"https:\/\/www.noticiasradioreflejos.com.ar\/2021\/wp-content\/uploads\/2025\/03\/Guitarra.jpg","width":768,"height":432},{"@type":"BreadcrumbList","@id":"https:\/\/www.noticiasradioreflejos.com.ar\/2021\/dia-nacional-del-guitarrista-por-que-se-celebra-hoy-10-de-marzo-en-argentina\/#breadcrumb","itemListElement":[{"@type":"ListItem","position":1,"name":"Portada","item":"https:\/\/www.noticiasradioreflejos.com.ar\/2021\/"},{"@type":"ListItem","position":2,"name":"D\u00eda Nacional del Guitarrista: \u00bfpor qu\u00e9 se celebra hoy, 10 de marzo, en Argentina?"}]},{"@type":"WebSite","@id":"https:\/\/www.noticiasradioreflejos.com.ar\/2021\/#website","url":"https:\/\/www.noticiasradioreflejos.com.ar\/2021\/","name":"Noticias Radio Reflejos","description":"Las noticias de mi comarca","potentialAction":[{"@type":"SearchAction","target":{"@type":"EntryPoint","urlTemplate":"https:\/\/www.noticiasradioreflejos.com.ar\/2021\/?s={search_term_string}"},"query-input":{"@type":"PropertyValueSpecification","valueRequired":true,"valueName":"search_term_string"}}],"inLanguage":"es"},{"@type":"Person","@id":"https:\/\/www.noticiasradioreflejos.com.ar\/2021\/#\/schema\/person\/ad82545263dcc5ec0996818884fd5fb1","name":"Arnaldo Botto","image":{"@type":"ImageObject","inLanguage":"es","@id":"https:\/\/www.noticiasradioreflejos.com.ar\/2021\/#\/schema\/person\/image\/","url":"https:\/\/secure.gravatar.com\/avatar\/55cb5e37c1efa326397366e6974cb338056df65cb50e7d64d1cf314e87504837?s=96&d=mm&r=g","contentUrl":"https:\/\/secure.gravatar.com\/avatar\/55cb5e37c1efa326397366e6974cb338056df65cb50e7d64d1cf314e87504837?s=96&d=mm&r=g","caption":"Arnaldo Botto"},"url":"https:\/\/www.noticiasradioreflejos.com.ar\/2021\/author\/arnaldo\/"}]}},"_links":{"self":[{"href":"https:\/\/www.noticiasradioreflejos.com.ar\/2021\/wp-json\/wp\/v2\/posts\/113753","targetHints":{"allow":["GET"]}}],"collection":[{"href":"https:\/\/www.noticiasradioreflejos.com.ar\/2021\/wp-json\/wp\/v2\/posts"}],"about":[{"href":"https:\/\/www.noticiasradioreflejos.com.ar\/2021\/wp-json\/wp\/v2\/types\/post"}],"author":[{"embeddable":true,"href":"https:\/\/www.noticiasradioreflejos.com.ar\/2021\/wp-json\/wp\/v2\/users\/3"}],"replies":[{"embeddable":true,"href":"https:\/\/www.noticiasradioreflejos.com.ar\/2021\/wp-json\/wp\/v2\/comments?post=113753"}],"version-history":[{"count":1,"href":"https:\/\/www.noticiasradioreflejos.com.ar\/2021\/wp-json\/wp\/v2\/posts\/113753\/revisions"}],"predecessor-version":[{"id":113755,"href":"https:\/\/www.noticiasradioreflejos.com.ar\/2021\/wp-json\/wp\/v2\/posts\/113753\/revisions\/113755"}],"wp:featuredmedia":[{"embeddable":true,"href":"https:\/\/www.noticiasradioreflejos.com.ar\/2021\/wp-json\/wp\/v2\/media\/113754"}],"wp:attachment":[{"href":"https:\/\/www.noticiasradioreflejos.com.ar\/2021\/wp-json\/wp\/v2\/media?parent=113753"}],"wp:term":[{"taxonomy":"category","embeddable":true,"href":"https:\/\/www.noticiasradioreflejos.com.ar\/2021\/wp-json\/wp\/v2\/categories?post=113753"},{"taxonomy":"post_tag","embeddable":true,"href":"https:\/\/www.noticiasradioreflejos.com.ar\/2021\/wp-json\/wp\/v2\/tags?post=113753"}],"curies":[{"name":"wp","href":"https:\/\/api.w.org\/{rel}","templated":true}]}}