{"id":11371,"date":"2017-06-19T08:34:17","date_gmt":"2017-06-19T11:34:17","guid":{"rendered":"http:\/\/www.noticiasradioreflejos.com.ar\/noticias\/?p=11371"},"modified":"2017-06-19T08:34:17","modified_gmt":"2017-06-19T11:34:17","slug":"lucila-gertner-se-quedo-con-el-pozo-mayor","status":"publish","type":"post","link":"https:\/\/www.noticiasradioreflejos.com.ar\/2021\/lucila-gertner-se-quedo-con-el-pozo-mayor\/","title":{"rendered":"Lucila Gertner se qued\u00f3 con el pozo mayor"},"content":{"rendered":"<p>El viernes por la noche se llev\u00f3 a cabo el primer Entretenimiento Familiar Azulgrana en el fog\u00f3n de la instituci\u00f3n. Con un sal\u00f3n colmado (m\u00e1s de 130 personas se hicieron presentes), pasadas las 21 hs comenz\u00f3 la actividad.<!--more--><br \/>\nEl excelente servicio de cantina del club con choripanes, bondiolitas, empanadas, bebidas varias, tortas y caf\u00e9 dej\u00f3 a los comensales sumamente conformes.<br \/>\nLas jugadas se realizaron de la siguiente manera.<br \/>\n<u>Primera jugada Especial:<\/u> L\u00ednea $170 <strong>(Lourdes Rossi)<\/strong>, Cart\u00f3n lleno $650 <strong>(Susana Ort\u00edz)<\/strong>.<br \/>\n<u>Jugada Primera Ronda:<\/u> L\u00ednea $200 <strong>(Mauricio Grassi)<\/strong>, Cart\u00f3n lleno $2000 <strong>(Consuelo Bacci)<\/strong>.<br \/>\n<u>Segunda jugada Especial:<\/u> L\u00ednea $190 <strong>(Patricia Toloza)<\/strong>, Cart\u00f3n lleno $740 <strong>(Luis Sep\u00falveda \u2013 Don\u00f3 $50)<\/strong>.<br \/>\n<u>Tercera jugada Especial:<\/u> L\u00ednea $200 <strong>(Guillermo Calcumil)<\/strong>, Cart\u00f3n lleno $800 <strong>(Fidela Alan\u00edz)<\/strong>.<br \/>\n<u>Jugada Segunda Ronda:<\/u> L\u00ednea $300 <strong>(Fernando Garc\u00eda)<\/strong>, Cart\u00f3n lleno $3000 <strong>(Mirta Blanco y Esther Sandobal &#8211; $1500 cada una &#8211; Donaron $300 cada una).<\/strong><br \/>\n<u>Cuarta jugada Especial:<\/u> L\u00ednea $200 <strong>(N\u00e9stor Schmidtke)<\/strong>, Cart\u00f3n lleno $800 <strong>(Ayl\u00e9n Tabi y Gabriela Andreu &#8211; $400 cada una)<\/strong>.<br \/>\n<u>Quinta jugada Especial:<\/u> L\u00ednea $300 <strong>(Guillermina Mutti<\/strong>), Cart\u00f3n lleno $1400 <strong>(\u00c1ngel \u201cPiturro\u201d Fern\u00e1ndez \u2013 Don\u00f3 $300).<\/strong><br \/>\nPrevio a la \u00faltima jugada de la noche, el Automoto Club Deportivo en agradecimiento a todos los presentes, regal\u00f3 dos cartones a cada uno. El premio de la l\u00ednea fue de $200 <strong>(ganadora Sonia Torrecilla)<\/strong> y el cart\u00f3n lleno $800 <strong>(ganador \u00c1ngel \u201cPiturro\u201d Fern\u00e1ndez \u2013 Don\u00f3 $300)<\/strong><br \/>\n<u>Jugada Tercera Ronda:<\/u> L\u00ednea $500 <strong>(Blanca Bustos)<\/strong>, Cart\u00f3n lleno $5000 <strong>(Lucila Gertner).<\/strong><br \/>\n&nbsp;<br \/>\nEn el medio de la noche se realizaron sorteos con premios de diferentes casas comerciales que colaboraron para el evento.<br \/>\n3 budines de Almendra (Victoria Rodr\u00edguez, Mario Bartolini, Valeria Garrido)<br \/>\n1 premio de Constantino (Viviana Heim)<br \/>\n2 premios de Lib\u00e9lulas (Gustavo Ru\u00edz y Norma Schwab)<br \/>\n2 premios de Ferreter\u00eda Alemana (Mar\u00eda Polak y Rub\u00e9n Ib\u00e1\u00f1ez)<br \/>\n1 premio de Dasha (Cristina Cenizo)<br \/>\n1 Remera Uno m\u00e1s Uno Indumentaria (Yesica Storm)<br \/>\n1 Cena en Confiter\u00eda Automoto (Mar\u00eda Ferreyra)<br \/>\n1 Growler de Berraco Parce (Dar\u00edo Taylor)<br \/>\n1 Bingo para el Gran Entretenimiento Familiar Azulgrana del mes de Noviembre (Sonia Torrecilla)<br \/>\n&nbsp;<br \/>\nEl Automoto Club Deportivo agradece a todas las personas que trabajaron, colaboraron y se hicieron presentes en el Primer Entretenimiento Familiar.<br \/>\n&nbsp;<br \/>\n<em>Departamento de Prensa \u2013 Automoto Club Deportivo<\/em><\/p>\n","protected":false},"excerpt":{"rendered":"<p>El viernes por la noche se llev\u00f3 a cabo el primer Entretenimiento Familiar Azulgrana en el fog\u00f3n de la instituci\u00f3n. Con un sal\u00f3n colmado (m\u00e1s de 130 personas se hicieron presentes), pasadas las 21 hs comenz\u00f3 la actividad.<\/p>\n","protected":false},"author":3,"featured_media":0,"comment_status":"closed","ping_status":"open","sticky":false,"template":"","format":"standard","meta":{"footnotes":""},"categories":[27],"tags":[],"class_list":["post-11371","post","type-post","status-publish","format-standard","hentry","category-deportes"],"yoast_head":"<!-- This site is optimized with the Yoast SEO plugin v25.9 - https:\/\/yoast.com\/wordpress\/plugins\/seo\/ -->\n<title>Lucila Gertner se qued\u00f3 con el pozo mayor - Noticias Radio Reflejos<\/title>\n<meta name=\"robots\" content=\"index, follow, max-snippet:-1, max-image-preview:large, max-video-preview:-1\" \/>\n<link rel=\"canonical\" href=\"https:\/\/www.noticiasradioreflejos.com.ar\/2021\/lucila-gertner-se-quedo-con-el-pozo-mayor\/\" \/>\n<meta property=\"og:locale\" content=\"es_ES\" \/>\n<meta property=\"og:type\" content=\"article\" \/>\n<meta property=\"og:title\" content=\"Lucila Gertner se qued\u00f3 con el pozo mayor - Noticias Radio Reflejos\" \/>\n<meta property=\"og:description\" content=\"El viernes por la noche se llev\u00f3 a cabo el primer Entretenimiento Familiar Azulgrana en el fog\u00f3n de la instituci\u00f3n. Con un sal\u00f3n colmado (m\u00e1s de 130 personas se hicieron presentes), pasadas las 21 hs comenz\u00f3 la actividad.\" \/>\n<meta property=\"og:url\" content=\"https:\/\/www.noticiasradioreflejos.com.ar\/2021\/lucila-gertner-se-quedo-con-el-pozo-mayor\/\" \/>\n<meta property=\"og:site_name\" content=\"Noticias Radio Reflejos\" \/>\n<meta property=\"article:published_time\" content=\"2017-06-19T11:34:17+00:00\" \/>\n<meta property=\"og:image\" content=\"https:\/\/www.noticiasradioreflejos.com.ar\/2021\/wp-content\/uploads\/2021\/07\/logosol300x200.png\" \/>\n\t<meta property=\"og:image:width\" content=\"300\" \/>\n\t<meta property=\"og:image:height\" content=\"200\" \/>\n\t<meta property=\"og:image:type\" content=\"image\/png\" \/>\n<meta name=\"author\" content=\"Arnaldo Botto\" \/>\n<meta name=\"twitter:card\" content=\"summary_large_image\" \/>\n<script type=\"application\/ld+json\" class=\"yoast-schema-graph\">{\"@context\":\"https:\/\/schema.org\",\"@graph\":[{\"@type\":\"WebPage\",\"@id\":\"https:\/\/www.noticiasradioreflejos.com.ar\/2021\/lucila-gertner-se-quedo-con-el-pozo-mayor\/\",\"url\":\"https:\/\/www.noticiasradioreflejos.com.ar\/2021\/lucila-gertner-se-quedo-con-el-pozo-mayor\/\",\"name\":\"Lucila Gertner se qued\u00f3 con el pozo mayor - Noticias Radio Reflejos\",\"isPartOf\":{\"@id\":\"https:\/\/www.noticiasradioreflejos.com.ar\/2021\/#website\"},\"datePublished\":\"2017-06-19T11:34:17+00:00\",\"author\":{\"@id\":\"https:\/\/www.noticiasradioreflejos.com.ar\/2021\/#\/schema\/person\/ad82545263dcc5ec0996818884fd5fb1\"},\"breadcrumb\":{\"@id\":\"https:\/\/www.noticiasradioreflejos.com.ar\/2021\/lucila-gertner-se-quedo-con-el-pozo-mayor\/#breadcrumb\"},\"inLanguage\":\"es\",\"potentialAction\":[{\"@type\":\"ReadAction\",\"target\":[\"https:\/\/www.noticiasradioreflejos.com.ar\/2021\/lucila-gertner-se-quedo-con-el-pozo-mayor\/\"]}]},{\"@type\":\"BreadcrumbList\",\"@id\":\"https:\/\/www.noticiasradioreflejos.com.ar\/2021\/lucila-gertner-se-quedo-con-el-pozo-mayor\/#breadcrumb\",\"itemListElement\":[{\"@type\":\"ListItem\",\"position\":1,\"name\":\"Portada\",\"item\":\"https:\/\/www.noticiasradioreflejos.com.ar\/2021\/\"},{\"@type\":\"ListItem\",\"position\":2,\"name\":\"Lucila Gertner se qued\u00f3 con el pozo mayor\"}]},{\"@type\":\"WebSite\",\"@id\":\"https:\/\/www.noticiasradioreflejos.com.ar\/2021\/#website\",\"url\":\"https:\/\/www.noticiasradioreflejos.com.ar\/2021\/\",\"name\":\"Noticias Radio Reflejos\",\"description\":\"Las noticias de mi comarca\",\"potentialAction\":[{\"@type\":\"SearchAction\",\"target\":{\"@type\":\"EntryPoint\",\"urlTemplate\":\"https:\/\/www.noticiasradioreflejos.com.ar\/2021\/?s={search_term_string}\"},\"query-input\":{\"@type\":\"PropertyValueSpecification\",\"valueRequired\":true,\"valueName\":\"search_term_string\"}}],\"inLanguage\":\"es\"},{\"@type\":\"Person\",\"@id\":\"https:\/\/www.noticiasradioreflejos.com.ar\/2021\/#\/schema\/person\/ad82545263dcc5ec0996818884fd5fb1\",\"name\":\"Arnaldo Botto\",\"image\":{\"@type\":\"ImageObject\",\"inLanguage\":\"es\",\"@id\":\"https:\/\/www.noticiasradioreflejos.com.ar\/2021\/#\/schema\/person\/image\/\",\"url\":\"https:\/\/secure.gravatar.com\/avatar\/55cb5e37c1efa326397366e6974cb338056df65cb50e7d64d1cf314e87504837?s=96&d=mm&r=g\",\"contentUrl\":\"https:\/\/secure.gravatar.com\/avatar\/55cb5e37c1efa326397366e6974cb338056df65cb50e7d64d1cf314e87504837?s=96&d=mm&r=g\",\"caption\":\"Arnaldo Botto\"},\"url\":\"https:\/\/www.noticiasradioreflejos.com.ar\/2021\/author\/arnaldo\/\"}]}<\/script>\n<!-- \/ Yoast SEO plugin. -->","yoast_head_json":{"title":"Lucila Gertner se qued\u00f3 con el pozo mayor - Noticias Radio Reflejos","robots":{"index":"index","follow":"follow","max-snippet":"max-snippet:-1","max-image-preview":"max-image-preview:large","max-video-preview":"max-video-preview:-1"},"canonical":"https:\/\/www.noticiasradioreflejos.com.ar\/2021\/lucila-gertner-se-quedo-con-el-pozo-mayor\/","og_locale":"es_ES","og_type":"article","og_title":"Lucila Gertner se qued\u00f3 con el pozo mayor - Noticias Radio Reflejos","og_description":"El viernes por la noche se llev\u00f3 a cabo el primer Entretenimiento Familiar Azulgrana en el fog\u00f3n de la instituci\u00f3n. Con un sal\u00f3n colmado (m\u00e1s de 130 personas se hicieron presentes), pasadas las 21 hs comenz\u00f3 la actividad.","og_url":"https:\/\/www.noticiasradioreflejos.com.ar\/2021\/lucila-gertner-se-quedo-con-el-pozo-mayor\/","og_site_name":"Noticias Radio Reflejos","article_published_time":"2017-06-19T11:34:17+00:00","og_image":[{"width":300,"height":200,"url":"https:\/\/www.noticiasradioreflejos.com.ar\/2021\/wp-content\/uploads\/2021\/07\/logosol300x200.png","type":"image\/png"}],"author":"Arnaldo Botto","twitter_card":"summary_large_image","schema":{"@context":"https:\/\/schema.org","@graph":[{"@type":"WebPage","@id":"https:\/\/www.noticiasradioreflejos.com.ar\/2021\/lucila-gertner-se-quedo-con-el-pozo-mayor\/","url":"https:\/\/www.noticiasradioreflejos.com.ar\/2021\/lucila-gertner-se-quedo-con-el-pozo-mayor\/","name":"Lucila Gertner se qued\u00f3 con el pozo mayor - Noticias Radio Reflejos","isPartOf":{"@id":"https:\/\/www.noticiasradioreflejos.com.ar\/2021\/#website"},"datePublished":"2017-06-19T11:34:17+00:00","author":{"@id":"https:\/\/www.noticiasradioreflejos.com.ar\/2021\/#\/schema\/person\/ad82545263dcc5ec0996818884fd5fb1"},"breadcrumb":{"@id":"https:\/\/www.noticiasradioreflejos.com.ar\/2021\/lucila-gertner-se-quedo-con-el-pozo-mayor\/#breadcrumb"},"inLanguage":"es","potentialAction":[{"@type":"ReadAction","target":["https:\/\/www.noticiasradioreflejos.com.ar\/2021\/lucila-gertner-se-quedo-con-el-pozo-mayor\/"]}]},{"@type":"BreadcrumbList","@id":"https:\/\/www.noticiasradioreflejos.com.ar\/2021\/lucila-gertner-se-quedo-con-el-pozo-mayor\/#breadcrumb","itemListElement":[{"@type":"ListItem","position":1,"name":"Portada","item":"https:\/\/www.noticiasradioreflejos.com.ar\/2021\/"},{"@type":"ListItem","position":2,"name":"Lucila Gertner se qued\u00f3 con el pozo mayor"}]},{"@type":"WebSite","@id":"https:\/\/www.noticiasradioreflejos.com.ar\/2021\/#website","url":"https:\/\/www.noticiasradioreflejos.com.ar\/2021\/","name":"Noticias Radio Reflejos","description":"Las noticias de mi comarca","potentialAction":[{"@type":"SearchAction","target":{"@type":"EntryPoint","urlTemplate":"https:\/\/www.noticiasradioreflejos.com.ar\/2021\/?s={search_term_string}"},"query-input":{"@type":"PropertyValueSpecification","valueRequired":true,"valueName":"search_term_string"}}],"inLanguage":"es"},{"@type":"Person","@id":"https:\/\/www.noticiasradioreflejos.com.ar\/2021\/#\/schema\/person\/ad82545263dcc5ec0996818884fd5fb1","name":"Arnaldo Botto","image":{"@type":"ImageObject","inLanguage":"es","@id":"https:\/\/www.noticiasradioreflejos.com.ar\/2021\/#\/schema\/person\/image\/","url":"https:\/\/secure.gravatar.com\/avatar\/55cb5e37c1efa326397366e6974cb338056df65cb50e7d64d1cf314e87504837?s=96&d=mm&r=g","contentUrl":"https:\/\/secure.gravatar.com\/avatar\/55cb5e37c1efa326397366e6974cb338056df65cb50e7d64d1cf314e87504837?s=96&d=mm&r=g","caption":"Arnaldo Botto"},"url":"https:\/\/www.noticiasradioreflejos.com.ar\/2021\/author\/arnaldo\/"}]}},"_links":{"self":[{"href":"https:\/\/www.noticiasradioreflejos.com.ar\/2021\/wp-json\/wp\/v2\/posts\/11371","targetHints":{"allow":["GET"]}}],"collection":[{"href":"https:\/\/www.noticiasradioreflejos.com.ar\/2021\/wp-json\/wp\/v2\/posts"}],"about":[{"href":"https:\/\/www.noticiasradioreflejos.com.ar\/2021\/wp-json\/wp\/v2\/types\/post"}],"author":[{"embeddable":true,"href":"https:\/\/www.noticiasradioreflejos.com.ar\/2021\/wp-json\/wp\/v2\/users\/3"}],"replies":[{"embeddable":true,"href":"https:\/\/www.noticiasradioreflejos.com.ar\/2021\/wp-json\/wp\/v2\/comments?post=11371"}],"version-history":[{"count":0,"href":"https:\/\/www.noticiasradioreflejos.com.ar\/2021\/wp-json\/wp\/v2\/posts\/11371\/revisions"}],"wp:attachment":[{"href":"https:\/\/www.noticiasradioreflejos.com.ar\/2021\/wp-json\/wp\/v2\/media?parent=11371"}],"wp:term":[{"taxonomy":"category","embeddable":true,"href":"https:\/\/www.noticiasradioreflejos.com.ar\/2021\/wp-json\/wp\/v2\/categories?post=11371"},{"taxonomy":"post_tag","embeddable":true,"href":"https:\/\/www.noticiasradioreflejos.com.ar\/2021\/wp-json\/wp\/v2\/tags?post=11371"}],"curies":[{"name":"wp","href":"https:\/\/api.w.org\/{rel}","templated":true}]}}