{"id":113658,"date":"2025-03-07T12:56:39","date_gmt":"2025-03-07T15:56:39","guid":{"rendered":"https:\/\/www.noticiasradioreflejos.com.ar\/2021\/?p=113658"},"modified":"2025-03-07T12:56:39","modified_gmt":"2025-03-07T15:56:39","slug":"lo-sabiamos-nos-preparamos-cayo-y-a-esta-hora-sin-miedo-a-equivocarme-esto-fue-peor-que-diciembre-del-2023","status":"publish","type":"post","link":"https:\/\/www.noticiasradioreflejos.com.ar\/2021\/lo-sabiamos-nos-preparamos-cayo-y-a-esta-hora-sin-miedo-a-equivocarme-esto-fue-peor-que-diciembre-del-2023\/","title":{"rendered":"\u00abLo sab\u00edamos, nos preparamos, cay\u00f3 y a esta hora, sin miedo a equivocarme, esto fue peor que diciembre del 2023\u00bb"},"content":{"rendered":"<p>El periodista Emanuel Niel describi\u00f3 la situaci\u00f3n en Bah\u00eda Blanca durante una comunicaci\u00f3n en FM Reflejos,\u00a0 luego de la alerta roja por tormentas y lluvia en la ciudad. Nos cuenta c\u00f3mo se desarroll\u00f3 la misma, c\u00f3mo se encuentra la localidad al momento, cu\u00e1les son las consecuencias visibles al momento y cu\u00e1les podr\u00edan llegar a suscitarse cuando baje el agua.<!--more--><\/p>\n<p><strong>\u00abLo sab\u00edamos, nos preparamos, cay\u00f3 y a esta hora, sin miedo a equivocarme, esto fue peor que diciembre del 2023\u00bb<\/strong> califica Emanuel la tormenta que arranc\u00f3 esta madrugada, alrededor de las 3 de la ma\u00f1ana. \u00abYa vamos por las 10 de la ma\u00f1ana y esto no para\u00bb.<\/p>\n<p>&nbsp;<\/p>\n<p><a title=\"bahia\" href=\"https:\/\/www.flickr.com\/photos\/182279889@N02\/54371248283\/in\/dateposted-public\/\" data-flickr-embed=\"true\"><img loading=\"lazy\" decoding=\"async\" src=\"https:\/\/live.staticflickr.com\/65535\/54371248283_e97aa53886_c.jpg\" alt=\"bahia\" width=\"800\" height=\"450\" \/><\/a><\/p>\n<p>\u00abEl Hospital Penna est\u00e1 colapsado, el agua esta a punto de meterse en las incubadoras de neonatolog\u00eda\u00bb menciona la compleja situaci\u00f3n del nosocomio Inter zonal.<\/p>\n<p>\u00abBarrios como universitario, Comahue, tienen agua a 70 cent\u00edmetros. El servicio meteorol\u00f3gico pas\u00f3 la alerta a rojo durante toda la ma\u00f1ana y por la tarde baja a amarillo, o sea que tampoco llega el alivio. Todas las indicaciones marcan que continuar\u00e1n las tormentas, aisladas, pero hasta la noche\u00bb narra lo que se espera durante toda la jornada.<\/p>\n<p><a title=\"bah\u00eda blanca\" href=\"https:\/\/www.flickr.com\/photos\/182279889@N02\/54371219484\/in\/dateposted-public\/\" data-flickr-embed=\"true\"><img loading=\"lazy\" decoding=\"async\" src=\"https:\/\/live.staticflickr.com\/65535\/54371219484_36a628be76_c.jpg\" alt=\"bah\u00eda blanca\" width=\"800\" height=\"450\" \/><\/a><br \/>\n\u00abEl 911 est\u00e1 colapsado. La ruta 51 est\u00e1 colapsada, la 33 est\u00e1 colapsada, la 35, la 3 al norte y al sur de Bah\u00eda. Accesos muy importantes de Bah\u00eda est\u00e1n desbastados al punto tal que se levant\u00f3 el asfalto. En Indiada desapareci\u00f3 el asfalto, lo socav\u00f3 el agua\u00bb describe los destrozos que imposibilitan el acceso de la ayuda desde otras localidades hacia la ciudad y los barrios m\u00e1s bajos de la misma.<\/p>\n<p>\u00abLa zona del Walt-Mart con 1 metro 20 de agua. Hay autos volcados, autos que fueron movidos. Hay mucha desesperaci\u00f3n porque colapsa el servicio y EDES en muchos lugares por precauci\u00f3n cort\u00f3 la luz. Hay abuelos con poca movilidad viviendo solitos\u00bb hace referencia a las mayores preocupaciones de los vecinos.<\/p>\n<p><a title=\"Bahia Blanca el cholo\" href=\"https:\/\/www.flickr.com\/photos\/182279889@N02\/54371248523\/in\/dateposted-public\/\" data-flickr-embed=\"true\"><img loading=\"lazy\" decoding=\"async\" class=\"aligncenter\" src=\"https:\/\/live.staticflickr.com\/31337\/54371248523_5c4131de98_z.jpg\" alt=\"Bahia Blanca el cholo\" width=\"640\" height=\"360\" \/><\/a><script async src=\"\/\/embedr.flickr.com\/assets\/client-code.js\" charset=\"utf-8\"><\/script><br \/>\nComenta que este temporal se dio bajo circunstancias inusuales para la zona: \u00abLo parad\u00f3jico que tiene esta tormenta es que se dio sin viento. No hay registro de esto en Bah\u00eda Blanca. Vos, si estabas durmiendo, no te enterabas de lo que estaba pasando afuera\u00bb.<\/p>\n<p>Emanuel menciona que todos los transportes y las actividades escolares y universitarias se encuentran suspendidas.<a title=\"Bahia Blanca - Av Cabrera\" href=\"https:\/\/www.flickr.com\/photos\/182279889@N02\/54371012486\/in\/dateposted-public\/\" data-flickr-embed=\"true\"><img loading=\"lazy\" decoding=\"async\" class=\"aligncenter\" src=\"https:\/\/live.staticflickr.com\/31337\/54371012486_fe62e9eb86_w.jpg\" alt=\"Bahia Blanca - Av Cabrera\" width=\"334\" height=\"589\" \/><\/a><script async src=\"\/\/embedr.flickr.com\/assets\/client-code.js\" charset=\"utf-8\"><\/script><br \/>\n\u00abComo pasa en las inundaciones, ac\u00e1 lo grave va a ser cuando empiece a bajar el agua. No solo el da\u00f1o material, sino v\u00edctimas. Ser\u00eda un milagro que no haya v\u00edctimas fatales. Son escenas de una pel\u00edcula de cat\u00e1strofes de Hollywood\u00bb augura finalmente.<\/p>\n<p>Emanuel cierra la nota sugiriendo que los ciudadanos se cuiden y les hagan caso a las alertas a corto plazo que emite el Servicio Meteorol\u00f3gico Nacional.<\/p>\n<p>&nbsp;<\/p>\n<p><strong>Nota completa a continuaci\u00f3n:<\/strong><br \/>\n<iframe loading=\"lazy\" src=\"https:\/\/w.soundcloud.com\/player\/?url=https%3A\/\/api.soundcloud.com\/tracks\/2048927124&amp;color=%23ff5500&amp;auto_play=false&amp;hide_related=false&amp;show_comments=true&amp;show_user=true&amp;show_reposts=false&amp;show_teaser=true\" width=\"100%\" height=\"166\" frameborder=\"no\" scrolling=\"no\"><\/iframe><\/p>\n<div style=\"font-size: 10px; color: #cccccc; line-break: anywhere; word-break: normal; overflow: hidden; white-space: nowrap; text-overflow: ellipsis; font-family: Interstate,Lucida Grande,Lucida Sans Unicode,Lucida Sans,Garuda,Verdana,Tahoma,sans-serif; font-weight: 100;\"><a style=\"color: #cccccc; text-decoration: none;\" title=\"fmreflejos 103.7\" href=\"https:\/\/soundcloud.com\/fmreflejos-103-7\" target=\"_blank\" rel=\"noopener\">fmreflejos 103.7<\/a> \u00b7 <a style=\"color: #cccccc; text-decoration: none;\" title=\"emanuel Niel 07-03\" href=\"https:\/\/soundcloud.com\/fmreflejos-103-7\/emanuel-niel-07-03\" target=\"_blank\" rel=\"noopener\">emanuel Niel 07-03<\/a><\/div>\n<p><a title=\"villa mitre\" href=\"https:\/\/www.flickr.com\/photos\/182279889@N02\/54371408645\/in\/dateposted-public\/\" data-flickr-embed=\"true\"><img loading=\"lazy\" decoding=\"async\" class=\"aligncenter\" src=\"https:\/\/live.staticflickr.com\/31337\/54371408645_89f0eedf0d_o.jpg\" alt=\"villa mitre\" width=\"445\" height=\"793\" \/><\/a><script async src=\"\/\/embedr.flickr.com\/assets\/client-code.js\" charset=\"utf-8\"><\/script><\/p>\n<p><a data-flickr-embed=\"true\" href=\"https:\/\/www.flickr.com\/photos\/182279889@N02\/54371408280\/in\/dateposted-public\/\" title=\"ruta Bahia Blanca\"><img loading=\"lazy\" decoding=\"async\" src=\"https:\/\/live.staticflickr.com\/65535\/54371408280_c9b21f2d87_o.jpg\" width=\"717\" height=\"530\" alt=\"ruta Bahia Blanca\"\/><\/a><script async src=\"\/\/embedr.flickr.com\/assets\/client-code.js\" charset=\"utf-8\"><\/script><\/p>\n","protected":false},"excerpt":{"rendered":"<p>El periodista Emanuel Niel describi\u00f3 la situaci\u00f3n en Bah\u00eda Blanca durante una comunicaci\u00f3n en FM Reflejos,\u00a0 luego de la alerta roja por tormentas y lluvia en la ciudad. Nos cuenta c\u00f3mo se desarroll\u00f3 la misma, c\u00f3mo se encuentra la localidad al momento, cu\u00e1les son las consecuencias visibles al momento y cu\u00e1les podr\u00edan llegar a suscitarse [&hellip;]<\/p>\n","protected":false},"author":3,"featured_media":113663,"comment_status":"closed","ping_status":"closed","sticky":false,"template":"","format":"standard","meta":{"footnotes":""},"categories":[26],"tags":[48],"class_list":["post-113658","post","type-post","status-publish","format-standard","has-post-thumbnail","hentry","category-sociedad","tag-destacada"],"yoast_head":"<!-- This site is optimized with the Yoast SEO plugin v25.9 - https:\/\/yoast.com\/wordpress\/plugins\/seo\/ -->\n<title>&quot;Lo sab\u00edamos, nos preparamos, cay\u00f3 y a esta hora, sin miedo a equivocarme, esto fue peor que diciembre del 2023&quot; - Noticias Radio Reflejos<\/title>\n<meta name=\"robots\" content=\"index, follow, max-snippet:-1, max-image-preview:large, max-video-preview:-1\" \/>\n<link rel=\"canonical\" href=\"https:\/\/www.noticiasradioreflejos.com.ar\/2021\/lo-sabiamos-nos-preparamos-cayo-y-a-esta-hora-sin-miedo-a-equivocarme-esto-fue-peor-que-diciembre-del-2023\/\" \/>\n<meta property=\"og:locale\" content=\"es_ES\" \/>\n<meta property=\"og:type\" content=\"article\" \/>\n<meta property=\"og:title\" content=\"&quot;Lo sab\u00edamos, nos preparamos, cay\u00f3 y a esta hora, sin miedo a equivocarme, esto fue peor que diciembre del 2023&quot; - Noticias Radio Reflejos\" \/>\n<meta property=\"og:description\" content=\"El periodista Emanuel Niel describi\u00f3 la situaci\u00f3n en Bah\u00eda Blanca durante una comunicaci\u00f3n en FM Reflejos,\u00a0 luego de la alerta roja por tormentas y lluvia en la ciudad. Nos cuenta c\u00f3mo se desarroll\u00f3 la misma, c\u00f3mo se encuentra la localidad al momento, cu\u00e1les son las consecuencias visibles al momento y cu\u00e1les podr\u00edan llegar a suscitarse [&hellip;]\" \/>\n<meta property=\"og:url\" content=\"https:\/\/www.noticiasradioreflejos.com.ar\/2021\/lo-sabiamos-nos-preparamos-cayo-y-a-esta-hora-sin-miedo-a-equivocarme-esto-fue-peor-que-diciembre-del-2023\/\" \/>\n<meta property=\"og:site_name\" content=\"Noticias Radio Reflejos\" \/>\n<meta property=\"article:published_time\" content=\"2025-03-07T15:56:39+00:00\" \/>\n<meta property=\"og:image\" content=\"https:\/\/www.noticiasradioreflejos.com.ar\/2021\/wp-content\/uploads\/2025\/03\/Ruta-22-El-Cholo.jpg\" \/>\n\t<meta property=\"og:image:width\" content=\"957\" \/>\n\t<meta property=\"og:image:height\" content=\"405\" \/>\n\t<meta property=\"og:image:type\" content=\"image\/jpeg\" \/>\n<meta name=\"author\" content=\"Arnaldo Botto\" \/>\n<meta name=\"twitter:card\" content=\"summary_large_image\" \/>\n<script type=\"application\/ld+json\" class=\"yoast-schema-graph\">{\"@context\":\"https:\/\/schema.org\",\"@graph\":[{\"@type\":\"WebPage\",\"@id\":\"https:\/\/www.noticiasradioreflejos.com.ar\/2021\/lo-sabiamos-nos-preparamos-cayo-y-a-esta-hora-sin-miedo-a-equivocarme-esto-fue-peor-que-diciembre-del-2023\/\",\"url\":\"https:\/\/www.noticiasradioreflejos.com.ar\/2021\/lo-sabiamos-nos-preparamos-cayo-y-a-esta-hora-sin-miedo-a-equivocarme-esto-fue-peor-que-diciembre-del-2023\/\",\"name\":\"\\\"Lo sab\u00edamos, nos preparamos, cay\u00f3 y a esta hora, sin miedo a equivocarme, esto fue peor que diciembre del 2023\\\" - Noticias Radio Reflejos\",\"isPartOf\":{\"@id\":\"https:\/\/www.noticiasradioreflejos.com.ar\/2021\/#website\"},\"primaryImageOfPage\":{\"@id\":\"https:\/\/www.noticiasradioreflejos.com.ar\/2021\/lo-sabiamos-nos-preparamos-cayo-y-a-esta-hora-sin-miedo-a-equivocarme-esto-fue-peor-que-diciembre-del-2023\/#primaryimage\"},\"image\":{\"@id\":\"https:\/\/www.noticiasradioreflejos.com.ar\/2021\/lo-sabiamos-nos-preparamos-cayo-y-a-esta-hora-sin-miedo-a-equivocarme-esto-fue-peor-que-diciembre-del-2023\/#primaryimage\"},\"thumbnailUrl\":\"https:\/\/www.noticiasradioreflejos.com.ar\/2021\/wp-content\/uploads\/2025\/03\/Ruta-22-El-Cholo.jpg\",\"datePublished\":\"2025-03-07T15:56:39+00:00\",\"author\":{\"@id\":\"https:\/\/www.noticiasradioreflejos.com.ar\/2021\/#\/schema\/person\/ad82545263dcc5ec0996818884fd5fb1\"},\"breadcrumb\":{\"@id\":\"https:\/\/www.noticiasradioreflejos.com.ar\/2021\/lo-sabiamos-nos-preparamos-cayo-y-a-esta-hora-sin-miedo-a-equivocarme-esto-fue-peor-que-diciembre-del-2023\/#breadcrumb\"},\"inLanguage\":\"es\",\"potentialAction\":[{\"@type\":\"ReadAction\",\"target\":[\"https:\/\/www.noticiasradioreflejos.com.ar\/2021\/lo-sabiamos-nos-preparamos-cayo-y-a-esta-hora-sin-miedo-a-equivocarme-esto-fue-peor-que-diciembre-del-2023\/\"]}]},{\"@type\":\"ImageObject\",\"inLanguage\":\"es\",\"@id\":\"https:\/\/www.noticiasradioreflejos.com.ar\/2021\/lo-sabiamos-nos-preparamos-cayo-y-a-esta-hora-sin-miedo-a-equivocarme-esto-fue-peor-que-diciembre-del-2023\/#primaryimage\",\"url\":\"https:\/\/www.noticiasradioreflejos.com.ar\/2021\/wp-content\/uploads\/2025\/03\/Ruta-22-El-Cholo.jpg\",\"contentUrl\":\"https:\/\/www.noticiasradioreflejos.com.ar\/2021\/wp-content\/uploads\/2025\/03\/Ruta-22-El-Cholo.jpg\",\"width\":957,\"height\":405},{\"@type\":\"BreadcrumbList\",\"@id\":\"https:\/\/www.noticiasradioreflejos.com.ar\/2021\/lo-sabiamos-nos-preparamos-cayo-y-a-esta-hora-sin-miedo-a-equivocarme-esto-fue-peor-que-diciembre-del-2023\/#breadcrumb\",\"itemListElement\":[{\"@type\":\"ListItem\",\"position\":1,\"name\":\"Portada\",\"item\":\"https:\/\/www.noticiasradioreflejos.com.ar\/2021\/\"},{\"@type\":\"ListItem\",\"position\":2,\"name\":\"\u00abLo sab\u00edamos, nos preparamos, cay\u00f3 y a esta hora, sin miedo a equivocarme, esto fue peor que diciembre del 2023\u00bb\"}]},{\"@type\":\"WebSite\",\"@id\":\"https:\/\/www.noticiasradioreflejos.com.ar\/2021\/#website\",\"url\":\"https:\/\/www.noticiasradioreflejos.com.ar\/2021\/\",\"name\":\"Noticias Radio Reflejos\",\"description\":\"Las noticias de mi comarca\",\"potentialAction\":[{\"@type\":\"SearchAction\",\"target\":{\"@type\":\"EntryPoint\",\"urlTemplate\":\"https:\/\/www.noticiasradioreflejos.com.ar\/2021\/?s={search_term_string}\"},\"query-input\":{\"@type\":\"PropertyValueSpecification\",\"valueRequired\":true,\"valueName\":\"search_term_string\"}}],\"inLanguage\":\"es\"},{\"@type\":\"Person\",\"@id\":\"https:\/\/www.noticiasradioreflejos.com.ar\/2021\/#\/schema\/person\/ad82545263dcc5ec0996818884fd5fb1\",\"name\":\"Arnaldo Botto\",\"image\":{\"@type\":\"ImageObject\",\"inLanguage\":\"es\",\"@id\":\"https:\/\/www.noticiasradioreflejos.com.ar\/2021\/#\/schema\/person\/image\/\",\"url\":\"https:\/\/secure.gravatar.com\/avatar\/55cb5e37c1efa326397366e6974cb338056df65cb50e7d64d1cf314e87504837?s=96&d=mm&r=g\",\"contentUrl\":\"https:\/\/secure.gravatar.com\/avatar\/55cb5e37c1efa326397366e6974cb338056df65cb50e7d64d1cf314e87504837?s=96&d=mm&r=g\",\"caption\":\"Arnaldo Botto\"},\"url\":\"https:\/\/www.noticiasradioreflejos.com.ar\/2021\/author\/arnaldo\/\"}]}<\/script>\n<!-- \/ Yoast SEO plugin. -->","yoast_head_json":{"title":"\"Lo sab\u00edamos, nos preparamos, cay\u00f3 y a esta hora, sin miedo a equivocarme, esto fue peor que diciembre del 2023\" - Noticias Radio Reflejos","robots":{"index":"index","follow":"follow","max-snippet":"max-snippet:-1","max-image-preview":"max-image-preview:large","max-video-preview":"max-video-preview:-1"},"canonical":"https:\/\/www.noticiasradioreflejos.com.ar\/2021\/lo-sabiamos-nos-preparamos-cayo-y-a-esta-hora-sin-miedo-a-equivocarme-esto-fue-peor-que-diciembre-del-2023\/","og_locale":"es_ES","og_type":"article","og_title":"\"Lo sab\u00edamos, nos preparamos, cay\u00f3 y a esta hora, sin miedo a equivocarme, esto fue peor que diciembre del 2023\" - Noticias Radio Reflejos","og_description":"El periodista Emanuel Niel describi\u00f3 la situaci\u00f3n en Bah\u00eda Blanca durante una comunicaci\u00f3n en FM Reflejos,\u00a0 luego de la alerta roja por tormentas y lluvia en la ciudad. Nos cuenta c\u00f3mo se desarroll\u00f3 la misma, c\u00f3mo se encuentra la localidad al momento, cu\u00e1les son las consecuencias visibles al momento y cu\u00e1les podr\u00edan llegar a suscitarse [&hellip;]","og_url":"https:\/\/www.noticiasradioreflejos.com.ar\/2021\/lo-sabiamos-nos-preparamos-cayo-y-a-esta-hora-sin-miedo-a-equivocarme-esto-fue-peor-que-diciembre-del-2023\/","og_site_name":"Noticias Radio Reflejos","article_published_time":"2025-03-07T15:56:39+00:00","og_image":[{"width":957,"height":405,"url":"https:\/\/www.noticiasradioreflejos.com.ar\/2021\/wp-content\/uploads\/2025\/03\/Ruta-22-El-Cholo.jpg","type":"image\/jpeg"}],"author":"Arnaldo Botto","twitter_card":"summary_large_image","schema":{"@context":"https:\/\/schema.org","@graph":[{"@type":"WebPage","@id":"https:\/\/www.noticiasradioreflejos.com.ar\/2021\/lo-sabiamos-nos-preparamos-cayo-y-a-esta-hora-sin-miedo-a-equivocarme-esto-fue-peor-que-diciembre-del-2023\/","url":"https:\/\/www.noticiasradioreflejos.com.ar\/2021\/lo-sabiamos-nos-preparamos-cayo-y-a-esta-hora-sin-miedo-a-equivocarme-esto-fue-peor-que-diciembre-del-2023\/","name":"\"Lo sab\u00edamos, nos preparamos, cay\u00f3 y a esta hora, sin miedo a equivocarme, esto fue peor que diciembre del 2023\" - Noticias Radio Reflejos","isPartOf":{"@id":"https:\/\/www.noticiasradioreflejos.com.ar\/2021\/#website"},"primaryImageOfPage":{"@id":"https:\/\/www.noticiasradioreflejos.com.ar\/2021\/lo-sabiamos-nos-preparamos-cayo-y-a-esta-hora-sin-miedo-a-equivocarme-esto-fue-peor-que-diciembre-del-2023\/#primaryimage"},"image":{"@id":"https:\/\/www.noticiasradioreflejos.com.ar\/2021\/lo-sabiamos-nos-preparamos-cayo-y-a-esta-hora-sin-miedo-a-equivocarme-esto-fue-peor-que-diciembre-del-2023\/#primaryimage"},"thumbnailUrl":"https:\/\/www.noticiasradioreflejos.com.ar\/2021\/wp-content\/uploads\/2025\/03\/Ruta-22-El-Cholo.jpg","datePublished":"2025-03-07T15:56:39+00:00","author":{"@id":"https:\/\/www.noticiasradioreflejos.com.ar\/2021\/#\/schema\/person\/ad82545263dcc5ec0996818884fd5fb1"},"breadcrumb":{"@id":"https:\/\/www.noticiasradioreflejos.com.ar\/2021\/lo-sabiamos-nos-preparamos-cayo-y-a-esta-hora-sin-miedo-a-equivocarme-esto-fue-peor-que-diciembre-del-2023\/#breadcrumb"},"inLanguage":"es","potentialAction":[{"@type":"ReadAction","target":["https:\/\/www.noticiasradioreflejos.com.ar\/2021\/lo-sabiamos-nos-preparamos-cayo-y-a-esta-hora-sin-miedo-a-equivocarme-esto-fue-peor-que-diciembre-del-2023\/"]}]},{"@type":"ImageObject","inLanguage":"es","@id":"https:\/\/www.noticiasradioreflejos.com.ar\/2021\/lo-sabiamos-nos-preparamos-cayo-y-a-esta-hora-sin-miedo-a-equivocarme-esto-fue-peor-que-diciembre-del-2023\/#primaryimage","url":"https:\/\/www.noticiasradioreflejos.com.ar\/2021\/wp-content\/uploads\/2025\/03\/Ruta-22-El-Cholo.jpg","contentUrl":"https:\/\/www.noticiasradioreflejos.com.ar\/2021\/wp-content\/uploads\/2025\/03\/Ruta-22-El-Cholo.jpg","width":957,"height":405},{"@type":"BreadcrumbList","@id":"https:\/\/www.noticiasradioreflejos.com.ar\/2021\/lo-sabiamos-nos-preparamos-cayo-y-a-esta-hora-sin-miedo-a-equivocarme-esto-fue-peor-que-diciembre-del-2023\/#breadcrumb","itemListElement":[{"@type":"ListItem","position":1,"name":"Portada","item":"https:\/\/www.noticiasradioreflejos.com.ar\/2021\/"},{"@type":"ListItem","position":2,"name":"\u00abLo sab\u00edamos, nos preparamos, cay\u00f3 y a esta hora, sin miedo a equivocarme, esto fue peor que diciembre del 2023\u00bb"}]},{"@type":"WebSite","@id":"https:\/\/www.noticiasradioreflejos.com.ar\/2021\/#website","url":"https:\/\/www.noticiasradioreflejos.com.ar\/2021\/","name":"Noticias Radio Reflejos","description":"Las noticias de mi comarca","potentialAction":[{"@type":"SearchAction","target":{"@type":"EntryPoint","urlTemplate":"https:\/\/www.noticiasradioreflejos.com.ar\/2021\/?s={search_term_string}"},"query-input":{"@type":"PropertyValueSpecification","valueRequired":true,"valueName":"search_term_string"}}],"inLanguage":"es"},{"@type":"Person","@id":"https:\/\/www.noticiasradioreflejos.com.ar\/2021\/#\/schema\/person\/ad82545263dcc5ec0996818884fd5fb1","name":"Arnaldo Botto","image":{"@type":"ImageObject","inLanguage":"es","@id":"https:\/\/www.noticiasradioreflejos.com.ar\/2021\/#\/schema\/person\/image\/","url":"https:\/\/secure.gravatar.com\/avatar\/55cb5e37c1efa326397366e6974cb338056df65cb50e7d64d1cf314e87504837?s=96&d=mm&r=g","contentUrl":"https:\/\/secure.gravatar.com\/avatar\/55cb5e37c1efa326397366e6974cb338056df65cb50e7d64d1cf314e87504837?s=96&d=mm&r=g","caption":"Arnaldo Botto"},"url":"https:\/\/www.noticiasradioreflejos.com.ar\/2021\/author\/arnaldo\/"}]}},"_links":{"self":[{"href":"https:\/\/www.noticiasradioreflejos.com.ar\/2021\/wp-json\/wp\/v2\/posts\/113658","targetHints":{"allow":["GET"]}}],"collection":[{"href":"https:\/\/www.noticiasradioreflejos.com.ar\/2021\/wp-json\/wp\/v2\/posts"}],"about":[{"href":"https:\/\/www.noticiasradioreflejos.com.ar\/2021\/wp-json\/wp\/v2\/types\/post"}],"author":[{"embeddable":true,"href":"https:\/\/www.noticiasradioreflejos.com.ar\/2021\/wp-json\/wp\/v2\/users\/3"}],"replies":[{"embeddable":true,"href":"https:\/\/www.noticiasradioreflejos.com.ar\/2021\/wp-json\/wp\/v2\/comments?post=113658"}],"version-history":[{"count":3,"href":"https:\/\/www.noticiasradioreflejos.com.ar\/2021\/wp-json\/wp\/v2\/posts\/113658\/revisions"}],"predecessor-version":[{"id":113664,"href":"https:\/\/www.noticiasradioreflejos.com.ar\/2021\/wp-json\/wp\/v2\/posts\/113658\/revisions\/113664"}],"wp:featuredmedia":[{"embeddable":true,"href":"https:\/\/www.noticiasradioreflejos.com.ar\/2021\/wp-json\/wp\/v2\/media\/113663"}],"wp:attachment":[{"href":"https:\/\/www.noticiasradioreflejos.com.ar\/2021\/wp-json\/wp\/v2\/media?parent=113658"}],"wp:term":[{"taxonomy":"category","embeddable":true,"href":"https:\/\/www.noticiasradioreflejos.com.ar\/2021\/wp-json\/wp\/v2\/categories?post=113658"},{"taxonomy":"post_tag","embeddable":true,"href":"https:\/\/www.noticiasradioreflejos.com.ar\/2021\/wp-json\/wp\/v2\/tags?post=113658"}],"curies":[{"name":"wp","href":"https:\/\/api.w.org\/{rel}","templated":true}]}}