{"id":11350,"date":"2017-06-15T18:07:17","date_gmt":"2017-06-15T21:07:17","guid":{"rendered":"http:\/\/noticiasradioreflejos.com.ar\/noticias\/?p=11350"},"modified":"2017-06-15T18:07:17","modified_gmt":"2017-06-15T21:07:17","slug":"el-ministerio-de-ciencia-amplio-el-plazo-para-la-presentacion-de-ideasproyecto-en-el-sudoeste-bonaerense","status":"publish","type":"post","link":"https:\/\/www.noticiasradioreflejos.com.ar\/2021\/el-ministerio-de-ciencia-amplio-el-plazo-para-la-presentacion-de-ideasproyecto-en-el-sudoeste-bonaerense\/","title":{"rendered":"El ministerio de Ciencia ampli\u00f3 el plazo para la presentaci\u00f3n de Ideas\/Proyecto en el Sudoeste Bonaerense"},"content":{"rendered":"<p>El ministerio de Ciencia, Tecnolog\u00eda e Innovaci\u00f3n que conduce Jorge Elustondo informa que se extendi\u00f3 hasta el martes 20 de junio el plazo de la convocatoria a la presentaci\u00f3n de Ideas\/Proyecto de base tecnol\u00f3gica en la regi\u00f3n del Sudoeste bonaerense, en el marco del programa \u201cPlataforma de Innovaci\u00f3n\u201d.<!--more--><br \/>\nLa convocatoria est\u00e1 dirigida a emprendedores, investigadores y empresas del Sudoeste interesados en generar proyectos innovadores en el \u00e1rea de las energ\u00edas sustentables, con impacto positivo en el desarrollo local, regional y social. De esta manera, la cartera provincial procura capacitar, brindar asistencia y financiar a emprendedores de base tecnol\u00f3gica que quieran poner en marcha un proyecto o desarrollar uno ya existente.<br \/>\nLa iniciativa del programa \u201cPlataforma de Innovaci\u00f3n\u201d establece un total de 500 mil pesos que se asignar\u00e1n a los 2 mejores proyectos seleccionados por un Comit\u00e9 Evaluador, recibiendo un subsidio de 250 mil\u00a0 pesos cada uno para el desarrollo del Plan de Trabajo del Proyecto presentado. Los interesados pueden acceder a las bases y condiciones, ingresando a: <a href=\"http:\/\/www.mcti.gba.gov.ar\/archivos\/documentos\/Convocatoria_Energ%C3%ADas_Sustentables.pdf\" data-saferedirecturl=\"https:\/\/www.google.com\/url?hl=es&amp;q=http:\/\/www.mcti.gba.gov.ar\/archivos\/documentos\/Convocatoria_Energ%25C3%25ADas_Sustentables.pdf&amp;source=gmail&amp;ust=1497646443875000&amp;usg=AFQjCNFisVwrR1lBH6ePAgxnk4VqFd4ZBw\">www.mcti.gba.gov.ar\/archivos\/documentos\/Convocatoria_Energ%C3%ADas_Sustentables.pdf<\/a>.<\/p>\n","protected":false},"excerpt":{"rendered":"<p>El ministerio de Ciencia, Tecnolog\u00eda e Innovaci\u00f3n que conduce Jorge Elustondo informa que se extendi\u00f3 hasta el martes 20 de junio el plazo de la convocatoria a la presentaci\u00f3n de Ideas\/Proyecto de base tecnol\u00f3gica en la regi\u00f3n del Sudoeste bonaerense, en el marco del programa \u201cPlataforma de Innovaci\u00f3n\u201d.<\/p>\n","protected":false},"author":3,"featured_media":0,"comment_status":"closed","ping_status":"open","sticky":false,"template":"","format":"standard","meta":{"footnotes":""},"categories":[26],"tags":[],"class_list":["post-11350","post","type-post","status-publish","format-standard","hentry","category-sociedad"],"yoast_head":"<!-- This site is optimized with the Yoast SEO plugin v25.9 - https:\/\/yoast.com\/wordpress\/plugins\/seo\/ -->\n<title>El ministerio de Ciencia ampli\u00f3 el plazo para la presentaci\u00f3n de Ideas\/Proyecto en el Sudoeste Bonaerense - Noticias Radio Reflejos<\/title>\n<meta name=\"robots\" content=\"index, follow, max-snippet:-1, max-image-preview:large, max-video-preview:-1\" \/>\n<link rel=\"canonical\" href=\"https:\/\/www.noticiasradioreflejos.com.ar\/2021\/el-ministerio-de-ciencia-amplio-el-plazo-para-la-presentacion-de-ideasproyecto-en-el-sudoeste-bonaerense\/\" \/>\n<meta property=\"og:locale\" content=\"es_ES\" \/>\n<meta property=\"og:type\" content=\"article\" \/>\n<meta property=\"og:title\" content=\"El ministerio de Ciencia ampli\u00f3 el plazo para la presentaci\u00f3n de Ideas\/Proyecto en el Sudoeste Bonaerense - Noticias Radio Reflejos\" \/>\n<meta property=\"og:description\" content=\"El ministerio de Ciencia, Tecnolog\u00eda e Innovaci\u00f3n que conduce Jorge Elustondo informa que se extendi\u00f3 hasta el martes 20 de junio el plazo de la convocatoria a la presentaci\u00f3n de Ideas\/Proyecto de base tecnol\u00f3gica en la regi\u00f3n del Sudoeste bonaerense, en el marco del programa \u201cPlataforma de Innovaci\u00f3n\u201d.\" \/>\n<meta property=\"og:url\" content=\"https:\/\/www.noticiasradioreflejos.com.ar\/2021\/el-ministerio-de-ciencia-amplio-el-plazo-para-la-presentacion-de-ideasproyecto-en-el-sudoeste-bonaerense\/\" \/>\n<meta property=\"og:site_name\" content=\"Noticias Radio Reflejos\" \/>\n<meta property=\"article:published_time\" content=\"2017-06-15T21:07:17+00:00\" \/>\n<meta property=\"og:image\" content=\"https:\/\/www.noticiasradioreflejos.com.ar\/2021\/wp-content\/uploads\/2021\/07\/logosol300x200.png\" \/>\n\t<meta property=\"og:image:width\" content=\"300\" \/>\n\t<meta property=\"og:image:height\" content=\"200\" \/>\n\t<meta property=\"og:image:type\" content=\"image\/png\" \/>\n<meta name=\"author\" content=\"Arnaldo Botto\" \/>\n<meta name=\"twitter:card\" content=\"summary_large_image\" \/>\n<script type=\"application\/ld+json\" class=\"yoast-schema-graph\">{\"@context\":\"https:\/\/schema.org\",\"@graph\":[{\"@type\":\"WebPage\",\"@id\":\"https:\/\/www.noticiasradioreflejos.com.ar\/2021\/el-ministerio-de-ciencia-amplio-el-plazo-para-la-presentacion-de-ideasproyecto-en-el-sudoeste-bonaerense\/\",\"url\":\"https:\/\/www.noticiasradioreflejos.com.ar\/2021\/el-ministerio-de-ciencia-amplio-el-plazo-para-la-presentacion-de-ideasproyecto-en-el-sudoeste-bonaerense\/\",\"name\":\"El ministerio de Ciencia ampli\u00f3 el plazo para la presentaci\u00f3n de Ideas\/Proyecto en el Sudoeste Bonaerense - Noticias Radio Reflejos\",\"isPartOf\":{\"@id\":\"https:\/\/www.noticiasradioreflejos.com.ar\/2021\/#website\"},\"datePublished\":\"2017-06-15T21:07:17+00:00\",\"author\":{\"@id\":\"https:\/\/www.noticiasradioreflejos.com.ar\/2021\/#\/schema\/person\/ad82545263dcc5ec0996818884fd5fb1\"},\"breadcrumb\":{\"@id\":\"https:\/\/www.noticiasradioreflejos.com.ar\/2021\/el-ministerio-de-ciencia-amplio-el-plazo-para-la-presentacion-de-ideasproyecto-en-el-sudoeste-bonaerense\/#breadcrumb\"},\"inLanguage\":\"es\",\"potentialAction\":[{\"@type\":\"ReadAction\",\"target\":[\"https:\/\/www.noticiasradioreflejos.com.ar\/2021\/el-ministerio-de-ciencia-amplio-el-plazo-para-la-presentacion-de-ideasproyecto-en-el-sudoeste-bonaerense\/\"]}]},{\"@type\":\"BreadcrumbList\",\"@id\":\"https:\/\/www.noticiasradioreflejos.com.ar\/2021\/el-ministerio-de-ciencia-amplio-el-plazo-para-la-presentacion-de-ideasproyecto-en-el-sudoeste-bonaerense\/#breadcrumb\",\"itemListElement\":[{\"@type\":\"ListItem\",\"position\":1,\"name\":\"Portada\",\"item\":\"https:\/\/www.noticiasradioreflejos.com.ar\/2021\/\"},{\"@type\":\"ListItem\",\"position\":2,\"name\":\"El ministerio de Ciencia ampli\u00f3 el plazo para la presentaci\u00f3n de Ideas\/Proyecto en el Sudoeste Bonaerense\"}]},{\"@type\":\"WebSite\",\"@id\":\"https:\/\/www.noticiasradioreflejos.com.ar\/2021\/#website\",\"url\":\"https:\/\/www.noticiasradioreflejos.com.ar\/2021\/\",\"name\":\"Noticias Radio Reflejos\",\"description\":\"Las noticias de mi comarca\",\"potentialAction\":[{\"@type\":\"SearchAction\",\"target\":{\"@type\":\"EntryPoint\",\"urlTemplate\":\"https:\/\/www.noticiasradioreflejos.com.ar\/2021\/?s={search_term_string}\"},\"query-input\":{\"@type\":\"PropertyValueSpecification\",\"valueRequired\":true,\"valueName\":\"search_term_string\"}}],\"inLanguage\":\"es\"},{\"@type\":\"Person\",\"@id\":\"https:\/\/www.noticiasradioreflejos.com.ar\/2021\/#\/schema\/person\/ad82545263dcc5ec0996818884fd5fb1\",\"name\":\"Arnaldo Botto\",\"image\":{\"@type\":\"ImageObject\",\"inLanguage\":\"es\",\"@id\":\"https:\/\/www.noticiasradioreflejos.com.ar\/2021\/#\/schema\/person\/image\/\",\"url\":\"https:\/\/secure.gravatar.com\/avatar\/55cb5e37c1efa326397366e6974cb338056df65cb50e7d64d1cf314e87504837?s=96&d=mm&r=g\",\"contentUrl\":\"https:\/\/secure.gravatar.com\/avatar\/55cb5e37c1efa326397366e6974cb338056df65cb50e7d64d1cf314e87504837?s=96&d=mm&r=g\",\"caption\":\"Arnaldo Botto\"},\"url\":\"https:\/\/www.noticiasradioreflejos.com.ar\/2021\/author\/arnaldo\/\"}]}<\/script>\n<!-- \/ Yoast SEO plugin. -->","yoast_head_json":{"title":"El ministerio de Ciencia ampli\u00f3 el plazo para la presentaci\u00f3n de Ideas\/Proyecto en el Sudoeste Bonaerense - Noticias Radio Reflejos","robots":{"index":"index","follow":"follow","max-snippet":"max-snippet:-1","max-image-preview":"max-image-preview:large","max-video-preview":"max-video-preview:-1"},"canonical":"https:\/\/www.noticiasradioreflejos.com.ar\/2021\/el-ministerio-de-ciencia-amplio-el-plazo-para-la-presentacion-de-ideasproyecto-en-el-sudoeste-bonaerense\/","og_locale":"es_ES","og_type":"article","og_title":"El ministerio de Ciencia ampli\u00f3 el plazo para la presentaci\u00f3n de Ideas\/Proyecto en el Sudoeste Bonaerense - Noticias Radio Reflejos","og_description":"El ministerio de Ciencia, Tecnolog\u00eda e Innovaci\u00f3n que conduce Jorge Elustondo informa que se extendi\u00f3 hasta el martes 20 de junio el plazo de la convocatoria a la presentaci\u00f3n de Ideas\/Proyecto de base tecnol\u00f3gica en la regi\u00f3n del Sudoeste bonaerense, en el marco del programa \u201cPlataforma de Innovaci\u00f3n\u201d.","og_url":"https:\/\/www.noticiasradioreflejos.com.ar\/2021\/el-ministerio-de-ciencia-amplio-el-plazo-para-la-presentacion-de-ideasproyecto-en-el-sudoeste-bonaerense\/","og_site_name":"Noticias Radio Reflejos","article_published_time":"2017-06-15T21:07:17+00:00","og_image":[{"width":300,"height":200,"url":"https:\/\/www.noticiasradioreflejos.com.ar\/2021\/wp-content\/uploads\/2021\/07\/logosol300x200.png","type":"image\/png"}],"author":"Arnaldo Botto","twitter_card":"summary_large_image","schema":{"@context":"https:\/\/schema.org","@graph":[{"@type":"WebPage","@id":"https:\/\/www.noticiasradioreflejos.com.ar\/2021\/el-ministerio-de-ciencia-amplio-el-plazo-para-la-presentacion-de-ideasproyecto-en-el-sudoeste-bonaerense\/","url":"https:\/\/www.noticiasradioreflejos.com.ar\/2021\/el-ministerio-de-ciencia-amplio-el-plazo-para-la-presentacion-de-ideasproyecto-en-el-sudoeste-bonaerense\/","name":"El ministerio de Ciencia ampli\u00f3 el plazo para la presentaci\u00f3n de Ideas\/Proyecto en el Sudoeste Bonaerense - Noticias Radio Reflejos","isPartOf":{"@id":"https:\/\/www.noticiasradioreflejos.com.ar\/2021\/#website"},"datePublished":"2017-06-15T21:07:17+00:00","author":{"@id":"https:\/\/www.noticiasradioreflejos.com.ar\/2021\/#\/schema\/person\/ad82545263dcc5ec0996818884fd5fb1"},"breadcrumb":{"@id":"https:\/\/www.noticiasradioreflejos.com.ar\/2021\/el-ministerio-de-ciencia-amplio-el-plazo-para-la-presentacion-de-ideasproyecto-en-el-sudoeste-bonaerense\/#breadcrumb"},"inLanguage":"es","potentialAction":[{"@type":"ReadAction","target":["https:\/\/www.noticiasradioreflejos.com.ar\/2021\/el-ministerio-de-ciencia-amplio-el-plazo-para-la-presentacion-de-ideasproyecto-en-el-sudoeste-bonaerense\/"]}]},{"@type":"BreadcrumbList","@id":"https:\/\/www.noticiasradioreflejos.com.ar\/2021\/el-ministerio-de-ciencia-amplio-el-plazo-para-la-presentacion-de-ideasproyecto-en-el-sudoeste-bonaerense\/#breadcrumb","itemListElement":[{"@type":"ListItem","position":1,"name":"Portada","item":"https:\/\/www.noticiasradioreflejos.com.ar\/2021\/"},{"@type":"ListItem","position":2,"name":"El ministerio de Ciencia ampli\u00f3 el plazo para la presentaci\u00f3n de Ideas\/Proyecto en el Sudoeste Bonaerense"}]},{"@type":"WebSite","@id":"https:\/\/www.noticiasradioreflejos.com.ar\/2021\/#website","url":"https:\/\/www.noticiasradioreflejos.com.ar\/2021\/","name":"Noticias Radio Reflejos","description":"Las noticias de mi comarca","potentialAction":[{"@type":"SearchAction","target":{"@type":"EntryPoint","urlTemplate":"https:\/\/www.noticiasradioreflejos.com.ar\/2021\/?s={search_term_string}"},"query-input":{"@type":"PropertyValueSpecification","valueRequired":true,"valueName":"search_term_string"}}],"inLanguage":"es"},{"@type":"Person","@id":"https:\/\/www.noticiasradioreflejos.com.ar\/2021\/#\/schema\/person\/ad82545263dcc5ec0996818884fd5fb1","name":"Arnaldo Botto","image":{"@type":"ImageObject","inLanguage":"es","@id":"https:\/\/www.noticiasradioreflejos.com.ar\/2021\/#\/schema\/person\/image\/","url":"https:\/\/secure.gravatar.com\/avatar\/55cb5e37c1efa326397366e6974cb338056df65cb50e7d64d1cf314e87504837?s=96&d=mm&r=g","contentUrl":"https:\/\/secure.gravatar.com\/avatar\/55cb5e37c1efa326397366e6974cb338056df65cb50e7d64d1cf314e87504837?s=96&d=mm&r=g","caption":"Arnaldo Botto"},"url":"https:\/\/www.noticiasradioreflejos.com.ar\/2021\/author\/arnaldo\/"}]}},"_links":{"self":[{"href":"https:\/\/www.noticiasradioreflejos.com.ar\/2021\/wp-json\/wp\/v2\/posts\/11350","targetHints":{"allow":["GET"]}}],"collection":[{"href":"https:\/\/www.noticiasradioreflejos.com.ar\/2021\/wp-json\/wp\/v2\/posts"}],"about":[{"href":"https:\/\/www.noticiasradioreflejos.com.ar\/2021\/wp-json\/wp\/v2\/types\/post"}],"author":[{"embeddable":true,"href":"https:\/\/www.noticiasradioreflejos.com.ar\/2021\/wp-json\/wp\/v2\/users\/3"}],"replies":[{"embeddable":true,"href":"https:\/\/www.noticiasradioreflejos.com.ar\/2021\/wp-json\/wp\/v2\/comments?post=11350"}],"version-history":[{"count":0,"href":"https:\/\/www.noticiasradioreflejos.com.ar\/2021\/wp-json\/wp\/v2\/posts\/11350\/revisions"}],"wp:attachment":[{"href":"https:\/\/www.noticiasradioreflejos.com.ar\/2021\/wp-json\/wp\/v2\/media?parent=11350"}],"wp:term":[{"taxonomy":"category","embeddable":true,"href":"https:\/\/www.noticiasradioreflejos.com.ar\/2021\/wp-json\/wp\/v2\/categories?post=11350"},{"taxonomy":"post_tag","embeddable":true,"href":"https:\/\/www.noticiasradioreflejos.com.ar\/2021\/wp-json\/wp\/v2\/tags?post=11350"}],"curies":[{"name":"wp","href":"https:\/\/api.w.org\/{rel}","templated":true}]}}