{"id":113358,"date":"2025-03-02T10:55:17","date_gmt":"2025-03-02T13:55:17","guid":{"rendered":"https:\/\/www.noticiasradioreflejos.com.ar\/2021\/?p=113358"},"modified":"2025-03-02T10:55:17","modified_gmt":"2025-03-02T13:55:17","slug":"milei-arengo-a-los-suyos-en-un-congreso-semivacio-pidio-que-le-voten-un-acuerdo-con-el-fmi-y-prometio-el-final-del-estado","status":"publish","type":"post","link":"https:\/\/www.noticiasradioreflejos.com.ar\/2021\/milei-arengo-a-los-suyos-en-un-congreso-semivacio-pidio-que-le-voten-un-acuerdo-con-el-fmi-y-prometio-el-final-del-estado\/","title":{"rendered":"Milei areng\u00f3 a los suyos en un Congreso semivac\u00edo, pidi\u00f3 que le voten un acuerdo con el FMI y prometi\u00f3 \u201cel final del Estado\u201d"},"content":{"rendered":"<p>El discurso del Presidente festej\u00f3 el avance de su motosierra y revel\u00f3 la pol\u00edtica de diferenciaci\u00f3n total con las voces opositoras. Plante\u00f3 varias reformas pero destac\u00f3 el pedido al Legislativo de un apoyo a la negociaci\u00f3n a\u00fan abierta con el Fondo. Tuvo un cruce inesperado con Villarruel, mientras la transmisi\u00f3n oficial evit\u00f3 mostrar a la vice. No fue Lijo.<!--more--><\/p>\n<div>Con el objetivo de lograr \u201cel final del Estado\u201d,\u00a0<strong>Javier Milei inaugur\u00f3 este s\u00e1bado por la noche las sesiones ordinarias en un Congreso que fue testigo del m\u00e1s puro guion libertario que se avecina para las elecciones de octubre.<\/strong>\u00a0Reafirm\u00f3 su idea de grieta insalvable con quienes no piensan como el oficialismo, hizo una fuerte arenga a los suyos que llenaron los balcones del recinto de Diputados, explicit\u00f3\u00a0<strong>su distanciamiento con Victoria Villarruel<\/strong>\u00a0y adelant\u00f3 que buscar\u00e1 muy pronto tanto avanzar en\u00a0<strong>un acuerdo con el FMI<\/strong>\u00a0como impulsar varias reformas legislativas: desde una impositiva y laboral a una penal de mano dura para bajar la edad de imputabilidad a los 14 a\u00f1os.<\/div>\n<div><\/div>\n<div class=\"content-container col-12 col-lg-8\">\n<div class=\"c-content\">\n<div class=\"partner-wrapper opening\" data-mrf-recirculation=\"Apertura\">\n<div class=\"second-col\">\n<figure class=\"ni-figure\"><picture class=\"news-image\"><source srcset=\"https:\/\/static.eldiario.es\/clip\/ccbf9b07-b52a-4d15-9bb4-946dcdc93403_16-9-discover-aspect-ratio_50p_0.webp\" type=\"image\/webp\" media=\"(max-width: 576px)\" \/><source srcset=\"https:\/\/static.eldiario.es\/clip\/ccbf9b07-b52a-4d15-9bb4-946dcdc93403_16-9-discover-aspect-ratio_50p_0.jpg\" type=\"image\/jpg\" media=\"(max-width: 576px)\" \/><source srcset=\"https:\/\/static.eldiario.es\/clip\/ccbf9b07-b52a-4d15-9bb4-946dcdc93403_16-9-discover-aspect-ratio_75p_0.webp\" type=\"image\/webp\" media=\"(max-width: 767px)\" \/><source srcset=\"https:\/\/static.eldiario.es\/clip\/ccbf9b07-b52a-4d15-9bb4-946dcdc93403_16-9-discover-aspect-ratio_75p_0.jpg\" type=\"image\/jpg\" media=\"(max-width: 767px)\" \/><source srcset=\"https:\/\/static.eldiario.es\/clip\/ccbf9b07-b52a-4d15-9bb4-946dcdc93403_16-9-discover-aspect-ratio_default_0.webp\" type=\"image\/webp\" \/><source srcset=\"https:\/\/static.eldiario.es\/clip\/ccbf9b07-b52a-4d15-9bb4-946dcdc93403_16-9-discover-aspect-ratio_default_0.jpg\" type=\"image\/jpg\" \/><img decoding=\"async\" src=\"https:\/\/static.eldiario.es\/clip\/ccbf9b07-b52a-4d15-9bb4-946dcdc93403_16-9-discover-aspect-ratio_default_0.jpg\" alt=\"Salvo el entredicho con Facundo Manes, Javier Milei tuvo eco entre los suyos por el faltazo del peronismo. Tambi\u00e9n tuvo un chispazo con la vice, Victoria Villarruel.\" \/><\/picture><figcaption class=\"image-footer\"><em><span class=\"title\">Salvo el entredicho con Facundo Manes, Javier Milei tuvo eco entre los suyos por el faltazo del peronismo. Tambi\u00e9n tuvo un chispazo con la vice, Victoria Villarruel.\u00a0<span class=\"author\">NA<\/span><\/span><\/em><\/figcaption><\/figure>\n<\/div>\n<div class=\"news-info\" data-mrf-recirculation=\"firma\"><\/div>\n<\/div>\n<div class=\"partner-wrapper article-page__body-row\">\n<div class=\"second-col\">\n<p class=\"article-text\">\n<p class=\"article-text\">El mandatario habl\u00f3 una hora y once minutos hacia el costado derecho del hemiciclo, donde est\u00e1n ubicadas las bancas de La Libertad Avanza y del PRO. Del medio hacia la izquierda, el peronismo, el trotskismo y parte del radicalismo disidente pegaron el faltazo que ya hab\u00edan anticipado en la semana tras\u00a0<strong>el estallido del esc\u00e1ndalo $LIBRA y el decretazo para designar como nuevos jueces de la Corte Suprema a Ariel Lijo y Manuel Garc\u00eda-Mansilla<\/strong>. Milei hizo apenas breves alusiones a ambas pol\u00e9micas.<\/p>\n<p class=\"article-text\">En el primer tramo de la intervenci\u00f3n del mandatario fue\u00a0<strong>autorreferencial y grandilocuente<\/strong>. Calific\u00f3 su gobierno como \u201cel mejor de la historia argentina\u201d y afirm\u00f3 una estad\u00edstica dif\u00edcil de comprobar: \u201cYa cumplimos m\u00e1s del 75% de nuestras promesas\u201d. Mencion\u00f3 uno por uno a sus ministros y funcionarios principales, desde su hermana Karina al jefe del Banco Central, Santiago Bausili, pasando por \u201cel coloso\u201d Luis Caputo o el \u201csuperlativo\u201d Federico Sturzenegger.<\/p>\n<p class=\"article-text\">Fue entonces cuando defendi\u00f3 la motosierra libertaria sobre el Estado y recibi\u00f3 aplausos por su d\u00e9ficit cero alcanzado por el fuerte ajuste. Dijo que su programa econ\u00f3mico \u201ces el m\u00e1s exitoso hasta la fecha\u201d. Y agreg\u00f3 que se logr\u00f3 \u201csin fijar el tipo de cambio, recomposici\u00f3n tarifaria, ni plan Bonex\u201d.\u00a0<strong>\u201cUstedes keynesianos no pueden parar de llorar\u201d<\/strong>, lanz\u00f3 Milei para defenderse de las cr\u00edticas sobre su plan econ\u00f3mico, que logr\u00f3 cierto orden de la macroeconom\u00eda pero a costo de una fuerte recesi\u00f3n. \u201cDesde abril que la econom\u00eda no para de crecer. Hablaban de la L, de la pipita de Nike, pero fue en V corta aunque les duela a &#8216;uni\u00f3n por la plata&#8217; o no s\u00e9 c\u00f3mo se llaman ahora\u201d, dijo para criticar a la oposici\u00f3n peronista de Uni\u00f3n por la Patria.<\/p>\n<p class=\"article-text\">Adelant\u00f3 que acelerar\u00e1 en el desguace del Estado y la privatizaci\u00f3n de las empresas p\u00fablicas: \u201cEmpezamos a dar los primeros pasos para privatizar a todas las empresas p\u00fablicas\u201d, prometi\u00f3 el Presidente, aunque\u00a0<strong>se vanaglori\u00f3 de haber reacondicionado las cuentas de Aerol\u00edneas Argentinas, cuya venta el Gobierno a\u00fan no pudo concretar.<\/strong>\u00a0Plante\u00f3 que \u201cel Estado no est\u00e1 para reemplazar al empresariado\u201d y festej\u00f3 los despidos a empleados p\u00fablicos: \u201cCerramos 200 \u00e1reas del Poder Ejecutivo y\u00a0<strong>echamos a m\u00e1s de 40.000 empleados<\/strong>\u00a0p\u00fablicos\u201d.<\/p>\n<figure><picture class=\"news-image\"><source srcset=\"https:\/\/static.eldiario.es\/clip\/55ae0d09-a8b0-41e7-b806-04512babc1b0_16-9-discover-aspect-ratio_50p_0.webp\" type=\"image\/webp\" media=\"(max-width: 576px)\" \/><source srcset=\"https:\/\/static.eldiario.es\/clip\/55ae0d09-a8b0-41e7-b806-04512babc1b0_16-9-discover-aspect-ratio_50p_0.jpg\" type=\"image\/jpg\" media=\"(max-width: 576px)\" \/><source srcset=\"https:\/\/static.eldiario.es\/clip\/55ae0d09-a8b0-41e7-b806-04512babc1b0_16-9-discover-aspect-ratio_75p_0.webp\" type=\"image\/webp\" media=\"(max-width: 767px)\" \/><source srcset=\"https:\/\/static.eldiario.es\/clip\/55ae0d09-a8b0-41e7-b806-04512babc1b0_16-9-discover-aspect-ratio_75p_0.jpg\" type=\"image\/jpg\" media=\"(max-width: 767px)\" \/><source srcset=\"https:\/\/static.eldiario.es\/clip\/55ae0d09-a8b0-41e7-b806-04512babc1b0_16-9-discover-aspect-ratio_default_0.webp\" type=\"image\/webp\" media=\"(min-width: 768px)\" \/><source srcset=\"https:\/\/static.eldiario.es\/clip\/55ae0d09-a8b0-41e7-b806-04512babc1b0_16-9-discover-aspect-ratio_default_0.jpg\" type=\"image\/jpg\" media=\"(min-width: 768px)\" \/><source srcset=\"https:\/\/static.eldiario.es\/clip\/55ae0d09-a8b0-41e7-b806-04512babc1b0_16-9-discover-aspect-ratio_default_0.webp\" type=\"image\/webp\" \/><img decoding=\"async\" class=\"lazy entered loaded\" src=\"https:\/\/static.eldiario.es\/clip\/55ae0d09-a8b0-41e7-b806-04512babc1b0_16-9-discover-aspect-ratio_default_0.jpg\" alt=\"\" data-src=\"https:\/\/static.eldiario.es\/clip\/55ae0d09-a8b0-41e7-b806-04512babc1b0_16-9-discover-aspect-ratio_default_0.jpg\" data-ll-status=\"loaded\" \/><\/picture><figcaption class=\"image-footer\"><em><span class=\"title\">El Presidente abri\u00f3 las sesiones ordinarias ante un hemiciclo de Diputados semivac\u00edo por el faltazo del peronismo.\u00a0<span class=\"author\">Presidencia<\/span><\/span><\/em><\/figcaption><\/figure>\n<p>&nbsp;<\/p>\n<p class=\"article-text\">Milei ingres\u00f3 al recinto de Diputados por un costado, a la altura de las bancas, para\u00a0<strong>abrazarse y tomarse selfies con el pu\u00f1ado de legisladores<\/strong>\u00a0que fueron a escucharlo: principalmente sus ac\u00f3litos libertarios y amarillos, a\u00fan del PRO, que le son fieles. Pas\u00f3 por enfrente de los jueces de la Corte, por lo que obligatoriamente tuvo que estrechar manos con el presidente Horacio Rosatti y con el flamante ministro Garc\u00eda-Mansilla, elegido por la Rosada por su perfil ultraconservador y antiabortista.\u00a0<strong>Finalmente no estuvo Ariel Lijo<\/strong>, a quien el Gobierno ya considera miembro de m\u00e1ximo tribunal, pero que a\u00fan no jur\u00f3 en Tribunal. Del otro lado del estrado lo escucharon los pocos gobernadores que fueron, como el macrista Jorge Macri (CABA), el peronista no-kirchnerista Mart\u00edn Llaryora (C\u00f3rdoba) y el radical Maximiliano Pullaro (Santa Fe).<\/p>\n<p class=\"article-text\">Con la prensa acreditada restringida a una bandeja del segundo piso, el palco detr\u00e1s de Milei fue ocupado por diplom\u00e1ticos y en los directos al frente suyo se vieron solo a sus seguidores: destacaron su familia, su pareja Yuyito Gonz\u00e1lez y<strong>\u00a0el estratega de la narrativa oficialista Santiago Caputo, que tuvo a su lado al viceministro de Justicia, Sebasti\u00e1n Amerio y al tuitero mile\u00edsta Gordo Dan.<\/strong><\/p>\n<p class=\"article-text\">Desde esas gradas libertarias llovieron los aplausos que Milei recibio en varios momentos de su discurso. Como cuando dijo que \u201cla motosierra seguir\u00e1 hasta que encuentre el final del Estado\u201d y adelant\u00f3 que su gobierno est\u00e1 trabajando en m\u00e1s de una docena de leyes. Dijo que estima que ese paquete se aborde durante este a\u00f1o legislativo o \u201cdesde el 11 de diciembre\u201d, imaginando que el oficialismo ganar\u00e1 los pr\u00f3ximos comicios. Entonces mir\u00f3 a su izquierda, el espacio donde se sienta el peronismo, y plante\u00f3: \u201cEsta zona se va a poner un poquito m\u00e1s violeta\u201d.<\/p>\n<figure><picture class=\"news-image\"><source srcset=\"https:\/\/static.eldiario.es\/clip\/511f449b-ae90-4082-ac4d-3daae21b9d9d_16-9-discover-aspect-ratio_50p_0.webp\" type=\"image\/webp\" media=\"(max-width: 576px)\" \/><source srcset=\"https:\/\/static.eldiario.es\/clip\/511f449b-ae90-4082-ac4d-3daae21b9d9d_16-9-discover-aspect-ratio_50p_0.jpg\" type=\"image\/jpg\" media=\"(max-width: 576px)\" \/><source srcset=\"https:\/\/static.eldiario.es\/clip\/511f449b-ae90-4082-ac4d-3daae21b9d9d_16-9-discover-aspect-ratio_75p_0.webp\" type=\"image\/webp\" media=\"(max-width: 767px)\" \/><source srcset=\"https:\/\/static.eldiario.es\/clip\/511f449b-ae90-4082-ac4d-3daae21b9d9d_16-9-discover-aspect-ratio_75p_0.jpg\" type=\"image\/jpg\" media=\"(max-width: 767px)\" \/><source srcset=\"https:\/\/static.eldiario.es\/clip\/511f449b-ae90-4082-ac4d-3daae21b9d9d_16-9-discover-aspect-ratio_default_0.webp\" type=\"image\/webp\" media=\"(min-width: 768px)\" \/><source srcset=\"https:\/\/static.eldiario.es\/clip\/511f449b-ae90-4082-ac4d-3daae21b9d9d_16-9-discover-aspect-ratio_default_0.jpg\" type=\"image\/jpg\" media=\"(min-width: 768px)\" \/><source srcset=\"https:\/\/static.eldiario.es\/clip\/511f449b-ae90-4082-ac4d-3daae21b9d9d_16-9-discover-aspect-ratio_default_0.webp\" type=\"image\/webp\" \/><img decoding=\"async\" class=\"lazy entered loaded\" src=\"https:\/\/static.eldiario.es\/clip\/511f449b-ae90-4082-ac4d-3daae21b9d9d_16-9-discover-aspect-ratio_default_0.jpg\" alt=\"\" data-src=\"https:\/\/static.eldiario.es\/clip\/511f449b-ae90-4082-ac4d-3daae21b9d9d_16-9-discover-aspect-ratio_default_0.jpg\" data-ll-status=\"loaded\" \/><\/picture><figcaption class=\"image-footer\"><em><span class=\"title\">Manes, Amerio y el Gordo Dan.\u00a0<span class=\"author\">NA<\/span><\/span><\/em><\/figcaption><\/figure>\n<p>&nbsp;<\/p>\n<p class=\"article-text\">En otro pasaje del cap\u00edtulo econ\u00f3mico, Milei anunci\u00f3 una reforma impositiva \u201cpara tener \u00fanicamente seis impuestos\u201d. Dijo que \u201cel Estado Nacional establecer\u00e1 un piso m\u00ednimo para cada impuesto sustancialmente inferior al total actual y luego las provincias podr\u00e1n elevarlo a su criterio, lo que indudablemente generar\u00e1 una competencia fiscal entre las provincias que dinamizar\u00e1 as\u00ed sus econom\u00edas\u201d. Se\u00f1al\u00f3 que tanto las pol\u00edticas proteccionistas como la obra p\u00fablica son \u201cfalacias\u201d.\u00a0<strong>\u201cSon un curro entre los polit\u00edcos y los empresarios prebendarios\u201d<\/strong>, apuntal\u00f3.<\/p>\n<p class=\"article-text\">Antes hab\u00eda dicho: \u201cSi quieren terminar con la pobreza, terminen con el curro de la pol\u00edtica\u201d, y afirm\u00f3 que \u201cajustar a la pol\u00edtica no solo es recesivo sino que es expansivo\u201d. Indic\u00f3 que \u201cdiez millones de personas salieron de la l\u00ednea de la pobreza\u201d.\u00a0<strong>El pr\u00f3ximo 31 de marzo el Indec dar\u00e1 a conocer el dato oficial de pobreza en el segundo semestre del a\u00f1o pasado<\/strong>, pero las proyecciones de la Universidad Torcuato Di Tella (UTDT) ya muestran que la tasa estar\u00eda en torno al 36,8%, el nivel m\u00e1s bajo desde el primer semestre de 2022 (36,5%).<\/p>\n<p class=\"article-text\">En su intervenci\u00f3n el Presidente prometi\u00f3 una reforma penal para bajar la edad de imputabilidad y us\u00f3 como golpe de efecto el crimen de la nena Kim G\u00f3mez, asesinada esta semana en La Plata. Aprovech\u00f3 para cuestionar al gobernador bonaerense,\u00a0<strong>Axel Kicillof<\/strong>, aunque omiti\u00f3 completamente su pedido de intervenir la provincia: \u201cLe digo a Kicillof que mientas diga que los asesinos son v\u00edctimas del sitema, no tenemos nada para conversar\u201d. \u201cSer tolerantes con los delincuentes es castigar a las personas de bien. Necesitamos\u00a0aprobar la ley de baja de la edad de imputabilidad\u201d, plante\u00f3 en l\u00ednea con el proyecto que se apresta a motorizar el oficialismo para\u00a0<strong>que las penas se computen desde los 14 a\u00f1os.<\/strong><\/p>\n<p class=\"article-text\">Tambi\u00e9n habl\u00f3 de una reforma migratoria \u201cpara que los extranjeros que viven en el pa\u00eds sin residencia paguen los servicios que usan\u201d y pidi\u00f3 que las universidades p\u00fablicas le cobren a los estudiantes no residentes, aunque los \u00fanicos extranjeros que pueden estudiar en las casas de altos estudios gratuitas tienen que tener obligatoriamente su residencia.<\/p>\n<h2 class=\"article-text\">El FMI, entre las tirrias con Manes y Villarruel<\/h2>\n<p class=\"article-text\">Tras esas reformas Milei plante\u00f3 que el Gobierno quiere avanzar en los pliegos de importantes cargos a\u00fan vacantes como el del Procurador, el Defensor General, el Defensor de Pueblo y un sinf\u00edn de juzgados y fiscal\u00edas federales, pese a que ya el a\u00f1o pasado hizo un anuncio en ese sentido que nunca prosper\u00f3. \u201cEs imposible que la Justicia cumpla su deber si funciona al 60%\u201d, dijo Milei en referencia a que hay 40% de vacantes a\u00fan, y en ese momento se cruz\u00f3 fuerte con el diputado radical disidente Facundo Manes, que desde su banca le mostraba la Constituci\u00f3n Nacional.<\/p>\n<figure><picture class=\"news-image\"><source srcset=\"https:\/\/static.eldiario.es\/clip\/6c37df3b-e4b4-424c-9566-b418fee544b2_source-aspect-ratio_50p_0.webp\" type=\"image\/webp\" media=\"(max-width: 576px)\" \/><source srcset=\"https:\/\/static.eldiario.es\/clip\/6c37df3b-e4b4-424c-9566-b418fee544b2_source-aspect-ratio_50p_0.jpg\" type=\"image\/jpg\" media=\"(max-width: 576px)\" \/><source srcset=\"https:\/\/static.eldiario.es\/clip\/6c37df3b-e4b4-424c-9566-b418fee544b2_source-aspect-ratio_75p_0.webp\" type=\"image\/webp\" media=\"(max-width: 767px)\" \/><source srcset=\"https:\/\/static.eldiario.es\/clip\/6c37df3b-e4b4-424c-9566-b418fee544b2_source-aspect-ratio_75p_0.jpg\" type=\"image\/jpg\" media=\"(max-width: 767px)\" \/><source srcset=\"https:\/\/static.eldiario.es\/clip\/6c37df3b-e4b4-424c-9566-b418fee544b2_source-aspect-ratio_default_0.webp\" type=\"image\/webp\" media=\"(min-width: 768px)\" \/><source srcset=\"https:\/\/static.eldiario.es\/clip\/6c37df3b-e4b4-424c-9566-b418fee544b2_source-aspect-ratio_default_0.jpg\" type=\"image\/jpg\" media=\"(min-width: 768px)\" \/><source srcset=\"https:\/\/static.eldiario.es\/clip\/6c37df3b-e4b4-424c-9566-b418fee544b2_source-aspect-ratio_default_0.webp\" type=\"image\/webp\" \/><img decoding=\"async\" class=\"lazy entered loaded\" src=\"https:\/\/static.eldiario.es\/clip\/6c37df3b-e4b4-424c-9566-b418fee544b2_source-aspect-ratio_default_0.jpg\" alt=\"\" data-src=\"https:\/\/static.eldiario.es\/clip\/6c37df3b-e4b4-424c-9566-b418fee544b2_source-aspect-ratio_default_0.jpg\" data-ll-status=\"loaded\" \/><\/picture><figcaption class=\"image-footer\"><em><span class=\"title\">Manes gener\u00f3 una reacci\u00f3n del Presidente al mostrarle la Constituci\u00f3n Nacional.\u00a0<span class=\"author\">NA<\/span><\/span><\/em><\/figcaption><\/figure>\n<p>&nbsp;<\/p>\n<p class=\"article-text\"><strong>\u201cLeela, Manes, te va a servir\u201d<\/strong>, reaccion\u00f3 Milei y le reproch\u00f3: \u201cQuiz\u00e1s tu versi\u00f3n es con inteligencia artificial y cambia de libertaria a kirchnerista, como hiciste vos\u201d. El episodio no qued\u00f3 ah\u00ed porque tras la Asamblea Legislativa, el asesor Caputo baj\u00f3 de las gradas para increpar a Manes en unos de los pasillos de Diputados. El influencer\u00a0<strong>Fran Fijap, que estaba acompa\u00f1ando al estratega libertario incluso golpe\u00f3 al neur\u00f3logo<\/strong>, quien termin\u00f3 en el despacho de Mart\u00edn Menem y prometi\u00f3 hacer una denuncia en la comisaria de la C\u00e1mara baja por violencia y amenazas.<\/p>\n<p class=\"article-text\">Hacia el final de su intervenci\u00f3n fue que el Presidente se ocup\u00f3 de adelantar un inminente acuerdo con el Fondo.\u00a0<strong>\u201cEstamos avanzando con un acuerdo con el FMI para sanear el Banco Central y salir del cepo cambiario durante este a\u00f1o\u201d<\/strong>, dijo Milei aunque no precis\u00f3 detalles de cu\u00e1nto ni cu\u00e1ndo ser\u00eda el ingreso de fondos frescos. \u201cEstamos en condiciones de emprender este acuerdo sin aumentar nuestra deuda bruta\u201d, afirm\u00f3. \u201cEl dinero que use el Tesoro se utilizar\u00e1 para cancelar parte de su deuda con el Banco Central\u201d, adelant\u00f3.<\/p>\n<p class=\"article-text\">Sin dar cifras, el Gobierno aspira recibir del organismo multilateral unos $10.000 millones. Seg\u00fan Milei, ser\u00e1n para \u201crestaurar el patrimonio del Banco Central\u201d. Apunt\u00f3 que \u201cel dinero que reciba el Tesoro lo utilizar\u00e1 para cancelar parte de su deuda con el Banco Central\u201d.<\/p>\n<p class=\"article-text\">Meti\u00f3 en esa discusi\u00f3n incluso al\u00a0<strong>Grupo Clar\u00edn,<\/strong>\u00a0con el que parece tener una nueva relaci\u00f3n de tirantez desde que el conglomerado adquiri\u00f3 esta semana la pata local de la espa\u00f1ola Telef\u00f3nica. \u201cCon ese chiste de la pesificaci\u00f3n asim\u00e9trica impulsado tan alegremente y bancado por Clar\u00edn, que despu\u00e9s tuvo su Ley de Medios para que no quiebre, les robaron a los argentinos 30 mil millones de d\u00f3lares\u201d, dijo el Presidente, que agreg\u00f3 la \u00fanica referencia al criptogate $LIBRA que lo tiene como protagonista: \u201cEn los \u00faltimos 25 a\u00f1os la pol\u00edtica, v\u00eda Banco Central, les rob\u00f3 a los argentinos 110 mil millones de d\u00f3lares.\u00a0<strong>Vengan ahora a hablar de estafa piramidal, dale\u201d.<\/strong><\/p>\n<p class=\"article-text\">Adelant\u00f3 que ese acuerdo con el Fondo deber\u00e1 ser rubricado por el Congreso, pero dijo que si las c\u00e1maras parlamentarias no lo acompa\u00f1an, insitir\u00e1 por otras v\u00edas. \u201cJam\u00e1s nos vamos a rendir\u201d, lanz\u00f3 como una arenga de tinte electoral por las pr\u00f3ximas elecciones: \u201cPelearemos en el Congreso de la Nacion, en provincias, municipios, legislaturas y concejos deliberantes. Lo haremos de local en las redes sociales o en las calles\u201d.<\/p>\n<div id=\"container-after-news-outlook\"><\/div>\n<p class=\"article-text\">Cuando se dispon\u00eda a cerrar con su cl\u00e1sico \u201cviva la libertad, carajo\u201d dej\u00f3 un bache de silencio que el locutor interpret\u00f3 como el final del discurso.\u00a0<strong>\u201c\u00a1Par\u00e1!\u201d<\/strong>, grit\u00f3 Milei e inmediatamente Villarruel comenz\u00f3 a decir que hab\u00eda finalizado la asamblea. Entonces el Presidente cristaliz\u00f3 la ruptura pol\u00edtica con su vice, en un minu\u00e9 que qued\u00f3 capturado por la cadena nacional que no los hab\u00eda ponchado al comienzo de la sesi\u00f3n: \u201cNo termin\u00e9\u201d, le espet\u00f3 Milei. \u201cBueno, perd\u00f3n, perd\u00f3n\u201d, dijo Villarruel. Y el mandatario volvi\u00f3 a la carga:\u00a0<strong>\u201cDigo, no te apures\u201d.<\/strong><\/p>\n<\/div>\n<\/div>\n<\/div>\n<\/div>\n<p>&nbsp;<\/p>\n<p><em><strong><a class=\"twitter-account\" href=\"https:\/\/twitter.com\/@MauriCaminos\" target=\"_blank\" rel=\"noopener\" data-mrf-link=\"https:\/\/twitter.com\/@MauriCaminos\">@MauriCaminos<\/a> &#8211;\u00a0 ElDiarioAR<\/strong><\/em><\/p>\n","protected":false},"excerpt":{"rendered":"<p>El discurso del Presidente festej\u00f3 el avance de su motosierra y revel\u00f3 la pol\u00edtica de diferenciaci\u00f3n total con las voces opositoras. Plante\u00f3 varias reformas pero destac\u00f3 el pedido al Legislativo de un apoyo a la negociaci\u00f3n a\u00fan abierta con el Fondo. Tuvo un cruce inesperado con Villarruel, mientras la transmisi\u00f3n oficial evit\u00f3 mostrar a la [&hellip;]<\/p>\n","protected":false},"author":3,"featured_media":0,"comment_status":"closed","ping_status":"closed","sticky":false,"template":"","format":"standard","meta":{"footnotes":""},"categories":[58,24],"tags":[],"class_list":["post-113358","post","type-post","status-publish","format-standard","hentry","category-gobierno","category-politica"],"yoast_head":"<!-- This site is optimized with the Yoast SEO plugin v25.9 - https:\/\/yoast.com\/wordpress\/plugins\/seo\/ -->\n<title>Milei areng\u00f3 a los suyos en un Congreso semivac\u00edo, pidi\u00f3 que le voten un acuerdo con el FMI y prometi\u00f3 \u201cel final del Estado\u201d - Noticias Radio Reflejos<\/title>\n<meta name=\"robots\" content=\"index, follow, max-snippet:-1, max-image-preview:large, max-video-preview:-1\" \/>\n<link rel=\"canonical\" href=\"https:\/\/www.noticiasradioreflejos.com.ar\/2021\/milei-arengo-a-los-suyos-en-un-congreso-semivacio-pidio-que-le-voten-un-acuerdo-con-el-fmi-y-prometio-el-final-del-estado\/\" \/>\n<meta property=\"og:locale\" content=\"es_ES\" \/>\n<meta property=\"og:type\" content=\"article\" \/>\n<meta property=\"og:title\" content=\"Milei areng\u00f3 a los suyos en un Congreso semivac\u00edo, pidi\u00f3 que le voten un acuerdo con el FMI y prometi\u00f3 \u201cel final del Estado\u201d - Noticias Radio Reflejos\" \/>\n<meta property=\"og:description\" content=\"El discurso del Presidente festej\u00f3 el avance de su motosierra y revel\u00f3 la pol\u00edtica de diferenciaci\u00f3n total con las voces opositoras. Plante\u00f3 varias reformas pero destac\u00f3 el pedido al Legislativo de un apoyo a la negociaci\u00f3n a\u00fan abierta con el Fondo. Tuvo un cruce inesperado con Villarruel, mientras la transmisi\u00f3n oficial evit\u00f3 mostrar a la [&hellip;]\" \/>\n<meta property=\"og:url\" content=\"https:\/\/www.noticiasradioreflejos.com.ar\/2021\/milei-arengo-a-los-suyos-en-un-congreso-semivacio-pidio-que-le-voten-un-acuerdo-con-el-fmi-y-prometio-el-final-del-estado\/\" \/>\n<meta property=\"og:site_name\" content=\"Noticias Radio Reflejos\" \/>\n<meta property=\"article:published_time\" content=\"2025-03-02T13:55:17+00:00\" \/>\n<meta property=\"og:image\" content=\"https:\/\/www.noticiasradioreflejos.com.ar\/2021\/wp-content\/uploads\/2025\/03\/Milei-Villa-Men.jpg\" \/>\n\t<meta property=\"og:image:width\" content=\"900\" \/>\n\t<meta property=\"og:image:height\" content=\"506\" \/>\n\t<meta property=\"og:image:type\" content=\"image\/jpeg\" \/>\n<meta name=\"author\" content=\"Arnaldo Botto\" \/>\n<meta name=\"twitter:card\" content=\"summary_large_image\" \/>\n<script type=\"application\/ld+json\" class=\"yoast-schema-graph\">{\"@context\":\"https:\/\/schema.org\",\"@graph\":[{\"@type\":\"WebPage\",\"@id\":\"https:\/\/www.noticiasradioreflejos.com.ar\/2021\/milei-arengo-a-los-suyos-en-un-congreso-semivacio-pidio-que-le-voten-un-acuerdo-con-el-fmi-y-prometio-el-final-del-estado\/\",\"url\":\"https:\/\/www.noticiasradioreflejos.com.ar\/2021\/milei-arengo-a-los-suyos-en-un-congreso-semivacio-pidio-que-le-voten-un-acuerdo-con-el-fmi-y-prometio-el-final-del-estado\/\",\"name\":\"Milei areng\u00f3 a los suyos en un Congreso semivac\u00edo, pidi\u00f3 que le voten un acuerdo con el FMI y prometi\u00f3 \u201cel final del Estado\u201d - Noticias Radio Reflejos\",\"isPartOf\":{\"@id\":\"https:\/\/www.noticiasradioreflejos.com.ar\/2021\/#website\"},\"primaryImageOfPage\":{\"@id\":\"https:\/\/www.noticiasradioreflejos.com.ar\/2021\/milei-arengo-a-los-suyos-en-un-congreso-semivacio-pidio-que-le-voten-un-acuerdo-con-el-fmi-y-prometio-el-final-del-estado\/#primaryimage\"},\"image\":{\"@id\":\"https:\/\/www.noticiasradioreflejos.com.ar\/2021\/milei-arengo-a-los-suyos-en-un-congreso-semivacio-pidio-que-le-voten-un-acuerdo-con-el-fmi-y-prometio-el-final-del-estado\/#primaryimage\"},\"thumbnailUrl\":\"https:\/\/static.eldiario.es\/clip\/ccbf9b07-b52a-4d15-9bb4-946dcdc93403_16-9-discover-aspect-ratio_default_0.jpg\",\"datePublished\":\"2025-03-02T13:55:17+00:00\",\"author\":{\"@id\":\"https:\/\/www.noticiasradioreflejos.com.ar\/2021\/#\/schema\/person\/ad82545263dcc5ec0996818884fd5fb1\"},\"breadcrumb\":{\"@id\":\"https:\/\/www.noticiasradioreflejos.com.ar\/2021\/milei-arengo-a-los-suyos-en-un-congreso-semivacio-pidio-que-le-voten-un-acuerdo-con-el-fmi-y-prometio-el-final-del-estado\/#breadcrumb\"},\"inLanguage\":\"es\",\"potentialAction\":[{\"@type\":\"ReadAction\",\"target\":[\"https:\/\/www.noticiasradioreflejos.com.ar\/2021\/milei-arengo-a-los-suyos-en-un-congreso-semivacio-pidio-que-le-voten-un-acuerdo-con-el-fmi-y-prometio-el-final-del-estado\/\"]}]},{\"@type\":\"ImageObject\",\"inLanguage\":\"es\",\"@id\":\"https:\/\/www.noticiasradioreflejos.com.ar\/2021\/milei-arengo-a-los-suyos-en-un-congreso-semivacio-pidio-que-le-voten-un-acuerdo-con-el-fmi-y-prometio-el-final-del-estado\/#primaryimage\",\"url\":\"https:\/\/static.eldiario.es\/clip\/ccbf9b07-b52a-4d15-9bb4-946dcdc93403_16-9-discover-aspect-ratio_default_0.jpg\",\"contentUrl\":\"https:\/\/static.eldiario.es\/clip\/ccbf9b07-b52a-4d15-9bb4-946dcdc93403_16-9-discover-aspect-ratio_default_0.jpg\"},{\"@type\":\"BreadcrumbList\",\"@id\":\"https:\/\/www.noticiasradioreflejos.com.ar\/2021\/milei-arengo-a-los-suyos-en-un-congreso-semivacio-pidio-que-le-voten-un-acuerdo-con-el-fmi-y-prometio-el-final-del-estado\/#breadcrumb\",\"itemListElement\":[{\"@type\":\"ListItem\",\"position\":1,\"name\":\"Portada\",\"item\":\"https:\/\/www.noticiasradioreflejos.com.ar\/2021\/\"},{\"@type\":\"ListItem\",\"position\":2,\"name\":\"Milei areng\u00f3 a los suyos en un Congreso semivac\u00edo, pidi\u00f3 que le voten un acuerdo con el FMI y prometi\u00f3 \u201cel final del Estado\u201d\"}]},{\"@type\":\"WebSite\",\"@id\":\"https:\/\/www.noticiasradioreflejos.com.ar\/2021\/#website\",\"url\":\"https:\/\/www.noticiasradioreflejos.com.ar\/2021\/\",\"name\":\"Noticias Radio Reflejos\",\"description\":\"Las noticias de mi comarca\",\"potentialAction\":[{\"@type\":\"SearchAction\",\"target\":{\"@type\":\"EntryPoint\",\"urlTemplate\":\"https:\/\/www.noticiasradioreflejos.com.ar\/2021\/?s={search_term_string}\"},\"query-input\":{\"@type\":\"PropertyValueSpecification\",\"valueRequired\":true,\"valueName\":\"search_term_string\"}}],\"inLanguage\":\"es\"},{\"@type\":\"Person\",\"@id\":\"https:\/\/www.noticiasradioreflejos.com.ar\/2021\/#\/schema\/person\/ad82545263dcc5ec0996818884fd5fb1\",\"name\":\"Arnaldo Botto\",\"image\":{\"@type\":\"ImageObject\",\"inLanguage\":\"es\",\"@id\":\"https:\/\/www.noticiasradioreflejos.com.ar\/2021\/#\/schema\/person\/image\/\",\"url\":\"https:\/\/secure.gravatar.com\/avatar\/55cb5e37c1efa326397366e6974cb338056df65cb50e7d64d1cf314e87504837?s=96&d=mm&r=g\",\"contentUrl\":\"https:\/\/secure.gravatar.com\/avatar\/55cb5e37c1efa326397366e6974cb338056df65cb50e7d64d1cf314e87504837?s=96&d=mm&r=g\",\"caption\":\"Arnaldo Botto\"},\"url\":\"https:\/\/www.noticiasradioreflejos.com.ar\/2021\/author\/arnaldo\/\"}]}<\/script>\n<!-- \/ Yoast SEO plugin. -->","yoast_head_json":{"title":"Milei areng\u00f3 a los suyos en un Congreso semivac\u00edo, pidi\u00f3 que le voten un acuerdo con el FMI y prometi\u00f3 \u201cel final del Estado\u201d - Noticias Radio Reflejos","robots":{"index":"index","follow":"follow","max-snippet":"max-snippet:-1","max-image-preview":"max-image-preview:large","max-video-preview":"max-video-preview:-1"},"canonical":"https:\/\/www.noticiasradioreflejos.com.ar\/2021\/milei-arengo-a-los-suyos-en-un-congreso-semivacio-pidio-que-le-voten-un-acuerdo-con-el-fmi-y-prometio-el-final-del-estado\/","og_locale":"es_ES","og_type":"article","og_title":"Milei areng\u00f3 a los suyos en un Congreso semivac\u00edo, pidi\u00f3 que le voten un acuerdo con el FMI y prometi\u00f3 \u201cel final del Estado\u201d - Noticias Radio Reflejos","og_description":"El discurso del Presidente festej\u00f3 el avance de su motosierra y revel\u00f3 la pol\u00edtica de diferenciaci\u00f3n total con las voces opositoras. Plante\u00f3 varias reformas pero destac\u00f3 el pedido al Legislativo de un apoyo a la negociaci\u00f3n a\u00fan abierta con el Fondo. Tuvo un cruce inesperado con Villarruel, mientras la transmisi\u00f3n oficial evit\u00f3 mostrar a la [&hellip;]","og_url":"https:\/\/www.noticiasradioreflejos.com.ar\/2021\/milei-arengo-a-los-suyos-en-un-congreso-semivacio-pidio-que-le-voten-un-acuerdo-con-el-fmi-y-prometio-el-final-del-estado\/","og_site_name":"Noticias Radio Reflejos","article_published_time":"2025-03-02T13:55:17+00:00","og_image":[{"width":900,"height":506,"url":"https:\/\/www.noticiasradioreflejos.com.ar\/2021\/wp-content\/uploads\/2025\/03\/Milei-Villa-Men.jpg","type":"image\/jpeg"}],"author":"Arnaldo Botto","twitter_card":"summary_large_image","schema":{"@context":"https:\/\/schema.org","@graph":[{"@type":"WebPage","@id":"https:\/\/www.noticiasradioreflejos.com.ar\/2021\/milei-arengo-a-los-suyos-en-un-congreso-semivacio-pidio-que-le-voten-un-acuerdo-con-el-fmi-y-prometio-el-final-del-estado\/","url":"https:\/\/www.noticiasradioreflejos.com.ar\/2021\/milei-arengo-a-los-suyos-en-un-congreso-semivacio-pidio-que-le-voten-un-acuerdo-con-el-fmi-y-prometio-el-final-del-estado\/","name":"Milei areng\u00f3 a los suyos en un Congreso semivac\u00edo, pidi\u00f3 que le voten un acuerdo con el FMI y prometi\u00f3 \u201cel final del Estado\u201d - Noticias Radio Reflejos","isPartOf":{"@id":"https:\/\/www.noticiasradioreflejos.com.ar\/2021\/#website"},"primaryImageOfPage":{"@id":"https:\/\/www.noticiasradioreflejos.com.ar\/2021\/milei-arengo-a-los-suyos-en-un-congreso-semivacio-pidio-que-le-voten-un-acuerdo-con-el-fmi-y-prometio-el-final-del-estado\/#primaryimage"},"image":{"@id":"https:\/\/www.noticiasradioreflejos.com.ar\/2021\/milei-arengo-a-los-suyos-en-un-congreso-semivacio-pidio-que-le-voten-un-acuerdo-con-el-fmi-y-prometio-el-final-del-estado\/#primaryimage"},"thumbnailUrl":"https:\/\/static.eldiario.es\/clip\/ccbf9b07-b52a-4d15-9bb4-946dcdc93403_16-9-discover-aspect-ratio_default_0.jpg","datePublished":"2025-03-02T13:55:17+00:00","author":{"@id":"https:\/\/www.noticiasradioreflejos.com.ar\/2021\/#\/schema\/person\/ad82545263dcc5ec0996818884fd5fb1"},"breadcrumb":{"@id":"https:\/\/www.noticiasradioreflejos.com.ar\/2021\/milei-arengo-a-los-suyos-en-un-congreso-semivacio-pidio-que-le-voten-un-acuerdo-con-el-fmi-y-prometio-el-final-del-estado\/#breadcrumb"},"inLanguage":"es","potentialAction":[{"@type":"ReadAction","target":["https:\/\/www.noticiasradioreflejos.com.ar\/2021\/milei-arengo-a-los-suyos-en-un-congreso-semivacio-pidio-que-le-voten-un-acuerdo-con-el-fmi-y-prometio-el-final-del-estado\/"]}]},{"@type":"ImageObject","inLanguage":"es","@id":"https:\/\/www.noticiasradioreflejos.com.ar\/2021\/milei-arengo-a-los-suyos-en-un-congreso-semivacio-pidio-que-le-voten-un-acuerdo-con-el-fmi-y-prometio-el-final-del-estado\/#primaryimage","url":"https:\/\/static.eldiario.es\/clip\/ccbf9b07-b52a-4d15-9bb4-946dcdc93403_16-9-discover-aspect-ratio_default_0.jpg","contentUrl":"https:\/\/static.eldiario.es\/clip\/ccbf9b07-b52a-4d15-9bb4-946dcdc93403_16-9-discover-aspect-ratio_default_0.jpg"},{"@type":"BreadcrumbList","@id":"https:\/\/www.noticiasradioreflejos.com.ar\/2021\/milei-arengo-a-los-suyos-en-un-congreso-semivacio-pidio-que-le-voten-un-acuerdo-con-el-fmi-y-prometio-el-final-del-estado\/#breadcrumb","itemListElement":[{"@type":"ListItem","position":1,"name":"Portada","item":"https:\/\/www.noticiasradioreflejos.com.ar\/2021\/"},{"@type":"ListItem","position":2,"name":"Milei areng\u00f3 a los suyos en un Congreso semivac\u00edo, pidi\u00f3 que le voten un acuerdo con el FMI y prometi\u00f3 \u201cel final del Estado\u201d"}]},{"@type":"WebSite","@id":"https:\/\/www.noticiasradioreflejos.com.ar\/2021\/#website","url":"https:\/\/www.noticiasradioreflejos.com.ar\/2021\/","name":"Noticias Radio Reflejos","description":"Las noticias de mi comarca","potentialAction":[{"@type":"SearchAction","target":{"@type":"EntryPoint","urlTemplate":"https:\/\/www.noticiasradioreflejos.com.ar\/2021\/?s={search_term_string}"},"query-input":{"@type":"PropertyValueSpecification","valueRequired":true,"valueName":"search_term_string"}}],"inLanguage":"es"},{"@type":"Person","@id":"https:\/\/www.noticiasradioreflejos.com.ar\/2021\/#\/schema\/person\/ad82545263dcc5ec0996818884fd5fb1","name":"Arnaldo Botto","image":{"@type":"ImageObject","inLanguage":"es","@id":"https:\/\/www.noticiasradioreflejos.com.ar\/2021\/#\/schema\/person\/image\/","url":"https:\/\/secure.gravatar.com\/avatar\/55cb5e37c1efa326397366e6974cb338056df65cb50e7d64d1cf314e87504837?s=96&d=mm&r=g","contentUrl":"https:\/\/secure.gravatar.com\/avatar\/55cb5e37c1efa326397366e6974cb338056df65cb50e7d64d1cf314e87504837?s=96&d=mm&r=g","caption":"Arnaldo Botto"},"url":"https:\/\/www.noticiasradioreflejos.com.ar\/2021\/author\/arnaldo\/"}]}},"_links":{"self":[{"href":"https:\/\/www.noticiasradioreflejos.com.ar\/2021\/wp-json\/wp\/v2\/posts\/113358","targetHints":{"allow":["GET"]}}],"collection":[{"href":"https:\/\/www.noticiasradioreflejos.com.ar\/2021\/wp-json\/wp\/v2\/posts"}],"about":[{"href":"https:\/\/www.noticiasradioreflejos.com.ar\/2021\/wp-json\/wp\/v2\/types\/post"}],"author":[{"embeddable":true,"href":"https:\/\/www.noticiasradioreflejos.com.ar\/2021\/wp-json\/wp\/v2\/users\/3"}],"replies":[{"embeddable":true,"href":"https:\/\/www.noticiasradioreflejos.com.ar\/2021\/wp-json\/wp\/v2\/comments?post=113358"}],"version-history":[{"count":1,"href":"https:\/\/www.noticiasradioreflejos.com.ar\/2021\/wp-json\/wp\/v2\/posts\/113358\/revisions"}],"predecessor-version":[{"id":113360,"href":"https:\/\/www.noticiasradioreflejos.com.ar\/2021\/wp-json\/wp\/v2\/posts\/113358\/revisions\/113360"}],"wp:attachment":[{"href":"https:\/\/www.noticiasradioreflejos.com.ar\/2021\/wp-json\/wp\/v2\/media?parent=113358"}],"wp:term":[{"taxonomy":"category","embeddable":true,"href":"https:\/\/www.noticiasradioreflejos.com.ar\/2021\/wp-json\/wp\/v2\/categories?post=113358"},{"taxonomy":"post_tag","embeddable":true,"href":"https:\/\/www.noticiasradioreflejos.com.ar\/2021\/wp-json\/wp\/v2\/tags?post=113358"}],"curies":[{"name":"wp","href":"https:\/\/api.w.org\/{rel}","templated":true}]}}