{"id":113184,"date":"2025-02-27T07:30:57","date_gmt":"2025-02-27T10:30:57","guid":{"rendered":"https:\/\/www.noticiasradioreflejos.com.ar\/2021\/?p=113184"},"modified":"2025-02-27T07:31:28","modified_gmt":"2025-02-27T10:31:28","slug":"otra-vez-la-policia-reprimio-a-jubilados-que-protestaban-afuera-del-congreso","status":"publish","type":"post","link":"https:\/\/www.noticiasradioreflejos.com.ar\/2021\/otra-vez-la-policia-reprimio-a-jubilados-que-protestaban-afuera-del-congreso\/","title":{"rendered":"Otra vez la polic\u00eda reprimi\u00f3 a jubilados que protestaban afuera del Congreso"},"content":{"rendered":"<p>Manifestantes exigieron la pr\u00f3rroga de la moratoria previsional y la restituci\u00f3n del 100% de los medicamentos del PAMI.<br \/>\n<!--more--><\/p>\n<div class=\"partner-wrapper article-page__body-row\">\n<div class=\"second-col\">\n<p class=\"article-text\">Una\u00a0<strong>nueva protesta de jubilados frente al Congreso<\/strong>\u00a0termin\u00f3 en incidentes este mi\u00e9rcoles, cuando efectivos de la Polic\u00eda Federal y la Gendarmer\u00eda avanzaron con escudos, bastones y gases lacrim\u00f3genos contra manifestantes que reclamaban la pr\u00f3rroga de la\u00a0<strong>moratoria previsional y la restituci\u00f3n del 100% de los medicamentos del PAMI.<\/strong><\/p>\n<p class=\"article-text\">A la movilizaci\u00f3n se sumaron organizaciones sociales y sindicales como el Polo Obrero y la CTA, que respaldaron el reclamo en defensa de los derechos previsionales. La represi\u00f3n gener\u00f3 momentos de tensi\u00f3n y forcejeos, en un operativo de seguridad que duplicaba en n\u00famero a los manifestantes.<\/p>\n<p class=\"article-text\"><strong>\u201c\u00a1Que todo el mundo escuche y entienda bien! \u00a1Es un gobierno dictatorial! \u00a1Este gobierno no da m\u00e1s!\u201d<\/strong>, exclam\u00f3 un jubilado ante los m\u00f3viles de televisi\u00f3n, con los ojos irritados por el gas lacrim\u00f3geno.<\/p>\n<\/div>\n<p>&nbsp;<\/p>\n<blockquote class=\"twitter-tweet\" data-media-max-width=\"560\">\n<p dir=\"ltr\" lang=\"es\">Patricia Bullrich es una ADICTA a REPRIMIR jubilados:<\/p>\n<p>\u274clo hizo en 2001<br \/>\n\u274clo hizo en 2017<br \/>\n\u274clo hace en 2025<\/p>\n<p>Cada vez que formo parte de un Gobierno fue lo \u00fanico que hizo<\/p>\n<p>\ud83d\udea8YA SABEMOS COMO TERMINA\ud83d\udea8 <a href=\"https:\/\/t.co\/V2aOVuczW3\">pic.twitter.com\/V2aOVuczW3<\/a><\/p>\n<p>\u2014 Mati Aromi (@MatiAromi) <a href=\"https:\/\/twitter.com\/MatiAromi\/status\/1894877781781094412?ref_src=twsrc%5Etfw\">February 26, 2025<\/a><\/p><\/blockquote>\n<p><script async src=\"https:\/\/platform.twitter.com\/widgets.js\" charset=\"utf-8\"><\/script><br \/>\nEl accionar de las fuerzas de seguridad se enmarca en el protocolo antipiquetes impulsado por la ministra de Seguridad, Patricia Bullrich, que restringe las condiciones en que pueden realizarse manifestaciones en la v\u00eda p\u00fablica. En las \u00faltimas semanas, la represi\u00f3n en las protestas de los mi\u00e9rcoles frente al Congreso se ha vuelto una constante.<\/p>\n<div class=\"second-col\">\n<figure class=\"embed-container embed-container--type-twitter \">\n<div class=\"twitter-tweet twitter-tweet-rendered\"><\/div>\n<\/figure>\n<p class=\"article-text\"><strong><em>MM &#8211; elDiarioAR<\/em><\/strong><\/p>\n<\/div>\n<\/div>\n","protected":false},"excerpt":{"rendered":"<p>Manifestantes exigieron la pr\u00f3rroga de la moratoria previsional y la restituci\u00f3n del 100% de los medicamentos del PAMI.<\/p>\n","protected":false},"author":3,"featured_media":0,"comment_status":"closed","ping_status":"closed","sticky":false,"template":"","format":"standard","meta":{"footnotes":""},"categories":[24],"tags":[],"class_list":["post-113184","post","type-post","status-publish","format-standard","hentry","category-politica"],"yoast_head":"<!-- This site is optimized with the Yoast SEO plugin v25.9 - https:\/\/yoast.com\/wordpress\/plugins\/seo\/ -->\n<title>Otra vez la polic\u00eda reprimi\u00f3 a jubilados que protestaban afuera del Congreso - Noticias Radio Reflejos<\/title>\n<meta name=\"robots\" content=\"index, follow, max-snippet:-1, max-image-preview:large, max-video-preview:-1\" \/>\n<link rel=\"canonical\" href=\"https:\/\/www.noticiasradioreflejos.com.ar\/2021\/otra-vez-la-policia-reprimio-a-jubilados-que-protestaban-afuera-del-congreso\/\" \/>\n<meta property=\"og:locale\" content=\"es_ES\" \/>\n<meta property=\"og:type\" content=\"article\" \/>\n<meta property=\"og:title\" content=\"Otra vez la polic\u00eda reprimi\u00f3 a jubilados que protestaban afuera del Congreso - Noticias Radio Reflejos\" \/>\n<meta property=\"og:description\" content=\"Manifestantes exigieron la pr\u00f3rroga de la moratoria previsional y la restituci\u00f3n del 100% de los medicamentos del PAMI.\" \/>\n<meta property=\"og:url\" content=\"https:\/\/www.noticiasradioreflejos.com.ar\/2021\/otra-vez-la-policia-reprimio-a-jubilados-que-protestaban-afuera-del-congreso\/\" \/>\n<meta property=\"og:site_name\" content=\"Noticias Radio Reflejos\" \/>\n<meta property=\"article:published_time\" content=\"2025-02-27T10:30:57+00:00\" \/>\n<meta property=\"article:modified_time\" content=\"2025-02-27T10:31:28+00:00\" \/>\n<meta property=\"og:image\" content=\"https:\/\/www.noticiasradioreflejos.com.ar\/2021\/wp-content\/uploads\/2025\/02\/represion-a-jubilados.jpg\" \/>\n\t<meta property=\"og:image:width\" content=\"1200\" \/>\n\t<meta property=\"og:image:height\" content=\"675\" \/>\n\t<meta property=\"og:image:type\" content=\"image\/jpeg\" \/>\n<meta name=\"author\" content=\"Arnaldo Botto\" \/>\n<meta name=\"twitter:card\" content=\"summary_large_image\" \/>\n<script type=\"application\/ld+json\" class=\"yoast-schema-graph\">{\"@context\":\"https:\/\/schema.org\",\"@graph\":[{\"@type\":\"WebPage\",\"@id\":\"https:\/\/www.noticiasradioreflejos.com.ar\/2021\/otra-vez-la-policia-reprimio-a-jubilados-que-protestaban-afuera-del-congreso\/\",\"url\":\"https:\/\/www.noticiasradioreflejos.com.ar\/2021\/otra-vez-la-policia-reprimio-a-jubilados-que-protestaban-afuera-del-congreso\/\",\"name\":\"Otra vez la polic\u00eda reprimi\u00f3 a jubilados que protestaban afuera del Congreso - Noticias Radio Reflejos\",\"isPartOf\":{\"@id\":\"https:\/\/www.noticiasradioreflejos.com.ar\/2021\/#website\"},\"datePublished\":\"2025-02-27T10:30:57+00:00\",\"dateModified\":\"2025-02-27T10:31:28+00:00\",\"author\":{\"@id\":\"https:\/\/www.noticiasradioreflejos.com.ar\/2021\/#\/schema\/person\/ad82545263dcc5ec0996818884fd5fb1\"},\"breadcrumb\":{\"@id\":\"https:\/\/www.noticiasradioreflejos.com.ar\/2021\/otra-vez-la-policia-reprimio-a-jubilados-que-protestaban-afuera-del-congreso\/#breadcrumb\"},\"inLanguage\":\"es\",\"potentialAction\":[{\"@type\":\"ReadAction\",\"target\":[\"https:\/\/www.noticiasradioreflejos.com.ar\/2021\/otra-vez-la-policia-reprimio-a-jubilados-que-protestaban-afuera-del-congreso\/\"]}]},{\"@type\":\"BreadcrumbList\",\"@id\":\"https:\/\/www.noticiasradioreflejos.com.ar\/2021\/otra-vez-la-policia-reprimio-a-jubilados-que-protestaban-afuera-del-congreso\/#breadcrumb\",\"itemListElement\":[{\"@type\":\"ListItem\",\"position\":1,\"name\":\"Portada\",\"item\":\"https:\/\/www.noticiasradioreflejos.com.ar\/2021\/\"},{\"@type\":\"ListItem\",\"position\":2,\"name\":\"Otra vez la polic\u00eda reprimi\u00f3 a jubilados que protestaban afuera del Congreso\"}]},{\"@type\":\"WebSite\",\"@id\":\"https:\/\/www.noticiasradioreflejos.com.ar\/2021\/#website\",\"url\":\"https:\/\/www.noticiasradioreflejos.com.ar\/2021\/\",\"name\":\"Noticias Radio Reflejos\",\"description\":\"Las noticias de mi comarca\",\"potentialAction\":[{\"@type\":\"SearchAction\",\"target\":{\"@type\":\"EntryPoint\",\"urlTemplate\":\"https:\/\/www.noticiasradioreflejos.com.ar\/2021\/?s={search_term_string}\"},\"query-input\":{\"@type\":\"PropertyValueSpecification\",\"valueRequired\":true,\"valueName\":\"search_term_string\"}}],\"inLanguage\":\"es\"},{\"@type\":\"Person\",\"@id\":\"https:\/\/www.noticiasradioreflejos.com.ar\/2021\/#\/schema\/person\/ad82545263dcc5ec0996818884fd5fb1\",\"name\":\"Arnaldo Botto\",\"image\":{\"@type\":\"ImageObject\",\"inLanguage\":\"es\",\"@id\":\"https:\/\/www.noticiasradioreflejos.com.ar\/2021\/#\/schema\/person\/image\/\",\"url\":\"https:\/\/secure.gravatar.com\/avatar\/55cb5e37c1efa326397366e6974cb338056df65cb50e7d64d1cf314e87504837?s=96&d=mm&r=g\",\"contentUrl\":\"https:\/\/secure.gravatar.com\/avatar\/55cb5e37c1efa326397366e6974cb338056df65cb50e7d64d1cf314e87504837?s=96&d=mm&r=g\",\"caption\":\"Arnaldo Botto\"},\"url\":\"https:\/\/www.noticiasradioreflejos.com.ar\/2021\/author\/arnaldo\/\"}]}<\/script>\n<!-- \/ Yoast SEO plugin. -->","yoast_head_json":{"title":"Otra vez la polic\u00eda reprimi\u00f3 a jubilados que protestaban afuera del Congreso - Noticias Radio Reflejos","robots":{"index":"index","follow":"follow","max-snippet":"max-snippet:-1","max-image-preview":"max-image-preview:large","max-video-preview":"max-video-preview:-1"},"canonical":"https:\/\/www.noticiasradioreflejos.com.ar\/2021\/otra-vez-la-policia-reprimio-a-jubilados-que-protestaban-afuera-del-congreso\/","og_locale":"es_ES","og_type":"article","og_title":"Otra vez la polic\u00eda reprimi\u00f3 a jubilados que protestaban afuera del Congreso - Noticias Radio Reflejos","og_description":"Manifestantes exigieron la pr\u00f3rroga de la moratoria previsional y la restituci\u00f3n del 100% de los medicamentos del PAMI.","og_url":"https:\/\/www.noticiasradioreflejos.com.ar\/2021\/otra-vez-la-policia-reprimio-a-jubilados-que-protestaban-afuera-del-congreso\/","og_site_name":"Noticias Radio Reflejos","article_published_time":"2025-02-27T10:30:57+00:00","article_modified_time":"2025-02-27T10:31:28+00:00","og_image":[{"width":1200,"height":675,"url":"https:\/\/www.noticiasradioreflejos.com.ar\/2021\/wp-content\/uploads\/2025\/02\/represion-a-jubilados.jpg","type":"image\/jpeg"}],"author":"Arnaldo Botto","twitter_card":"summary_large_image","schema":{"@context":"https:\/\/schema.org","@graph":[{"@type":"WebPage","@id":"https:\/\/www.noticiasradioreflejos.com.ar\/2021\/otra-vez-la-policia-reprimio-a-jubilados-que-protestaban-afuera-del-congreso\/","url":"https:\/\/www.noticiasradioreflejos.com.ar\/2021\/otra-vez-la-policia-reprimio-a-jubilados-que-protestaban-afuera-del-congreso\/","name":"Otra vez la polic\u00eda reprimi\u00f3 a jubilados que protestaban afuera del Congreso - Noticias Radio Reflejos","isPartOf":{"@id":"https:\/\/www.noticiasradioreflejos.com.ar\/2021\/#website"},"datePublished":"2025-02-27T10:30:57+00:00","dateModified":"2025-02-27T10:31:28+00:00","author":{"@id":"https:\/\/www.noticiasradioreflejos.com.ar\/2021\/#\/schema\/person\/ad82545263dcc5ec0996818884fd5fb1"},"breadcrumb":{"@id":"https:\/\/www.noticiasradioreflejos.com.ar\/2021\/otra-vez-la-policia-reprimio-a-jubilados-que-protestaban-afuera-del-congreso\/#breadcrumb"},"inLanguage":"es","potentialAction":[{"@type":"ReadAction","target":["https:\/\/www.noticiasradioreflejos.com.ar\/2021\/otra-vez-la-policia-reprimio-a-jubilados-que-protestaban-afuera-del-congreso\/"]}]},{"@type":"BreadcrumbList","@id":"https:\/\/www.noticiasradioreflejos.com.ar\/2021\/otra-vez-la-policia-reprimio-a-jubilados-que-protestaban-afuera-del-congreso\/#breadcrumb","itemListElement":[{"@type":"ListItem","position":1,"name":"Portada","item":"https:\/\/www.noticiasradioreflejos.com.ar\/2021\/"},{"@type":"ListItem","position":2,"name":"Otra vez la polic\u00eda reprimi\u00f3 a jubilados que protestaban afuera del Congreso"}]},{"@type":"WebSite","@id":"https:\/\/www.noticiasradioreflejos.com.ar\/2021\/#website","url":"https:\/\/www.noticiasradioreflejos.com.ar\/2021\/","name":"Noticias Radio Reflejos","description":"Las noticias de mi comarca","potentialAction":[{"@type":"SearchAction","target":{"@type":"EntryPoint","urlTemplate":"https:\/\/www.noticiasradioreflejos.com.ar\/2021\/?s={search_term_string}"},"query-input":{"@type":"PropertyValueSpecification","valueRequired":true,"valueName":"search_term_string"}}],"inLanguage":"es"},{"@type":"Person","@id":"https:\/\/www.noticiasradioreflejos.com.ar\/2021\/#\/schema\/person\/ad82545263dcc5ec0996818884fd5fb1","name":"Arnaldo Botto","image":{"@type":"ImageObject","inLanguage":"es","@id":"https:\/\/www.noticiasradioreflejos.com.ar\/2021\/#\/schema\/person\/image\/","url":"https:\/\/secure.gravatar.com\/avatar\/55cb5e37c1efa326397366e6974cb338056df65cb50e7d64d1cf314e87504837?s=96&d=mm&r=g","contentUrl":"https:\/\/secure.gravatar.com\/avatar\/55cb5e37c1efa326397366e6974cb338056df65cb50e7d64d1cf314e87504837?s=96&d=mm&r=g","caption":"Arnaldo Botto"},"url":"https:\/\/www.noticiasradioreflejos.com.ar\/2021\/author\/arnaldo\/"}]}},"_links":{"self":[{"href":"https:\/\/www.noticiasradioreflejos.com.ar\/2021\/wp-json\/wp\/v2\/posts\/113184","targetHints":{"allow":["GET"]}}],"collection":[{"href":"https:\/\/www.noticiasradioreflejos.com.ar\/2021\/wp-json\/wp\/v2\/posts"}],"about":[{"href":"https:\/\/www.noticiasradioreflejos.com.ar\/2021\/wp-json\/wp\/v2\/types\/post"}],"author":[{"embeddable":true,"href":"https:\/\/www.noticiasradioreflejos.com.ar\/2021\/wp-json\/wp\/v2\/users\/3"}],"replies":[{"embeddable":true,"href":"https:\/\/www.noticiasradioreflejos.com.ar\/2021\/wp-json\/wp\/v2\/comments?post=113184"}],"version-history":[{"count":2,"href":"https:\/\/www.noticiasradioreflejos.com.ar\/2021\/wp-json\/wp\/v2\/posts\/113184\/revisions"}],"predecessor-version":[{"id":113187,"href":"https:\/\/www.noticiasradioreflejos.com.ar\/2021\/wp-json\/wp\/v2\/posts\/113184\/revisions\/113187"}],"wp:attachment":[{"href":"https:\/\/www.noticiasradioreflejos.com.ar\/2021\/wp-json\/wp\/v2\/media?parent=113184"}],"wp:term":[{"taxonomy":"category","embeddable":true,"href":"https:\/\/www.noticiasradioreflejos.com.ar\/2021\/wp-json\/wp\/v2\/categories?post=113184"},{"taxonomy":"post_tag","embeddable":true,"href":"https:\/\/www.noticiasradioreflejos.com.ar\/2021\/wp-json\/wp\/v2\/tags?post=113184"}],"curies":[{"name":"wp","href":"https:\/\/api.w.org\/{rel}","templated":true}]}}