{"id":113176,"date":"2025-02-27T07:05:28","date_gmt":"2025-02-27T10:05:28","guid":{"rendered":"https:\/\/www.noticiasradioreflejos.com.ar\/2021\/?p=113176"},"modified":"2025-02-27T07:05:28","modified_gmt":"2025-02-27T10:05:28","slug":"el-poder-de-compra-sigue-bajo-el-consumo-cayo-hasta-un-13-mensual-en-diciembre","status":"publish","type":"post","link":"https:\/\/www.noticiasradioreflejos.com.ar\/2021\/el-poder-de-compra-sigue-bajo-el-consumo-cayo-hasta-un-13-mensual-en-diciembre\/","title":{"rendered":"El poder de compra sigue bajo: el consumo cay\u00f3 hasta un 13% mensual en diciembre"},"content":{"rendered":"<p>El consumo masivo no parece acompa\u00f1ar las mejoras en otras variables como la actividad econ\u00f3mica o el cr\u00e9dito. En los supermercados las ventas cayeron 0,3% mensual en diciembre, mientras que en autoservicios mayoristas se desplomaron 13,2%.<!--more--><\/p>\n<p>As\u00ed lo inform\u00f3 el INDEC este mi\u00e9rcoles. En cuanto a los supermercados, la din\u00e1mica de las ventas muestra que,<strong>\u00a0tras tocar un piso en abril de 2024, se percibe un estancamiento<\/strong>; en efecto, el dato de la serie desestacionalizada de diciembre es levemente m\u00e1s bajo que el de mayo.<\/p>\n<p>Mientras en t\u00e9rminos interanuales la contracci\u00f3n fue del 3,3%,<strong>\u00a0el derrumbe acumulado durante el a\u00f1o pasado ascendi\u00f3 al 11%.<\/strong><\/p>\n<p>En el segmento de alimentos, en diciembre se destacaron aumentos reales anuales en las ventas de l\u00e1cteos, panader\u00eda y verduler\u00eda. Por el contrario,<strong>\u00a0productos de mucha incidencia como art\u00edculos de almac\u00e9n, bebidas y carnes, arrojaron ca\u00eddas.<\/strong><\/p>\n<p>En cuanto a los\u00a0medios de pago, aquellos caracterizados como \u201cotros\u201d (que incluye, por ejemplo, pagos con c\u00f3digo QR) fueron los \u00fanicos que mostraron un avance interanual. Las compras con tarjetas de cr\u00e9dito casi que emparentaron a la inflaci\u00f3n, mientras que las tarjetas de d\u00e9bito y el efectivo presentaron fuertes bajas.<\/p>\n<p>Mientras tanto, en los mayoristas el\u00a0<strong>desplome de las ventas fue el m\u00e1s profundo desde agosto de 2022<\/strong>. En t\u00e9rminos anuales la variaci\u00f3n negativa de diciembre fue del 14,5%, mientras que el acumulado de 2024 arroj\u00f3 un \u201crojo\u201d porcentual del 15%.<\/p>\n<p>La tendencia en cuanto a los medios de pago fue similar a la verificada en supermercados. En cuanto a los productos,\u00a0<strong>en todos los alimentos hubo ca\u00eddas reales respecto de diciembre de 2023.<\/strong><\/p>\n<p>Fuente: \u00c1mbito<\/p>\n","protected":false},"excerpt":{"rendered":"<p>El consumo masivo no parece acompa\u00f1ar las mejoras en otras variables como la actividad econ\u00f3mica o el cr\u00e9dito. En los supermercados las ventas cayeron 0,3% mensual en diciembre, mientras que en autoservicios mayoristas se desplomaron 13,2%.<\/p>\n","protected":false},"author":3,"featured_media":97558,"comment_status":"closed","ping_status":"closed","sticky":false,"template":"","format":"standard","meta":{"footnotes":""},"categories":[36],"tags":[],"class_list":["post-113176","post","type-post","status-publish","format-standard","has-post-thumbnail","hentry","category-economia"],"yoast_head":"<!-- This site is optimized with the Yoast SEO plugin v25.9 - https:\/\/yoast.com\/wordpress\/plugins\/seo\/ -->\n<title>El poder de compra sigue bajo: el consumo cay\u00f3 hasta un 13% mensual en diciembre - Noticias Radio Reflejos<\/title>\n<meta name=\"robots\" content=\"index, follow, max-snippet:-1, max-image-preview:large, max-video-preview:-1\" \/>\n<link rel=\"canonical\" href=\"https:\/\/www.noticiasradioreflejos.com.ar\/2021\/el-poder-de-compra-sigue-bajo-el-consumo-cayo-hasta-un-13-mensual-en-diciembre\/\" \/>\n<meta property=\"og:locale\" content=\"es_ES\" \/>\n<meta property=\"og:type\" content=\"article\" \/>\n<meta property=\"og:title\" content=\"El poder de compra sigue bajo: el consumo cay\u00f3 hasta un 13% mensual en diciembre - Noticias Radio Reflejos\" \/>\n<meta property=\"og:description\" content=\"El consumo masivo no parece acompa\u00f1ar las mejoras en otras variables como la actividad econ\u00f3mica o el cr\u00e9dito. En los supermercados las ventas cayeron 0,3% mensual en diciembre, mientras que en autoservicios mayoristas se desplomaron 13,2%.\" \/>\n<meta property=\"og:url\" content=\"https:\/\/www.noticiasradioreflejos.com.ar\/2021\/el-poder-de-compra-sigue-bajo-el-consumo-cayo-hasta-un-13-mensual-en-diciembre\/\" \/>\n<meta property=\"og:site_name\" content=\"Noticias Radio Reflejos\" \/>\n<meta property=\"article:published_time\" content=\"2025-02-27T10:05:28+00:00\" \/>\n<meta property=\"og:image\" content=\"https:\/\/www.noticiasradioreflejos.com.ar\/2021\/wp-content\/uploads\/2024\/01\/supermercados.jpg\" \/>\n\t<meta property=\"og:image:width\" content=\"1200\" \/>\n\t<meta property=\"og:image:height\" content=\"675\" \/>\n\t<meta property=\"og:image:type\" content=\"image\/jpeg\" \/>\n<meta name=\"author\" content=\"Arnaldo Botto\" \/>\n<meta name=\"twitter:card\" content=\"summary_large_image\" \/>\n<script type=\"application\/ld+json\" class=\"yoast-schema-graph\">{\"@context\":\"https:\/\/schema.org\",\"@graph\":[{\"@type\":\"WebPage\",\"@id\":\"https:\/\/www.noticiasradioreflejos.com.ar\/2021\/el-poder-de-compra-sigue-bajo-el-consumo-cayo-hasta-un-13-mensual-en-diciembre\/\",\"url\":\"https:\/\/www.noticiasradioreflejos.com.ar\/2021\/el-poder-de-compra-sigue-bajo-el-consumo-cayo-hasta-un-13-mensual-en-diciembre\/\",\"name\":\"El poder de compra sigue bajo: el consumo cay\u00f3 hasta un 13% mensual en diciembre - Noticias Radio Reflejos\",\"isPartOf\":{\"@id\":\"https:\/\/www.noticiasradioreflejos.com.ar\/2021\/#website\"},\"primaryImageOfPage\":{\"@id\":\"https:\/\/www.noticiasradioreflejos.com.ar\/2021\/el-poder-de-compra-sigue-bajo-el-consumo-cayo-hasta-un-13-mensual-en-diciembre\/#primaryimage\"},\"image\":{\"@id\":\"https:\/\/www.noticiasradioreflejos.com.ar\/2021\/el-poder-de-compra-sigue-bajo-el-consumo-cayo-hasta-un-13-mensual-en-diciembre\/#primaryimage\"},\"thumbnailUrl\":\"https:\/\/www.noticiasradioreflejos.com.ar\/2021\/wp-content\/uploads\/2024\/01\/supermercados.jpg\",\"datePublished\":\"2025-02-27T10:05:28+00:00\",\"author\":{\"@id\":\"https:\/\/www.noticiasradioreflejos.com.ar\/2021\/#\/schema\/person\/ad82545263dcc5ec0996818884fd5fb1\"},\"breadcrumb\":{\"@id\":\"https:\/\/www.noticiasradioreflejos.com.ar\/2021\/el-poder-de-compra-sigue-bajo-el-consumo-cayo-hasta-un-13-mensual-en-diciembre\/#breadcrumb\"},\"inLanguage\":\"es\",\"potentialAction\":[{\"@type\":\"ReadAction\",\"target\":[\"https:\/\/www.noticiasradioreflejos.com.ar\/2021\/el-poder-de-compra-sigue-bajo-el-consumo-cayo-hasta-un-13-mensual-en-diciembre\/\"]}]},{\"@type\":\"ImageObject\",\"inLanguage\":\"es\",\"@id\":\"https:\/\/www.noticiasradioreflejos.com.ar\/2021\/el-poder-de-compra-sigue-bajo-el-consumo-cayo-hasta-un-13-mensual-en-diciembre\/#primaryimage\",\"url\":\"https:\/\/www.noticiasradioreflejos.com.ar\/2021\/wp-content\/uploads\/2024\/01\/supermercados.jpg\",\"contentUrl\":\"https:\/\/www.noticiasradioreflejos.com.ar\/2021\/wp-content\/uploads\/2024\/01\/supermercados.jpg\",\"width\":1200,\"height\":675},{\"@type\":\"BreadcrumbList\",\"@id\":\"https:\/\/www.noticiasradioreflejos.com.ar\/2021\/el-poder-de-compra-sigue-bajo-el-consumo-cayo-hasta-un-13-mensual-en-diciembre\/#breadcrumb\",\"itemListElement\":[{\"@type\":\"ListItem\",\"position\":1,\"name\":\"Portada\",\"item\":\"https:\/\/www.noticiasradioreflejos.com.ar\/2021\/\"},{\"@type\":\"ListItem\",\"position\":2,\"name\":\"El poder de compra sigue bajo: el consumo cay\u00f3 hasta un 13% mensual en diciembre\"}]},{\"@type\":\"WebSite\",\"@id\":\"https:\/\/www.noticiasradioreflejos.com.ar\/2021\/#website\",\"url\":\"https:\/\/www.noticiasradioreflejos.com.ar\/2021\/\",\"name\":\"Noticias Radio Reflejos\",\"description\":\"Las noticias de mi comarca\",\"potentialAction\":[{\"@type\":\"SearchAction\",\"target\":{\"@type\":\"EntryPoint\",\"urlTemplate\":\"https:\/\/www.noticiasradioreflejos.com.ar\/2021\/?s={search_term_string}\"},\"query-input\":{\"@type\":\"PropertyValueSpecification\",\"valueRequired\":true,\"valueName\":\"search_term_string\"}}],\"inLanguage\":\"es\"},{\"@type\":\"Person\",\"@id\":\"https:\/\/www.noticiasradioreflejos.com.ar\/2021\/#\/schema\/person\/ad82545263dcc5ec0996818884fd5fb1\",\"name\":\"Arnaldo Botto\",\"image\":{\"@type\":\"ImageObject\",\"inLanguage\":\"es\",\"@id\":\"https:\/\/www.noticiasradioreflejos.com.ar\/2021\/#\/schema\/person\/image\/\",\"url\":\"https:\/\/secure.gravatar.com\/avatar\/55cb5e37c1efa326397366e6974cb338056df65cb50e7d64d1cf314e87504837?s=96&d=mm&r=g\",\"contentUrl\":\"https:\/\/secure.gravatar.com\/avatar\/55cb5e37c1efa326397366e6974cb338056df65cb50e7d64d1cf314e87504837?s=96&d=mm&r=g\",\"caption\":\"Arnaldo Botto\"},\"url\":\"https:\/\/www.noticiasradioreflejos.com.ar\/2021\/author\/arnaldo\/\"}]}<\/script>\n<!-- \/ Yoast SEO plugin. -->","yoast_head_json":{"title":"El poder de compra sigue bajo: el consumo cay\u00f3 hasta un 13% mensual en diciembre - Noticias Radio Reflejos","robots":{"index":"index","follow":"follow","max-snippet":"max-snippet:-1","max-image-preview":"max-image-preview:large","max-video-preview":"max-video-preview:-1"},"canonical":"https:\/\/www.noticiasradioreflejos.com.ar\/2021\/el-poder-de-compra-sigue-bajo-el-consumo-cayo-hasta-un-13-mensual-en-diciembre\/","og_locale":"es_ES","og_type":"article","og_title":"El poder de compra sigue bajo: el consumo cay\u00f3 hasta un 13% mensual en diciembre - Noticias Radio Reflejos","og_description":"El consumo masivo no parece acompa\u00f1ar las mejoras en otras variables como la actividad econ\u00f3mica o el cr\u00e9dito. En los supermercados las ventas cayeron 0,3% mensual en diciembre, mientras que en autoservicios mayoristas se desplomaron 13,2%.","og_url":"https:\/\/www.noticiasradioreflejos.com.ar\/2021\/el-poder-de-compra-sigue-bajo-el-consumo-cayo-hasta-un-13-mensual-en-diciembre\/","og_site_name":"Noticias Radio Reflejos","article_published_time":"2025-02-27T10:05:28+00:00","og_image":[{"width":1200,"height":675,"url":"https:\/\/www.noticiasradioreflejos.com.ar\/2021\/wp-content\/uploads\/2024\/01\/supermercados.jpg","type":"image\/jpeg"}],"author":"Arnaldo Botto","twitter_card":"summary_large_image","schema":{"@context":"https:\/\/schema.org","@graph":[{"@type":"WebPage","@id":"https:\/\/www.noticiasradioreflejos.com.ar\/2021\/el-poder-de-compra-sigue-bajo-el-consumo-cayo-hasta-un-13-mensual-en-diciembre\/","url":"https:\/\/www.noticiasradioreflejos.com.ar\/2021\/el-poder-de-compra-sigue-bajo-el-consumo-cayo-hasta-un-13-mensual-en-diciembre\/","name":"El poder de compra sigue bajo: el consumo cay\u00f3 hasta un 13% mensual en diciembre - Noticias Radio Reflejos","isPartOf":{"@id":"https:\/\/www.noticiasradioreflejos.com.ar\/2021\/#website"},"primaryImageOfPage":{"@id":"https:\/\/www.noticiasradioreflejos.com.ar\/2021\/el-poder-de-compra-sigue-bajo-el-consumo-cayo-hasta-un-13-mensual-en-diciembre\/#primaryimage"},"image":{"@id":"https:\/\/www.noticiasradioreflejos.com.ar\/2021\/el-poder-de-compra-sigue-bajo-el-consumo-cayo-hasta-un-13-mensual-en-diciembre\/#primaryimage"},"thumbnailUrl":"https:\/\/www.noticiasradioreflejos.com.ar\/2021\/wp-content\/uploads\/2024\/01\/supermercados.jpg","datePublished":"2025-02-27T10:05:28+00:00","author":{"@id":"https:\/\/www.noticiasradioreflejos.com.ar\/2021\/#\/schema\/person\/ad82545263dcc5ec0996818884fd5fb1"},"breadcrumb":{"@id":"https:\/\/www.noticiasradioreflejos.com.ar\/2021\/el-poder-de-compra-sigue-bajo-el-consumo-cayo-hasta-un-13-mensual-en-diciembre\/#breadcrumb"},"inLanguage":"es","potentialAction":[{"@type":"ReadAction","target":["https:\/\/www.noticiasradioreflejos.com.ar\/2021\/el-poder-de-compra-sigue-bajo-el-consumo-cayo-hasta-un-13-mensual-en-diciembre\/"]}]},{"@type":"ImageObject","inLanguage":"es","@id":"https:\/\/www.noticiasradioreflejos.com.ar\/2021\/el-poder-de-compra-sigue-bajo-el-consumo-cayo-hasta-un-13-mensual-en-diciembre\/#primaryimage","url":"https:\/\/www.noticiasradioreflejos.com.ar\/2021\/wp-content\/uploads\/2024\/01\/supermercados.jpg","contentUrl":"https:\/\/www.noticiasradioreflejos.com.ar\/2021\/wp-content\/uploads\/2024\/01\/supermercados.jpg","width":1200,"height":675},{"@type":"BreadcrumbList","@id":"https:\/\/www.noticiasradioreflejos.com.ar\/2021\/el-poder-de-compra-sigue-bajo-el-consumo-cayo-hasta-un-13-mensual-en-diciembre\/#breadcrumb","itemListElement":[{"@type":"ListItem","position":1,"name":"Portada","item":"https:\/\/www.noticiasradioreflejos.com.ar\/2021\/"},{"@type":"ListItem","position":2,"name":"El poder de compra sigue bajo: el consumo cay\u00f3 hasta un 13% mensual en diciembre"}]},{"@type":"WebSite","@id":"https:\/\/www.noticiasradioreflejos.com.ar\/2021\/#website","url":"https:\/\/www.noticiasradioreflejos.com.ar\/2021\/","name":"Noticias Radio Reflejos","description":"Las noticias de mi comarca","potentialAction":[{"@type":"SearchAction","target":{"@type":"EntryPoint","urlTemplate":"https:\/\/www.noticiasradioreflejos.com.ar\/2021\/?s={search_term_string}"},"query-input":{"@type":"PropertyValueSpecification","valueRequired":true,"valueName":"search_term_string"}}],"inLanguage":"es"},{"@type":"Person","@id":"https:\/\/www.noticiasradioreflejos.com.ar\/2021\/#\/schema\/person\/ad82545263dcc5ec0996818884fd5fb1","name":"Arnaldo Botto","image":{"@type":"ImageObject","inLanguage":"es","@id":"https:\/\/www.noticiasradioreflejos.com.ar\/2021\/#\/schema\/person\/image\/","url":"https:\/\/secure.gravatar.com\/avatar\/55cb5e37c1efa326397366e6974cb338056df65cb50e7d64d1cf314e87504837?s=96&d=mm&r=g","contentUrl":"https:\/\/secure.gravatar.com\/avatar\/55cb5e37c1efa326397366e6974cb338056df65cb50e7d64d1cf314e87504837?s=96&d=mm&r=g","caption":"Arnaldo Botto"},"url":"https:\/\/www.noticiasradioreflejos.com.ar\/2021\/author\/arnaldo\/"}]}},"_links":{"self":[{"href":"https:\/\/www.noticiasradioreflejos.com.ar\/2021\/wp-json\/wp\/v2\/posts\/113176","targetHints":{"allow":["GET"]}}],"collection":[{"href":"https:\/\/www.noticiasradioreflejos.com.ar\/2021\/wp-json\/wp\/v2\/posts"}],"about":[{"href":"https:\/\/www.noticiasradioreflejos.com.ar\/2021\/wp-json\/wp\/v2\/types\/post"}],"author":[{"embeddable":true,"href":"https:\/\/www.noticiasradioreflejos.com.ar\/2021\/wp-json\/wp\/v2\/users\/3"}],"replies":[{"embeddable":true,"href":"https:\/\/www.noticiasradioreflejos.com.ar\/2021\/wp-json\/wp\/v2\/comments?post=113176"}],"version-history":[{"count":1,"href":"https:\/\/www.noticiasradioreflejos.com.ar\/2021\/wp-json\/wp\/v2\/posts\/113176\/revisions"}],"predecessor-version":[{"id":113177,"href":"https:\/\/www.noticiasradioreflejos.com.ar\/2021\/wp-json\/wp\/v2\/posts\/113176\/revisions\/113177"}],"wp:featuredmedia":[{"embeddable":true,"href":"https:\/\/www.noticiasradioreflejos.com.ar\/2021\/wp-json\/wp\/v2\/media\/97558"}],"wp:attachment":[{"href":"https:\/\/www.noticiasradioreflejos.com.ar\/2021\/wp-json\/wp\/v2\/media?parent=113176"}],"wp:term":[{"taxonomy":"category","embeddable":true,"href":"https:\/\/www.noticiasradioreflejos.com.ar\/2021\/wp-json\/wp\/v2\/categories?post=113176"},{"taxonomy":"post_tag","embeddable":true,"href":"https:\/\/www.noticiasradioreflejos.com.ar\/2021\/wp-json\/wp\/v2\/tags?post=113176"}],"curies":[{"name":"wp","href":"https:\/\/api.w.org\/{rel}","templated":true}]}}