{"id":113167,"date":"2025-02-26T16:53:59","date_gmt":"2025-02-26T19:53:59","guid":{"rendered":"https:\/\/www.noticiasradioreflejos.com.ar\/2021\/?p=113167"},"modified":"2025-02-26T16:53:59","modified_gmt":"2025-02-26T19:53:59","slug":"vicentin-advierte-que-no-podra-pagar-salarios-y-peligran-unos-3-000-empleos","status":"publish","type":"post","link":"https:\/\/www.noticiasradioreflejos.com.ar\/2021\/vicentin-advierte-que-no-podra-pagar-salarios-y-peligran-unos-3-000-empleos\/","title":{"rendered":"Vicentin advierte que no podr\u00e1 pagar salarios y peligran unos 3.000 empleos"},"content":{"rendered":"<p>La situaci\u00f3n de la endeudada empresa se agrav\u00f3 tras un fallo judicial.<!--more--><\/p>\n<div class=\"attribution\">La situaci\u00f3n de la empresa agropecuaria <strong>Vicentin<\/strong>\u00a0se volvi\u00f3 a agravar luego de que la compa\u00f1\u00eda puso en duda el pago de salarios a sus\u00a0<strong>3.000 empleados.<\/strong><\/div>\n<div class=\"article-body\" data-tadevel-template=\"web\/article-body\">\n<div class=\"article-body-content\">\n<p>El empeoramiento de la crisis financiera de la compa\u00f1\u00eda se produjo luego de que la\u00a0<strong>Corte Suprema de Justicia de Santa Fe<\/strong>\u00a0rechaz\u00f3 la homologaci\u00f3n del concurso de acreedores, tras darle lugar a un recurso de inconstitucionalidad planteado por Commodities SA, uno de los acreedores.<\/p>\n<p>Ante la complicaci\u00f3n del escenario, el\u00a0<strong>Sindicato de Obreros y Empleados Aceiteros del Departamento de San Lorenzo<\/strong>\u00a0y la Federaci\u00f3n de Trabajadores del Complejo Industrial Oleaginoso de la Argentina advirti\u00f3 que rechazara cualquier p\u00e9rdida de puestos de trabajo.<\/p>\n<p>Vicentin explic\u00f3 que ante el fallo judicial podr\u00eda\u00a0<strong>peligrar el pago de sueldos.<\/strong><\/p>\n<p><mark><strong>\u00abNo permitiremos la p\u00e9rdida de un solo puesto de trabajo<\/strong>\u00a0de nuestros compa\u00f1eros aceiteros ni aceptaremos un peso menos de nuestro salario. No seremos simples testigos de la liquidaci\u00f3n de la empresa Vicent\u00edn, cuyos principales responsables son sus propietarios, empresarios que la llevaron a esta situaci\u00f3n de cuasi quiebra\u00bb, advirtieron los gremios.<\/mark><\/p>\n<p>Vicentin cay\u00f3 en\u00a0<strong>cese de pagos<\/strong>\u00a0a fines de diciembre de 2019 y el 10 de febrero de 2020 solicit\u00f3 el concurso preventivo de acreedores.<\/p>\n<p>La compa\u00f1\u00eda tiene enormes deudas, en especial con el\u00a0<strong>Banco Naci\u00f3n.<\/strong><\/p>\n<p>La\u00a0<strong>C\u00e1mara de Apelaciones en lo Civil, Comercial y Laboral de Reconquista, Santa Fe<\/strong>, hab\u00eda homologado la propuesta de pago que le hab\u00eda hecho la firma a sus acreedores en marzo del a\u00f1os pasado.<\/p>\n<p>Pero la empresa\u00a0<strong>Commodities<\/strong>, del Grupo Grassi, hizo una presentaci\u00f3n de rechazo ante la Corte provincial, que finalmente fue aceptada.<\/p>\n<p>Uno de los fundamentos para rechazar la homologaci\u00f3n de la propuesta de pago es que el acuerdo presentado por Vicentin establec\u00eda un pago inicial de US$ 30.000 para cada acreedor quirografario, sin distinguir el monto total de sus acreencias.<\/p>\n<p>Los gremios alertaron que unos 3.000 puestos de trabajo dependen del funcionamiento de la empresa.<\/p>\n<p>Adem\u00e1s, revelaron que al empresa les dijo que\u00a0<strong>no saben si \u00abpodr\u00e1n abonar los alarios de febrero\u00bb.<\/strong><\/p>\n<p>El fallo de la corte santafesina abre el camino a un salvataje de terceros para que empresas puedan presentar una oferta para competir con el plan de pagos original de Vicentin, elaborado con sus interesados estrat\u00e9gicos Viterra, Bunge y ACA.<\/p>\n<\/div>\n<\/div>\n","protected":false},"excerpt":{"rendered":"<p>La situaci\u00f3n de la endeudada empresa se agrav\u00f3 tras un fallo judicial.<\/p>\n","protected":false},"author":3,"featured_media":0,"comment_status":"closed","ping_status":"closed","sticky":false,"template":"","format":"standard","meta":{"footnotes":""},"categories":[36,57],"tags":[],"class_list":["post-113167","post","type-post","status-publish","format-standard","hentry","category-economia","category-judiciales"],"yoast_head":"<!-- This site is optimized with the Yoast SEO plugin v25.9 - https:\/\/yoast.com\/wordpress\/plugins\/seo\/ -->\n<title>Vicentin advierte que no podr\u00e1 pagar salarios y peligran unos 3.000 empleos - Noticias Radio Reflejos<\/title>\n<meta name=\"robots\" content=\"index, follow, max-snippet:-1, max-image-preview:large, max-video-preview:-1\" \/>\n<link rel=\"canonical\" href=\"https:\/\/www.noticiasradioreflejos.com.ar\/2021\/vicentin-advierte-que-no-podra-pagar-salarios-y-peligran-unos-3-000-empleos\/\" \/>\n<meta property=\"og:locale\" content=\"es_ES\" \/>\n<meta property=\"og:type\" content=\"article\" \/>\n<meta property=\"og:title\" content=\"Vicentin advierte que no podr\u00e1 pagar salarios y peligran unos 3.000 empleos - Noticias Radio Reflejos\" \/>\n<meta property=\"og:description\" content=\"La situaci\u00f3n de la endeudada empresa se agrav\u00f3 tras un fallo judicial.\" \/>\n<meta property=\"og:url\" content=\"https:\/\/www.noticiasradioreflejos.com.ar\/2021\/vicentin-advierte-que-no-podra-pagar-salarios-y-peligran-unos-3-000-empleos\/\" \/>\n<meta property=\"og:site_name\" content=\"Noticias Radio Reflejos\" \/>\n<meta property=\"article:published_time\" content=\"2025-02-26T19:53:59+00:00\" \/>\n<meta property=\"og:image\" content=\"https:\/\/www.noticiasradioreflejos.com.ar\/2021\/wp-content\/uploads\/2021\/07\/logosol300x200.png\" \/>\n\t<meta property=\"og:image:width\" content=\"300\" \/>\n\t<meta property=\"og:image:height\" content=\"200\" \/>\n\t<meta property=\"og:image:type\" content=\"image\/png\" \/>\n<meta name=\"author\" content=\"Arnaldo Botto\" \/>\n<meta name=\"twitter:card\" content=\"summary_large_image\" \/>\n<script type=\"application\/ld+json\" class=\"yoast-schema-graph\">{\"@context\":\"https:\/\/schema.org\",\"@graph\":[{\"@type\":\"WebPage\",\"@id\":\"https:\/\/www.noticiasradioreflejos.com.ar\/2021\/vicentin-advierte-que-no-podra-pagar-salarios-y-peligran-unos-3-000-empleos\/\",\"url\":\"https:\/\/www.noticiasradioreflejos.com.ar\/2021\/vicentin-advierte-que-no-podra-pagar-salarios-y-peligran-unos-3-000-empleos\/\",\"name\":\"Vicentin advierte que no podr\u00e1 pagar salarios y peligran unos 3.000 empleos - Noticias Radio Reflejos\",\"isPartOf\":{\"@id\":\"https:\/\/www.noticiasradioreflejos.com.ar\/2021\/#website\"},\"datePublished\":\"2025-02-26T19:53:59+00:00\",\"author\":{\"@id\":\"https:\/\/www.noticiasradioreflejos.com.ar\/2021\/#\/schema\/person\/ad82545263dcc5ec0996818884fd5fb1\"},\"breadcrumb\":{\"@id\":\"https:\/\/www.noticiasradioreflejos.com.ar\/2021\/vicentin-advierte-que-no-podra-pagar-salarios-y-peligran-unos-3-000-empleos\/#breadcrumb\"},\"inLanguage\":\"es\",\"potentialAction\":[{\"@type\":\"ReadAction\",\"target\":[\"https:\/\/www.noticiasradioreflejos.com.ar\/2021\/vicentin-advierte-que-no-podra-pagar-salarios-y-peligran-unos-3-000-empleos\/\"]}]},{\"@type\":\"BreadcrumbList\",\"@id\":\"https:\/\/www.noticiasradioreflejos.com.ar\/2021\/vicentin-advierte-que-no-podra-pagar-salarios-y-peligran-unos-3-000-empleos\/#breadcrumb\",\"itemListElement\":[{\"@type\":\"ListItem\",\"position\":1,\"name\":\"Portada\",\"item\":\"https:\/\/www.noticiasradioreflejos.com.ar\/2021\/\"},{\"@type\":\"ListItem\",\"position\":2,\"name\":\"Vicentin advierte que no podr\u00e1 pagar salarios y peligran unos 3.000 empleos\"}]},{\"@type\":\"WebSite\",\"@id\":\"https:\/\/www.noticiasradioreflejos.com.ar\/2021\/#website\",\"url\":\"https:\/\/www.noticiasradioreflejos.com.ar\/2021\/\",\"name\":\"Noticias Radio Reflejos\",\"description\":\"Las noticias de mi comarca\",\"potentialAction\":[{\"@type\":\"SearchAction\",\"target\":{\"@type\":\"EntryPoint\",\"urlTemplate\":\"https:\/\/www.noticiasradioreflejos.com.ar\/2021\/?s={search_term_string}\"},\"query-input\":{\"@type\":\"PropertyValueSpecification\",\"valueRequired\":true,\"valueName\":\"search_term_string\"}}],\"inLanguage\":\"es\"},{\"@type\":\"Person\",\"@id\":\"https:\/\/www.noticiasradioreflejos.com.ar\/2021\/#\/schema\/person\/ad82545263dcc5ec0996818884fd5fb1\",\"name\":\"Arnaldo Botto\",\"image\":{\"@type\":\"ImageObject\",\"inLanguage\":\"es\",\"@id\":\"https:\/\/www.noticiasradioreflejos.com.ar\/2021\/#\/schema\/person\/image\/\",\"url\":\"https:\/\/secure.gravatar.com\/avatar\/55cb5e37c1efa326397366e6974cb338056df65cb50e7d64d1cf314e87504837?s=96&d=mm&r=g\",\"contentUrl\":\"https:\/\/secure.gravatar.com\/avatar\/55cb5e37c1efa326397366e6974cb338056df65cb50e7d64d1cf314e87504837?s=96&d=mm&r=g\",\"caption\":\"Arnaldo Botto\"},\"url\":\"https:\/\/www.noticiasradioreflejos.com.ar\/2021\/author\/arnaldo\/\"}]}<\/script>\n<!-- \/ Yoast SEO plugin. -->","yoast_head_json":{"title":"Vicentin advierte que no podr\u00e1 pagar salarios y peligran unos 3.000 empleos - Noticias Radio Reflejos","robots":{"index":"index","follow":"follow","max-snippet":"max-snippet:-1","max-image-preview":"max-image-preview:large","max-video-preview":"max-video-preview:-1"},"canonical":"https:\/\/www.noticiasradioreflejos.com.ar\/2021\/vicentin-advierte-que-no-podra-pagar-salarios-y-peligran-unos-3-000-empleos\/","og_locale":"es_ES","og_type":"article","og_title":"Vicentin advierte que no podr\u00e1 pagar salarios y peligran unos 3.000 empleos - Noticias Radio Reflejos","og_description":"La situaci\u00f3n de la endeudada empresa se agrav\u00f3 tras un fallo judicial.","og_url":"https:\/\/www.noticiasradioreflejos.com.ar\/2021\/vicentin-advierte-que-no-podra-pagar-salarios-y-peligran-unos-3-000-empleos\/","og_site_name":"Noticias Radio Reflejos","article_published_time":"2025-02-26T19:53:59+00:00","og_image":[{"width":300,"height":200,"url":"https:\/\/www.noticiasradioreflejos.com.ar\/2021\/wp-content\/uploads\/2021\/07\/logosol300x200.png","type":"image\/png"}],"author":"Arnaldo Botto","twitter_card":"summary_large_image","schema":{"@context":"https:\/\/schema.org","@graph":[{"@type":"WebPage","@id":"https:\/\/www.noticiasradioreflejos.com.ar\/2021\/vicentin-advierte-que-no-podra-pagar-salarios-y-peligran-unos-3-000-empleos\/","url":"https:\/\/www.noticiasradioreflejos.com.ar\/2021\/vicentin-advierte-que-no-podra-pagar-salarios-y-peligran-unos-3-000-empleos\/","name":"Vicentin advierte que no podr\u00e1 pagar salarios y peligran unos 3.000 empleos - Noticias Radio Reflejos","isPartOf":{"@id":"https:\/\/www.noticiasradioreflejos.com.ar\/2021\/#website"},"datePublished":"2025-02-26T19:53:59+00:00","author":{"@id":"https:\/\/www.noticiasradioreflejos.com.ar\/2021\/#\/schema\/person\/ad82545263dcc5ec0996818884fd5fb1"},"breadcrumb":{"@id":"https:\/\/www.noticiasradioreflejos.com.ar\/2021\/vicentin-advierte-que-no-podra-pagar-salarios-y-peligran-unos-3-000-empleos\/#breadcrumb"},"inLanguage":"es","potentialAction":[{"@type":"ReadAction","target":["https:\/\/www.noticiasradioreflejos.com.ar\/2021\/vicentin-advierte-que-no-podra-pagar-salarios-y-peligran-unos-3-000-empleos\/"]}]},{"@type":"BreadcrumbList","@id":"https:\/\/www.noticiasradioreflejos.com.ar\/2021\/vicentin-advierte-que-no-podra-pagar-salarios-y-peligran-unos-3-000-empleos\/#breadcrumb","itemListElement":[{"@type":"ListItem","position":1,"name":"Portada","item":"https:\/\/www.noticiasradioreflejos.com.ar\/2021\/"},{"@type":"ListItem","position":2,"name":"Vicentin advierte que no podr\u00e1 pagar salarios y peligran unos 3.000 empleos"}]},{"@type":"WebSite","@id":"https:\/\/www.noticiasradioreflejos.com.ar\/2021\/#website","url":"https:\/\/www.noticiasradioreflejos.com.ar\/2021\/","name":"Noticias Radio Reflejos","description":"Las noticias de mi comarca","potentialAction":[{"@type":"SearchAction","target":{"@type":"EntryPoint","urlTemplate":"https:\/\/www.noticiasradioreflejos.com.ar\/2021\/?s={search_term_string}"},"query-input":{"@type":"PropertyValueSpecification","valueRequired":true,"valueName":"search_term_string"}}],"inLanguage":"es"},{"@type":"Person","@id":"https:\/\/www.noticiasradioreflejos.com.ar\/2021\/#\/schema\/person\/ad82545263dcc5ec0996818884fd5fb1","name":"Arnaldo Botto","image":{"@type":"ImageObject","inLanguage":"es","@id":"https:\/\/www.noticiasradioreflejos.com.ar\/2021\/#\/schema\/person\/image\/","url":"https:\/\/secure.gravatar.com\/avatar\/55cb5e37c1efa326397366e6974cb338056df65cb50e7d64d1cf314e87504837?s=96&d=mm&r=g","contentUrl":"https:\/\/secure.gravatar.com\/avatar\/55cb5e37c1efa326397366e6974cb338056df65cb50e7d64d1cf314e87504837?s=96&d=mm&r=g","caption":"Arnaldo Botto"},"url":"https:\/\/www.noticiasradioreflejos.com.ar\/2021\/author\/arnaldo\/"}]}},"_links":{"self":[{"href":"https:\/\/www.noticiasradioreflejos.com.ar\/2021\/wp-json\/wp\/v2\/posts\/113167","targetHints":{"allow":["GET"]}}],"collection":[{"href":"https:\/\/www.noticiasradioreflejos.com.ar\/2021\/wp-json\/wp\/v2\/posts"}],"about":[{"href":"https:\/\/www.noticiasradioreflejos.com.ar\/2021\/wp-json\/wp\/v2\/types\/post"}],"author":[{"embeddable":true,"href":"https:\/\/www.noticiasradioreflejos.com.ar\/2021\/wp-json\/wp\/v2\/users\/3"}],"replies":[{"embeddable":true,"href":"https:\/\/www.noticiasradioreflejos.com.ar\/2021\/wp-json\/wp\/v2\/comments?post=113167"}],"version-history":[{"count":1,"href":"https:\/\/www.noticiasradioreflejos.com.ar\/2021\/wp-json\/wp\/v2\/posts\/113167\/revisions"}],"predecessor-version":[{"id":113169,"href":"https:\/\/www.noticiasradioreflejos.com.ar\/2021\/wp-json\/wp\/v2\/posts\/113167\/revisions\/113169"}],"wp:attachment":[{"href":"https:\/\/www.noticiasradioreflejos.com.ar\/2021\/wp-json\/wp\/v2\/media?parent=113167"}],"wp:term":[{"taxonomy":"category","embeddable":true,"href":"https:\/\/www.noticiasradioreflejos.com.ar\/2021\/wp-json\/wp\/v2\/categories?post=113167"},{"taxonomy":"post_tag","embeddable":true,"href":"https:\/\/www.noticiasradioreflejos.com.ar\/2021\/wp-json\/wp\/v2\/tags?post=113167"}],"curies":[{"name":"wp","href":"https:\/\/api.w.org\/{rel}","templated":true}]}}