{"id":113159,"date":"2025-02-26T17:09:29","date_gmt":"2025-02-26T20:09:29","guid":{"rendered":"https:\/\/www.noticiasradioreflejos.com.ar\/2021\/?p=113159"},"modified":"2025-02-26T17:09:29","modified_gmt":"2025-02-26T20:09:29","slug":"actividades-que-propusieron-desde-el-consejo-y-en-conjunto-con-otras-instituciones-y-la-comunidad-en-general-para-conmemorar-el-ya-instaurado-8m","status":"publish","type":"post","link":"https:\/\/www.noticiasradioreflejos.com.ar\/2021\/actividades-que-propusieron-desde-el-consejo-y-en-conjunto-con-otras-instituciones-y-la-comunidad-en-general-para-conmemorar-el-ya-instaurado-8m\/","title":{"rendered":"\u00abActividades que propusieron desde el Consejo y en conjunto con otras instituciones y la comunidad en general para conmemorar el ya instaurado #8M\u00bb"},"content":{"rendered":"<p>Esta ma\u00f1ana, <a href=\"https:\/\/www.noticiasradioreflejos.com.ar\/2021\/radio-en-vivo\/\"><strong>FM Reflejos<\/strong><\/a> charl\u00f3 con Norma Blanca Fern\u00e1ndez y Andrea Encina, integrantes el Consejo Municipal de las Mujeres de Tornquist, para convocar a la comunidad a los eventos organizados por el #8M, D\u00eda Internacional de la Mujer Trabajadora.<!--more--><\/p>\n<p>\u00abSomos unas voluntarias que pensamos que hac\u00eda falta un nexo entre la poblaci\u00f3n v\u00edctima de violencia o con algunas carencias y el Estado Municipal. Logramos una ordenanza, se vot\u00f3 por unanimidad y fue hermoso trabajar con esa conformaci\u00f3n del Consejo, multipartidaria, amorosa &#8230;\u00bb recuerda Norma c\u00f3mo fue la fundaci\u00f3n del Consejo Municipal de las Mujeres de Tornquist en julio del 2018.<\/p>\n<p>\u00abNosotros articulamos con otras instituciones para la tarea del 8M. Estamos trabajando con la Red de Vecinas, con SUTEBA, con el C.E.F. y con mucho compromiso de la subsecretar\u00eda de cultura, de g\u00e9nero&#8230; Creemos que va a ser una buena jornada\u00bb comenta Andrea Encina, participante del consejo, explicando a qu\u00e9 se dedican y c\u00f3mo trabajan.<\/p>\n<p>Luego de un largo debate sobre la actualidad de la Argentina, donde ideolog\u00edas pol\u00edticas terminan violentando a gran parte de la poblaci\u00f3n, Andrea y Norma comentan cu\u00e1les son las actividades que propusieron desde el Consejo y en conjunto con otras instituciones y la comunidad en general para conmemorar el ya instaurado #8M. Seg\u00fan comparten, el evento y las actividades propuestas llevar\u00e1n un entramado militante que hace frente al odio y la desigualdad, tal como el evento representa.<\/p>\n<p>La conmemoraci\u00f3n del<strong> D\u00eda Internacional de la Mujer<\/strong> este a\u00f1o estar\u00e1 dividido en dos propuestas durante dos d\u00edas del fin de semana, el s\u00e1bado 8 de marzo ser\u00e1 un d\u00eda art\u00edstico y de feria, mientras que el domingo 9 habr\u00e1 una propuesta deportiva con una corre-caminata por los derechos. \u00abTambi\u00e9n va a haber Asamblea para poder debatir, marcha en consonancia con lo que suceder\u00e1 en todo el mundo &#8230; tiene que ver con una agenda que est\u00e1 establecida\u00bb.<\/p>\n<p>La corre-caminata ser\u00e1 un recorrido de 4 kil\u00f3metros, gratis y libre para toda la comunidad. \u00abHay personas que pueden tener una meta a los 2 kil\u00f3metros, y otros a los 4 kms. Se arranca desde el Centro Cultural y se da toda la vuelta al Barrio Golf. Se puede correr, se puede caminar \u00bb explican c\u00f3mo ser\u00e1 la actividad. La largada de la carrera ser\u00e1 el domingo 9 de marzo a las 11 horas.<\/p>\n<p>&nbsp;<\/p>\n<p>Link de inscripci\u00f3n a continuaci\u00f3n: <a href=\"https:\/\/forms.gle\/smzXwhig4tytJAnr6\" target=\"_blank\" rel=\"noopener\">https:\/\/forms.gle\/smzXwhig4tytJAnr6<\/a><\/p>\n<p><a title=\"WhatsApp Image 2025-02-26 at 13.09.40\" href=\"https:\/\/www.flickr.com\/photos\/182279889@N02\/54352906318\/in\/dateposted-public\/\" data-flickr-embed=\"true\"><img loading=\"lazy\" decoding=\"async\" src=\"https:\/\/live.staticflickr.com\/65535\/54352906318_27558ddc22_b.jpg\" alt=\"WhatsApp Image 2025-02-26 at 13.09.40\" width=\"723\" height=\"1024\" \/><\/a><script async src=\"\/\/embedr.flickr.com\/assets\/client-code.js\" charset=\"utf-8\"><\/script><\/p>\n<p>Finalmente, Andrea informa para convocar a la comunidad: \u00abEste s\u00e1bado es el \u00faltimo d\u00eda que nos juntamos en el Centro Cultural a las 6 de la tarde para poder organizar el evento\u00bb.<\/p>\n<p>&nbsp;<\/p>\n<p><strong>Debate completo a continuaci\u00f3n:<\/strong><br \/>\n<iframe loading=\"lazy\" src=\"https:\/\/w.soundcloud.com\/player\/?url=https%3A\/\/api.soundcloud.com\/tracks\/2042575769&amp;color=%23ff5500&amp;auto_play=false&amp;hide_related=false&amp;show_comments=true&amp;show_user=true&amp;show_reposts=false&amp;show_teaser=true\" width=\"100%\" height=\"166\" frameborder=\"no\" scrolling=\"no\"><\/iframe><\/p>\n<div style=\"font-size: 10px; color: #cccccc; line-break: anywhere; word-break: normal; overflow: hidden; white-space: nowrap; text-overflow: ellipsis; font-family: Interstate,Lucida Grande,Lucida Sans Unicode,Lucida Sans,Garuda,Verdana,Tahoma,sans-serif; font-weight: 100;\"><a style=\"color: #cccccc; text-decoration: none;\" title=\"fmreflejos 103.7\" href=\"https:\/\/soundcloud.com\/fmreflejos-103-7\" target=\"_blank\" rel=\"noopener\">fmreflejos 103.7<\/a> \u00b7 <a style=\"color: #cccccc; text-decoration: none;\" title=\"CMT Andrea Ensina Norma Fernandezz 26-02\" href=\"https:\/\/soundcloud.com\/fmreflejos-103-7\/cmt-andrea-ensina-norma\" target=\"_blank\" rel=\"noopener\">CMT Andrea Ensina Norma Fernandezz 26-02<\/a><\/div>\n","protected":false},"excerpt":{"rendered":"<p>Esta ma\u00f1ana, FM Reflejos charl\u00f3 con Norma Blanca Fern\u00e1ndez y Andrea Encina, integrantes el Consejo Municipal de las Mujeres de Tornquist, para convocar a la comunidad a los eventos organizados por el #8M, D\u00eda Internacional de la Mujer Trabajadora.<\/p>\n","protected":false},"author":3,"featured_media":113171,"comment_status":"closed","ping_status":"closed","sticky":false,"template":"","format":"standard","meta":{"footnotes":""},"categories":[35,24,26],"tags":[48],"class_list":["post-113159","post","type-post","status-publish","format-standard","has-post-thumbnail","hentry","category-cultura","category-politica","category-sociedad","tag-destacada"],"yoast_head":"<!-- This site is optimized with the Yoast SEO plugin v25.9 - https:\/\/yoast.com\/wordpress\/plugins\/seo\/ -->\n<title>&quot;Actividades que propusieron desde el Consejo y en conjunto con otras instituciones y la comunidad en general para conmemorar el ya instaurado #8M&quot; - Noticias Radio Reflejos<\/title>\n<meta name=\"robots\" content=\"index, follow, max-snippet:-1, max-image-preview:large, max-video-preview:-1\" \/>\n<link rel=\"canonical\" href=\"https:\/\/www.noticiasradioreflejos.com.ar\/2021\/actividades-que-propusieron-desde-el-consejo-y-en-conjunto-con-otras-instituciones-y-la-comunidad-en-general-para-conmemorar-el-ya-instaurado-8m\/\" \/>\n<meta property=\"og:locale\" content=\"es_ES\" \/>\n<meta property=\"og:type\" content=\"article\" \/>\n<meta property=\"og:title\" content=\"&quot;Actividades que propusieron desde el Consejo y en conjunto con otras instituciones y la comunidad en general para conmemorar el ya instaurado #8M&quot; - Noticias Radio Reflejos\" \/>\n<meta property=\"og:description\" content=\"Esta ma\u00f1ana, FM Reflejos charl\u00f3 con Norma Blanca Fern\u00e1ndez y Andrea Encina, integrantes el Consejo Municipal de las Mujeres de Tornquist, para convocar a la comunidad a los eventos organizados por el #8M, D\u00eda Internacional de la Mujer Trabajadora.\" \/>\n<meta property=\"og:url\" content=\"https:\/\/www.noticiasradioreflejos.com.ar\/2021\/actividades-que-propusieron-desde-el-consejo-y-en-conjunto-con-otras-instituciones-y-la-comunidad-en-general-para-conmemorar-el-ya-instaurado-8m\/\" \/>\n<meta property=\"og:site_name\" content=\"Noticias Radio Reflejos\" \/>\n<meta property=\"article:published_time\" content=\"2025-02-26T20:09:29+00:00\" \/>\n<meta property=\"og:image\" content=\"https:\/\/www.noticiasradioreflejos.com.ar\/2021\/wp-content\/uploads\/2025\/02\/Norma-Frenandez-Andrea-Encina.jpeg\" \/>\n\t<meta property=\"og:image:width\" content=\"1160\" \/>\n\t<meta property=\"og:image:height\" content=\"653\" \/>\n\t<meta property=\"og:image:type\" content=\"image\/jpeg\" \/>\n<meta name=\"author\" content=\"Arnaldo Botto\" \/>\n<meta name=\"twitter:card\" content=\"summary_large_image\" \/>\n<script type=\"application\/ld+json\" class=\"yoast-schema-graph\">{\"@context\":\"https:\/\/schema.org\",\"@graph\":[{\"@type\":\"WebPage\",\"@id\":\"https:\/\/www.noticiasradioreflejos.com.ar\/2021\/actividades-que-propusieron-desde-el-consejo-y-en-conjunto-con-otras-instituciones-y-la-comunidad-en-general-para-conmemorar-el-ya-instaurado-8m\/\",\"url\":\"https:\/\/www.noticiasradioreflejos.com.ar\/2021\/actividades-que-propusieron-desde-el-consejo-y-en-conjunto-con-otras-instituciones-y-la-comunidad-en-general-para-conmemorar-el-ya-instaurado-8m\/\",\"name\":\"\\\"Actividades que propusieron desde el Consejo y en conjunto con otras instituciones y la comunidad en general para conmemorar el ya instaurado #8M\\\" - Noticias Radio Reflejos\",\"isPartOf\":{\"@id\":\"https:\/\/www.noticiasradioreflejos.com.ar\/2021\/#website\"},\"primaryImageOfPage\":{\"@id\":\"https:\/\/www.noticiasradioreflejos.com.ar\/2021\/actividades-que-propusieron-desde-el-consejo-y-en-conjunto-con-otras-instituciones-y-la-comunidad-en-general-para-conmemorar-el-ya-instaurado-8m\/#primaryimage\"},\"image\":{\"@id\":\"https:\/\/www.noticiasradioreflejos.com.ar\/2021\/actividades-que-propusieron-desde-el-consejo-y-en-conjunto-con-otras-instituciones-y-la-comunidad-en-general-para-conmemorar-el-ya-instaurado-8m\/#primaryimage\"},\"thumbnailUrl\":\"https:\/\/www.noticiasradioreflejos.com.ar\/2021\/wp-content\/uploads\/2025\/02\/Norma-Frenandez-Andrea-Encina.jpeg\",\"datePublished\":\"2025-02-26T20:09:29+00:00\",\"author\":{\"@id\":\"https:\/\/www.noticiasradioreflejos.com.ar\/2021\/#\/schema\/person\/ad82545263dcc5ec0996818884fd5fb1\"},\"breadcrumb\":{\"@id\":\"https:\/\/www.noticiasradioreflejos.com.ar\/2021\/actividades-que-propusieron-desde-el-consejo-y-en-conjunto-con-otras-instituciones-y-la-comunidad-en-general-para-conmemorar-el-ya-instaurado-8m\/#breadcrumb\"},\"inLanguage\":\"es\",\"potentialAction\":[{\"@type\":\"ReadAction\",\"target\":[\"https:\/\/www.noticiasradioreflejos.com.ar\/2021\/actividades-que-propusieron-desde-el-consejo-y-en-conjunto-con-otras-instituciones-y-la-comunidad-en-general-para-conmemorar-el-ya-instaurado-8m\/\"]}]},{\"@type\":\"ImageObject\",\"inLanguage\":\"es\",\"@id\":\"https:\/\/www.noticiasradioreflejos.com.ar\/2021\/actividades-que-propusieron-desde-el-consejo-y-en-conjunto-con-otras-instituciones-y-la-comunidad-en-general-para-conmemorar-el-ya-instaurado-8m\/#primaryimage\",\"url\":\"https:\/\/www.noticiasradioreflejos.com.ar\/2021\/wp-content\/uploads\/2025\/02\/Norma-Frenandez-Andrea-Encina.jpeg\",\"contentUrl\":\"https:\/\/www.noticiasradioreflejos.com.ar\/2021\/wp-content\/uploads\/2025\/02\/Norma-Frenandez-Andrea-Encina.jpeg\",\"width\":1160,\"height\":653},{\"@type\":\"BreadcrumbList\",\"@id\":\"https:\/\/www.noticiasradioreflejos.com.ar\/2021\/actividades-que-propusieron-desde-el-consejo-y-en-conjunto-con-otras-instituciones-y-la-comunidad-en-general-para-conmemorar-el-ya-instaurado-8m\/#breadcrumb\",\"itemListElement\":[{\"@type\":\"ListItem\",\"position\":1,\"name\":\"Portada\",\"item\":\"https:\/\/www.noticiasradioreflejos.com.ar\/2021\/\"},{\"@type\":\"ListItem\",\"position\":2,\"name\":\"\u00abActividades que propusieron desde el Consejo y en conjunto con otras instituciones y la comunidad en general para conmemorar el ya instaurado #8M\u00bb\"}]},{\"@type\":\"WebSite\",\"@id\":\"https:\/\/www.noticiasradioreflejos.com.ar\/2021\/#website\",\"url\":\"https:\/\/www.noticiasradioreflejos.com.ar\/2021\/\",\"name\":\"Noticias Radio Reflejos\",\"description\":\"Las noticias de mi comarca\",\"potentialAction\":[{\"@type\":\"SearchAction\",\"target\":{\"@type\":\"EntryPoint\",\"urlTemplate\":\"https:\/\/www.noticiasradioreflejos.com.ar\/2021\/?s={search_term_string}\"},\"query-input\":{\"@type\":\"PropertyValueSpecification\",\"valueRequired\":true,\"valueName\":\"search_term_string\"}}],\"inLanguage\":\"es\"},{\"@type\":\"Person\",\"@id\":\"https:\/\/www.noticiasradioreflejos.com.ar\/2021\/#\/schema\/person\/ad82545263dcc5ec0996818884fd5fb1\",\"name\":\"Arnaldo Botto\",\"image\":{\"@type\":\"ImageObject\",\"inLanguage\":\"es\",\"@id\":\"https:\/\/www.noticiasradioreflejos.com.ar\/2021\/#\/schema\/person\/image\/\",\"url\":\"https:\/\/secure.gravatar.com\/avatar\/55cb5e37c1efa326397366e6974cb338056df65cb50e7d64d1cf314e87504837?s=96&d=mm&r=g\",\"contentUrl\":\"https:\/\/secure.gravatar.com\/avatar\/55cb5e37c1efa326397366e6974cb338056df65cb50e7d64d1cf314e87504837?s=96&d=mm&r=g\",\"caption\":\"Arnaldo Botto\"},\"url\":\"https:\/\/www.noticiasradioreflejos.com.ar\/2021\/author\/arnaldo\/\"}]}<\/script>\n<!-- \/ Yoast SEO plugin. -->","yoast_head_json":{"title":"\"Actividades que propusieron desde el Consejo y en conjunto con otras instituciones y la comunidad en general para conmemorar el ya instaurado #8M\" - Noticias Radio Reflejos","robots":{"index":"index","follow":"follow","max-snippet":"max-snippet:-1","max-image-preview":"max-image-preview:large","max-video-preview":"max-video-preview:-1"},"canonical":"https:\/\/www.noticiasradioreflejos.com.ar\/2021\/actividades-que-propusieron-desde-el-consejo-y-en-conjunto-con-otras-instituciones-y-la-comunidad-en-general-para-conmemorar-el-ya-instaurado-8m\/","og_locale":"es_ES","og_type":"article","og_title":"\"Actividades que propusieron desde el Consejo y en conjunto con otras instituciones y la comunidad en general para conmemorar el ya instaurado #8M\" - Noticias Radio Reflejos","og_description":"Esta ma\u00f1ana, FM Reflejos charl\u00f3 con Norma Blanca Fern\u00e1ndez y Andrea Encina, integrantes el Consejo Municipal de las Mujeres de Tornquist, para convocar a la comunidad a los eventos organizados por el #8M, D\u00eda Internacional de la Mujer Trabajadora.","og_url":"https:\/\/www.noticiasradioreflejos.com.ar\/2021\/actividades-que-propusieron-desde-el-consejo-y-en-conjunto-con-otras-instituciones-y-la-comunidad-en-general-para-conmemorar-el-ya-instaurado-8m\/","og_site_name":"Noticias Radio Reflejos","article_published_time":"2025-02-26T20:09:29+00:00","og_image":[{"width":1160,"height":653,"url":"https:\/\/www.noticiasradioreflejos.com.ar\/2021\/wp-content\/uploads\/2025\/02\/Norma-Frenandez-Andrea-Encina.jpeg","type":"image\/jpeg"}],"author":"Arnaldo Botto","twitter_card":"summary_large_image","schema":{"@context":"https:\/\/schema.org","@graph":[{"@type":"WebPage","@id":"https:\/\/www.noticiasradioreflejos.com.ar\/2021\/actividades-que-propusieron-desde-el-consejo-y-en-conjunto-con-otras-instituciones-y-la-comunidad-en-general-para-conmemorar-el-ya-instaurado-8m\/","url":"https:\/\/www.noticiasradioreflejos.com.ar\/2021\/actividades-que-propusieron-desde-el-consejo-y-en-conjunto-con-otras-instituciones-y-la-comunidad-en-general-para-conmemorar-el-ya-instaurado-8m\/","name":"\"Actividades que propusieron desde el Consejo y en conjunto con otras instituciones y la comunidad en general para conmemorar el ya instaurado #8M\" - Noticias Radio Reflejos","isPartOf":{"@id":"https:\/\/www.noticiasradioreflejos.com.ar\/2021\/#website"},"primaryImageOfPage":{"@id":"https:\/\/www.noticiasradioreflejos.com.ar\/2021\/actividades-que-propusieron-desde-el-consejo-y-en-conjunto-con-otras-instituciones-y-la-comunidad-en-general-para-conmemorar-el-ya-instaurado-8m\/#primaryimage"},"image":{"@id":"https:\/\/www.noticiasradioreflejos.com.ar\/2021\/actividades-que-propusieron-desde-el-consejo-y-en-conjunto-con-otras-instituciones-y-la-comunidad-en-general-para-conmemorar-el-ya-instaurado-8m\/#primaryimage"},"thumbnailUrl":"https:\/\/www.noticiasradioreflejos.com.ar\/2021\/wp-content\/uploads\/2025\/02\/Norma-Frenandez-Andrea-Encina.jpeg","datePublished":"2025-02-26T20:09:29+00:00","author":{"@id":"https:\/\/www.noticiasradioreflejos.com.ar\/2021\/#\/schema\/person\/ad82545263dcc5ec0996818884fd5fb1"},"breadcrumb":{"@id":"https:\/\/www.noticiasradioreflejos.com.ar\/2021\/actividades-que-propusieron-desde-el-consejo-y-en-conjunto-con-otras-instituciones-y-la-comunidad-en-general-para-conmemorar-el-ya-instaurado-8m\/#breadcrumb"},"inLanguage":"es","potentialAction":[{"@type":"ReadAction","target":["https:\/\/www.noticiasradioreflejos.com.ar\/2021\/actividades-que-propusieron-desde-el-consejo-y-en-conjunto-con-otras-instituciones-y-la-comunidad-en-general-para-conmemorar-el-ya-instaurado-8m\/"]}]},{"@type":"ImageObject","inLanguage":"es","@id":"https:\/\/www.noticiasradioreflejos.com.ar\/2021\/actividades-que-propusieron-desde-el-consejo-y-en-conjunto-con-otras-instituciones-y-la-comunidad-en-general-para-conmemorar-el-ya-instaurado-8m\/#primaryimage","url":"https:\/\/www.noticiasradioreflejos.com.ar\/2021\/wp-content\/uploads\/2025\/02\/Norma-Frenandez-Andrea-Encina.jpeg","contentUrl":"https:\/\/www.noticiasradioreflejos.com.ar\/2021\/wp-content\/uploads\/2025\/02\/Norma-Frenandez-Andrea-Encina.jpeg","width":1160,"height":653},{"@type":"BreadcrumbList","@id":"https:\/\/www.noticiasradioreflejos.com.ar\/2021\/actividades-que-propusieron-desde-el-consejo-y-en-conjunto-con-otras-instituciones-y-la-comunidad-en-general-para-conmemorar-el-ya-instaurado-8m\/#breadcrumb","itemListElement":[{"@type":"ListItem","position":1,"name":"Portada","item":"https:\/\/www.noticiasradioreflejos.com.ar\/2021\/"},{"@type":"ListItem","position":2,"name":"\u00abActividades que propusieron desde el Consejo y en conjunto con otras instituciones y la comunidad en general para conmemorar el ya instaurado #8M\u00bb"}]},{"@type":"WebSite","@id":"https:\/\/www.noticiasradioreflejos.com.ar\/2021\/#website","url":"https:\/\/www.noticiasradioreflejos.com.ar\/2021\/","name":"Noticias Radio Reflejos","description":"Las noticias de mi comarca","potentialAction":[{"@type":"SearchAction","target":{"@type":"EntryPoint","urlTemplate":"https:\/\/www.noticiasradioreflejos.com.ar\/2021\/?s={search_term_string}"},"query-input":{"@type":"PropertyValueSpecification","valueRequired":true,"valueName":"search_term_string"}}],"inLanguage":"es"},{"@type":"Person","@id":"https:\/\/www.noticiasradioreflejos.com.ar\/2021\/#\/schema\/person\/ad82545263dcc5ec0996818884fd5fb1","name":"Arnaldo Botto","image":{"@type":"ImageObject","inLanguage":"es","@id":"https:\/\/www.noticiasradioreflejos.com.ar\/2021\/#\/schema\/person\/image\/","url":"https:\/\/secure.gravatar.com\/avatar\/55cb5e37c1efa326397366e6974cb338056df65cb50e7d64d1cf314e87504837?s=96&d=mm&r=g","contentUrl":"https:\/\/secure.gravatar.com\/avatar\/55cb5e37c1efa326397366e6974cb338056df65cb50e7d64d1cf314e87504837?s=96&d=mm&r=g","caption":"Arnaldo Botto"},"url":"https:\/\/www.noticiasradioreflejos.com.ar\/2021\/author\/arnaldo\/"}]}},"_links":{"self":[{"href":"https:\/\/www.noticiasradioreflejos.com.ar\/2021\/wp-json\/wp\/v2\/posts\/113159","targetHints":{"allow":["GET"]}}],"collection":[{"href":"https:\/\/www.noticiasradioreflejos.com.ar\/2021\/wp-json\/wp\/v2\/posts"}],"about":[{"href":"https:\/\/www.noticiasradioreflejos.com.ar\/2021\/wp-json\/wp\/v2\/types\/post"}],"author":[{"embeddable":true,"href":"https:\/\/www.noticiasradioreflejos.com.ar\/2021\/wp-json\/wp\/v2\/users\/3"}],"replies":[{"embeddable":true,"href":"https:\/\/www.noticiasradioreflejos.com.ar\/2021\/wp-json\/wp\/v2\/comments?post=113159"}],"version-history":[{"count":6,"href":"https:\/\/www.noticiasradioreflejos.com.ar\/2021\/wp-json\/wp\/v2\/posts\/113159\/revisions"}],"predecessor-version":[{"id":113172,"href":"https:\/\/www.noticiasradioreflejos.com.ar\/2021\/wp-json\/wp\/v2\/posts\/113159\/revisions\/113172"}],"wp:featuredmedia":[{"embeddable":true,"href":"https:\/\/www.noticiasradioreflejos.com.ar\/2021\/wp-json\/wp\/v2\/media\/113171"}],"wp:attachment":[{"href":"https:\/\/www.noticiasradioreflejos.com.ar\/2021\/wp-json\/wp\/v2\/media?parent=113159"}],"wp:term":[{"taxonomy":"category","embeddable":true,"href":"https:\/\/www.noticiasradioreflejos.com.ar\/2021\/wp-json\/wp\/v2\/categories?post=113159"},{"taxonomy":"post_tag","embeddable":true,"href":"https:\/\/www.noticiasradioreflejos.com.ar\/2021\/wp-json\/wp\/v2\/tags?post=113159"}],"curies":[{"name":"wp","href":"https:\/\/api.w.org\/{rel}","templated":true}]}}