{"id":113154,"date":"2025-02-26T17:02:04","date_gmt":"2025-02-26T20:02:04","guid":{"rendered":"https:\/\/www.noticiasradioreflejos.com.ar\/2021\/?p=113154"},"modified":"2025-02-26T17:17:52","modified_gmt":"2025-02-26T20:17:52","slug":"leandro-picardi-es-un-fallo-realmente-revelador-porque-reconoce-el-derecho-de-la-conyuge-a-una-cuota-alimentaria-a-la-bastante-elevada-y-de-por-vida","status":"publish","type":"post","link":"https:\/\/www.noticiasradioreflejos.com.ar\/2021\/leandro-picardi-es-un-fallo-realmente-revelador-porque-reconoce-el-derecho-de-la-conyuge-a-una-cuota-alimentaria-a-la-bastante-elevada-y-de-por-vida\/","title":{"rendered":"Leandro Picardi: \u00abEs un fallo realmente revelador porque reconoce el derecho de la c\u00f3nyuge a una cuota alimentaria a la bastante elevada y de por vida\u00bb"},"content":{"rendered":"<p>Esta ma\u00f1ana, el <strong>abogado del<a href=\"https:\/\/www.facebook.com\/DraPaulaValeriaGoldin\/\"> estudio Gold\u00edn &#8211; Picardi de Sierra de la Ventana<\/a><\/strong>\u00a0nos inform\u00f3 sobre un fallo ejemplar en el Departamento Judicial de Bah\u00eda Blanca en relaci\u00f3n a la cuota alimentaria entre c\u00f3nyuges, mediando una situaci\u00f3n de discapacidad para la beneficiaria. El ex marido se ver\u00e1 obligado a pagarle el 20 % de su sueldo mensual a su ex pareja por mediar entre ellos el principio de solidaridad familiar.<!--more--><\/p>\n<p>\u00abEs un fallo realmente revelador porque reconoce el derecho de la c\u00f3nyuge a una cuota alimentaria bastante elevada y de por vida en virtud a una situaci\u00f3n de salud que tiene ella desde que era chica sufriendo una artrosis muy complicada. En raz\u00f3n de eso, se pudo comprobar que la vinculaci\u00f3n que existe entre ambos c\u00f3nyuges respecto del proyecto de vida que tuvieron en su momento, inclusive trasciende la ruptura del v\u00ednculo, la sentencia de divorcio y reconoce, de por vida, una cuota alimentaria pr\u00e1cticamente similar a la de un hijo\u00bb presenta Picardi el caso disparador del asesoramiento del d\u00eda.<\/p>\n<p>\u00abEstamos hablando a una cuota alimentaria de 20 % de por vida\u00bb exclama el abogado sobre lo revelador e importante del fallo. \u00abPor lo menos en lo que es el Departamento Judicial de Bah\u00eda Blanca, no exist\u00eda\u00bb afirma Picardi. Aclara que ya se han realizado fallos en relaci\u00f3n a un menor porcentaje de cuota alimentaria y por un tiempo determinado.<\/p>\n<p>\u00abNosotros fundamos la demanda en el principio de solidaridad familiar, en que ese principio no se finiquita con la sentencia de divorcio, sino que est\u00e1 de por vida\u00bb refiere cu\u00e1l fue la estrategia de los letrados a la hora de defender los intereses de la beneficiada. \u00abSiempre tomamos los casos de manera conjunta, siempre hemos tenido buenos resultados\u00bb agrega c\u00f3mo es que trabajan en el estudio jur\u00eddico.<\/p>\n<p>&nbsp;<\/p>\n<p><strong>Nota completa a continuaci\u00f3n:<\/strong><\/p>\n<p><iframe loading=\"lazy\" src=\"https:\/\/w.soundcloud.com\/player\/?url=https%3A\/\/api.soundcloud.com\/tracks\/2042553736&amp;color=%23ff5500&amp;auto_play=false&amp;hide_related=false&amp;show_comments=true&amp;show_user=true&amp;show_reposts=false&amp;show_teaser=true\" width=\"100%\" height=\"166\" frameborder=\"no\" scrolling=\"no\"><\/iframe><\/p>\n<div style=\"font-size: 10px; color: #cccccc; line-break: anywhere; word-break: normal; overflow: hidden; white-space: nowrap; text-overflow: ellipsis; font-family: Interstate,Lucida Grande,Lucida Sans Unicode,Lucida Sans,Garuda,Verdana,Tahoma,sans-serif; font-weight: 100;\"><a style=\"color: #cccccc; text-decoration: none;\" title=\"fmreflejos 103.7\" href=\"https:\/\/soundcloud.com\/fmreflejos-103-7\" target=\"_blank\" rel=\"noopener\">fmreflejos 103.7<\/a> \u00b7 <a style=\"color: #cccccc; text-decoration: none;\" title=\"Leandro picardi 26-02\" href=\"https:\/\/soundcloud.com\/fmreflejos-103-7\/leandro-picardi-26-02\" target=\"_blank\" rel=\"noopener\">Leandro picardi 26-02<\/a><\/div>\n","protected":false},"excerpt":{"rendered":"<p>Esta ma\u00f1ana, el abogado del estudio Gold\u00edn &#8211; Picardi de Sierra de la Ventana\u00a0nos inform\u00f3 sobre un fallo ejemplar en el Departamento Judicial de Bah\u00eda Blanca en relaci\u00f3n a la cuota alimentaria entre c\u00f3nyuges, mediando una situaci\u00f3n de discapacidad para la beneficiaria. El ex marido se ver\u00e1 obligado a pagarle el 20 % de su [&hellip;]<\/p>\n","protected":false},"author":3,"featured_media":110397,"comment_status":"closed","ping_status":"closed","sticky":false,"template":"","format":"standard","meta":{"footnotes":""},"categories":[57],"tags":[48],"class_list":["post-113154","post","type-post","status-publish","format-standard","has-post-thumbnail","hentry","category-judiciales","tag-destacada"],"yoast_head":"<!-- This site is optimized with the Yoast SEO plugin v25.9 - https:\/\/yoast.com\/wordpress\/plugins\/seo\/ -->\n<title>Leandro Picardi: &quot;Es un fallo realmente revelador porque reconoce el derecho de la c\u00f3nyuge a una cuota alimentaria a la bastante elevada y de por vida&quot; - Noticias Radio Reflejos<\/title>\n<meta name=\"robots\" content=\"index, follow, max-snippet:-1, max-image-preview:large, max-video-preview:-1\" \/>\n<link rel=\"canonical\" href=\"https:\/\/www.noticiasradioreflejos.com.ar\/2021\/leandro-picardi-es-un-fallo-realmente-revelador-porque-reconoce-el-derecho-de-la-conyuge-a-una-cuota-alimentaria-a-la-bastante-elevada-y-de-por-vida\/\" \/>\n<meta property=\"og:locale\" content=\"es_ES\" \/>\n<meta property=\"og:type\" content=\"article\" \/>\n<meta property=\"og:title\" content=\"Leandro Picardi: &quot;Es un fallo realmente revelador porque reconoce el derecho de la c\u00f3nyuge a una cuota alimentaria a la bastante elevada y de por vida&quot; - Noticias Radio Reflejos\" \/>\n<meta property=\"og:description\" content=\"Esta ma\u00f1ana, el abogado del estudio Gold\u00edn &#8211; Picardi de Sierra de la Ventana\u00a0nos inform\u00f3 sobre un fallo ejemplar en el Departamento Judicial de Bah\u00eda Blanca en relaci\u00f3n a la cuota alimentaria entre c\u00f3nyuges, mediando una situaci\u00f3n de discapacidad para la beneficiaria. El ex marido se ver\u00e1 obligado a pagarle el 20 % de su [&hellip;]\" \/>\n<meta property=\"og:url\" content=\"https:\/\/www.noticiasradioreflejos.com.ar\/2021\/leandro-picardi-es-un-fallo-realmente-revelador-porque-reconoce-el-derecho-de-la-conyuge-a-una-cuota-alimentaria-a-la-bastante-elevada-y-de-por-vida\/\" \/>\n<meta property=\"og:site_name\" content=\"Noticias Radio Reflejos\" \/>\n<meta property=\"article:published_time\" content=\"2025-02-26T20:02:04+00:00\" \/>\n<meta property=\"article:modified_time\" content=\"2025-02-26T20:17:52+00:00\" \/>\n<meta property=\"og:image\" content=\"https:\/\/www.noticiasradioreflejos.com.ar\/2021\/wp-content\/uploads\/2024\/12\/cuota-alimentaria.jpg\" \/>\n\t<meta property=\"og:image:width\" content=\"1000\" \/>\n\t<meta property=\"og:image:height\" content=\"563\" \/>\n\t<meta property=\"og:image:type\" content=\"image\/jpeg\" \/>\n<meta name=\"author\" content=\"Arnaldo Botto\" \/>\n<meta name=\"twitter:card\" content=\"summary_large_image\" \/>\n<script type=\"application\/ld+json\" class=\"yoast-schema-graph\">{\"@context\":\"https:\/\/schema.org\",\"@graph\":[{\"@type\":\"WebPage\",\"@id\":\"https:\/\/www.noticiasradioreflejos.com.ar\/2021\/leandro-picardi-es-un-fallo-realmente-revelador-porque-reconoce-el-derecho-de-la-conyuge-a-una-cuota-alimentaria-a-la-bastante-elevada-y-de-por-vida\/\",\"url\":\"https:\/\/www.noticiasradioreflejos.com.ar\/2021\/leandro-picardi-es-un-fallo-realmente-revelador-porque-reconoce-el-derecho-de-la-conyuge-a-una-cuota-alimentaria-a-la-bastante-elevada-y-de-por-vida\/\",\"name\":\"Leandro Picardi: \\\"Es un fallo realmente revelador porque reconoce el derecho de la c\u00f3nyuge a una cuota alimentaria a la bastante elevada y de por vida\\\" - Noticias Radio Reflejos\",\"isPartOf\":{\"@id\":\"https:\/\/www.noticiasradioreflejos.com.ar\/2021\/#website\"},\"primaryImageOfPage\":{\"@id\":\"https:\/\/www.noticiasradioreflejos.com.ar\/2021\/leandro-picardi-es-un-fallo-realmente-revelador-porque-reconoce-el-derecho-de-la-conyuge-a-una-cuota-alimentaria-a-la-bastante-elevada-y-de-por-vida\/#primaryimage\"},\"image\":{\"@id\":\"https:\/\/www.noticiasradioreflejos.com.ar\/2021\/leandro-picardi-es-un-fallo-realmente-revelador-porque-reconoce-el-derecho-de-la-conyuge-a-una-cuota-alimentaria-a-la-bastante-elevada-y-de-por-vida\/#primaryimage\"},\"thumbnailUrl\":\"https:\/\/www.noticiasradioreflejos.com.ar\/2021\/wp-content\/uploads\/2024\/12\/cuota-alimentaria.jpg\",\"datePublished\":\"2025-02-26T20:02:04+00:00\",\"dateModified\":\"2025-02-26T20:17:52+00:00\",\"author\":{\"@id\":\"https:\/\/www.noticiasradioreflejos.com.ar\/2021\/#\/schema\/person\/ad82545263dcc5ec0996818884fd5fb1\"},\"breadcrumb\":{\"@id\":\"https:\/\/www.noticiasradioreflejos.com.ar\/2021\/leandro-picardi-es-un-fallo-realmente-revelador-porque-reconoce-el-derecho-de-la-conyuge-a-una-cuota-alimentaria-a-la-bastante-elevada-y-de-por-vida\/#breadcrumb\"},\"inLanguage\":\"es\",\"potentialAction\":[{\"@type\":\"ReadAction\",\"target\":[\"https:\/\/www.noticiasradioreflejos.com.ar\/2021\/leandro-picardi-es-un-fallo-realmente-revelador-porque-reconoce-el-derecho-de-la-conyuge-a-una-cuota-alimentaria-a-la-bastante-elevada-y-de-por-vida\/\"]}]},{\"@type\":\"ImageObject\",\"inLanguage\":\"es\",\"@id\":\"https:\/\/www.noticiasradioreflejos.com.ar\/2021\/leandro-picardi-es-un-fallo-realmente-revelador-porque-reconoce-el-derecho-de-la-conyuge-a-una-cuota-alimentaria-a-la-bastante-elevada-y-de-por-vida\/#primaryimage\",\"url\":\"https:\/\/www.noticiasradioreflejos.com.ar\/2021\/wp-content\/uploads\/2024\/12\/cuota-alimentaria.jpg\",\"contentUrl\":\"https:\/\/www.noticiasradioreflejos.com.ar\/2021\/wp-content\/uploads\/2024\/12\/cuota-alimentaria.jpg\",\"width\":1000,\"height\":563},{\"@type\":\"BreadcrumbList\",\"@id\":\"https:\/\/www.noticiasradioreflejos.com.ar\/2021\/leandro-picardi-es-un-fallo-realmente-revelador-porque-reconoce-el-derecho-de-la-conyuge-a-una-cuota-alimentaria-a-la-bastante-elevada-y-de-por-vida\/#breadcrumb\",\"itemListElement\":[{\"@type\":\"ListItem\",\"position\":1,\"name\":\"Portada\",\"item\":\"https:\/\/www.noticiasradioreflejos.com.ar\/2021\/\"},{\"@type\":\"ListItem\",\"position\":2,\"name\":\"Leandro Picardi: \u00abEs un fallo realmente revelador porque reconoce el derecho de la c\u00f3nyuge a una cuota alimentaria a la bastante elevada y de por vida\u00bb\"}]},{\"@type\":\"WebSite\",\"@id\":\"https:\/\/www.noticiasradioreflejos.com.ar\/2021\/#website\",\"url\":\"https:\/\/www.noticiasradioreflejos.com.ar\/2021\/\",\"name\":\"Noticias Radio Reflejos\",\"description\":\"Las noticias de mi comarca\",\"potentialAction\":[{\"@type\":\"SearchAction\",\"target\":{\"@type\":\"EntryPoint\",\"urlTemplate\":\"https:\/\/www.noticiasradioreflejos.com.ar\/2021\/?s={search_term_string}\"},\"query-input\":{\"@type\":\"PropertyValueSpecification\",\"valueRequired\":true,\"valueName\":\"search_term_string\"}}],\"inLanguage\":\"es\"},{\"@type\":\"Person\",\"@id\":\"https:\/\/www.noticiasradioreflejos.com.ar\/2021\/#\/schema\/person\/ad82545263dcc5ec0996818884fd5fb1\",\"name\":\"Arnaldo Botto\",\"image\":{\"@type\":\"ImageObject\",\"inLanguage\":\"es\",\"@id\":\"https:\/\/www.noticiasradioreflejos.com.ar\/2021\/#\/schema\/person\/image\/\",\"url\":\"https:\/\/secure.gravatar.com\/avatar\/55cb5e37c1efa326397366e6974cb338056df65cb50e7d64d1cf314e87504837?s=96&d=mm&r=g\",\"contentUrl\":\"https:\/\/secure.gravatar.com\/avatar\/55cb5e37c1efa326397366e6974cb338056df65cb50e7d64d1cf314e87504837?s=96&d=mm&r=g\",\"caption\":\"Arnaldo Botto\"},\"url\":\"https:\/\/www.noticiasradioreflejos.com.ar\/2021\/author\/arnaldo\/\"}]}<\/script>\n<!-- \/ Yoast SEO plugin. -->","yoast_head_json":{"title":"Leandro Picardi: \"Es un fallo realmente revelador porque reconoce el derecho de la c\u00f3nyuge a una cuota alimentaria a la bastante elevada y de por vida\" - Noticias Radio Reflejos","robots":{"index":"index","follow":"follow","max-snippet":"max-snippet:-1","max-image-preview":"max-image-preview:large","max-video-preview":"max-video-preview:-1"},"canonical":"https:\/\/www.noticiasradioreflejos.com.ar\/2021\/leandro-picardi-es-un-fallo-realmente-revelador-porque-reconoce-el-derecho-de-la-conyuge-a-una-cuota-alimentaria-a-la-bastante-elevada-y-de-por-vida\/","og_locale":"es_ES","og_type":"article","og_title":"Leandro Picardi: \"Es un fallo realmente revelador porque reconoce el derecho de la c\u00f3nyuge a una cuota alimentaria a la bastante elevada y de por vida\" - Noticias Radio Reflejos","og_description":"Esta ma\u00f1ana, el abogado del estudio Gold\u00edn &#8211; Picardi de Sierra de la Ventana\u00a0nos inform\u00f3 sobre un fallo ejemplar en el Departamento Judicial de Bah\u00eda Blanca en relaci\u00f3n a la cuota alimentaria entre c\u00f3nyuges, mediando una situaci\u00f3n de discapacidad para la beneficiaria. El ex marido se ver\u00e1 obligado a pagarle el 20 % de su [&hellip;]","og_url":"https:\/\/www.noticiasradioreflejos.com.ar\/2021\/leandro-picardi-es-un-fallo-realmente-revelador-porque-reconoce-el-derecho-de-la-conyuge-a-una-cuota-alimentaria-a-la-bastante-elevada-y-de-por-vida\/","og_site_name":"Noticias Radio Reflejos","article_published_time":"2025-02-26T20:02:04+00:00","article_modified_time":"2025-02-26T20:17:52+00:00","og_image":[{"width":1000,"height":563,"url":"https:\/\/www.noticiasradioreflejos.com.ar\/2021\/wp-content\/uploads\/2024\/12\/cuota-alimentaria.jpg","type":"image\/jpeg"}],"author":"Arnaldo Botto","twitter_card":"summary_large_image","schema":{"@context":"https:\/\/schema.org","@graph":[{"@type":"WebPage","@id":"https:\/\/www.noticiasradioreflejos.com.ar\/2021\/leandro-picardi-es-un-fallo-realmente-revelador-porque-reconoce-el-derecho-de-la-conyuge-a-una-cuota-alimentaria-a-la-bastante-elevada-y-de-por-vida\/","url":"https:\/\/www.noticiasradioreflejos.com.ar\/2021\/leandro-picardi-es-un-fallo-realmente-revelador-porque-reconoce-el-derecho-de-la-conyuge-a-una-cuota-alimentaria-a-la-bastante-elevada-y-de-por-vida\/","name":"Leandro Picardi: \"Es un fallo realmente revelador porque reconoce el derecho de la c\u00f3nyuge a una cuota alimentaria a la bastante elevada y de por vida\" - Noticias Radio Reflejos","isPartOf":{"@id":"https:\/\/www.noticiasradioreflejos.com.ar\/2021\/#website"},"primaryImageOfPage":{"@id":"https:\/\/www.noticiasradioreflejos.com.ar\/2021\/leandro-picardi-es-un-fallo-realmente-revelador-porque-reconoce-el-derecho-de-la-conyuge-a-una-cuota-alimentaria-a-la-bastante-elevada-y-de-por-vida\/#primaryimage"},"image":{"@id":"https:\/\/www.noticiasradioreflejos.com.ar\/2021\/leandro-picardi-es-un-fallo-realmente-revelador-porque-reconoce-el-derecho-de-la-conyuge-a-una-cuota-alimentaria-a-la-bastante-elevada-y-de-por-vida\/#primaryimage"},"thumbnailUrl":"https:\/\/www.noticiasradioreflejos.com.ar\/2021\/wp-content\/uploads\/2024\/12\/cuota-alimentaria.jpg","datePublished":"2025-02-26T20:02:04+00:00","dateModified":"2025-02-26T20:17:52+00:00","author":{"@id":"https:\/\/www.noticiasradioreflejos.com.ar\/2021\/#\/schema\/person\/ad82545263dcc5ec0996818884fd5fb1"},"breadcrumb":{"@id":"https:\/\/www.noticiasradioreflejos.com.ar\/2021\/leandro-picardi-es-un-fallo-realmente-revelador-porque-reconoce-el-derecho-de-la-conyuge-a-una-cuota-alimentaria-a-la-bastante-elevada-y-de-por-vida\/#breadcrumb"},"inLanguage":"es","potentialAction":[{"@type":"ReadAction","target":["https:\/\/www.noticiasradioreflejos.com.ar\/2021\/leandro-picardi-es-un-fallo-realmente-revelador-porque-reconoce-el-derecho-de-la-conyuge-a-una-cuota-alimentaria-a-la-bastante-elevada-y-de-por-vida\/"]}]},{"@type":"ImageObject","inLanguage":"es","@id":"https:\/\/www.noticiasradioreflejos.com.ar\/2021\/leandro-picardi-es-un-fallo-realmente-revelador-porque-reconoce-el-derecho-de-la-conyuge-a-una-cuota-alimentaria-a-la-bastante-elevada-y-de-por-vida\/#primaryimage","url":"https:\/\/www.noticiasradioreflejos.com.ar\/2021\/wp-content\/uploads\/2024\/12\/cuota-alimentaria.jpg","contentUrl":"https:\/\/www.noticiasradioreflejos.com.ar\/2021\/wp-content\/uploads\/2024\/12\/cuota-alimentaria.jpg","width":1000,"height":563},{"@type":"BreadcrumbList","@id":"https:\/\/www.noticiasradioreflejos.com.ar\/2021\/leandro-picardi-es-un-fallo-realmente-revelador-porque-reconoce-el-derecho-de-la-conyuge-a-una-cuota-alimentaria-a-la-bastante-elevada-y-de-por-vida\/#breadcrumb","itemListElement":[{"@type":"ListItem","position":1,"name":"Portada","item":"https:\/\/www.noticiasradioreflejos.com.ar\/2021\/"},{"@type":"ListItem","position":2,"name":"Leandro Picardi: \u00abEs un fallo realmente revelador porque reconoce el derecho de la c\u00f3nyuge a una cuota alimentaria a la bastante elevada y de por vida\u00bb"}]},{"@type":"WebSite","@id":"https:\/\/www.noticiasradioreflejos.com.ar\/2021\/#website","url":"https:\/\/www.noticiasradioreflejos.com.ar\/2021\/","name":"Noticias Radio Reflejos","description":"Las noticias de mi comarca","potentialAction":[{"@type":"SearchAction","target":{"@type":"EntryPoint","urlTemplate":"https:\/\/www.noticiasradioreflejos.com.ar\/2021\/?s={search_term_string}"},"query-input":{"@type":"PropertyValueSpecification","valueRequired":true,"valueName":"search_term_string"}}],"inLanguage":"es"},{"@type":"Person","@id":"https:\/\/www.noticiasradioreflejos.com.ar\/2021\/#\/schema\/person\/ad82545263dcc5ec0996818884fd5fb1","name":"Arnaldo Botto","image":{"@type":"ImageObject","inLanguage":"es","@id":"https:\/\/www.noticiasradioreflejos.com.ar\/2021\/#\/schema\/person\/image\/","url":"https:\/\/secure.gravatar.com\/avatar\/55cb5e37c1efa326397366e6974cb338056df65cb50e7d64d1cf314e87504837?s=96&d=mm&r=g","contentUrl":"https:\/\/secure.gravatar.com\/avatar\/55cb5e37c1efa326397366e6974cb338056df65cb50e7d64d1cf314e87504837?s=96&d=mm&r=g","caption":"Arnaldo Botto"},"url":"https:\/\/www.noticiasradioreflejos.com.ar\/2021\/author\/arnaldo\/"}]}},"_links":{"self":[{"href":"https:\/\/www.noticiasradioreflejos.com.ar\/2021\/wp-json\/wp\/v2\/posts\/113154","targetHints":{"allow":["GET"]}}],"collection":[{"href":"https:\/\/www.noticiasradioreflejos.com.ar\/2021\/wp-json\/wp\/v2\/posts"}],"about":[{"href":"https:\/\/www.noticiasradioreflejos.com.ar\/2021\/wp-json\/wp\/v2\/types\/post"}],"author":[{"embeddable":true,"href":"https:\/\/www.noticiasradioreflejos.com.ar\/2021\/wp-json\/wp\/v2\/users\/3"}],"replies":[{"embeddable":true,"href":"https:\/\/www.noticiasradioreflejos.com.ar\/2021\/wp-json\/wp\/v2\/comments?post=113154"}],"version-history":[{"count":6,"href":"https:\/\/www.noticiasradioreflejos.com.ar\/2021\/wp-json\/wp\/v2\/posts\/113154\/revisions"}],"predecessor-version":[{"id":113173,"href":"https:\/\/www.noticiasradioreflejos.com.ar\/2021\/wp-json\/wp\/v2\/posts\/113154\/revisions\/113173"}],"wp:featuredmedia":[{"embeddable":true,"href":"https:\/\/www.noticiasradioreflejos.com.ar\/2021\/wp-json\/wp\/v2\/media\/110397"}],"wp:attachment":[{"href":"https:\/\/www.noticiasradioreflejos.com.ar\/2021\/wp-json\/wp\/v2\/media?parent=113154"}],"wp:term":[{"taxonomy":"category","embeddable":true,"href":"https:\/\/www.noticiasradioreflejos.com.ar\/2021\/wp-json\/wp\/v2\/categories?post=113154"},{"taxonomy":"post_tag","embeddable":true,"href":"https:\/\/www.noticiasradioreflejos.com.ar\/2021\/wp-json\/wp\/v2\/tags?post=113154"}],"curies":[{"name":"wp","href":"https:\/\/api.w.org\/{rel}","templated":true}]}}