{"id":113152,"date":"2025-02-26T16:34:51","date_gmt":"2025-02-26T19:34:51","guid":{"rendered":"https:\/\/www.noticiasradioreflejos.com.ar\/2021\/?p=113152"},"modified":"2025-02-26T16:35:28","modified_gmt":"2025-02-26T19:35:28","slug":"el-bodegon-de-las-sierras-una-propuesta-de-buena-cocina-y-espectaculos-para-el-finde-xl","status":"publish","type":"post","link":"https:\/\/www.noticiasradioreflejos.com.ar\/2021\/el-bodegon-de-las-sierras-una-propuesta-de-buena-cocina-y-espectaculos-para-el-finde-xl\/","title":{"rendered":"El Bodeg\u00f3n de las Sierras: Una propuesta de buena cocina y espect\u00e1culos para el finde XL"},"content":{"rendered":"<p>Sergio Dominguez, propietario de \u00abEl Bodeg\u00f3n de las Sierras\u00bb, comparte su balance sobre la temporada y nos invita a pasar por su local musical y gastron\u00f3mico durante el fin de semana de carnavales con diversas propuestas.<!--more--><\/p>\n<p>Pr\u00f3ximos al fin de semana de carnavales, de cierre de la temporada estival, Sergio describe sus expectativas para El Bodeg\u00f3n: \u00abDesde que se modific\u00f3 la fecha, es el cierre y la bendici\u00f3n del cierre de temporada porque se llena de much\u00edsima gente desde distintos puntos de la provincia. Nosotros ya tenemos muchas consultas para el fin de semana. As\u00ed que muy contentos con lo que hemos vivido este verano\u00bb.<\/p>\n<p>&nbsp;<\/p>\n<blockquote class=\"instagram-media\" style=\"background: #FFF; border: 0; border-radius: 3px; box-shadow: 0 0 1px 0 rgba(0,0,0,0.5),0 1px 10px 0 rgba(0,0,0,0.15); margin: 1px; max-width: 540px; min-width: 326px; padding: 0; width: calc(100% - 2px);\" data-instgrm-captioned=\"\" data-instgrm-permalink=\"https:\/\/www.instagram.com\/reel\/DGFIrSkOB2Z\/?utm_source=ig_embed&amp;utm_campaign=loading\" data-instgrm-version=\"14\">\n<div style=\"padding: 16px;\">\n<p>&nbsp;<\/p>\n<div style=\"display: flex; flex-direction: row; align-items: center;\">\n<div style=\"background-color: #f4f4f4; border-radius: 50%; flex-grow: 0; height: 40px; margin-right: 14px; width: 40px;\"><\/div>\n<div style=\"display: flex; flex-direction: column; flex-grow: 1; justify-content: center;\">\n<div style=\"background-color: #f4f4f4; border-radius: 4px; flex-grow: 0; height: 14px; margin-bottom: 6px; width: 100px;\"><\/div>\n<div style=\"background-color: #f4f4f4; border-radius: 4px; flex-grow: 0; height: 14px; width: 60px;\"><\/div>\n<\/div>\n<\/div>\n<div style=\"padding: 19% 0;\"><\/div>\n<div style=\"display: block; height: 50px; margin: 0 auto 12px; width: 50px;\"><\/div>\n<div style=\"padding-top: 8px;\">\n<div style=\"color: #3897f0; font-family: Arial,sans-serif; font-size: 14px; font-style: normal; font-weight: 550; line-height: 18px;\">Ver esta publicaci\u00f3n en Instagram<\/div>\n<\/div>\n<div style=\"padding: 12.5% 0;\"><\/div>\n<div style=\"display: flex; flex-direction: row; margin-bottom: 14px; align-items: center;\">\n<div>\n<div style=\"background-color: #f4f4f4; border-radius: 50%; height: 12.5px; width: 12.5px; transform: translateX(0px) translateY(7px);\"><\/div>\n<div style=\"background-color: #f4f4f4; height: 12.5px; transform: rotate(-45deg) translateX(3px) translateY(1px); width: 12.5px; flex-grow: 0; margin-right: 14px; margin-left: 2px;\"><\/div>\n<div style=\"background-color: #f4f4f4; border-radius: 50%; height: 12.5px; width: 12.5px; transform: translateX(9px) translateY(-18px);\"><\/div>\n<\/div>\n<div style=\"margin-left: 8px;\">\n<div style=\"background-color: #f4f4f4; border-radius: 50%; flex-grow: 0; height: 20px; width: 20px;\"><\/div>\n<div style=\"width: 0; height: 0; border-top: 2px solid transparent; border-left: 6px solid #f4f4f4; border-bottom: 2px solid transparent; transform: translateX(16px) translateY(-4px) rotate(30deg);\"><\/div>\n<\/div>\n<div style=\"margin-left: auto;\">\n<div style=\"width: 0px; border-top: 8px solid #F4F4F4; border-right: 8px solid transparent; transform: translateY(16px);\"><\/div>\n<div style=\"background-color: #f4f4f4; flex-grow: 0; height: 12px; width: 16px; transform: translateY(-4px);\"><\/div>\n<div style=\"width: 0; height: 0; border-top: 8px solid #F4F4F4; border-left: 8px solid transparent; transform: translateY(-4px) translateX(8px);\"><\/div>\n<\/div>\n<\/div>\n<div style=\"display: flex; flex-direction: column; flex-grow: 1; justify-content: center; margin-bottom: 24px;\">\n<div style=\"background-color: #f4f4f4; border-radius: 4px; flex-grow: 0; height: 14px; margin-bottom: 6px; width: 224px;\"><\/div>\n<div style=\"background-color: #f4f4f4; border-radius: 4px; flex-grow: 0; height: 14px; width: 144px;\"><\/div>\n<\/div>\n<p>&nbsp;<\/p>\n<p style=\"color: #c9c8cd; font-family: Arial,sans-serif; font-size: 14px; line-height: 17px; margin-bottom: 0; margin-top: 8px; overflow: hidden; padding: 8px 0 7px; text-align: center; text-overflow: ellipsis; white-space: nowrap;\"><a style=\"color: #c9c8cd; font-family: Arial,sans-serif; font-size: 14px; font-style: normal; font-weight: normal; line-height: 17px; text-decoration: none;\" href=\"https:\/\/www.instagram.com\/reel\/DGFIrSkOB2Z\/?utm_source=ig_embed&amp;utm_campaign=loading\" target=\"_blank\" rel=\"noopener\">Una publicaci\u00f3n compartida de BODEG\u00d3N DE LAS SIERRAS (@bodegon_de_las_sierras)<\/a><\/p>\n<\/div>\n<\/blockquote>\n<p><script async src=\"\/\/www.instagram.com\/embed.js\"><\/script><\/p>\n<p>\u00abSiempre trato de ser muy cuidadoso con este tipo de an\u00e1lisis\u00bb responde Teko cuando le consultamos sobre su balance de este verano. \u00abEl Bodeg\u00f3n es comida casera y m\u00fasica todo el a\u00f1o. La temporada no nos modific\u00f3 mucho lo que es el trabajo del fin de semana,\u00a0 pero fue una temporada rara, no hubo un turismo fluido. Creo que tambi\u00e9n la falta de agua de nuestros arroyos no favoreci\u00f3 que venga la gente;\u00a0 el balance para nosotros fue bueno\u00bb. Agrega que observ\u00f3 que los turistas han podido viajar a la comarca pero con sus recaudos econ\u00f3micos; \u00abfue un turismo gasolero\u00bb califica.<\/p>\n<p>\u00abHemos notado un turismo que sali\u00f3 al cablecito a tierra, a disfrutar de la naturaleza, en ese sentido la gente con muy buena onda y receptiva, la hemos pasado muy bien\u00bb caracteriza la estad\u00eda de los turistas en Sierra de la Ventana. \u00abSe nota en el local, en las mesas, que la gente esta cansada, no est\u00e1 bien. Pero hay que ser optimista y ponerle otra vez el pecho a la bala\u00bb hace referencia a la situaci\u00f3n econ\u00f3mica actual del pa\u00eds.<\/p>\n<p><a href=\"https:\/\/www.noticiasradioreflejos.com.ar\/2021\/el-bodegon-cumplio-un-ano-teko-y-romi-recordaron-lo-vivido\/bodegon-de-las-sierras-11\/\" rel=\"attachment wp-att-105188\"><img loading=\"lazy\" decoding=\"async\" class=\"aligncenter size-full wp-image-105188\" src=\"https:\/\/www.noticiasradioreflejos.com.ar\/2021\/wp-content\/uploads\/2024\/07\/Bodegon-de-las-Sierras-11.jpeg\" alt=\"\" width=\"1600\" height=\"1197\" srcset=\"https:\/\/www.noticiasradioreflejos.com.ar\/2021\/wp-content\/uploads\/2024\/07\/Bodegon-de-las-Sierras-11.jpeg 1600w, https:\/\/www.noticiasradioreflejos.com.ar\/2021\/wp-content\/uploads\/2024\/07\/Bodegon-de-las-Sierras-11-300x224.jpeg 300w, https:\/\/www.noticiasradioreflejos.com.ar\/2021\/wp-content\/uploads\/2024\/07\/Bodegon-de-las-Sierras-11-1024x766.jpeg 1024w, https:\/\/www.noticiasradioreflejos.com.ar\/2021\/wp-content\/uploads\/2024\/07\/Bodegon-de-las-Sierras-11-768x575.jpeg 768w, https:\/\/www.noticiasradioreflejos.com.ar\/2021\/wp-content\/uploads\/2024\/07\/Bodegon-de-las-Sierras-11-1536x1149.jpeg 1536w, https:\/\/www.noticiasradioreflejos.com.ar\/2021\/wp-content\/uploads\/2024\/07\/Bodegon-de-las-Sierras-11-750x561.jpeg 750w, https:\/\/www.noticiasradioreflejos.com.ar\/2021\/wp-content\/uploads\/2024\/07\/Bodegon-de-las-Sierras-11-1140x853.jpeg 1140w\" sizes=\"auto, (max-width: 1600px) 100vw, 1600px\" \/><\/a><\/p>\n<p>Durante el pr\u00f3ximo fin de semana, a partir del jueves a la noche, Sergio comenta las propuestas gastron\u00f3micas que habr\u00e1n en El Bodeg\u00f3n: \u00abCostillar al horno de le\u00f1a, plato caracter\u00edstico de El Bodeg\u00f3n. Este a\u00f1o, agregamos la trucha al plato con salchicha y papas, pastas siempre, raviolones caseros y vamos a ver si podemos mechar el chivito a la maza o el vac\u00edo a la maza\u00bb. Comenta que, durante los cambios de la temporada, se conserva el plato que siempre la gente pide como es el costillar y luego va modificando el men\u00fa.<\/p>\n<p>\u00abEste fin de semana va a estar<strong> Noni Romero<\/strong>, que ya es parte de Nuestro Bodeg\u00f3n. El s\u00e1bado va a estar <strong>Amparo Sol<\/strong>, una chica de Bah\u00eda Blanca con un carisma muy especial. El domingo, va a estar <strong>Fede Obes<\/strong>, haciendo un poco de blues y rock nacional y el lunes terminamos de nuevo con Noni Romero\u00bb comenta los shows musicales que acompa\u00f1ar\u00e1n las cenas del fin de semana de carnavales.<\/p>\n<p>\u00abLe dimos al turismo algo distinto, agradecerles a toda la gente de Sierra que siempre nos apoy\u00f3 en este emprendimiento familiar\u00bb agradece a la comunidad para cerrar la nota.<\/p>\n<p>&nbsp;<\/p>\n<p><strong>Nota completa a continuaci\u00f3n:<\/strong><\/p>\n<p><iframe loading=\"lazy\" src=\"https:\/\/w.soundcloud.com\/player\/?url=https%3A\/\/api.soundcloud.com\/tracks\/2042553160&amp;color=%23ff5500&amp;auto_play=false&amp;hide_related=false&amp;show_comments=true&amp;show_user=true&amp;show_reposts=false&amp;show_teaser=true\" width=\"100%\" height=\"166\" frameborder=\"no\" scrolling=\"no\"><\/iframe><\/p>\n<div style=\"font-size: 10px; color: #cccccc; line-break: anywhere; word-break: normal; overflow: hidden; white-space: nowrap; text-overflow: ellipsis; font-family: Interstate,Lucida Grande,Lucida Sans Unicode,Lucida Sans,Garuda,Verdana,Tahoma,sans-serif; font-weight: 100;\"><a style=\"color: #cccccc; text-decoration: none;\" title=\"fmreflejos 103.7\" href=\"https:\/\/soundcloud.com\/fmreflejos-103-7\" target=\"_blank\" rel=\"noopener\">fmreflejos 103.7<\/a> \u00b7 <a style=\"color: #cccccc; text-decoration: none;\" title=\"Sergio Domingues Bodegon 26-02\" href=\"https:\/\/soundcloud.com\/fmreflejos-103-7\/sergio-domingues-bodegon-26-02\" target=\"_blank\" rel=\"noopener\">Sergio Domingues Bodegon 26-02<\/a><\/div>\n","protected":false},"excerpt":{"rendered":"<p>Sergio Dominguez, propietario de \u00abEl Bodeg\u00f3n de las Sierras\u00bb, comparte su balance sobre la temporada y nos invita a pasar por su local musical y gastron\u00f3mico durante el fin de semana de carnavales con diversas propuestas.<\/p>\n","protected":false},"author":3,"featured_media":97579,"comment_status":"closed","ping_status":"closed","sticky":false,"template":"","format":"standard","meta":{"footnotes":""},"categories":[33],"tags":[48],"class_list":["post-113152","post","type-post","status-publish","format-standard","has-post-thumbnail","hentry","category-turismo","tag-destacada"],"yoast_head":"<!-- This site is optimized with the Yoast SEO plugin v25.9 - https:\/\/yoast.com\/wordpress\/plugins\/seo\/ -->\n<title>El Bodeg\u00f3n de las Sierras: Una propuesta de buena cocina y espect\u00e1culos para el finde XL - Noticias Radio Reflejos<\/title>\n<meta name=\"robots\" content=\"index, follow, max-snippet:-1, max-image-preview:large, max-video-preview:-1\" \/>\n<link rel=\"canonical\" href=\"https:\/\/www.noticiasradioreflejos.com.ar\/2021\/el-bodegon-de-las-sierras-una-propuesta-de-buena-cocina-y-espectaculos-para-el-finde-xl\/\" \/>\n<meta property=\"og:locale\" content=\"es_ES\" \/>\n<meta property=\"og:type\" content=\"article\" \/>\n<meta property=\"og:title\" content=\"El Bodeg\u00f3n de las Sierras: Una propuesta de buena cocina y espect\u00e1culos para el finde XL - Noticias Radio Reflejos\" \/>\n<meta property=\"og:description\" content=\"Sergio Dominguez, propietario de \u00abEl Bodeg\u00f3n de las Sierras\u00bb, comparte su balance sobre la temporada y nos invita a pasar por su local musical y gastron\u00f3mico durante el fin de semana de carnavales con diversas propuestas.\" \/>\n<meta property=\"og:url\" content=\"https:\/\/www.noticiasradioreflejos.com.ar\/2021\/el-bodegon-de-las-sierras-una-propuesta-de-buena-cocina-y-espectaculos-para-el-finde-xl\/\" \/>\n<meta property=\"og:site_name\" content=\"Noticias Radio Reflejos\" \/>\n<meta property=\"article:published_time\" content=\"2025-02-26T19:34:51+00:00\" \/>\n<meta property=\"article:modified_time\" content=\"2025-02-26T19:35:28+00:00\" \/>\n<meta property=\"og:image\" content=\"https:\/\/www.noticiasradioreflejos.com.ar\/2021\/wp-content\/uploads\/2024\/01\/El-Bodegon-Sierra-3.jpeg\" \/>\n\t<meta property=\"og:image:width\" content=\"1600\" \/>\n\t<meta property=\"og:image:height\" content=\"1200\" \/>\n\t<meta property=\"og:image:type\" content=\"image\/jpeg\" \/>\n<meta name=\"author\" content=\"Arnaldo Botto\" \/>\n<meta name=\"twitter:card\" content=\"summary_large_image\" \/>\n<script type=\"application\/ld+json\" class=\"yoast-schema-graph\">{\"@context\":\"https:\/\/schema.org\",\"@graph\":[{\"@type\":\"WebPage\",\"@id\":\"https:\/\/www.noticiasradioreflejos.com.ar\/2021\/el-bodegon-de-las-sierras-una-propuesta-de-buena-cocina-y-espectaculos-para-el-finde-xl\/\",\"url\":\"https:\/\/www.noticiasradioreflejos.com.ar\/2021\/el-bodegon-de-las-sierras-una-propuesta-de-buena-cocina-y-espectaculos-para-el-finde-xl\/\",\"name\":\"El Bodeg\u00f3n de las Sierras: Una propuesta de buena cocina y espect\u00e1culos para el finde XL - Noticias Radio Reflejos\",\"isPartOf\":{\"@id\":\"https:\/\/www.noticiasradioreflejos.com.ar\/2021\/#website\"},\"primaryImageOfPage\":{\"@id\":\"https:\/\/www.noticiasradioreflejos.com.ar\/2021\/el-bodegon-de-las-sierras-una-propuesta-de-buena-cocina-y-espectaculos-para-el-finde-xl\/#primaryimage\"},\"image\":{\"@id\":\"https:\/\/www.noticiasradioreflejos.com.ar\/2021\/el-bodegon-de-las-sierras-una-propuesta-de-buena-cocina-y-espectaculos-para-el-finde-xl\/#primaryimage\"},\"thumbnailUrl\":\"https:\/\/www.noticiasradioreflejos.com.ar\/2021\/wp-content\/uploads\/2024\/01\/El-Bodegon-Sierra-3.jpeg\",\"datePublished\":\"2025-02-26T19:34:51+00:00\",\"dateModified\":\"2025-02-26T19:35:28+00:00\",\"author\":{\"@id\":\"https:\/\/www.noticiasradioreflejos.com.ar\/2021\/#\/schema\/person\/ad82545263dcc5ec0996818884fd5fb1\"},\"breadcrumb\":{\"@id\":\"https:\/\/www.noticiasradioreflejos.com.ar\/2021\/el-bodegon-de-las-sierras-una-propuesta-de-buena-cocina-y-espectaculos-para-el-finde-xl\/#breadcrumb\"},\"inLanguage\":\"es\",\"potentialAction\":[{\"@type\":\"ReadAction\",\"target\":[\"https:\/\/www.noticiasradioreflejos.com.ar\/2021\/el-bodegon-de-las-sierras-una-propuesta-de-buena-cocina-y-espectaculos-para-el-finde-xl\/\"]}]},{\"@type\":\"ImageObject\",\"inLanguage\":\"es\",\"@id\":\"https:\/\/www.noticiasradioreflejos.com.ar\/2021\/el-bodegon-de-las-sierras-una-propuesta-de-buena-cocina-y-espectaculos-para-el-finde-xl\/#primaryimage\",\"url\":\"https:\/\/www.noticiasradioreflejos.com.ar\/2021\/wp-content\/uploads\/2024\/01\/El-Bodegon-Sierra-3.jpeg\",\"contentUrl\":\"https:\/\/www.noticiasradioreflejos.com.ar\/2021\/wp-content\/uploads\/2024\/01\/El-Bodegon-Sierra-3.jpeg\",\"width\":1600,\"height\":1200},{\"@type\":\"BreadcrumbList\",\"@id\":\"https:\/\/www.noticiasradioreflejos.com.ar\/2021\/el-bodegon-de-las-sierras-una-propuesta-de-buena-cocina-y-espectaculos-para-el-finde-xl\/#breadcrumb\",\"itemListElement\":[{\"@type\":\"ListItem\",\"position\":1,\"name\":\"Portada\",\"item\":\"https:\/\/www.noticiasradioreflejos.com.ar\/2021\/\"},{\"@type\":\"ListItem\",\"position\":2,\"name\":\"El Bodeg\u00f3n de las Sierras: Una propuesta de buena cocina y espect\u00e1culos para el finde XL\"}]},{\"@type\":\"WebSite\",\"@id\":\"https:\/\/www.noticiasradioreflejos.com.ar\/2021\/#website\",\"url\":\"https:\/\/www.noticiasradioreflejos.com.ar\/2021\/\",\"name\":\"Noticias Radio Reflejos\",\"description\":\"Las noticias de mi comarca\",\"potentialAction\":[{\"@type\":\"SearchAction\",\"target\":{\"@type\":\"EntryPoint\",\"urlTemplate\":\"https:\/\/www.noticiasradioreflejos.com.ar\/2021\/?s={search_term_string}\"},\"query-input\":{\"@type\":\"PropertyValueSpecification\",\"valueRequired\":true,\"valueName\":\"search_term_string\"}}],\"inLanguage\":\"es\"},{\"@type\":\"Person\",\"@id\":\"https:\/\/www.noticiasradioreflejos.com.ar\/2021\/#\/schema\/person\/ad82545263dcc5ec0996818884fd5fb1\",\"name\":\"Arnaldo Botto\",\"image\":{\"@type\":\"ImageObject\",\"inLanguage\":\"es\",\"@id\":\"https:\/\/www.noticiasradioreflejos.com.ar\/2021\/#\/schema\/person\/image\/\",\"url\":\"https:\/\/secure.gravatar.com\/avatar\/55cb5e37c1efa326397366e6974cb338056df65cb50e7d64d1cf314e87504837?s=96&d=mm&r=g\",\"contentUrl\":\"https:\/\/secure.gravatar.com\/avatar\/55cb5e37c1efa326397366e6974cb338056df65cb50e7d64d1cf314e87504837?s=96&d=mm&r=g\",\"caption\":\"Arnaldo Botto\"},\"url\":\"https:\/\/www.noticiasradioreflejos.com.ar\/2021\/author\/arnaldo\/\"}]}<\/script>\n<!-- \/ Yoast SEO plugin. -->","yoast_head_json":{"title":"El Bodeg\u00f3n de las Sierras: Una propuesta de buena cocina y espect\u00e1culos para el finde XL - Noticias Radio Reflejos","robots":{"index":"index","follow":"follow","max-snippet":"max-snippet:-1","max-image-preview":"max-image-preview:large","max-video-preview":"max-video-preview:-1"},"canonical":"https:\/\/www.noticiasradioreflejos.com.ar\/2021\/el-bodegon-de-las-sierras-una-propuesta-de-buena-cocina-y-espectaculos-para-el-finde-xl\/","og_locale":"es_ES","og_type":"article","og_title":"El Bodeg\u00f3n de las Sierras: Una propuesta de buena cocina y espect\u00e1culos para el finde XL - Noticias Radio Reflejos","og_description":"Sergio Dominguez, propietario de \u00abEl Bodeg\u00f3n de las Sierras\u00bb, comparte su balance sobre la temporada y nos invita a pasar por su local musical y gastron\u00f3mico durante el fin de semana de carnavales con diversas propuestas.","og_url":"https:\/\/www.noticiasradioreflejos.com.ar\/2021\/el-bodegon-de-las-sierras-una-propuesta-de-buena-cocina-y-espectaculos-para-el-finde-xl\/","og_site_name":"Noticias Radio Reflejos","article_published_time":"2025-02-26T19:34:51+00:00","article_modified_time":"2025-02-26T19:35:28+00:00","og_image":[{"width":1600,"height":1200,"url":"https:\/\/www.noticiasradioreflejos.com.ar\/2021\/wp-content\/uploads\/2024\/01\/El-Bodegon-Sierra-3.jpeg","type":"image\/jpeg"}],"author":"Arnaldo Botto","twitter_card":"summary_large_image","schema":{"@context":"https:\/\/schema.org","@graph":[{"@type":"WebPage","@id":"https:\/\/www.noticiasradioreflejos.com.ar\/2021\/el-bodegon-de-las-sierras-una-propuesta-de-buena-cocina-y-espectaculos-para-el-finde-xl\/","url":"https:\/\/www.noticiasradioreflejos.com.ar\/2021\/el-bodegon-de-las-sierras-una-propuesta-de-buena-cocina-y-espectaculos-para-el-finde-xl\/","name":"El Bodeg\u00f3n de las Sierras: Una propuesta de buena cocina y espect\u00e1culos para el finde XL - Noticias Radio Reflejos","isPartOf":{"@id":"https:\/\/www.noticiasradioreflejos.com.ar\/2021\/#website"},"primaryImageOfPage":{"@id":"https:\/\/www.noticiasradioreflejos.com.ar\/2021\/el-bodegon-de-las-sierras-una-propuesta-de-buena-cocina-y-espectaculos-para-el-finde-xl\/#primaryimage"},"image":{"@id":"https:\/\/www.noticiasradioreflejos.com.ar\/2021\/el-bodegon-de-las-sierras-una-propuesta-de-buena-cocina-y-espectaculos-para-el-finde-xl\/#primaryimage"},"thumbnailUrl":"https:\/\/www.noticiasradioreflejos.com.ar\/2021\/wp-content\/uploads\/2024\/01\/El-Bodegon-Sierra-3.jpeg","datePublished":"2025-02-26T19:34:51+00:00","dateModified":"2025-02-26T19:35:28+00:00","author":{"@id":"https:\/\/www.noticiasradioreflejos.com.ar\/2021\/#\/schema\/person\/ad82545263dcc5ec0996818884fd5fb1"},"breadcrumb":{"@id":"https:\/\/www.noticiasradioreflejos.com.ar\/2021\/el-bodegon-de-las-sierras-una-propuesta-de-buena-cocina-y-espectaculos-para-el-finde-xl\/#breadcrumb"},"inLanguage":"es","potentialAction":[{"@type":"ReadAction","target":["https:\/\/www.noticiasradioreflejos.com.ar\/2021\/el-bodegon-de-las-sierras-una-propuesta-de-buena-cocina-y-espectaculos-para-el-finde-xl\/"]}]},{"@type":"ImageObject","inLanguage":"es","@id":"https:\/\/www.noticiasradioreflejos.com.ar\/2021\/el-bodegon-de-las-sierras-una-propuesta-de-buena-cocina-y-espectaculos-para-el-finde-xl\/#primaryimage","url":"https:\/\/www.noticiasradioreflejos.com.ar\/2021\/wp-content\/uploads\/2024\/01\/El-Bodegon-Sierra-3.jpeg","contentUrl":"https:\/\/www.noticiasradioreflejos.com.ar\/2021\/wp-content\/uploads\/2024\/01\/El-Bodegon-Sierra-3.jpeg","width":1600,"height":1200},{"@type":"BreadcrumbList","@id":"https:\/\/www.noticiasradioreflejos.com.ar\/2021\/el-bodegon-de-las-sierras-una-propuesta-de-buena-cocina-y-espectaculos-para-el-finde-xl\/#breadcrumb","itemListElement":[{"@type":"ListItem","position":1,"name":"Portada","item":"https:\/\/www.noticiasradioreflejos.com.ar\/2021\/"},{"@type":"ListItem","position":2,"name":"El Bodeg\u00f3n de las Sierras: Una propuesta de buena cocina y espect\u00e1culos para el finde XL"}]},{"@type":"WebSite","@id":"https:\/\/www.noticiasradioreflejos.com.ar\/2021\/#website","url":"https:\/\/www.noticiasradioreflejos.com.ar\/2021\/","name":"Noticias Radio Reflejos","description":"Las noticias de mi comarca","potentialAction":[{"@type":"SearchAction","target":{"@type":"EntryPoint","urlTemplate":"https:\/\/www.noticiasradioreflejos.com.ar\/2021\/?s={search_term_string}"},"query-input":{"@type":"PropertyValueSpecification","valueRequired":true,"valueName":"search_term_string"}}],"inLanguage":"es"},{"@type":"Person","@id":"https:\/\/www.noticiasradioreflejos.com.ar\/2021\/#\/schema\/person\/ad82545263dcc5ec0996818884fd5fb1","name":"Arnaldo Botto","image":{"@type":"ImageObject","inLanguage":"es","@id":"https:\/\/www.noticiasradioreflejos.com.ar\/2021\/#\/schema\/person\/image\/","url":"https:\/\/secure.gravatar.com\/avatar\/55cb5e37c1efa326397366e6974cb338056df65cb50e7d64d1cf314e87504837?s=96&d=mm&r=g","contentUrl":"https:\/\/secure.gravatar.com\/avatar\/55cb5e37c1efa326397366e6974cb338056df65cb50e7d64d1cf314e87504837?s=96&d=mm&r=g","caption":"Arnaldo Botto"},"url":"https:\/\/www.noticiasradioreflejos.com.ar\/2021\/author\/arnaldo\/"}]}},"_links":{"self":[{"href":"https:\/\/www.noticiasradioreflejos.com.ar\/2021\/wp-json\/wp\/v2\/posts\/113152","targetHints":{"allow":["GET"]}}],"collection":[{"href":"https:\/\/www.noticiasradioreflejos.com.ar\/2021\/wp-json\/wp\/v2\/posts"}],"about":[{"href":"https:\/\/www.noticiasradioreflejos.com.ar\/2021\/wp-json\/wp\/v2\/types\/post"}],"author":[{"embeddable":true,"href":"https:\/\/www.noticiasradioreflejos.com.ar\/2021\/wp-json\/wp\/v2\/users\/3"}],"replies":[{"embeddable":true,"href":"https:\/\/www.noticiasradioreflejos.com.ar\/2021\/wp-json\/wp\/v2\/comments?post=113152"}],"version-history":[{"count":3,"href":"https:\/\/www.noticiasradioreflejos.com.ar\/2021\/wp-json\/wp\/v2\/posts\/113152\/revisions"}],"predecessor-version":[{"id":113166,"href":"https:\/\/www.noticiasradioreflejos.com.ar\/2021\/wp-json\/wp\/v2\/posts\/113152\/revisions\/113166"}],"wp:featuredmedia":[{"embeddable":true,"href":"https:\/\/www.noticiasradioreflejos.com.ar\/2021\/wp-json\/wp\/v2\/media\/97579"}],"wp:attachment":[{"href":"https:\/\/www.noticiasradioreflejos.com.ar\/2021\/wp-json\/wp\/v2\/media?parent=113152"}],"wp:term":[{"taxonomy":"category","embeddable":true,"href":"https:\/\/www.noticiasradioreflejos.com.ar\/2021\/wp-json\/wp\/v2\/categories?post=113152"},{"taxonomy":"post_tag","embeddable":true,"href":"https:\/\/www.noticiasradioreflejos.com.ar\/2021\/wp-json\/wp\/v2\/tags?post=113152"}],"curies":[{"name":"wp","href":"https:\/\/api.w.org\/{rel}","templated":true}]}}