{"id":112846,"date":"2025-02-19T09:06:26","date_gmt":"2025-02-19T12:06:26","guid":{"rendered":"https:\/\/www.noticiasradioreflejos.com.ar\/2021\/?p=112846"},"modified":"2025-02-19T14:16:49","modified_gmt":"2025-02-19T17:16:49","slug":"el-fuego-avanza-sin-piedad-suman-mas-cuarteles-al-incendio-que-se-desato-en-el-sector-serrano","status":"publish","type":"post","link":"https:\/\/www.noticiasradioreflejos.com.ar\/2021\/el-fuego-avanza-sin-piedad-suman-mas-cuarteles-al-incendio-que-se-desato-en-el-sector-serrano\/","title":{"rendered":"Controlaron el incendio que se desat\u00f3 aye en el sector serrano"},"content":{"rendered":"<p>As\u00ed lo confirm\u00f3 el Jefe de Bomberos de Sierra de la Ventana, <a href=\"https:\/\/www.noticiasradioreflejos.com.ar\/2021\/radio-en-vivo\/\"><strong>Marcos Weimbender en FM Reflejos<\/strong><\/a>. El fuego se inici\u00f3 a partir de\u00a0 una camioneta incendiada perteneciente al establecimiento Moro- Hue.<br \/>\n<!--more--><\/p>\n<p style=\"font-weight: 400;\">El jefe de los\u00a0<b><strong>bomberos voluntarios de Sierra de la Ventana, Marcos Weibender,<\/strong><\/b>\u00a0explic\u00f3 esta ma\u00f1ana que gracias al efecto del viento y la tarea de muchos socorristas la situaci\u00f3n est\u00e1 bajo control.<\/p>\n<p style=\"font-weight: 400;\"><b><strong>En di\u00e1logo con FM Reflejos,<\/strong><\/b>\u00a0el rescatista mencion\u00f3 que \u201cnos convocaron en horas de la madrugada. Los chicos salieron sobre las 6, fueron en total 5 bomberos. Ten\u00edamos muy poca comunicaci\u00f3n y est\u00e1bamos preocupados. Estuvieron toda la noche trabajando. El viento ayud\u00f3 para trabajar m\u00e1s tranquilos y ahora ya est\u00e1n haciendo guardias de ceniza\u201d.<\/p>\n<p style=\"font-weight: 400;\">Del mismo modo resalt\u00f3 que \u201c<b><strong>hoy dan altas temperaturas y viendo del noroeste a alta intensidad.<\/strong><\/b>\u00a0Le ganamos una batalla pero a\u00fan no finaliz\u00f3 nada, porque habr\u00e1 mucho viento y temperatura, por lo que podr\u00eda haber un reinicio. Son muchas dotaciones volcadas a esto. El frente es muy amplio como para tenerlo controlado\u201d.<\/p>\n<p style=\"font-weight: 400;\">Dando m\u00e1s detalles sobre el trabajo en campo, confirm\u00f3 que \u201c<b><strong>a las 15 se har\u00e1 el relevo de dotaciones<\/strong><\/b>, as\u00ed seguimos trabajando. Esperamos no tener que dar nuevas malas noticias. Al final no fue necesario el apoyo de provincia\u201d.<\/p>\n<p style=\"font-weight: 400;\">Por \u00faltimo, explic\u00f3 que \u201cel inicio se dio\u00a0<b><strong>por una camioneta que se incendi\u00f3 en cercan\u00edas del lugar<\/strong><\/b>, y a partir de ah\u00ed fue corriendo el fuego\u201d.<\/p>\n<p style=\"font-weight: 400;\">Vale recordar que por las tareas que deb\u00edan realizarse y a ra\u00edz de la r\u00e1pida propagaci\u00f3n de las llamas, fueron convocados cuarteles de Pig\u00fc\u00e9, Saldungaray, Coronel Su\u00e1rez, Coronel Pringles, Sierra de la Ventana y Tornquist.<\/p>\n<p>&nbsp;<\/p>\n<p><iframe loading=\"lazy\" src=\"https:\/\/w.soundcloud.com\/player\/?url=https%3A\/\/api.soundcloud.com\/tracks\/2037827672&amp;color=%23ff5500&amp;auto_play=false&amp;hide_related=false&amp;show_comments=true&amp;show_user=true&amp;show_reposts=false&amp;show_teaser=true\" width=\"100%\" height=\"166\" frameborder=\"no\" scrolling=\"no\"><\/iframe><\/p>\n<div style=\"font-size: 10px; color: #cccccc; line-break: anywhere; word-break: normal; overflow: hidden; white-space: nowrap; text-overflow: ellipsis; font-family: Interstate,Lucida Grande,Lucida Sans Unicode,Lucida Sans,Garuda,Verdana,Tahoma,sans-serif; font-weight: 100;\"><a style=\"color: #cccccc; text-decoration: none;\" title=\"fmreflejos 103.7\" href=\"https:\/\/soundcloud.com\/fmreflejos-103-7\" target=\"_blank\" rel=\"noopener\">fmreflejos 103.7<\/a> \u00b7 <a style=\"color: #cccccc; text-decoration: none;\" title=\"Marcos weibender 19-02\" href=\"https:\/\/soundcloud.com\/fmreflejos-103-7\/marcos-weibender-19-02\" target=\"_blank\" rel=\"noopener\">Marcos weibender 19-02<\/a><\/div>\n<p><strong>Lo que se espera en cuanto al clima<\/strong><\/p>\n<p><strong>Mi\u00e9rcoles 19\/02:<\/strong><\/p>\n<p>Vientos nor-noroeste a 20 km\/h con r\u00e1fagas de 30-40 km\/h, aumentando a 25 km\/h con r\u00e1fagas de 45 km\/h en la tarde. Sin lluvias.<\/p>\n<p>Temperatura m\u00ednima de 16\u00b0C y m\u00e1xima de 32\u00b0C.<\/p>\n<p><strong>Jueves 20\/02:<\/strong><\/p>\n<p>Vientos nor-noroeste a 25 km\/h con r\u00e1fagas de 35-45 km\/h, aumentando a r\u00e1fagas de 50-55 km\/h en la tarde. Probabilidad de tormentas y lluvias aisladas entre las 15 y 21 hs local. Se prev\u00e9n acumulados bajos, del orden de 1 a 4 mm.<\/p>\n<p>Temperatura m\u00ednima de 22\u00b0C y m\u00e1xima de 33\u00b0C.<\/p>\n<p><iframe loading=\"lazy\" src=\"https:\/\/www.youtube.com\/embed\/jP4nkxQw6YA\" width=\"482\" height=\"857\" frameborder=\"0\" allowfullscreen=\"allowfullscreen\" data-mce-fragment=\"1\"><\/iframe><\/p>\n<div>\n<p><img decoding=\"async\" src=\"https:\/\/www.noticiastornquist.com.ar\/imagen.php?imagen=2025-02\/092709_55_agf-1.png\" \/><\/p>\n<\/div>\n<div class=\"anuncioh\">\n<p>&nbsp;<\/p>\n<\/div>\n<footer>\n<div class=\"pie\">\n<div class=\"wfix\"><strong>\u00a0Fuente: Noticias Tornquist<\/strong><\/div>\n<div><\/div>\n<\/div>\n<\/footer>\n","protected":false},"excerpt":{"rendered":"<p>As\u00ed lo confirm\u00f3 el Jefe de Bomberos de Sierra de la Ventana, Marcos Weimbender en FM Reflejos. El fuego se inici\u00f3 a partir de\u00a0 una camioneta incendiada perteneciente al establecimiento Moro- Hue.<\/p>\n","protected":false},"author":3,"featured_media":112851,"comment_status":"closed","ping_status":"closed","sticky":false,"template":"","format":"standard","meta":{"footnotes":""},"categories":[26],"tags":[],"class_list":["post-112846","post","type-post","status-publish","format-standard","has-post-thumbnail","hentry","category-sociedad"],"yoast_head":"<!-- This site is optimized with the Yoast SEO plugin v25.9 - https:\/\/yoast.com\/wordpress\/plugins\/seo\/ -->\n<title>Controlaron el incendio que se desat\u00f3 aye en el sector serrano - Noticias Radio Reflejos<\/title>\n<meta name=\"robots\" content=\"index, follow, max-snippet:-1, max-image-preview:large, max-video-preview:-1\" \/>\n<link rel=\"canonical\" href=\"https:\/\/www.noticiasradioreflejos.com.ar\/2021\/el-fuego-avanza-sin-piedad-suman-mas-cuarteles-al-incendio-que-se-desato-en-el-sector-serrano\/\" \/>\n<meta property=\"og:locale\" content=\"es_ES\" \/>\n<meta property=\"og:type\" content=\"article\" \/>\n<meta property=\"og:title\" content=\"Controlaron el incendio que se desat\u00f3 aye en el sector serrano - Noticias Radio Reflejos\" \/>\n<meta property=\"og:description\" content=\"As\u00ed lo confirm\u00f3 el Jefe de Bomberos de Sierra de la Ventana, Marcos Weimbender en FM Reflejos. El fuego se inici\u00f3 a partir de\u00a0 una camioneta incendiada perteneciente al establecimiento Moro- Hue.\" \/>\n<meta property=\"og:url\" content=\"https:\/\/www.noticiasradioreflejos.com.ar\/2021\/el-fuego-avanza-sin-piedad-suman-mas-cuarteles-al-incendio-que-se-desato-en-el-sector-serrano\/\" \/>\n<meta property=\"og:site_name\" content=\"Noticias Radio Reflejos\" \/>\n<meta property=\"article:published_time\" content=\"2025-02-19T12:06:26+00:00\" \/>\n<meta property=\"article:modified_time\" content=\"2025-02-19T17:16:49+00:00\" \/>\n<meta property=\"og:image\" content=\"https:\/\/www.noticiasradioreflejos.com.ar\/2021\/wp-content\/uploads\/2025\/02\/fuego-en-suarez.png\" \/>\n\t<meta property=\"og:image:width\" content=\"803\" \/>\n\t<meta property=\"og:image:height\" content=\"700\" \/>\n\t<meta property=\"og:image:type\" content=\"image\/png\" \/>\n<meta name=\"author\" content=\"Arnaldo Botto\" \/>\n<meta name=\"twitter:card\" content=\"summary_large_image\" \/>\n<script type=\"application\/ld+json\" class=\"yoast-schema-graph\">{\"@context\":\"https:\/\/schema.org\",\"@graph\":[{\"@type\":\"WebPage\",\"@id\":\"https:\/\/www.noticiasradioreflejos.com.ar\/2021\/el-fuego-avanza-sin-piedad-suman-mas-cuarteles-al-incendio-que-se-desato-en-el-sector-serrano\/\",\"url\":\"https:\/\/www.noticiasradioreflejos.com.ar\/2021\/el-fuego-avanza-sin-piedad-suman-mas-cuarteles-al-incendio-que-se-desato-en-el-sector-serrano\/\",\"name\":\"Controlaron el incendio que se desat\u00f3 aye en el sector serrano - Noticias Radio Reflejos\",\"isPartOf\":{\"@id\":\"https:\/\/www.noticiasradioreflejos.com.ar\/2021\/#website\"},\"primaryImageOfPage\":{\"@id\":\"https:\/\/www.noticiasradioreflejos.com.ar\/2021\/el-fuego-avanza-sin-piedad-suman-mas-cuarteles-al-incendio-que-se-desato-en-el-sector-serrano\/#primaryimage\"},\"image\":{\"@id\":\"https:\/\/www.noticiasradioreflejos.com.ar\/2021\/el-fuego-avanza-sin-piedad-suman-mas-cuarteles-al-incendio-que-se-desato-en-el-sector-serrano\/#primaryimage\"},\"thumbnailUrl\":\"https:\/\/www.noticiasradioreflejos.com.ar\/2021\/wp-content\/uploads\/2025\/02\/fuego-en-suarez.png\",\"datePublished\":\"2025-02-19T12:06:26+00:00\",\"dateModified\":\"2025-02-19T17:16:49+00:00\",\"author\":{\"@id\":\"https:\/\/www.noticiasradioreflejos.com.ar\/2021\/#\/schema\/person\/ad82545263dcc5ec0996818884fd5fb1\"},\"breadcrumb\":{\"@id\":\"https:\/\/www.noticiasradioreflejos.com.ar\/2021\/el-fuego-avanza-sin-piedad-suman-mas-cuarteles-al-incendio-que-se-desato-en-el-sector-serrano\/#breadcrumb\"},\"inLanguage\":\"es\",\"potentialAction\":[{\"@type\":\"ReadAction\",\"target\":[\"https:\/\/www.noticiasradioreflejos.com.ar\/2021\/el-fuego-avanza-sin-piedad-suman-mas-cuarteles-al-incendio-que-se-desato-en-el-sector-serrano\/\"]}]},{\"@type\":\"ImageObject\",\"inLanguage\":\"es\",\"@id\":\"https:\/\/www.noticiasradioreflejos.com.ar\/2021\/el-fuego-avanza-sin-piedad-suman-mas-cuarteles-al-incendio-que-se-desato-en-el-sector-serrano\/#primaryimage\",\"url\":\"https:\/\/www.noticiasradioreflejos.com.ar\/2021\/wp-content\/uploads\/2025\/02\/fuego-en-suarez.png\",\"contentUrl\":\"https:\/\/www.noticiasradioreflejos.com.ar\/2021\/wp-content\/uploads\/2025\/02\/fuego-en-suarez.png\",\"width\":803,\"height\":700},{\"@type\":\"BreadcrumbList\",\"@id\":\"https:\/\/www.noticiasradioreflejos.com.ar\/2021\/el-fuego-avanza-sin-piedad-suman-mas-cuarteles-al-incendio-que-se-desato-en-el-sector-serrano\/#breadcrumb\",\"itemListElement\":[{\"@type\":\"ListItem\",\"position\":1,\"name\":\"Portada\",\"item\":\"https:\/\/www.noticiasradioreflejos.com.ar\/2021\/\"},{\"@type\":\"ListItem\",\"position\":2,\"name\":\"Controlaron el incendio que se desat\u00f3 aye en el sector serrano\"}]},{\"@type\":\"WebSite\",\"@id\":\"https:\/\/www.noticiasradioreflejos.com.ar\/2021\/#website\",\"url\":\"https:\/\/www.noticiasradioreflejos.com.ar\/2021\/\",\"name\":\"Noticias Radio Reflejos\",\"description\":\"Las noticias de mi comarca\",\"potentialAction\":[{\"@type\":\"SearchAction\",\"target\":{\"@type\":\"EntryPoint\",\"urlTemplate\":\"https:\/\/www.noticiasradioreflejos.com.ar\/2021\/?s={search_term_string}\"},\"query-input\":{\"@type\":\"PropertyValueSpecification\",\"valueRequired\":true,\"valueName\":\"search_term_string\"}}],\"inLanguage\":\"es\"},{\"@type\":\"Person\",\"@id\":\"https:\/\/www.noticiasradioreflejos.com.ar\/2021\/#\/schema\/person\/ad82545263dcc5ec0996818884fd5fb1\",\"name\":\"Arnaldo Botto\",\"image\":{\"@type\":\"ImageObject\",\"inLanguage\":\"es\",\"@id\":\"https:\/\/www.noticiasradioreflejos.com.ar\/2021\/#\/schema\/person\/image\/\",\"url\":\"https:\/\/secure.gravatar.com\/avatar\/55cb5e37c1efa326397366e6974cb338056df65cb50e7d64d1cf314e87504837?s=96&d=mm&r=g\",\"contentUrl\":\"https:\/\/secure.gravatar.com\/avatar\/55cb5e37c1efa326397366e6974cb338056df65cb50e7d64d1cf314e87504837?s=96&d=mm&r=g\",\"caption\":\"Arnaldo Botto\"},\"url\":\"https:\/\/www.noticiasradioreflejos.com.ar\/2021\/author\/arnaldo\/\"}]}<\/script>\n<!-- \/ Yoast SEO plugin. -->","yoast_head_json":{"title":"Controlaron el incendio que se desat\u00f3 aye en el sector serrano - Noticias Radio Reflejos","robots":{"index":"index","follow":"follow","max-snippet":"max-snippet:-1","max-image-preview":"max-image-preview:large","max-video-preview":"max-video-preview:-1"},"canonical":"https:\/\/www.noticiasradioreflejos.com.ar\/2021\/el-fuego-avanza-sin-piedad-suman-mas-cuarteles-al-incendio-que-se-desato-en-el-sector-serrano\/","og_locale":"es_ES","og_type":"article","og_title":"Controlaron el incendio que se desat\u00f3 aye en el sector serrano - Noticias Radio Reflejos","og_description":"As\u00ed lo confirm\u00f3 el Jefe de Bomberos de Sierra de la Ventana, Marcos Weimbender en FM Reflejos. El fuego se inici\u00f3 a partir de\u00a0 una camioneta incendiada perteneciente al establecimiento Moro- Hue.","og_url":"https:\/\/www.noticiasradioreflejos.com.ar\/2021\/el-fuego-avanza-sin-piedad-suman-mas-cuarteles-al-incendio-que-se-desato-en-el-sector-serrano\/","og_site_name":"Noticias Radio Reflejos","article_published_time":"2025-02-19T12:06:26+00:00","article_modified_time":"2025-02-19T17:16:49+00:00","og_image":[{"width":803,"height":700,"url":"https:\/\/www.noticiasradioreflejos.com.ar\/2021\/wp-content\/uploads\/2025\/02\/fuego-en-suarez.png","type":"image\/png"}],"author":"Arnaldo Botto","twitter_card":"summary_large_image","schema":{"@context":"https:\/\/schema.org","@graph":[{"@type":"WebPage","@id":"https:\/\/www.noticiasradioreflejos.com.ar\/2021\/el-fuego-avanza-sin-piedad-suman-mas-cuarteles-al-incendio-que-se-desato-en-el-sector-serrano\/","url":"https:\/\/www.noticiasradioreflejos.com.ar\/2021\/el-fuego-avanza-sin-piedad-suman-mas-cuarteles-al-incendio-que-se-desato-en-el-sector-serrano\/","name":"Controlaron el incendio que se desat\u00f3 aye en el sector serrano - Noticias Radio Reflejos","isPartOf":{"@id":"https:\/\/www.noticiasradioreflejos.com.ar\/2021\/#website"},"primaryImageOfPage":{"@id":"https:\/\/www.noticiasradioreflejos.com.ar\/2021\/el-fuego-avanza-sin-piedad-suman-mas-cuarteles-al-incendio-que-se-desato-en-el-sector-serrano\/#primaryimage"},"image":{"@id":"https:\/\/www.noticiasradioreflejos.com.ar\/2021\/el-fuego-avanza-sin-piedad-suman-mas-cuarteles-al-incendio-que-se-desato-en-el-sector-serrano\/#primaryimage"},"thumbnailUrl":"https:\/\/www.noticiasradioreflejos.com.ar\/2021\/wp-content\/uploads\/2025\/02\/fuego-en-suarez.png","datePublished":"2025-02-19T12:06:26+00:00","dateModified":"2025-02-19T17:16:49+00:00","author":{"@id":"https:\/\/www.noticiasradioreflejos.com.ar\/2021\/#\/schema\/person\/ad82545263dcc5ec0996818884fd5fb1"},"breadcrumb":{"@id":"https:\/\/www.noticiasradioreflejos.com.ar\/2021\/el-fuego-avanza-sin-piedad-suman-mas-cuarteles-al-incendio-que-se-desato-en-el-sector-serrano\/#breadcrumb"},"inLanguage":"es","potentialAction":[{"@type":"ReadAction","target":["https:\/\/www.noticiasradioreflejos.com.ar\/2021\/el-fuego-avanza-sin-piedad-suman-mas-cuarteles-al-incendio-que-se-desato-en-el-sector-serrano\/"]}]},{"@type":"ImageObject","inLanguage":"es","@id":"https:\/\/www.noticiasradioreflejos.com.ar\/2021\/el-fuego-avanza-sin-piedad-suman-mas-cuarteles-al-incendio-que-se-desato-en-el-sector-serrano\/#primaryimage","url":"https:\/\/www.noticiasradioreflejos.com.ar\/2021\/wp-content\/uploads\/2025\/02\/fuego-en-suarez.png","contentUrl":"https:\/\/www.noticiasradioreflejos.com.ar\/2021\/wp-content\/uploads\/2025\/02\/fuego-en-suarez.png","width":803,"height":700},{"@type":"BreadcrumbList","@id":"https:\/\/www.noticiasradioreflejos.com.ar\/2021\/el-fuego-avanza-sin-piedad-suman-mas-cuarteles-al-incendio-que-se-desato-en-el-sector-serrano\/#breadcrumb","itemListElement":[{"@type":"ListItem","position":1,"name":"Portada","item":"https:\/\/www.noticiasradioreflejos.com.ar\/2021\/"},{"@type":"ListItem","position":2,"name":"Controlaron el incendio que se desat\u00f3 aye en el sector serrano"}]},{"@type":"WebSite","@id":"https:\/\/www.noticiasradioreflejos.com.ar\/2021\/#website","url":"https:\/\/www.noticiasradioreflejos.com.ar\/2021\/","name":"Noticias Radio Reflejos","description":"Las noticias de mi comarca","potentialAction":[{"@type":"SearchAction","target":{"@type":"EntryPoint","urlTemplate":"https:\/\/www.noticiasradioreflejos.com.ar\/2021\/?s={search_term_string}"},"query-input":{"@type":"PropertyValueSpecification","valueRequired":true,"valueName":"search_term_string"}}],"inLanguage":"es"},{"@type":"Person","@id":"https:\/\/www.noticiasradioreflejos.com.ar\/2021\/#\/schema\/person\/ad82545263dcc5ec0996818884fd5fb1","name":"Arnaldo Botto","image":{"@type":"ImageObject","inLanguage":"es","@id":"https:\/\/www.noticiasradioreflejos.com.ar\/2021\/#\/schema\/person\/image\/","url":"https:\/\/secure.gravatar.com\/avatar\/55cb5e37c1efa326397366e6974cb338056df65cb50e7d64d1cf314e87504837?s=96&d=mm&r=g","contentUrl":"https:\/\/secure.gravatar.com\/avatar\/55cb5e37c1efa326397366e6974cb338056df65cb50e7d64d1cf314e87504837?s=96&d=mm&r=g","caption":"Arnaldo Botto"},"url":"https:\/\/www.noticiasradioreflejos.com.ar\/2021\/author\/arnaldo\/"}]}},"_links":{"self":[{"href":"https:\/\/www.noticiasradioreflejos.com.ar\/2021\/wp-json\/wp\/v2\/posts\/112846","targetHints":{"allow":["GET"]}}],"collection":[{"href":"https:\/\/www.noticiasradioreflejos.com.ar\/2021\/wp-json\/wp\/v2\/posts"}],"about":[{"href":"https:\/\/www.noticiasradioreflejos.com.ar\/2021\/wp-json\/wp\/v2\/types\/post"}],"author":[{"embeddable":true,"href":"https:\/\/www.noticiasradioreflejos.com.ar\/2021\/wp-json\/wp\/v2\/users\/3"}],"replies":[{"embeddable":true,"href":"https:\/\/www.noticiasradioreflejos.com.ar\/2021\/wp-json\/wp\/v2\/comments?post=112846"}],"version-history":[{"count":7,"href":"https:\/\/www.noticiasradioreflejos.com.ar\/2021\/wp-json\/wp\/v2\/posts\/112846\/revisions"}],"predecessor-version":[{"id":112857,"href":"https:\/\/www.noticiasradioreflejos.com.ar\/2021\/wp-json\/wp\/v2\/posts\/112846\/revisions\/112857"}],"wp:featuredmedia":[{"embeddable":true,"href":"https:\/\/www.noticiasradioreflejos.com.ar\/2021\/wp-json\/wp\/v2\/media\/112851"}],"wp:attachment":[{"href":"https:\/\/www.noticiasradioreflejos.com.ar\/2021\/wp-json\/wp\/v2\/media?parent=112846"}],"wp:term":[{"taxonomy":"category","embeddable":true,"href":"https:\/\/www.noticiasradioreflejos.com.ar\/2021\/wp-json\/wp\/v2\/categories?post=112846"},{"taxonomy":"post_tag","embeddable":true,"href":"https:\/\/www.noticiasradioreflejos.com.ar\/2021\/wp-json\/wp\/v2\/tags?post=112846"}],"curies":[{"name":"wp","href":"https:\/\/api.w.org\/{rel}","templated":true}]}}