{"id":112841,"date":"2025-02-19T08:05:35","date_gmt":"2025-02-19T11:05:35","guid":{"rendered":"https:\/\/www.noticiasradioreflejos.com.ar\/2021\/?p=112841"},"modified":"2025-02-19T09:17:25","modified_gmt":"2025-02-19T12:17:25","slug":"vuelve-el-calor-y-se-instala-por-varios-dias-con-maximas-muy-altas","status":"publish","type":"post","link":"https:\/\/www.noticiasradioreflejos.com.ar\/2021\/vuelve-el-calor-y-se-instala-por-varios-dias-con-maximas-muy-altas\/","title":{"rendered":"Vuelve el calor y se instala por varios d\u00edas con m\u00e1ximas muy altas."},"content":{"rendered":"<p style=\"font-weight: 400;\">Luego de dos d\u00edas at\u00edpicos de temperaturas bajas para esta \u00e9poca del a\u00f1o, el pron\u00f3stico del tiempo anticipa\u00a0<b><strong>un piso t\u00e9rmico de 18 grados\u00a0<\/strong><\/b>para el \u00e1rea serrana y de 16 para la zona rural<!--more--><\/p>\n<p style=\"font-weight: 400;\">Con viento del noroeste que har\u00e1 su aporte y muy pocas nubes en el cielo, el sol mostrar\u00e1 todo su esplendor desde bien temprano, haciendo que\u00a0<b><strong>el term\u00f3metro suba r\u00e1pidamente.<\/strong><\/b><\/p>\n<p style=\"font-weight: 400;\">Entrada la tarde la m\u00e1xima\u00a0<b><strong>podr\u00eda superar los 34 grados, <\/strong><\/b>siendo un anticipo de d\u00edas sumamente calurosos para la comarca serrana y la regi\u00f3n.<\/p>\n<p style=\"font-weight: 400;\">Para hoy mi\u00e9rcoles el cielo permanecer\u00e1 algo nublado a nublado, vientos regulares del NO llegando a los 35 kms hs.<\/p>\n<p><strong>Jueves muy ventoso e inestable<\/strong>, con r\u00e1fagas de hasta 50 kms del sector norte, temperaturas entre los 20 a 35 grados, llegada la tarde se esperan tormentas y algunas precipitaciones que llegar\u00edan hasta la noche.<\/p>\n<p>&nbsp;<\/p>\n<p>&nbsp;<\/p>\n","protected":false},"excerpt":{"rendered":"<p>Luego de dos d\u00edas at\u00edpicos de temperaturas bajas para esta \u00e9poca del a\u00f1o, el pron\u00f3stico del tiempo anticipa\u00a0un piso t\u00e9rmico de 18 grados\u00a0para el \u00e1rea serrana y de 16 para la zona rural<\/p>\n","protected":false},"author":3,"featured_media":88057,"comment_status":"closed","ping_status":"closed","sticky":false,"template":"","format":"standard","meta":{"footnotes":""},"categories":[46],"tags":[48],"class_list":["post-112841","post","type-post","status-publish","format-standard","has-post-thumbnail","hentry","category-ciencia-y-tecnologia","tag-destacada"],"yoast_head":"<!-- This site is optimized with the Yoast SEO plugin v25.9 - https:\/\/yoast.com\/wordpress\/plugins\/seo\/ -->\n<title>Vuelve el calor y se instala por varios d\u00edas con m\u00e1ximas muy altas. - Noticias Radio Reflejos<\/title>\n<meta name=\"robots\" content=\"index, follow, max-snippet:-1, max-image-preview:large, max-video-preview:-1\" \/>\n<link rel=\"canonical\" href=\"https:\/\/www.noticiasradioreflejos.com.ar\/2021\/vuelve-el-calor-y-se-instala-por-varios-dias-con-maximas-muy-altas\/\" \/>\n<meta property=\"og:locale\" content=\"es_ES\" \/>\n<meta property=\"og:type\" content=\"article\" \/>\n<meta property=\"og:title\" content=\"Vuelve el calor y se instala por varios d\u00edas con m\u00e1ximas muy altas. - Noticias Radio Reflejos\" \/>\n<meta property=\"og:description\" content=\"Luego de dos d\u00edas at\u00edpicos de temperaturas bajas para esta \u00e9poca del a\u00f1o, el pron\u00f3stico del tiempo anticipa\u00a0un piso t\u00e9rmico de 18 grados\u00a0para el \u00e1rea serrana y de 16 para la zona rural\" \/>\n<meta property=\"og:url\" content=\"https:\/\/www.noticiasradioreflejos.com.ar\/2021\/vuelve-el-calor-y-se-instala-por-varios-dias-con-maximas-muy-altas\/\" \/>\n<meta property=\"og:site_name\" content=\"Noticias Radio Reflejos\" \/>\n<meta property=\"article:published_time\" content=\"2025-02-19T11:05:35+00:00\" \/>\n<meta property=\"article:modified_time\" content=\"2025-02-19T12:17:25+00:00\" \/>\n<meta property=\"og:image\" content=\"https:\/\/www.noticiasradioreflejos.com.ar\/2021\/wp-content\/uploads\/2023\/05\/Ola-de-calor.jpg\" \/>\n\t<meta property=\"og:image:width\" content=\"1024\" \/>\n\t<meta property=\"og:image:height\" content=\"576\" \/>\n\t<meta property=\"og:image:type\" content=\"image\/jpeg\" \/>\n<meta name=\"author\" content=\"Arnaldo Botto\" \/>\n<meta name=\"twitter:card\" content=\"summary_large_image\" \/>\n<script type=\"application\/ld+json\" class=\"yoast-schema-graph\">{\"@context\":\"https:\/\/schema.org\",\"@graph\":[{\"@type\":\"WebPage\",\"@id\":\"https:\/\/www.noticiasradioreflejos.com.ar\/2021\/vuelve-el-calor-y-se-instala-por-varios-dias-con-maximas-muy-altas\/\",\"url\":\"https:\/\/www.noticiasradioreflejos.com.ar\/2021\/vuelve-el-calor-y-se-instala-por-varios-dias-con-maximas-muy-altas\/\",\"name\":\"Vuelve el calor y se instala por varios d\u00edas con m\u00e1ximas muy altas. - Noticias Radio Reflejos\",\"isPartOf\":{\"@id\":\"https:\/\/www.noticiasradioreflejos.com.ar\/2021\/#website\"},\"primaryImageOfPage\":{\"@id\":\"https:\/\/www.noticiasradioreflejos.com.ar\/2021\/vuelve-el-calor-y-se-instala-por-varios-dias-con-maximas-muy-altas\/#primaryimage\"},\"image\":{\"@id\":\"https:\/\/www.noticiasradioreflejos.com.ar\/2021\/vuelve-el-calor-y-se-instala-por-varios-dias-con-maximas-muy-altas\/#primaryimage\"},\"thumbnailUrl\":\"https:\/\/www.noticiasradioreflejos.com.ar\/2021\/wp-content\/uploads\/2023\/05\/Ola-de-calor.jpg\",\"datePublished\":\"2025-02-19T11:05:35+00:00\",\"dateModified\":\"2025-02-19T12:17:25+00:00\",\"author\":{\"@id\":\"https:\/\/www.noticiasradioreflejos.com.ar\/2021\/#\/schema\/person\/ad82545263dcc5ec0996818884fd5fb1\"},\"breadcrumb\":{\"@id\":\"https:\/\/www.noticiasradioreflejos.com.ar\/2021\/vuelve-el-calor-y-se-instala-por-varios-dias-con-maximas-muy-altas\/#breadcrumb\"},\"inLanguage\":\"es\",\"potentialAction\":[{\"@type\":\"ReadAction\",\"target\":[\"https:\/\/www.noticiasradioreflejos.com.ar\/2021\/vuelve-el-calor-y-se-instala-por-varios-dias-con-maximas-muy-altas\/\"]}]},{\"@type\":\"ImageObject\",\"inLanguage\":\"es\",\"@id\":\"https:\/\/www.noticiasradioreflejos.com.ar\/2021\/vuelve-el-calor-y-se-instala-por-varios-dias-con-maximas-muy-altas\/#primaryimage\",\"url\":\"https:\/\/www.noticiasradioreflejos.com.ar\/2021\/wp-content\/uploads\/2023\/05\/Ola-de-calor.jpg\",\"contentUrl\":\"https:\/\/www.noticiasradioreflejos.com.ar\/2021\/wp-content\/uploads\/2023\/05\/Ola-de-calor.jpg\",\"width\":1024,\"height\":576},{\"@type\":\"BreadcrumbList\",\"@id\":\"https:\/\/www.noticiasradioreflejos.com.ar\/2021\/vuelve-el-calor-y-se-instala-por-varios-dias-con-maximas-muy-altas\/#breadcrumb\",\"itemListElement\":[{\"@type\":\"ListItem\",\"position\":1,\"name\":\"Portada\",\"item\":\"https:\/\/www.noticiasradioreflejos.com.ar\/2021\/\"},{\"@type\":\"ListItem\",\"position\":2,\"name\":\"Vuelve el calor y se instala por varios d\u00edas con m\u00e1ximas muy altas.\"}]},{\"@type\":\"WebSite\",\"@id\":\"https:\/\/www.noticiasradioreflejos.com.ar\/2021\/#website\",\"url\":\"https:\/\/www.noticiasradioreflejos.com.ar\/2021\/\",\"name\":\"Noticias Radio Reflejos\",\"description\":\"Las noticias de mi comarca\",\"potentialAction\":[{\"@type\":\"SearchAction\",\"target\":{\"@type\":\"EntryPoint\",\"urlTemplate\":\"https:\/\/www.noticiasradioreflejos.com.ar\/2021\/?s={search_term_string}\"},\"query-input\":{\"@type\":\"PropertyValueSpecification\",\"valueRequired\":true,\"valueName\":\"search_term_string\"}}],\"inLanguage\":\"es\"},{\"@type\":\"Person\",\"@id\":\"https:\/\/www.noticiasradioreflejos.com.ar\/2021\/#\/schema\/person\/ad82545263dcc5ec0996818884fd5fb1\",\"name\":\"Arnaldo Botto\",\"image\":{\"@type\":\"ImageObject\",\"inLanguage\":\"es\",\"@id\":\"https:\/\/www.noticiasradioreflejos.com.ar\/2021\/#\/schema\/person\/image\/\",\"url\":\"https:\/\/secure.gravatar.com\/avatar\/55cb5e37c1efa326397366e6974cb338056df65cb50e7d64d1cf314e87504837?s=96&d=mm&r=g\",\"contentUrl\":\"https:\/\/secure.gravatar.com\/avatar\/55cb5e37c1efa326397366e6974cb338056df65cb50e7d64d1cf314e87504837?s=96&d=mm&r=g\",\"caption\":\"Arnaldo Botto\"},\"url\":\"https:\/\/www.noticiasradioreflejos.com.ar\/2021\/author\/arnaldo\/\"}]}<\/script>\n<!-- \/ Yoast SEO plugin. -->","yoast_head_json":{"title":"Vuelve el calor y se instala por varios d\u00edas con m\u00e1ximas muy altas. - Noticias Radio Reflejos","robots":{"index":"index","follow":"follow","max-snippet":"max-snippet:-1","max-image-preview":"max-image-preview:large","max-video-preview":"max-video-preview:-1"},"canonical":"https:\/\/www.noticiasradioreflejos.com.ar\/2021\/vuelve-el-calor-y-se-instala-por-varios-dias-con-maximas-muy-altas\/","og_locale":"es_ES","og_type":"article","og_title":"Vuelve el calor y se instala por varios d\u00edas con m\u00e1ximas muy altas. - Noticias Radio Reflejos","og_description":"Luego de dos d\u00edas at\u00edpicos de temperaturas bajas para esta \u00e9poca del a\u00f1o, el pron\u00f3stico del tiempo anticipa\u00a0un piso t\u00e9rmico de 18 grados\u00a0para el \u00e1rea serrana y de 16 para la zona rural","og_url":"https:\/\/www.noticiasradioreflejos.com.ar\/2021\/vuelve-el-calor-y-se-instala-por-varios-dias-con-maximas-muy-altas\/","og_site_name":"Noticias Radio Reflejos","article_published_time":"2025-02-19T11:05:35+00:00","article_modified_time":"2025-02-19T12:17:25+00:00","og_image":[{"width":1024,"height":576,"url":"https:\/\/www.noticiasradioreflejos.com.ar\/2021\/wp-content\/uploads\/2023\/05\/Ola-de-calor.jpg","type":"image\/jpeg"}],"author":"Arnaldo Botto","twitter_card":"summary_large_image","schema":{"@context":"https:\/\/schema.org","@graph":[{"@type":"WebPage","@id":"https:\/\/www.noticiasradioreflejos.com.ar\/2021\/vuelve-el-calor-y-se-instala-por-varios-dias-con-maximas-muy-altas\/","url":"https:\/\/www.noticiasradioreflejos.com.ar\/2021\/vuelve-el-calor-y-se-instala-por-varios-dias-con-maximas-muy-altas\/","name":"Vuelve el calor y se instala por varios d\u00edas con m\u00e1ximas muy altas. - Noticias Radio Reflejos","isPartOf":{"@id":"https:\/\/www.noticiasradioreflejos.com.ar\/2021\/#website"},"primaryImageOfPage":{"@id":"https:\/\/www.noticiasradioreflejos.com.ar\/2021\/vuelve-el-calor-y-se-instala-por-varios-dias-con-maximas-muy-altas\/#primaryimage"},"image":{"@id":"https:\/\/www.noticiasradioreflejos.com.ar\/2021\/vuelve-el-calor-y-se-instala-por-varios-dias-con-maximas-muy-altas\/#primaryimage"},"thumbnailUrl":"https:\/\/www.noticiasradioreflejos.com.ar\/2021\/wp-content\/uploads\/2023\/05\/Ola-de-calor.jpg","datePublished":"2025-02-19T11:05:35+00:00","dateModified":"2025-02-19T12:17:25+00:00","author":{"@id":"https:\/\/www.noticiasradioreflejos.com.ar\/2021\/#\/schema\/person\/ad82545263dcc5ec0996818884fd5fb1"},"breadcrumb":{"@id":"https:\/\/www.noticiasradioreflejos.com.ar\/2021\/vuelve-el-calor-y-se-instala-por-varios-dias-con-maximas-muy-altas\/#breadcrumb"},"inLanguage":"es","potentialAction":[{"@type":"ReadAction","target":["https:\/\/www.noticiasradioreflejos.com.ar\/2021\/vuelve-el-calor-y-se-instala-por-varios-dias-con-maximas-muy-altas\/"]}]},{"@type":"ImageObject","inLanguage":"es","@id":"https:\/\/www.noticiasradioreflejos.com.ar\/2021\/vuelve-el-calor-y-se-instala-por-varios-dias-con-maximas-muy-altas\/#primaryimage","url":"https:\/\/www.noticiasradioreflejos.com.ar\/2021\/wp-content\/uploads\/2023\/05\/Ola-de-calor.jpg","contentUrl":"https:\/\/www.noticiasradioreflejos.com.ar\/2021\/wp-content\/uploads\/2023\/05\/Ola-de-calor.jpg","width":1024,"height":576},{"@type":"BreadcrumbList","@id":"https:\/\/www.noticiasradioreflejos.com.ar\/2021\/vuelve-el-calor-y-se-instala-por-varios-dias-con-maximas-muy-altas\/#breadcrumb","itemListElement":[{"@type":"ListItem","position":1,"name":"Portada","item":"https:\/\/www.noticiasradioreflejos.com.ar\/2021\/"},{"@type":"ListItem","position":2,"name":"Vuelve el calor y se instala por varios d\u00edas con m\u00e1ximas muy altas."}]},{"@type":"WebSite","@id":"https:\/\/www.noticiasradioreflejos.com.ar\/2021\/#website","url":"https:\/\/www.noticiasradioreflejos.com.ar\/2021\/","name":"Noticias Radio Reflejos","description":"Las noticias de mi comarca","potentialAction":[{"@type":"SearchAction","target":{"@type":"EntryPoint","urlTemplate":"https:\/\/www.noticiasradioreflejos.com.ar\/2021\/?s={search_term_string}"},"query-input":{"@type":"PropertyValueSpecification","valueRequired":true,"valueName":"search_term_string"}}],"inLanguage":"es"},{"@type":"Person","@id":"https:\/\/www.noticiasradioreflejos.com.ar\/2021\/#\/schema\/person\/ad82545263dcc5ec0996818884fd5fb1","name":"Arnaldo Botto","image":{"@type":"ImageObject","inLanguage":"es","@id":"https:\/\/www.noticiasradioreflejos.com.ar\/2021\/#\/schema\/person\/image\/","url":"https:\/\/secure.gravatar.com\/avatar\/55cb5e37c1efa326397366e6974cb338056df65cb50e7d64d1cf314e87504837?s=96&d=mm&r=g","contentUrl":"https:\/\/secure.gravatar.com\/avatar\/55cb5e37c1efa326397366e6974cb338056df65cb50e7d64d1cf314e87504837?s=96&d=mm&r=g","caption":"Arnaldo Botto"},"url":"https:\/\/www.noticiasradioreflejos.com.ar\/2021\/author\/arnaldo\/"}]}},"_links":{"self":[{"href":"https:\/\/www.noticiasradioreflejos.com.ar\/2021\/wp-json\/wp\/v2\/posts\/112841","targetHints":{"allow":["GET"]}}],"collection":[{"href":"https:\/\/www.noticiasradioreflejos.com.ar\/2021\/wp-json\/wp\/v2\/posts"}],"about":[{"href":"https:\/\/www.noticiasradioreflejos.com.ar\/2021\/wp-json\/wp\/v2\/types\/post"}],"author":[{"embeddable":true,"href":"https:\/\/www.noticiasradioreflejos.com.ar\/2021\/wp-json\/wp\/v2\/users\/3"}],"replies":[{"embeddable":true,"href":"https:\/\/www.noticiasradioreflejos.com.ar\/2021\/wp-json\/wp\/v2\/comments?post=112841"}],"version-history":[{"count":1,"href":"https:\/\/www.noticiasradioreflejos.com.ar\/2021\/wp-json\/wp\/v2\/posts\/112841\/revisions"}],"predecessor-version":[{"id":112842,"href":"https:\/\/www.noticiasradioreflejos.com.ar\/2021\/wp-json\/wp\/v2\/posts\/112841\/revisions\/112842"}],"wp:featuredmedia":[{"embeddable":true,"href":"https:\/\/www.noticiasradioreflejos.com.ar\/2021\/wp-json\/wp\/v2\/media\/88057"}],"wp:attachment":[{"href":"https:\/\/www.noticiasradioreflejos.com.ar\/2021\/wp-json\/wp\/v2\/media?parent=112841"}],"wp:term":[{"taxonomy":"category","embeddable":true,"href":"https:\/\/www.noticiasradioreflejos.com.ar\/2021\/wp-json\/wp\/v2\/categories?post=112841"},{"taxonomy":"post_tag","embeddable":true,"href":"https:\/\/www.noticiasradioreflejos.com.ar\/2021\/wp-json\/wp\/v2\/tags?post=112841"}],"curies":[{"name":"wp","href":"https:\/\/api.w.org\/{rel}","templated":true}]}}