{"id":112836,"date":"2025-02-19T07:52:54","date_gmt":"2025-02-19T10:52:54","guid":{"rendered":"https:\/\/www.noticiasradioreflejos.com.ar\/2021\/?p=112836"},"modified":"2025-02-19T11:24:58","modified_gmt":"2025-02-19T14:24:58","slug":"ahora-la-vtv-caduca-cada-cinco-anos-para-que-autos-aplica","status":"publish","type":"post","link":"https:\/\/www.noticiasradioreflejos.com.ar\/2021\/ahora-la-vtv-caduca-cada-cinco-anos-para-que-autos-aplica\/","title":{"rendered":"Ahora la VTV caduca cada cinco a\u00f1os: para qu\u00e9 autos aplica"},"content":{"rendered":"<p>La medida corre solo para veh\u00edculos 0 km desde su patentamiento. \u00bfY el resto?<!--more--><\/p>\n<div class=\"column-main\">\n<div class=\"article-body\" data-tadevel-template=\"web\/article-body\">\n<div class=\"article-body-content\">\n<p><strong>La\u00a0<\/strong><strong>Verificaci\u00f3n T\u00e9cnica Vehicular (VTV)<\/strong><strong>\u00a0es un control necesario que hay que hacerle a los\u00a0<\/strong><strong>veh\u00edculos\u00a0<\/strong><strong>para saber si est\u00e1n en condiciones de poder\u00a0<\/strong><strong>circular <\/strong>o si hay que ingresarlos al taller para corregir anomal\u00edas o arreglar partes que den la seguridad para circular por calles,\u00a0<strong>rutas y autopistas del pa\u00eds<\/strong>.<\/p>\n<p>Justamente,\u00a0<strong>un punto importante y un reclamo permanente del usuario es que las cintas asf\u00e1lticas en todas sus variantes est\u00e9n en condiciones para poder circular<\/strong>\u00a0por ellas, lo cual, mejorar el andar vehicular y protege de roturas y accidentes a los automovilistas. Sobre este punto, el gobierno ya lanz\u00f3 la privatizaci\u00f3n de unos\u00a0<strong>6.000 kil\u00f3metros\u00a0<\/strong>de rutas y autopistas.<\/p>\n<p>A trav\u00e9s de su vocero, en las \u00faltimas 24 horas,\u00a0<strong>el\u00a0<\/strong><strong>gobierno\u00a0<\/strong><strong>anunci\u00f3 los cambios introducidos en la VTV<\/strong>.\u00a0<strong>Mayor cantidad de a\u00f1os de vigencia\u00a0<\/strong>y permiso para\u00a0<strong>realizar controles en taller privados autorizados<\/strong>, son los puntos m\u00e1s destacados.<\/p>\n<p>A partir de tal comunicaci\u00f3n,<strong>\u00a0los\u00a0veh\u00edculos 0 km reci\u00e9n tendr\u00e1n la obligaci\u00f3n de realizar la<\/strong><a href=\"https:\/\/noticiasargentinas.com\/economia\/aumento-la-vtv-en-caba-y-en-la-provincia-de-buenos-aires---cuanto-vale-desde-diciembre-de-2024-_a674dcd8ca06bd85946a3e1c1?srsltid=AfmBOoppFTQ5Wu8XfASiIvuGxhuVrEJkHomgoKidVjtRnEqw4q30mVUI\"><strong>\u00a0VTV<\/strong><\/a><strong>\u00a0a partir de los cinco a\u00f1os cumplidos desde el momento de su\u00a0<\/strong><strong>patentamiento<\/strong>.<\/p>\n<h3><strong>Cambios en tiempos y espacios de verificaci\u00f3n\u00a0<\/strong><\/h3>\n<p><strong>Tiempos<\/strong><\/p>\n<ul>\n<li>Ampliaci\u00f3n de plazos para someter al veh\u00edculo al control.<\/li>\n<li>Los autos 0 km tendr\u00e1n que hacerlo en cinco y no tres como era antes para los particulares y, en el caso de los profesionales se llev\u00f3 a 24 meses.<\/li>\n<li>En el caso de los veh\u00edculos particulares mayores a los 10 a\u00f1os de antig\u00fcedad, deber\u00e1n recibir la VTV tambi\u00e9n cada dos a\u00f1os<\/li>\n<\/ul>\n<p><strong>Lugares\u00a0<\/strong><\/p>\n<ul>\n<li>El segundo cambio tiene que ver con el lugar de la verificaci\u00f3n que, desde ahora, se podr\u00e1 hacer en talleres privados y concesionarias habilitadas y, en cualquier distrito del pa\u00eds.<\/li>\n<\/ul>\n<h3><strong>\u00bfQu\u00e9 otra medida tom\u00f3 el gobierno en el rubro?<\/strong><\/h3>\n<p>Entre los cambios en la VTV,\u00a0<strong>tambi\u00e9n se anunci\u00f3 la eliminaci\u00f3n de la Licencia Nacional de Transporte Interjurisdiccional (LiNTI)<\/strong>, documento que habilitaba el\u00a0<strong>transporte\u00a0<\/strong>de cargas o pasajeros entre jurisdicciones del pa\u00eds, con el objetivo de facilitar el tr\u00e1mite de las licencias de conducir.<\/p>\n<h3>As\u00ed qued\u00f3 el nuevo r\u00e9gimen temporal para hacer la VTV<\/h3>\n<ul>\n<li>Los autos particulares 0KM. tendr\u00e1n que realizar la VTV reci\u00e9n a los 5 a\u00f1os desde que se patenta.<\/li>\n<li>En el caso de los veh\u00edculos comerciales, la primera VTV tiene que hacerse a los 2 a\u00f1os desde el patentamiento.<\/li>\n<li>Mientras que los autos de entre 5 y 10 a\u00f1os de antig\u00fcedad, los particulares tienen que hacer la VTV cada 5 a\u00f1os. Y dos para los comerciales.<\/li>\n<li>Ahora, aquellos autos de m\u00e1s de 10 a\u00f1os de utilidad tendr\u00e1n que hacerse cada dos a\u00f1os en los particulares.<\/li>\n<\/ul>\n<h3>\u00bfCu\u00e1les son los objetivos de la medida?<\/h3>\n<ul>\n<li>Optimizar tr\u00e1mites de la VTV.<\/li>\n<li>Mejorar la seguridad vial.<\/li>\n<li>Unificar y extender los plazos, beneficiando a los propietarios con veh\u00edculos m\u00e1s nuevos.<\/li>\n<\/ul>\n<p>Los cambios aplican a veh\u00edculos patentados a partir de este\u00a0<strong>a\u00f1o 2025<\/strong>, mientras que, para aquellos autos patentados antes de esta fecha, las normativas anteriores siguen vigentes.<\/p>\n<\/div>\n<\/div>\n<\/div>\n<p>&nbsp;<\/p>\n<p><strong>Fuente NA<\/strong><\/p>\n","protected":false},"excerpt":{"rendered":"<p>La medida corre solo para veh\u00edculos 0 km desde su patentamiento. \u00bfY el resto?<\/p>\n","protected":false},"author":3,"featured_media":89050,"comment_status":"closed","ping_status":"closed","sticky":false,"template":"","format":"standard","meta":{"footnotes":""},"categories":[26],"tags":[],"class_list":["post-112836","post","type-post","status-publish","format-standard","has-post-thumbnail","hentry","category-sociedad"],"yoast_head":"<!-- This site is optimized with the Yoast SEO plugin v25.9 - https:\/\/yoast.com\/wordpress\/plugins\/seo\/ -->\n<title>Ahora la VTV caduca cada cinco a\u00f1os: para qu\u00e9 autos aplica - Noticias Radio Reflejos<\/title>\n<meta name=\"robots\" content=\"index, follow, max-snippet:-1, max-image-preview:large, max-video-preview:-1\" \/>\n<link rel=\"canonical\" href=\"https:\/\/www.noticiasradioreflejos.com.ar\/2021\/ahora-la-vtv-caduca-cada-cinco-anos-para-que-autos-aplica\/\" \/>\n<meta property=\"og:locale\" content=\"es_ES\" \/>\n<meta property=\"og:type\" content=\"article\" \/>\n<meta property=\"og:title\" content=\"Ahora la VTV caduca cada cinco a\u00f1os: para qu\u00e9 autos aplica - Noticias Radio Reflejos\" \/>\n<meta property=\"og:description\" content=\"La medida corre solo para veh\u00edculos 0 km desde su patentamiento. \u00bfY el resto?\" \/>\n<meta property=\"og:url\" content=\"https:\/\/www.noticiasradioreflejos.com.ar\/2021\/ahora-la-vtv-caduca-cada-cinco-anos-para-que-autos-aplica\/\" \/>\n<meta property=\"og:site_name\" content=\"Noticias Radio Reflejos\" \/>\n<meta property=\"article:published_time\" content=\"2025-02-19T10:52:54+00:00\" \/>\n<meta property=\"article:modified_time\" content=\"2025-02-19T14:24:58+00:00\" \/>\n<meta property=\"og:image\" content=\"https:\/\/www.noticiasradioreflejos.com.ar\/2021\/wp-content\/uploads\/2023\/06\/vtv-1.jpg\" \/>\n\t<meta property=\"og:image:width\" content=\"1200\" \/>\n\t<meta property=\"og:image:height\" content=\"720\" \/>\n\t<meta property=\"og:image:type\" content=\"image\/jpeg\" \/>\n<meta name=\"author\" content=\"Arnaldo Botto\" \/>\n<meta name=\"twitter:card\" content=\"summary_large_image\" \/>\n<script type=\"application\/ld+json\" class=\"yoast-schema-graph\">{\"@context\":\"https:\/\/schema.org\",\"@graph\":[{\"@type\":\"WebPage\",\"@id\":\"https:\/\/www.noticiasradioreflejos.com.ar\/2021\/ahora-la-vtv-caduca-cada-cinco-anos-para-que-autos-aplica\/\",\"url\":\"https:\/\/www.noticiasradioreflejos.com.ar\/2021\/ahora-la-vtv-caduca-cada-cinco-anos-para-que-autos-aplica\/\",\"name\":\"Ahora la VTV caduca cada cinco a\u00f1os: para qu\u00e9 autos aplica - Noticias Radio Reflejos\",\"isPartOf\":{\"@id\":\"https:\/\/www.noticiasradioreflejos.com.ar\/2021\/#website\"},\"primaryImageOfPage\":{\"@id\":\"https:\/\/www.noticiasradioreflejos.com.ar\/2021\/ahora-la-vtv-caduca-cada-cinco-anos-para-que-autos-aplica\/#primaryimage\"},\"image\":{\"@id\":\"https:\/\/www.noticiasradioreflejos.com.ar\/2021\/ahora-la-vtv-caduca-cada-cinco-anos-para-que-autos-aplica\/#primaryimage\"},\"thumbnailUrl\":\"https:\/\/www.noticiasradioreflejos.com.ar\/2021\/wp-content\/uploads\/2023\/06\/vtv-1.jpg\",\"datePublished\":\"2025-02-19T10:52:54+00:00\",\"dateModified\":\"2025-02-19T14:24:58+00:00\",\"author\":{\"@id\":\"https:\/\/www.noticiasradioreflejos.com.ar\/2021\/#\/schema\/person\/ad82545263dcc5ec0996818884fd5fb1\"},\"breadcrumb\":{\"@id\":\"https:\/\/www.noticiasradioreflejos.com.ar\/2021\/ahora-la-vtv-caduca-cada-cinco-anos-para-que-autos-aplica\/#breadcrumb\"},\"inLanguage\":\"es\",\"potentialAction\":[{\"@type\":\"ReadAction\",\"target\":[\"https:\/\/www.noticiasradioreflejos.com.ar\/2021\/ahora-la-vtv-caduca-cada-cinco-anos-para-que-autos-aplica\/\"]}]},{\"@type\":\"ImageObject\",\"inLanguage\":\"es\",\"@id\":\"https:\/\/www.noticiasradioreflejos.com.ar\/2021\/ahora-la-vtv-caduca-cada-cinco-anos-para-que-autos-aplica\/#primaryimage\",\"url\":\"https:\/\/www.noticiasradioreflejos.com.ar\/2021\/wp-content\/uploads\/2023\/06\/vtv-1.jpg\",\"contentUrl\":\"https:\/\/www.noticiasradioreflejos.com.ar\/2021\/wp-content\/uploads\/2023\/06\/vtv-1.jpg\",\"width\":1200,\"height\":720},{\"@type\":\"BreadcrumbList\",\"@id\":\"https:\/\/www.noticiasradioreflejos.com.ar\/2021\/ahora-la-vtv-caduca-cada-cinco-anos-para-que-autos-aplica\/#breadcrumb\",\"itemListElement\":[{\"@type\":\"ListItem\",\"position\":1,\"name\":\"Portada\",\"item\":\"https:\/\/www.noticiasradioreflejos.com.ar\/2021\/\"},{\"@type\":\"ListItem\",\"position\":2,\"name\":\"Ahora la VTV caduca cada cinco a\u00f1os: para qu\u00e9 autos aplica\"}]},{\"@type\":\"WebSite\",\"@id\":\"https:\/\/www.noticiasradioreflejos.com.ar\/2021\/#website\",\"url\":\"https:\/\/www.noticiasradioreflejos.com.ar\/2021\/\",\"name\":\"Noticias Radio Reflejos\",\"description\":\"Las noticias de mi comarca\",\"potentialAction\":[{\"@type\":\"SearchAction\",\"target\":{\"@type\":\"EntryPoint\",\"urlTemplate\":\"https:\/\/www.noticiasradioreflejos.com.ar\/2021\/?s={search_term_string}\"},\"query-input\":{\"@type\":\"PropertyValueSpecification\",\"valueRequired\":true,\"valueName\":\"search_term_string\"}}],\"inLanguage\":\"es\"},{\"@type\":\"Person\",\"@id\":\"https:\/\/www.noticiasradioreflejos.com.ar\/2021\/#\/schema\/person\/ad82545263dcc5ec0996818884fd5fb1\",\"name\":\"Arnaldo Botto\",\"image\":{\"@type\":\"ImageObject\",\"inLanguage\":\"es\",\"@id\":\"https:\/\/www.noticiasradioreflejos.com.ar\/2021\/#\/schema\/person\/image\/\",\"url\":\"https:\/\/secure.gravatar.com\/avatar\/55cb5e37c1efa326397366e6974cb338056df65cb50e7d64d1cf314e87504837?s=96&d=mm&r=g\",\"contentUrl\":\"https:\/\/secure.gravatar.com\/avatar\/55cb5e37c1efa326397366e6974cb338056df65cb50e7d64d1cf314e87504837?s=96&d=mm&r=g\",\"caption\":\"Arnaldo Botto\"},\"url\":\"https:\/\/www.noticiasradioreflejos.com.ar\/2021\/author\/arnaldo\/\"}]}<\/script>\n<!-- \/ Yoast SEO plugin. -->","yoast_head_json":{"title":"Ahora la VTV caduca cada cinco a\u00f1os: para qu\u00e9 autos aplica - Noticias Radio Reflejos","robots":{"index":"index","follow":"follow","max-snippet":"max-snippet:-1","max-image-preview":"max-image-preview:large","max-video-preview":"max-video-preview:-1"},"canonical":"https:\/\/www.noticiasradioreflejos.com.ar\/2021\/ahora-la-vtv-caduca-cada-cinco-anos-para-que-autos-aplica\/","og_locale":"es_ES","og_type":"article","og_title":"Ahora la VTV caduca cada cinco a\u00f1os: para qu\u00e9 autos aplica - Noticias Radio Reflejos","og_description":"La medida corre solo para veh\u00edculos 0 km desde su patentamiento. \u00bfY el resto?","og_url":"https:\/\/www.noticiasradioreflejos.com.ar\/2021\/ahora-la-vtv-caduca-cada-cinco-anos-para-que-autos-aplica\/","og_site_name":"Noticias Radio Reflejos","article_published_time":"2025-02-19T10:52:54+00:00","article_modified_time":"2025-02-19T14:24:58+00:00","og_image":[{"width":1200,"height":720,"url":"https:\/\/www.noticiasradioreflejos.com.ar\/2021\/wp-content\/uploads\/2023\/06\/vtv-1.jpg","type":"image\/jpeg"}],"author":"Arnaldo Botto","twitter_card":"summary_large_image","schema":{"@context":"https:\/\/schema.org","@graph":[{"@type":"WebPage","@id":"https:\/\/www.noticiasradioreflejos.com.ar\/2021\/ahora-la-vtv-caduca-cada-cinco-anos-para-que-autos-aplica\/","url":"https:\/\/www.noticiasradioreflejos.com.ar\/2021\/ahora-la-vtv-caduca-cada-cinco-anos-para-que-autos-aplica\/","name":"Ahora la VTV caduca cada cinco a\u00f1os: para qu\u00e9 autos aplica - Noticias Radio Reflejos","isPartOf":{"@id":"https:\/\/www.noticiasradioreflejos.com.ar\/2021\/#website"},"primaryImageOfPage":{"@id":"https:\/\/www.noticiasradioreflejos.com.ar\/2021\/ahora-la-vtv-caduca-cada-cinco-anos-para-que-autos-aplica\/#primaryimage"},"image":{"@id":"https:\/\/www.noticiasradioreflejos.com.ar\/2021\/ahora-la-vtv-caduca-cada-cinco-anos-para-que-autos-aplica\/#primaryimage"},"thumbnailUrl":"https:\/\/www.noticiasradioreflejos.com.ar\/2021\/wp-content\/uploads\/2023\/06\/vtv-1.jpg","datePublished":"2025-02-19T10:52:54+00:00","dateModified":"2025-02-19T14:24:58+00:00","author":{"@id":"https:\/\/www.noticiasradioreflejos.com.ar\/2021\/#\/schema\/person\/ad82545263dcc5ec0996818884fd5fb1"},"breadcrumb":{"@id":"https:\/\/www.noticiasradioreflejos.com.ar\/2021\/ahora-la-vtv-caduca-cada-cinco-anos-para-que-autos-aplica\/#breadcrumb"},"inLanguage":"es","potentialAction":[{"@type":"ReadAction","target":["https:\/\/www.noticiasradioreflejos.com.ar\/2021\/ahora-la-vtv-caduca-cada-cinco-anos-para-que-autos-aplica\/"]}]},{"@type":"ImageObject","inLanguage":"es","@id":"https:\/\/www.noticiasradioreflejos.com.ar\/2021\/ahora-la-vtv-caduca-cada-cinco-anos-para-que-autos-aplica\/#primaryimage","url":"https:\/\/www.noticiasradioreflejos.com.ar\/2021\/wp-content\/uploads\/2023\/06\/vtv-1.jpg","contentUrl":"https:\/\/www.noticiasradioreflejos.com.ar\/2021\/wp-content\/uploads\/2023\/06\/vtv-1.jpg","width":1200,"height":720},{"@type":"BreadcrumbList","@id":"https:\/\/www.noticiasradioreflejos.com.ar\/2021\/ahora-la-vtv-caduca-cada-cinco-anos-para-que-autos-aplica\/#breadcrumb","itemListElement":[{"@type":"ListItem","position":1,"name":"Portada","item":"https:\/\/www.noticiasradioreflejos.com.ar\/2021\/"},{"@type":"ListItem","position":2,"name":"Ahora la VTV caduca cada cinco a\u00f1os: para qu\u00e9 autos aplica"}]},{"@type":"WebSite","@id":"https:\/\/www.noticiasradioreflejos.com.ar\/2021\/#website","url":"https:\/\/www.noticiasradioreflejos.com.ar\/2021\/","name":"Noticias Radio Reflejos","description":"Las noticias de mi comarca","potentialAction":[{"@type":"SearchAction","target":{"@type":"EntryPoint","urlTemplate":"https:\/\/www.noticiasradioreflejos.com.ar\/2021\/?s={search_term_string}"},"query-input":{"@type":"PropertyValueSpecification","valueRequired":true,"valueName":"search_term_string"}}],"inLanguage":"es"},{"@type":"Person","@id":"https:\/\/www.noticiasradioreflejos.com.ar\/2021\/#\/schema\/person\/ad82545263dcc5ec0996818884fd5fb1","name":"Arnaldo Botto","image":{"@type":"ImageObject","inLanguage":"es","@id":"https:\/\/www.noticiasradioreflejos.com.ar\/2021\/#\/schema\/person\/image\/","url":"https:\/\/secure.gravatar.com\/avatar\/55cb5e37c1efa326397366e6974cb338056df65cb50e7d64d1cf314e87504837?s=96&d=mm&r=g","contentUrl":"https:\/\/secure.gravatar.com\/avatar\/55cb5e37c1efa326397366e6974cb338056df65cb50e7d64d1cf314e87504837?s=96&d=mm&r=g","caption":"Arnaldo Botto"},"url":"https:\/\/www.noticiasradioreflejos.com.ar\/2021\/author\/arnaldo\/"}]}},"_links":{"self":[{"href":"https:\/\/www.noticiasradioreflejos.com.ar\/2021\/wp-json\/wp\/v2\/posts\/112836","targetHints":{"allow":["GET"]}}],"collection":[{"href":"https:\/\/www.noticiasradioreflejos.com.ar\/2021\/wp-json\/wp\/v2\/posts"}],"about":[{"href":"https:\/\/www.noticiasradioreflejos.com.ar\/2021\/wp-json\/wp\/v2\/types\/post"}],"author":[{"embeddable":true,"href":"https:\/\/www.noticiasradioreflejos.com.ar\/2021\/wp-json\/wp\/v2\/users\/3"}],"replies":[{"embeddable":true,"href":"https:\/\/www.noticiasradioreflejos.com.ar\/2021\/wp-json\/wp\/v2\/comments?post=112836"}],"version-history":[{"count":3,"href":"https:\/\/www.noticiasradioreflejos.com.ar\/2021\/wp-json\/wp\/v2\/posts\/112836\/revisions"}],"predecessor-version":[{"id":112859,"href":"https:\/\/www.noticiasradioreflejos.com.ar\/2021\/wp-json\/wp\/v2\/posts\/112836\/revisions\/112859"}],"wp:featuredmedia":[{"embeddable":true,"href":"https:\/\/www.noticiasradioreflejos.com.ar\/2021\/wp-json\/wp\/v2\/media\/89050"}],"wp:attachment":[{"href":"https:\/\/www.noticiasradioreflejos.com.ar\/2021\/wp-json\/wp\/v2\/media?parent=112836"}],"wp:term":[{"taxonomy":"category","embeddable":true,"href":"https:\/\/www.noticiasradioreflejos.com.ar\/2021\/wp-json\/wp\/v2\/categories?post=112836"},{"taxonomy":"post_tag","embeddable":true,"href":"https:\/\/www.noticiasradioreflejos.com.ar\/2021\/wp-json\/wp\/v2\/tags?post=112836"}],"curies":[{"name":"wp","href":"https:\/\/api.w.org\/{rel}","templated":true}]}}