{"id":112834,"date":"2025-02-19T07:45:18","date_gmt":"2025-02-19T10:45:18","guid":{"rendered":"https:\/\/www.noticiasradioreflejos.com.ar\/2021\/?p=112834"},"modified":"2025-02-19T08:21:12","modified_gmt":"2025-02-19T11:21:12","slug":"peligra-el-inicio-de-las-clases-en-13-provincias-por-una-medida-de-fuerza-de-los-sindicatos-docentes","status":"publish","type":"post","link":"https:\/\/www.noticiasradioreflejos.com.ar\/2021\/peligra-el-inicio-de-las-clases-en-13-provincias-por-una-medida-de-fuerza-de-los-sindicatos-docentes\/","title":{"rendered":"Peligra el inicio de las clases en 13 provincias por una medida de fuerza de los sindicatos docentes"},"content":{"rendered":"<p>Lo anunciar\u00e1n este jueves los gremios educativos de la CGT y la CTERA que, por separado, coincidir\u00e1n en una protesta para el lunes pr\u00f3ximo ante la falta de convocatoria de la paritaria nacional docente por parte del Gobierno. En enero, los sueldos m\u00ednimos del sector oscilaron entre $420 mil y $931.186<\/p>\n<div class=\"\"><picture><source srcset=\"https:\/\/www.infobae.com\/resizer\/v2\/https%3A%2F%2Fs3.amazonaws.com%2Farc-authors%2Finfobae%2F44387bb9-243d-4313-bd87-03d2c3be7dc9.png?auth=63045b5327dd6bcd3ffd648440a8a49f62211bbc4b70e2b12fca55bc508ef572&amp;smart=true&amp;width=40&amp;height=40&amp;quality=85\" media=\"(min-width: 80px)\" \/><img loading=\"lazy\" decoding=\"async\" class=\"global-image byline-author-image\" src=\"https:\/\/www.infobae.com\/resizer\/v2\/https%3A%2F%2Fs3.amazonaws.com%2Farc-authors%2Finfobae%2F44387bb9-243d-4313-bd87-03d2c3be7dc9.png?auth=63045b5327dd6bcd3ffd648440a8a49f62211bbc4b70e2b12fca55bc508ef572&amp;smart=true&amp;width=40&amp;height=40&amp;quality=85\" alt=\"Ricardo Carpena\" width=\"1\" height=\"1\" \/><\/picture><\/div>\n<p><!--more--><\/p>\n<article class=\"article\">\n<div class=\"body-article \">\n<p class=\"paragraph\" data-mrf-recirculation=\"Links inline\">El comienzo de las clases podr\u00eda complicarse el lunes pr\u00f3ximo en 13 provincias: en el primer conflicto salarial de 2025, los\u00a0<b>sindicatos docentes de la CGT\u00a0<\/b>y la\u00a0<b>CTERA\u00a0<\/b>anunciar\u00e1n\u00a0<b>medidas de fuerza<\/b>\u00a0este jueves ante la\u00a0<b>demora\u00a0<\/b>del Gobierno en convocar a la\u00a0<b>paritaria nacional docente.<\/b><\/p>\n<div class=\"news-module\" data-mrf-recirculation=\"IL_2_GB_9O-QPaEgG0T7rEvhQ\" data-testid=\"text-html\" data-mrf-experience=\"IL_2_GB_9O-QPaEgG0T7rEvhQ\">\n<div class=\"recommended-card__info\">\n<div class=\"recommended-card__info-button recommended-card__info-button--deportes\"><\/div>\n<\/div>\n<\/div>\n<p class=\"paragraph\" data-mrf-recirculation=\"Links inline\">Aunque todav\u00eda no est\u00e1 confirmado, se tratar\u00eda de un\u00a0<b>paro de 24 horas<\/b>\u00a0que se concretar\u00eda el mismo lunes y en el que coincidir\u00e1n, por separado, los gremios cegetistas\u00a0<b>Uni\u00f3n Docentes Argentinos (UDA), la Asociaci\u00f3n Del Magisterio de Ense\u00f1anza T\u00e9cnica (AMET) y la Confederaci\u00f3n de Educadores Argentinos (CEA),<\/b>\u00a0que har\u00e1n una conferencia de prensa el jueves, a las 11, para efectuar el anuncio, mientras que, desde las 12, la\u00a0<b>Confederaci\u00f3n de Trabajadores de la Educaci\u00f3n de la Rep\u00fablica Argentina (CTERA)\u00a0<\/b>debatir\u00e1 sus pasos en un\u00a0<b>plenario de secretarios generales.<\/b><\/p>\n<div class=\"inline ad-wrapper\">\n<div class=\"dfpAd ad-inline\"><\/div>\n<\/div>\n<p class=\"paragraph\" data-mrf-recirculation=\"Links inline\">La posible protesta afectar\u00eda el inicio del ciclo lectivo en la Ciudad de Buenos Aires, C\u00f3rdoba, Santa Fe, Chubut, Corrientes, Entre R\u00edos, Formosa, Jujuy, Mendoza, Salta, San Juan, San Luis y Santa Cruz.<\/p>\n<div class=\"news-module\" data-mrf-recirculation=\"IL_wv5lqF4aQ7G5etrMMyn62Q\" data-testid=\"text-html\" data-mrf-experience=\"IL_wv5lqF4aQ7G5etrMMyn62Q\">\n<div class=\"recommended-card__info\">\n<div class=\"recommended-card__info-button recommended-card__info-button--deportes\"><\/div>\n<\/div>\n<\/div>\n<div class=\"visual__image image-full-width\"><picture><source srcset=\"https:\/\/www.infobae.com\/resizer\/v2\/Y47GM7QEEBAXFKRHGG6QBFQV6A.jpg?auth=57195793c6874bea8e627914af0655142f4bbb8b7a0db9916bd0b7e3c011ddea&amp;smart=true&amp;width=1200&amp;height=733&amp;quality=85\" media=\"(min-width: 1200px)\" \/><source srcset=\"https:\/\/www.infobae.com\/resizer\/v2\/Y47GM7QEEBAXFKRHGG6QBFQV6A.jpg?auth=57195793c6874bea8e627914af0655142f4bbb8b7a0db9916bd0b7e3c011ddea&amp;smart=true&amp;width=992&amp;height=606&amp;quality=85\" media=\"(min-width: 1000px)\" \/><source srcset=\"https:\/\/www.infobae.com\/resizer\/v2\/Y47GM7QEEBAXFKRHGG6QBFQV6A.jpg?auth=57195793c6874bea8e627914af0655142f4bbb8b7a0db9916bd0b7e3c011ddea&amp;smart=true&amp;width=768&amp;height=469&amp;quality=85\" media=\"(min-width: 768px)\" \/><source srcset=\"https:\/\/www.infobae.com\/resizer\/v2\/Y47GM7QEEBAXFKRHGG6QBFQV6A.jpg?auth=57195793c6874bea8e627914af0655142f4bbb8b7a0db9916bd0b7e3c011ddea&amp;smart=true&amp;width=577&amp;height=353&amp;quality=85\" media=\"(min-width: 580px)\" \/><source srcset=\"https:\/\/www.infobae.com\/resizer\/v2\/Y47GM7QEEBAXFKRHGG6QBFQV6A.jpg?auth=57195793c6874bea8e627914af0655142f4bbb8b7a0db9916bd0b7e3c011ddea&amp;smart=true&amp;width=420&amp;height=257&amp;quality=85\" media=\"(min-width: 350px)\" \/><source srcset=\"https:\/\/www.infobae.com\/resizer\/v2\/Y47GM7QEEBAXFKRHGG6QBFQV6A.jpg?auth=57195793c6874bea8e627914af0655142f4bbb8b7a0db9916bd0b7e3c011ddea&amp;smart=true&amp;width=350&amp;height=214&amp;quality=85\" media=\"(min-width: 80px)\" \/><img loading=\"lazy\" decoding=\"async\" class=\"global-image\" src=\"https:\/\/www.infobae.com\/resizer\/v2\/Y47GM7QEEBAXFKRHGG6QBFQV6A.jpg?auth=57195793c6874bea8e627914af0655142f4bbb8b7a0db9916bd0b7e3c011ddea&amp;smart=true&amp;width=350&amp;height=214&amp;quality=85\" alt=\"Sara Garc\u00eda (AMET), Sergio Romero\" width=\"1481\" height=\"899\" \/><\/picture><em>Sara Garc\u00eda (AMET), Sergio Romero (UDA) y Fabi\u00e1n Felman (CEA), en la reuni\u00f3n que mantuvieron la semana pasada en la CGT<\/em><\/div>\n<p data-mrf-recirculation=\"Links inline\">\n<p class=\"paragraph\" data-mrf-recirculation=\"Links inline\">La semana pasada, como anticip\u00f3<b>\u00a0Infobae,<\/b>\u00a0los gremios docentes que integran la CGT analizaron la situaci\u00f3n salarial del sector y advirtieron que podr\u00eda desatarse un\u00a0<b>conflicto:<\/b>\u00a0\u201cEstamos a horas del inicio de clases y\u00a0<b>todav\u00eda no hubo una convocatoria a la negociaci\u00f3n salarial a nivel nacional\u201d,<\/b>\u00a0afirm\u00f3 a este medio el secretario de Pol\u00edticas Educativas cegetista,<b>\u00a0Sergio Romero<\/b>\u00a0(UDA).<\/p>\n<div class=\"inline_2_DSK ad-wrapper ad-desktop\">\n<div class=\"dfpAd ad-inline\"><\/div>\n<\/div>\n<p class=\"paragraph\" data-mrf-recirculation=\"Links inline\"><b>\u201cNo nos vamos a a hacer responsables si vamos a un conflicto porque hay un solo responsable, que es el gobierno nacional<\/b>\u00a0-enfatiz\u00f3 el l\u00edder gremial-, pero seguiremos trabajando con los sindicatos docentes que integran la CGT para\u00a0<b>buscar una salida a las grandes necesidades que tiene el sistema educativo<\/b> y a las profundas carencias que tiene el salario de los educadores en nuestro pa\u00eds\u201d.<\/p>\n<p class=\"paragraph\" data-mrf-recirculation=\"Links inline\">Romero habl\u00f3 tras una reuni\u00f3n que mantuvo en la sede de Azopardo 802 con otros dirigentes del sector,\u00a0<b>Sara Garc\u00eda<\/b>\u00a0(AMET) y\u00a0<b>Fabi\u00e1n Felman<\/b>\u00a0(CEA), en donde evaluaron la crisis salarial del sector, donde el sueldo m\u00ednimo de los docentes se mantiene en<b>\u00a0$420 mil<\/b>\u00a0desde el 22 de agosto pasado, una cifra que, destac\u00f3 el titular de UDA, \u201cse encuentra\u00a0<b>por debajo de la l\u00ednea de indigencia\u201d.<\/b><\/p>\n<div class=\"visual__image image-full-width\"><\/div>\n<p class=\"paragraph\" data-mrf-recirculation=\"Links inline\">Seg\u00fan un\u00a0<b>relevamiento\u00a0<\/b>efectuado por UDA, el\u00a0<b>ranking de los salarios m\u00ednimos docentes\u00a0<\/b>en el mes de enero pasado en todo el pa\u00eds es el siguiente: Catamarca, $420.000; Santiago del Estero, $450.000; La Rioja, $450.000; Misiones, $521.904; Formosa, $540.000; Salta, $540.672; Chubut, $544.808; provincia de Buenos Aires, $553.075; Entre R\u00edos, $563.000; Mendoza, $570.000; Chaco, $592.000; San Luis, $623.546; Jujuy, $625.000; Corrientes, $635.000; Santa Fe, $633.137; CABA, $673.000; C\u00f3rdoba, $755.000; Tierra del Fuego, $804.338; Santa Cruz, $840.000, y R\u00edo Negro $931.186.<\/p>\n<p class=\"paragraph\" data-mrf-recirculation=\"Links inline\">El jueves pasado, la\u00a0<b>CTERA,<\/b>\u00a0que encabezan\u00a0<b>Sonia Alesso y Roberto Baradel,<\/b>\u00a0denunci\u00f3 que hasta ese momento \u201ca\u00fan no ha sido convocada a la reuni\u00f3n de la paritaria nacional docente\u201d y critic\u00f3 \u201cel\u00a0<b>ajuste brutal<\/b>\u00a0que impacta no s\u00f3lo en los salarios docentes, sino tambi\u00e9n en las\u00a0<b>condiciones de aprendizaje<\/b>\u00a0que se agravan d\u00eda a d\u00eda con este\u00a0<b>corrimiento del Estado Nacional<\/b>\u00a0de su\u00a0<b>obligaci\u00f3n legal<\/b>\u00a0de sostener, junto a las provincias, el derecho a la educaci\u00f3n en todo el territorio nacional\u201d.<\/p>\n<p class=\"paragraph\" data-mrf-recirculation=\"Links inline\">Por eso citaron para este jueves a un\u00a0<b>plenario de secretarios generales\u00a0<\/b>de todos los sindicatos que integran la entidad para\u00a0<b>\u201canalizar y resolver acciones gremiales ante esta grave situaci\u00f3n\u201d.<\/b><\/p>\n<div class=\"visual__image image-full-width\"><picture><source srcset=\"https:\/\/www.infobae.com\/resizer\/v2\/STMMOEHH2NHCFCMMQVNGRNX3UQ.jpg?auth=334e416cbd8fb57a9580f9970126eceb1ed31d91b9fff4f5715e680b9e2f1d1c&amp;smart=true&amp;width=1200&amp;height=675&amp;quality=85\" media=\"(min-width: 1200px)\" \/><source srcset=\"https:\/\/www.infobae.com\/resizer\/v2\/STMMOEHH2NHCFCMMQVNGRNX3UQ.jpg?auth=334e416cbd8fb57a9580f9970126eceb1ed31d91b9fff4f5715e680b9e2f1d1c&amp;smart=true&amp;width=992&amp;height=558&amp;quality=85\" media=\"(min-width: 1000px)\" \/><source srcset=\"https:\/\/www.infobae.com\/resizer\/v2\/STMMOEHH2NHCFCMMQVNGRNX3UQ.jpg?auth=334e416cbd8fb57a9580f9970126eceb1ed31d91b9fff4f5715e680b9e2f1d1c&amp;smart=true&amp;width=768&amp;height=432&amp;quality=85\" media=\"(min-width: 768px)\" \/><source srcset=\"https:\/\/www.infobae.com\/resizer\/v2\/STMMOEHH2NHCFCMMQVNGRNX3UQ.jpg?auth=334e416cbd8fb57a9580f9970126eceb1ed31d91b9fff4f5715e680b9e2f1d1c&amp;smart=true&amp;width=577&amp;height=325&amp;quality=85\" media=\"(min-width: 580px)\" \/><source srcset=\"https:\/\/www.infobae.com\/resizer\/v2\/STMMOEHH2NHCFCMMQVNGRNX3UQ.jpg?auth=334e416cbd8fb57a9580f9970126eceb1ed31d91b9fff4f5715e680b9e2f1d1c&amp;smart=true&amp;width=420&amp;height=236&amp;quality=85\" media=\"(min-width: 350px)\" \/><source srcset=\"https:\/\/www.infobae.com\/resizer\/v2\/STMMOEHH2NHCFCMMQVNGRNX3UQ.jpg?auth=334e416cbd8fb57a9580f9970126eceb1ed31d91b9fff4f5715e680b9e2f1d1c&amp;smart=true&amp;width=350&amp;height=197&amp;quality=85\" media=\"(min-width: 80px)\" \/><img loading=\"lazy\" decoding=\"async\" class=\"global-image\" src=\"https:\/\/www.infobae.com\/resizer\/v2\/STMMOEHH2NHCFCMMQVNGRNX3UQ.jpg?auth=334e416cbd8fb57a9580f9970126eceb1ed31d91b9fff4f5715e680b9e2f1d1c&amp;smart=true&amp;width=350&amp;height=197&amp;quality=85\" alt=\"Sonia Alesso, l\u00edder de CTERA,\" width=\"1920\" height=\"1080\" \/><\/picture><em>Sonia Alesso, l\u00edder de CTERA, en una marcha docente<\/em><\/div>\n<p data-mrf-recirculation=\"Links inline\">\n<p class=\"paragraph\" data-mrf-recirculation=\"Links inline\">Consultadas acerca del anuncio sobre un paro nacional, fuentes de CTERA aclararon: \u201cTenemos que esperar el plenario para ver la situaci\u00f3n de las provincias, pero es muy probable (que se dispongan protestas) porque<b>\u00a0estamos reclamando la restituci\u00f3n del Fondo Nacional de Incentivo Docente, la convocatoria a la paritaria nacional y el financiamiento nacional para la educaci\u00f3n\u201d.<\/b><\/p>\n<p class=\"paragraph\" data-mrf-recirculation=\"Links inline\">En declaraciones radiales, al hablar sobre los reclamos salariales,\u00a0<b>Alesso\u00a0<\/b>dijo la semana pasada que \u201cva a ser\u00a0<b>un a\u00f1o conflictivo<\/b>\u00a0en ese sentido porque el salario ha quedado\u00a0<b>muy bajo<\/b>\u00a0en el sector p\u00fablico, se nota mucho, y la situaci\u00f3n de inflaci\u00f3n<b>\u00a0no recupera<\/b>\u00a0lo que nosotros perdimos\u201d.<\/p>\n<p class=\"paragraph\" data-mrf-recirculation=\"Links inline\">De todas formas, en cada distrito se mantienen negociaciones para recomponer los salarios. A\u00fan\u00a0<b>no hubo acuerdo en Santa Fe, Entre R\u00edos, Corrientes y Santa Cruz,<\/b>\u00a0mientras que en\u00a0<b>Chubut<\/b>\u00a0el gobernador\u00a0<b>Ignacio Torres<\/b>\u00a0anunci\u00f3 una mejora<b>\u00a0<\/b>en el \u00edtem Profesionalidad Docente que representa un incremento del<b>\u00a010%,\u00a0<\/b>abonado en dos tramos, un 5% para febrero y otro 5% para marzo. \u201cNuestro compromiso es\u00a0<b>seguir transformando el sistema educativo\u201d,<\/b>\u00a0dijo el mandatario provincial.<\/p>\n<\/div>\n<\/article>\n<p>&nbsp;<\/p>\n<p>Por<a class=\"author-name\" href=\"https:\/\/www.infobae.com\/autor\/carpena-ricardo\/\" aria-label=\"Ricardo Carpena\">Ricardo Carpena<\/a> Infobae<\/p>\n","protected":false},"excerpt":{"rendered":"<p>Lo anunciar\u00e1n este jueves los gremios educativos de la CGT y la CTERA que, por separado, coincidir\u00e1n en una protesta para el lunes pr\u00f3ximo ante la falta de convocatoria de la paritaria nacional docente por parte del Gobierno. En enero, los sueldos m\u00ednimos del sector oscilaron entre $420 mil y $931.186<\/p>\n","protected":false},"author":3,"featured_media":102213,"comment_status":"closed","ping_status":"closed","sticky":false,"template":"","format":"standard","meta":{"footnotes":""},"categories":[34,24],"tags":[],"class_list":["post-112834","post","type-post","status-publish","format-standard","has-post-thumbnail","hentry","category-educacion","category-politica"],"yoast_head":"<!-- This site is optimized with the Yoast SEO plugin v25.9 - https:\/\/yoast.com\/wordpress\/plugins\/seo\/ -->\n<title>Peligra el inicio de las clases en 13 provincias por una medida de fuerza de los sindicatos docentes - Noticias Radio Reflejos<\/title>\n<meta name=\"robots\" content=\"index, follow, max-snippet:-1, max-image-preview:large, max-video-preview:-1\" \/>\n<link rel=\"canonical\" href=\"https:\/\/www.noticiasradioreflejos.com.ar\/2021\/peligra-el-inicio-de-las-clases-en-13-provincias-por-una-medida-de-fuerza-de-los-sindicatos-docentes\/\" \/>\n<meta property=\"og:locale\" content=\"es_ES\" \/>\n<meta property=\"og:type\" content=\"article\" \/>\n<meta property=\"og:title\" content=\"Peligra el inicio de las clases en 13 provincias por una medida de fuerza de los sindicatos docentes - Noticias Radio Reflejos\" \/>\n<meta property=\"og:description\" content=\"Lo anunciar\u00e1n este jueves los gremios educativos de la CGT y la CTERA que, por separado, coincidir\u00e1n en una protesta para el lunes pr\u00f3ximo ante la falta de convocatoria de la paritaria nacional docente por parte del Gobierno. En enero, los sueldos m\u00ednimos del sector oscilaron entre $420 mil y $931.186\" \/>\n<meta property=\"og:url\" content=\"https:\/\/www.noticiasradioreflejos.com.ar\/2021\/peligra-el-inicio-de-las-clases-en-13-provincias-por-una-medida-de-fuerza-de-los-sindicatos-docentes\/\" \/>\n<meta property=\"og:site_name\" content=\"Noticias Radio Reflejos\" \/>\n<meta property=\"article:published_time\" content=\"2025-02-19T10:45:18+00:00\" \/>\n<meta property=\"article:modified_time\" content=\"2025-02-19T11:21:12+00:00\" \/>\n<meta property=\"og:image\" content=\"https:\/\/www.noticiasradioreflejos.com.ar\/2021\/wp-content\/uploads\/2024\/05\/escuelapriv.jpg\" \/>\n\t<meta property=\"og:image:width\" content=\"512\" \/>\n\t<meta property=\"og:image:height\" content=\"355\" \/>\n\t<meta property=\"og:image:type\" content=\"image\/jpeg\" \/>\n<meta name=\"author\" content=\"Arnaldo Botto\" \/>\n<meta name=\"twitter:card\" content=\"summary_large_image\" \/>\n<script type=\"application\/ld+json\" class=\"yoast-schema-graph\">{\"@context\":\"https:\/\/schema.org\",\"@graph\":[{\"@type\":\"WebPage\",\"@id\":\"https:\/\/www.noticiasradioreflejos.com.ar\/2021\/peligra-el-inicio-de-las-clases-en-13-provincias-por-una-medida-de-fuerza-de-los-sindicatos-docentes\/\",\"url\":\"https:\/\/www.noticiasradioreflejos.com.ar\/2021\/peligra-el-inicio-de-las-clases-en-13-provincias-por-una-medida-de-fuerza-de-los-sindicatos-docentes\/\",\"name\":\"Peligra el inicio de las clases en 13 provincias por una medida de fuerza de los sindicatos docentes - Noticias Radio Reflejos\",\"isPartOf\":{\"@id\":\"https:\/\/www.noticiasradioreflejos.com.ar\/2021\/#website\"},\"primaryImageOfPage\":{\"@id\":\"https:\/\/www.noticiasradioreflejos.com.ar\/2021\/peligra-el-inicio-de-las-clases-en-13-provincias-por-una-medida-de-fuerza-de-los-sindicatos-docentes\/#primaryimage\"},\"image\":{\"@id\":\"https:\/\/www.noticiasradioreflejos.com.ar\/2021\/peligra-el-inicio-de-las-clases-en-13-provincias-por-una-medida-de-fuerza-de-los-sindicatos-docentes\/#primaryimage\"},\"thumbnailUrl\":\"https:\/\/www.noticiasradioreflejos.com.ar\/2021\/wp-content\/uploads\/2024\/05\/escuelapriv.jpg\",\"datePublished\":\"2025-02-19T10:45:18+00:00\",\"dateModified\":\"2025-02-19T11:21:12+00:00\",\"author\":{\"@id\":\"https:\/\/www.noticiasradioreflejos.com.ar\/2021\/#\/schema\/person\/ad82545263dcc5ec0996818884fd5fb1\"},\"breadcrumb\":{\"@id\":\"https:\/\/www.noticiasradioreflejos.com.ar\/2021\/peligra-el-inicio-de-las-clases-en-13-provincias-por-una-medida-de-fuerza-de-los-sindicatos-docentes\/#breadcrumb\"},\"inLanguage\":\"es\",\"potentialAction\":[{\"@type\":\"ReadAction\",\"target\":[\"https:\/\/www.noticiasradioreflejos.com.ar\/2021\/peligra-el-inicio-de-las-clases-en-13-provincias-por-una-medida-de-fuerza-de-los-sindicatos-docentes\/\"]}]},{\"@type\":\"ImageObject\",\"inLanguage\":\"es\",\"@id\":\"https:\/\/www.noticiasradioreflejos.com.ar\/2021\/peligra-el-inicio-de-las-clases-en-13-provincias-por-una-medida-de-fuerza-de-los-sindicatos-docentes\/#primaryimage\",\"url\":\"https:\/\/www.noticiasradioreflejos.com.ar\/2021\/wp-content\/uploads\/2024\/05\/escuelapriv.jpg\",\"contentUrl\":\"https:\/\/www.noticiasradioreflejos.com.ar\/2021\/wp-content\/uploads\/2024\/05\/escuelapriv.jpg\",\"width\":512,\"height\":355},{\"@type\":\"BreadcrumbList\",\"@id\":\"https:\/\/www.noticiasradioreflejos.com.ar\/2021\/peligra-el-inicio-de-las-clases-en-13-provincias-por-una-medida-de-fuerza-de-los-sindicatos-docentes\/#breadcrumb\",\"itemListElement\":[{\"@type\":\"ListItem\",\"position\":1,\"name\":\"Portada\",\"item\":\"https:\/\/www.noticiasradioreflejos.com.ar\/2021\/\"},{\"@type\":\"ListItem\",\"position\":2,\"name\":\"Peligra el inicio de las clases en 13 provincias por una medida de fuerza de los sindicatos docentes\"}]},{\"@type\":\"WebSite\",\"@id\":\"https:\/\/www.noticiasradioreflejos.com.ar\/2021\/#website\",\"url\":\"https:\/\/www.noticiasradioreflejos.com.ar\/2021\/\",\"name\":\"Noticias Radio Reflejos\",\"description\":\"Las noticias de mi comarca\",\"potentialAction\":[{\"@type\":\"SearchAction\",\"target\":{\"@type\":\"EntryPoint\",\"urlTemplate\":\"https:\/\/www.noticiasradioreflejos.com.ar\/2021\/?s={search_term_string}\"},\"query-input\":{\"@type\":\"PropertyValueSpecification\",\"valueRequired\":true,\"valueName\":\"search_term_string\"}}],\"inLanguage\":\"es\"},{\"@type\":\"Person\",\"@id\":\"https:\/\/www.noticiasradioreflejos.com.ar\/2021\/#\/schema\/person\/ad82545263dcc5ec0996818884fd5fb1\",\"name\":\"Arnaldo Botto\",\"image\":{\"@type\":\"ImageObject\",\"inLanguage\":\"es\",\"@id\":\"https:\/\/www.noticiasradioreflejos.com.ar\/2021\/#\/schema\/person\/image\/\",\"url\":\"https:\/\/secure.gravatar.com\/avatar\/55cb5e37c1efa326397366e6974cb338056df65cb50e7d64d1cf314e87504837?s=96&d=mm&r=g\",\"contentUrl\":\"https:\/\/secure.gravatar.com\/avatar\/55cb5e37c1efa326397366e6974cb338056df65cb50e7d64d1cf314e87504837?s=96&d=mm&r=g\",\"caption\":\"Arnaldo Botto\"},\"url\":\"https:\/\/www.noticiasradioreflejos.com.ar\/2021\/author\/arnaldo\/\"}]}<\/script>\n<!-- \/ Yoast SEO plugin. -->","yoast_head_json":{"title":"Peligra el inicio de las clases en 13 provincias por una medida de fuerza de los sindicatos docentes - Noticias Radio Reflejos","robots":{"index":"index","follow":"follow","max-snippet":"max-snippet:-1","max-image-preview":"max-image-preview:large","max-video-preview":"max-video-preview:-1"},"canonical":"https:\/\/www.noticiasradioreflejos.com.ar\/2021\/peligra-el-inicio-de-las-clases-en-13-provincias-por-una-medida-de-fuerza-de-los-sindicatos-docentes\/","og_locale":"es_ES","og_type":"article","og_title":"Peligra el inicio de las clases en 13 provincias por una medida de fuerza de los sindicatos docentes - Noticias Radio Reflejos","og_description":"Lo anunciar\u00e1n este jueves los gremios educativos de la CGT y la CTERA que, por separado, coincidir\u00e1n en una protesta para el lunes pr\u00f3ximo ante la falta de convocatoria de la paritaria nacional docente por parte del Gobierno. En enero, los sueldos m\u00ednimos del sector oscilaron entre $420 mil y $931.186","og_url":"https:\/\/www.noticiasradioreflejos.com.ar\/2021\/peligra-el-inicio-de-las-clases-en-13-provincias-por-una-medida-de-fuerza-de-los-sindicatos-docentes\/","og_site_name":"Noticias Radio Reflejos","article_published_time":"2025-02-19T10:45:18+00:00","article_modified_time":"2025-02-19T11:21:12+00:00","og_image":[{"width":512,"height":355,"url":"https:\/\/www.noticiasradioreflejos.com.ar\/2021\/wp-content\/uploads\/2024\/05\/escuelapriv.jpg","type":"image\/jpeg"}],"author":"Arnaldo Botto","twitter_card":"summary_large_image","schema":{"@context":"https:\/\/schema.org","@graph":[{"@type":"WebPage","@id":"https:\/\/www.noticiasradioreflejos.com.ar\/2021\/peligra-el-inicio-de-las-clases-en-13-provincias-por-una-medida-de-fuerza-de-los-sindicatos-docentes\/","url":"https:\/\/www.noticiasradioreflejos.com.ar\/2021\/peligra-el-inicio-de-las-clases-en-13-provincias-por-una-medida-de-fuerza-de-los-sindicatos-docentes\/","name":"Peligra el inicio de las clases en 13 provincias por una medida de fuerza de los sindicatos docentes - Noticias Radio Reflejos","isPartOf":{"@id":"https:\/\/www.noticiasradioreflejos.com.ar\/2021\/#website"},"primaryImageOfPage":{"@id":"https:\/\/www.noticiasradioreflejos.com.ar\/2021\/peligra-el-inicio-de-las-clases-en-13-provincias-por-una-medida-de-fuerza-de-los-sindicatos-docentes\/#primaryimage"},"image":{"@id":"https:\/\/www.noticiasradioreflejos.com.ar\/2021\/peligra-el-inicio-de-las-clases-en-13-provincias-por-una-medida-de-fuerza-de-los-sindicatos-docentes\/#primaryimage"},"thumbnailUrl":"https:\/\/www.noticiasradioreflejos.com.ar\/2021\/wp-content\/uploads\/2024\/05\/escuelapriv.jpg","datePublished":"2025-02-19T10:45:18+00:00","dateModified":"2025-02-19T11:21:12+00:00","author":{"@id":"https:\/\/www.noticiasradioreflejos.com.ar\/2021\/#\/schema\/person\/ad82545263dcc5ec0996818884fd5fb1"},"breadcrumb":{"@id":"https:\/\/www.noticiasradioreflejos.com.ar\/2021\/peligra-el-inicio-de-las-clases-en-13-provincias-por-una-medida-de-fuerza-de-los-sindicatos-docentes\/#breadcrumb"},"inLanguage":"es","potentialAction":[{"@type":"ReadAction","target":["https:\/\/www.noticiasradioreflejos.com.ar\/2021\/peligra-el-inicio-de-las-clases-en-13-provincias-por-una-medida-de-fuerza-de-los-sindicatos-docentes\/"]}]},{"@type":"ImageObject","inLanguage":"es","@id":"https:\/\/www.noticiasradioreflejos.com.ar\/2021\/peligra-el-inicio-de-las-clases-en-13-provincias-por-una-medida-de-fuerza-de-los-sindicatos-docentes\/#primaryimage","url":"https:\/\/www.noticiasradioreflejos.com.ar\/2021\/wp-content\/uploads\/2024\/05\/escuelapriv.jpg","contentUrl":"https:\/\/www.noticiasradioreflejos.com.ar\/2021\/wp-content\/uploads\/2024\/05\/escuelapriv.jpg","width":512,"height":355},{"@type":"BreadcrumbList","@id":"https:\/\/www.noticiasradioreflejos.com.ar\/2021\/peligra-el-inicio-de-las-clases-en-13-provincias-por-una-medida-de-fuerza-de-los-sindicatos-docentes\/#breadcrumb","itemListElement":[{"@type":"ListItem","position":1,"name":"Portada","item":"https:\/\/www.noticiasradioreflejos.com.ar\/2021\/"},{"@type":"ListItem","position":2,"name":"Peligra el inicio de las clases en 13 provincias por una medida de fuerza de los sindicatos docentes"}]},{"@type":"WebSite","@id":"https:\/\/www.noticiasradioreflejos.com.ar\/2021\/#website","url":"https:\/\/www.noticiasradioreflejos.com.ar\/2021\/","name":"Noticias Radio Reflejos","description":"Las noticias de mi comarca","potentialAction":[{"@type":"SearchAction","target":{"@type":"EntryPoint","urlTemplate":"https:\/\/www.noticiasradioreflejos.com.ar\/2021\/?s={search_term_string}"},"query-input":{"@type":"PropertyValueSpecification","valueRequired":true,"valueName":"search_term_string"}}],"inLanguage":"es"},{"@type":"Person","@id":"https:\/\/www.noticiasradioreflejos.com.ar\/2021\/#\/schema\/person\/ad82545263dcc5ec0996818884fd5fb1","name":"Arnaldo Botto","image":{"@type":"ImageObject","inLanguage":"es","@id":"https:\/\/www.noticiasradioreflejos.com.ar\/2021\/#\/schema\/person\/image\/","url":"https:\/\/secure.gravatar.com\/avatar\/55cb5e37c1efa326397366e6974cb338056df65cb50e7d64d1cf314e87504837?s=96&d=mm&r=g","contentUrl":"https:\/\/secure.gravatar.com\/avatar\/55cb5e37c1efa326397366e6974cb338056df65cb50e7d64d1cf314e87504837?s=96&d=mm&r=g","caption":"Arnaldo Botto"},"url":"https:\/\/www.noticiasradioreflejos.com.ar\/2021\/author\/arnaldo\/"}]}},"_links":{"self":[{"href":"https:\/\/www.noticiasradioreflejos.com.ar\/2021\/wp-json\/wp\/v2\/posts\/112834","targetHints":{"allow":["GET"]}}],"collection":[{"href":"https:\/\/www.noticiasradioreflejos.com.ar\/2021\/wp-json\/wp\/v2\/posts"}],"about":[{"href":"https:\/\/www.noticiasradioreflejos.com.ar\/2021\/wp-json\/wp\/v2\/types\/post"}],"author":[{"embeddable":true,"href":"https:\/\/www.noticiasradioreflejos.com.ar\/2021\/wp-json\/wp\/v2\/users\/3"}],"replies":[{"embeddable":true,"href":"https:\/\/www.noticiasradioreflejos.com.ar\/2021\/wp-json\/wp\/v2\/comments?post=112834"}],"version-history":[{"count":3,"href":"https:\/\/www.noticiasradioreflejos.com.ar\/2021\/wp-json\/wp\/v2\/posts\/112834\/revisions"}],"predecessor-version":[{"id":112845,"href":"https:\/\/www.noticiasradioreflejos.com.ar\/2021\/wp-json\/wp\/v2\/posts\/112834\/revisions\/112845"}],"wp:featuredmedia":[{"embeddable":true,"href":"https:\/\/www.noticiasradioreflejos.com.ar\/2021\/wp-json\/wp\/v2\/media\/102213"}],"wp:attachment":[{"href":"https:\/\/www.noticiasradioreflejos.com.ar\/2021\/wp-json\/wp\/v2\/media?parent=112834"}],"wp:term":[{"taxonomy":"category","embeddable":true,"href":"https:\/\/www.noticiasradioreflejos.com.ar\/2021\/wp-json\/wp\/v2\/categories?post=112834"},{"taxonomy":"post_tag","embeddable":true,"href":"https:\/\/www.noticiasradioreflejos.com.ar\/2021\/wp-json\/wp\/v2\/tags?post=112834"}],"curies":[{"name":"wp","href":"https:\/\/api.w.org\/{rel}","templated":true}]}}