{"id":112750,"date":"2025-02-17T14:15:50","date_gmt":"2025-02-17T17:15:50","guid":{"rendered":"https:\/\/www.noticiasradioreflejos.com.ar\/2021\/?p=112750"},"modified":"2025-02-17T14:15:50","modified_gmt":"2025-02-17T17:15:50","slug":"inscripciones-abiertas-para-los-natatorios-climatizados-municipales","status":"publish","type":"post","link":"https:\/\/www.noticiasradioreflejos.com.ar\/2021\/inscripciones-abiertas-para-los-natatorios-climatizados-municipales\/","title":{"rendered":"Inscripciones abiertas para los natatorios climatizados municipales"},"content":{"rendered":"<p>La Subsecretar\u00eda de Deportes informa que se encuentran abiertas las inscripciones para las actividades de los Natatorios Climatizados Municipales de Tornquist y Sierra de la Ventana, que comenzar\u00e1n el mi\u00e9rcoles 5 de marzo.<!--more--><\/p>\n<p>Con un staff de m\u00e1s de una decena de profesores, en ambas piscinas habr\u00e1 una diversa oferta de disciplinas, como nataci\u00f3n para diferentes niveles y edades, terapia acu\u00e1tica, aquatraining, aqua funcional, iniciaci\u00f3n acu\u00e1tica, aquahitt y pileta libre.<\/p>\n<p>Las inscripciones se realizan de manera presencial en los natatorios, de lunes a viernes de 8 a 14 hs, o por WhatsApp al 2915391088 (Tornquist) y al 2914727629 (Sierra).<\/p>\n<p><strong>Horarios a continuaci\u00f3n:<\/strong><\/p>\n<p><a data-flickr-embed=\"true\" href=\"https:\/\/www.flickr.com\/photos\/182279889@N02\/54334210650\/in\/dateposted-public\/\" title=\"Piscina TQT\"><img loading=\"lazy\" decoding=\"async\" src=\"https:\/\/live.staticflickr.com\/65535\/54334210650_f013605492_z.jpg\" width=\"452\" height=\"640\" alt=\"Piscina TQT\"\/><\/a><script async src=\"\/\/embedr.flickr.com\/assets\/client-code.js\" charset=\"utf-8\"><\/script><\/p>\n<p><a data-flickr-embed=\"true\" href=\"https:\/\/www.flickr.com\/photos\/182279889@N02\/54334017839\/in\/dateposted-public\/\" title=\"Piscina SDLV\"><img loading=\"lazy\" decoding=\"async\" src=\"https:\/\/live.staticflickr.com\/65535\/54334017839_c3f0f407d1_z.jpg\" width=\"452\" height=\"640\" alt=\"Piscina SDLV\"\/><\/a><script async src=\"\/\/embedr.flickr.com\/assets\/client-code.js\" charset=\"utf-8\"><\/script><\/p>\n","protected":false},"excerpt":{"rendered":"<p>La Subsecretar\u00eda de Deportes informa que se encuentran abiertas las inscripciones para las actividades de los Natatorios Climatizados Municipales de Tornquist y Sierra de la Ventana, que comenzar\u00e1n el mi\u00e9rcoles 5 de marzo.<\/p>\n","protected":false},"author":3,"featured_media":0,"comment_status":"closed","ping_status":"closed","sticky":false,"template":"","format":"standard","meta":{"footnotes":""},"categories":[27],"tags":[],"class_list":["post-112750","post","type-post","status-publish","format-standard","hentry","category-deportes"],"yoast_head":"<!-- This site is optimized with the Yoast SEO plugin v25.9 - https:\/\/yoast.com\/wordpress\/plugins\/seo\/ -->\n<title>Inscripciones abiertas para los natatorios climatizados municipales - Noticias Radio Reflejos<\/title>\n<meta name=\"robots\" content=\"index, follow, max-snippet:-1, max-image-preview:large, max-video-preview:-1\" \/>\n<link rel=\"canonical\" href=\"https:\/\/www.noticiasradioreflejos.com.ar\/2021\/inscripciones-abiertas-para-los-natatorios-climatizados-municipales\/\" \/>\n<meta property=\"og:locale\" content=\"es_ES\" \/>\n<meta property=\"og:type\" content=\"article\" \/>\n<meta property=\"og:title\" content=\"Inscripciones abiertas para los natatorios climatizados municipales - Noticias Radio Reflejos\" \/>\n<meta property=\"og:description\" content=\"La Subsecretar\u00eda de Deportes informa que se encuentran abiertas las inscripciones para las actividades de los Natatorios Climatizados Municipales de Tornquist y Sierra de la Ventana, que comenzar\u00e1n el mi\u00e9rcoles 5 de marzo.\" \/>\n<meta property=\"og:url\" content=\"https:\/\/www.noticiasradioreflejos.com.ar\/2021\/inscripciones-abiertas-para-los-natatorios-climatizados-municipales\/\" \/>\n<meta property=\"og:site_name\" content=\"Noticias Radio Reflejos\" \/>\n<meta property=\"article:published_time\" content=\"2025-02-17T17:15:50+00:00\" \/>\n<meta property=\"og:image\" content=\"https:\/\/www.noticiasradioreflejos.com.ar\/2021\/wp-content\/uploads\/2023\/05\/natatoriomunicipal.jpg\" \/>\n\t<meta property=\"og:image:width\" content=\"800\" \/>\n\t<meta property=\"og:image:height\" content=\"450\" \/>\n\t<meta property=\"og:image:type\" content=\"image\/jpeg\" \/>\n<meta name=\"author\" content=\"Arnaldo Botto\" \/>\n<meta name=\"twitter:card\" content=\"summary_large_image\" \/>\n<script type=\"application\/ld+json\" class=\"yoast-schema-graph\">{\"@context\":\"https:\/\/schema.org\",\"@graph\":[{\"@type\":\"WebPage\",\"@id\":\"https:\/\/www.noticiasradioreflejos.com.ar\/2021\/inscripciones-abiertas-para-los-natatorios-climatizados-municipales\/\",\"url\":\"https:\/\/www.noticiasradioreflejos.com.ar\/2021\/inscripciones-abiertas-para-los-natatorios-climatizados-municipales\/\",\"name\":\"Inscripciones abiertas para los natatorios climatizados municipales - Noticias Radio Reflejos\",\"isPartOf\":{\"@id\":\"https:\/\/www.noticiasradioreflejos.com.ar\/2021\/#website\"},\"primaryImageOfPage\":{\"@id\":\"https:\/\/www.noticiasradioreflejos.com.ar\/2021\/inscripciones-abiertas-para-los-natatorios-climatizados-municipales\/#primaryimage\"},\"image\":{\"@id\":\"https:\/\/www.noticiasradioreflejos.com.ar\/2021\/inscripciones-abiertas-para-los-natatorios-climatizados-municipales\/#primaryimage\"},\"thumbnailUrl\":\"https:\/\/live.staticflickr.com\/65535\/54334210650_f013605492_z.jpg\",\"datePublished\":\"2025-02-17T17:15:50+00:00\",\"author\":{\"@id\":\"https:\/\/www.noticiasradioreflejos.com.ar\/2021\/#\/schema\/person\/ad82545263dcc5ec0996818884fd5fb1\"},\"breadcrumb\":{\"@id\":\"https:\/\/www.noticiasradioreflejos.com.ar\/2021\/inscripciones-abiertas-para-los-natatorios-climatizados-municipales\/#breadcrumb\"},\"inLanguage\":\"es\",\"potentialAction\":[{\"@type\":\"ReadAction\",\"target\":[\"https:\/\/www.noticiasradioreflejos.com.ar\/2021\/inscripciones-abiertas-para-los-natatorios-climatizados-municipales\/\"]}]},{\"@type\":\"ImageObject\",\"inLanguage\":\"es\",\"@id\":\"https:\/\/www.noticiasradioreflejos.com.ar\/2021\/inscripciones-abiertas-para-los-natatorios-climatizados-municipales\/#primaryimage\",\"url\":\"https:\/\/live.staticflickr.com\/65535\/54334210650_f013605492_z.jpg\",\"contentUrl\":\"https:\/\/live.staticflickr.com\/65535\/54334210650_f013605492_z.jpg\"},{\"@type\":\"BreadcrumbList\",\"@id\":\"https:\/\/www.noticiasradioreflejos.com.ar\/2021\/inscripciones-abiertas-para-los-natatorios-climatizados-municipales\/#breadcrumb\",\"itemListElement\":[{\"@type\":\"ListItem\",\"position\":1,\"name\":\"Portada\",\"item\":\"https:\/\/www.noticiasradioreflejos.com.ar\/2021\/\"},{\"@type\":\"ListItem\",\"position\":2,\"name\":\"Inscripciones abiertas para los natatorios climatizados municipales\"}]},{\"@type\":\"WebSite\",\"@id\":\"https:\/\/www.noticiasradioreflejos.com.ar\/2021\/#website\",\"url\":\"https:\/\/www.noticiasradioreflejos.com.ar\/2021\/\",\"name\":\"Noticias Radio Reflejos\",\"description\":\"Las noticias de mi comarca\",\"potentialAction\":[{\"@type\":\"SearchAction\",\"target\":{\"@type\":\"EntryPoint\",\"urlTemplate\":\"https:\/\/www.noticiasradioreflejos.com.ar\/2021\/?s={search_term_string}\"},\"query-input\":{\"@type\":\"PropertyValueSpecification\",\"valueRequired\":true,\"valueName\":\"search_term_string\"}}],\"inLanguage\":\"es\"},{\"@type\":\"Person\",\"@id\":\"https:\/\/www.noticiasradioreflejos.com.ar\/2021\/#\/schema\/person\/ad82545263dcc5ec0996818884fd5fb1\",\"name\":\"Arnaldo Botto\",\"image\":{\"@type\":\"ImageObject\",\"inLanguage\":\"es\",\"@id\":\"https:\/\/www.noticiasradioreflejos.com.ar\/2021\/#\/schema\/person\/image\/\",\"url\":\"https:\/\/secure.gravatar.com\/avatar\/55cb5e37c1efa326397366e6974cb338056df65cb50e7d64d1cf314e87504837?s=96&d=mm&r=g\",\"contentUrl\":\"https:\/\/secure.gravatar.com\/avatar\/55cb5e37c1efa326397366e6974cb338056df65cb50e7d64d1cf314e87504837?s=96&d=mm&r=g\",\"caption\":\"Arnaldo Botto\"},\"url\":\"https:\/\/www.noticiasradioreflejos.com.ar\/2021\/author\/arnaldo\/\"}]}<\/script>\n<!-- \/ Yoast SEO plugin. -->","yoast_head_json":{"title":"Inscripciones abiertas para los natatorios climatizados municipales - Noticias Radio Reflejos","robots":{"index":"index","follow":"follow","max-snippet":"max-snippet:-1","max-image-preview":"max-image-preview:large","max-video-preview":"max-video-preview:-1"},"canonical":"https:\/\/www.noticiasradioreflejos.com.ar\/2021\/inscripciones-abiertas-para-los-natatorios-climatizados-municipales\/","og_locale":"es_ES","og_type":"article","og_title":"Inscripciones abiertas para los natatorios climatizados municipales - Noticias Radio Reflejos","og_description":"La Subsecretar\u00eda de Deportes informa que se encuentran abiertas las inscripciones para las actividades de los Natatorios Climatizados Municipales de Tornquist y Sierra de la Ventana, que comenzar\u00e1n el mi\u00e9rcoles 5 de marzo.","og_url":"https:\/\/www.noticiasradioreflejos.com.ar\/2021\/inscripciones-abiertas-para-los-natatorios-climatizados-municipales\/","og_site_name":"Noticias Radio Reflejos","article_published_time":"2025-02-17T17:15:50+00:00","og_image":[{"width":800,"height":450,"url":"https:\/\/www.noticiasradioreflejos.com.ar\/2021\/wp-content\/uploads\/2023\/05\/natatoriomunicipal.jpg","type":"image\/jpeg"}],"author":"Arnaldo Botto","twitter_card":"summary_large_image","schema":{"@context":"https:\/\/schema.org","@graph":[{"@type":"WebPage","@id":"https:\/\/www.noticiasradioreflejos.com.ar\/2021\/inscripciones-abiertas-para-los-natatorios-climatizados-municipales\/","url":"https:\/\/www.noticiasradioreflejos.com.ar\/2021\/inscripciones-abiertas-para-los-natatorios-climatizados-municipales\/","name":"Inscripciones abiertas para los natatorios climatizados municipales - Noticias Radio Reflejos","isPartOf":{"@id":"https:\/\/www.noticiasradioreflejos.com.ar\/2021\/#website"},"primaryImageOfPage":{"@id":"https:\/\/www.noticiasradioreflejos.com.ar\/2021\/inscripciones-abiertas-para-los-natatorios-climatizados-municipales\/#primaryimage"},"image":{"@id":"https:\/\/www.noticiasradioreflejos.com.ar\/2021\/inscripciones-abiertas-para-los-natatorios-climatizados-municipales\/#primaryimage"},"thumbnailUrl":"https:\/\/live.staticflickr.com\/65535\/54334210650_f013605492_z.jpg","datePublished":"2025-02-17T17:15:50+00:00","author":{"@id":"https:\/\/www.noticiasradioreflejos.com.ar\/2021\/#\/schema\/person\/ad82545263dcc5ec0996818884fd5fb1"},"breadcrumb":{"@id":"https:\/\/www.noticiasradioreflejos.com.ar\/2021\/inscripciones-abiertas-para-los-natatorios-climatizados-municipales\/#breadcrumb"},"inLanguage":"es","potentialAction":[{"@type":"ReadAction","target":["https:\/\/www.noticiasradioreflejos.com.ar\/2021\/inscripciones-abiertas-para-los-natatorios-climatizados-municipales\/"]}]},{"@type":"ImageObject","inLanguage":"es","@id":"https:\/\/www.noticiasradioreflejos.com.ar\/2021\/inscripciones-abiertas-para-los-natatorios-climatizados-municipales\/#primaryimage","url":"https:\/\/live.staticflickr.com\/65535\/54334210650_f013605492_z.jpg","contentUrl":"https:\/\/live.staticflickr.com\/65535\/54334210650_f013605492_z.jpg"},{"@type":"BreadcrumbList","@id":"https:\/\/www.noticiasradioreflejos.com.ar\/2021\/inscripciones-abiertas-para-los-natatorios-climatizados-municipales\/#breadcrumb","itemListElement":[{"@type":"ListItem","position":1,"name":"Portada","item":"https:\/\/www.noticiasradioreflejos.com.ar\/2021\/"},{"@type":"ListItem","position":2,"name":"Inscripciones abiertas para los natatorios climatizados municipales"}]},{"@type":"WebSite","@id":"https:\/\/www.noticiasradioreflejos.com.ar\/2021\/#website","url":"https:\/\/www.noticiasradioreflejos.com.ar\/2021\/","name":"Noticias Radio Reflejos","description":"Las noticias de mi comarca","potentialAction":[{"@type":"SearchAction","target":{"@type":"EntryPoint","urlTemplate":"https:\/\/www.noticiasradioreflejos.com.ar\/2021\/?s={search_term_string}"},"query-input":{"@type":"PropertyValueSpecification","valueRequired":true,"valueName":"search_term_string"}}],"inLanguage":"es"},{"@type":"Person","@id":"https:\/\/www.noticiasradioreflejos.com.ar\/2021\/#\/schema\/person\/ad82545263dcc5ec0996818884fd5fb1","name":"Arnaldo Botto","image":{"@type":"ImageObject","inLanguage":"es","@id":"https:\/\/www.noticiasradioreflejos.com.ar\/2021\/#\/schema\/person\/image\/","url":"https:\/\/secure.gravatar.com\/avatar\/55cb5e37c1efa326397366e6974cb338056df65cb50e7d64d1cf314e87504837?s=96&d=mm&r=g","contentUrl":"https:\/\/secure.gravatar.com\/avatar\/55cb5e37c1efa326397366e6974cb338056df65cb50e7d64d1cf314e87504837?s=96&d=mm&r=g","caption":"Arnaldo Botto"},"url":"https:\/\/www.noticiasradioreflejos.com.ar\/2021\/author\/arnaldo\/"}]}},"_links":{"self":[{"href":"https:\/\/www.noticiasradioreflejos.com.ar\/2021\/wp-json\/wp\/v2\/posts\/112750","targetHints":{"allow":["GET"]}}],"collection":[{"href":"https:\/\/www.noticiasradioreflejos.com.ar\/2021\/wp-json\/wp\/v2\/posts"}],"about":[{"href":"https:\/\/www.noticiasradioreflejos.com.ar\/2021\/wp-json\/wp\/v2\/types\/post"}],"author":[{"embeddable":true,"href":"https:\/\/www.noticiasradioreflejos.com.ar\/2021\/wp-json\/wp\/v2\/users\/3"}],"replies":[{"embeddable":true,"href":"https:\/\/www.noticiasradioreflejos.com.ar\/2021\/wp-json\/wp\/v2\/comments?post=112750"}],"version-history":[{"count":1,"href":"https:\/\/www.noticiasradioreflejos.com.ar\/2021\/wp-json\/wp\/v2\/posts\/112750\/revisions"}],"predecessor-version":[{"id":112751,"href":"https:\/\/www.noticiasradioreflejos.com.ar\/2021\/wp-json\/wp\/v2\/posts\/112750\/revisions\/112751"}],"wp:attachment":[{"href":"https:\/\/www.noticiasradioreflejos.com.ar\/2021\/wp-json\/wp\/v2\/media?parent=112750"}],"wp:term":[{"taxonomy":"category","embeddable":true,"href":"https:\/\/www.noticiasradioreflejos.com.ar\/2021\/wp-json\/wp\/v2\/categories?post=112750"},{"taxonomy":"post_tag","embeddable":true,"href":"https:\/\/www.noticiasradioreflejos.com.ar\/2021\/wp-json\/wp\/v2\/tags?post=112750"}],"curies":[{"name":"wp","href":"https:\/\/api.w.org\/{rel}","templated":true}]}}