{"id":112498,"date":"2025-02-11T15:22:00","date_gmt":"2025-02-11T18:22:00","guid":{"rendered":"https:\/\/www.noticiasradioreflejos.com.ar\/2021\/?p=112498"},"modified":"2025-02-11T16:24:03","modified_gmt":"2025-02-11T19:24:03","slug":"la-cruz-de-fuego-entre-ruta-72-y-51-se-quemaron-18-autos-en-menos-de-2-anos","status":"publish","type":"post","link":"https:\/\/www.noticiasradioreflejos.com.ar\/2021\/la-cruz-de-fuego-entre-ruta-72-y-51-se-quemaron-18-autos-en-menos-de-2-anos\/","title":{"rendered":"\u00abLa cruz de fuego\u00bb, entre ruta 72 y 51 se quemaron 18 autos en menos de 2 a\u00f1os."},"content":{"rendered":"<p>J<strong>orge Leguisa, jefe de bomberos del cuartel de Saldungaray<\/strong>, informa sobre el incendio del 10 de febrero en la Estancia Santo Tom\u00e1s, la dotaci\u00f3n de bomberos de Saldungaray enviada al sur a combatir el fuego y <a href=\"https:\/\/www.noticiasradioreflejos.com.ar\/2021\/ruta-51-se-incendio-integramente-una-camioneta-en-cercanias-de-cabildo\/\">el fen\u00f3meno de incendios vehiculares dentro de su jurisdicci\u00f3n<strong>.<\/strong><\/a><!--more--><\/p>\n<h4><strong>Incendio\u00a0 en Santo Tom\u00e1s<\/strong><\/h4>\n<p>\u00abFuimos alertados por la Estancia. Como es jurisdicci\u00f3n de Tornquist, fuimos en colaboraci\u00f3n, se pudo parar a eso de las 2 de la ma\u00f1ana. Ahora hay guardia de cenizas de los 3 cuarteles cuidando\u00bb desarrolla Jorge lo sucedido.<\/p>\n<p>Seg\u00fan la gente de la Estancia, habr\u00eda pasado por all\u00ed una tormenta seca, sin lluvia, y que al rato pudieron avistar una columna de humo. \u00abEso arranca desde el puesto de La Florida y se llev\u00f3 hacia el Tres Picos, pero no lleg\u00f3, lo alcanzaron a parar\u00bb.<\/p>\n<p>Jorge menciona que los chaparrones que vienen cayendo en la semana ayuda a que el pastizal se mantenga y evite los incendios que se han tenido en otros veranos. \u00abEstamos teniendo un verano bastante lluvioso\u00bb.<\/p>\n<p>&nbsp;<\/p>\n<p><a href=\"https:\/\/www.noticiasradioreflejos.com.ar\/2021\/esta-controlado-el-incendio-en-santo-tomas-de-la-sierra\/whatsapp-image-2025-02-11-at-11-37-29\/\" rel=\"attachment wp-att-112480\"><img loading=\"lazy\" decoding=\"async\" class=\"aligncenter size-full wp-image-112480\" src=\"https:\/\/www.noticiasradioreflejos.com.ar\/2021\/wp-content\/uploads\/2025\/02\/WhatsApp-Image-2025-02-11-at-11.37.29.jpeg\" alt=\"\" width=\"1280\" height=\"963\" \/><\/a><\/p>\n<h4><strong>Dotaci\u00f3n en el Sur<\/strong><\/h4>\n<p>Los bomberos voluntarios Dami\u00e1n Salas, Laura De Phillipis y Lucas Martinetti fueron enviados como refuerzos desde Saldungaray para ayudar a combatir los grandes incendios de La Patagonia, especialmente en El Bols\u00f3n. \u00abEllos est\u00e1n all\u00e1 10 d\u00edas hasta el relevo\u00bb.<\/p>\n<p>\u00abEstuvimos escuchando a alg\u00fan ingeniero forestal que ha dicho que tiene que llover no menos de 50 mil\u00edmetros, con una fuerza bastante regular porque si cae despacio, se evapora y si cae fuerte, corre r\u00e1pido y no alcanza a hacer el efecto que debe hacer\u00bb responde ante la consulta de hasta cu\u00e1ndo se estima contar con los focos de incendio activados.<\/p>\n<p>Jorge menciona que el cuartel se encuentra en condiciones de poder dar una mano con recurso humano, pero que los bomberos son conscientes de que si se env\u00eda mucha gente de una, despu\u00e9s no habr\u00edan bomberos para los relevos, adem\u00e1s de las circunstancias que puedan surgir en la zona.<\/p>\n<h4><strong>\u00abLa cruz de fuego\u00bb, entre la ruta 72 y 51: en 2 a\u00f1os 18 autos incendiados<\/strong><\/h4>\n<p>Una caracter\u00edstica muy particular se da en la jurisdicci\u00f3n de los bomberos de Saldungaray, entre la localidad y el bajo de Comte Grand sobre la ruta 72 y entre los Despe\u00f1aderos y los 7 puentes de la ruta 51 se han quemado 18 veh\u00edculos en menos de dos a\u00f1os. Una cifra r\u00e9cord para un trazado de 40 x 40 kms que marcan una verdadera \u00abCruz de fuego\u00bb en la regi\u00f3n. <span style=\"color: #ff0000;\"><strong>Un dato relevante; en ese sector de la regi\u00f3n no hay se\u00f1al de telefon\u00eda ni datos.<\/strong><\/span><\/p>\n<p><a title=\"Cruz de fuego\" href=\"https:\/\/www.flickr.com\/photos\/182279889@N02\/54321516443\/in\/dateposted-public\/\" data-flickr-embed=\"true\"><img loading=\"lazy\" decoding=\"async\" class=\"aligncenter\" src=\"https:\/\/live.staticflickr.com\/65535\/54321516443_19cd76b8ef_z.jpg\" alt=\"Cruz de fuego\" width=\"640\" height=\"438\" \/><\/a><em>Las marcas rojas sobre las rutas, muestran el sector que registra mayor cantidad de incendios vehiculares<\/em><\/p>\n<p>\u00abHace algunos a\u00f1os empez\u00f3 esta problem\u00e1tica. Debe hacer 2 a\u00f1os que se vienen dando incendios vehiculares en el Dique Paso Piedras y en caminos adicionales\u00bb explica el jefe bomberil sobre la problem\u00e1tica. Agrega que, entre <a href=\"https:\/\/www.noticiasradioreflejos.com.ar\/2021\/un-automovil-se-incendio-por-completo-en-la-ruta-72-a-10-kms-de-saldungaray\/\">desperfectos de los veh\u00edculos sumados al mal estado de las banquinas, son la combinaci\u00f3n perfecta para que ocurra este tipo de incendios.<\/a><\/p>\n<p>&nbsp;<\/p>\n<p><a href=\"https:\/\/www.noticiasradioreflejos.com.ar\/2021\/la-cruz-de-fuego-entre-ruta-72-y-51-se-quemaron-18-autos-en-menos-de-2-anos\/auto-incendiado\/\" rel=\"attachment wp-att-112511\"><img loading=\"lazy\" decoding=\"async\" class=\"aligncenter size-full wp-image-112511\" src=\"https:\/\/www.noticiasradioreflejos.com.ar\/2021\/wp-content\/uploads\/2025\/02\/auto-incendiado.jpeg\" alt=\"\" width=\"800\" height=\"445\" srcset=\"https:\/\/www.noticiasradioreflejos.com.ar\/2021\/wp-content\/uploads\/2025\/02\/auto-incendiado.jpeg 800w, https:\/\/www.noticiasradioreflejos.com.ar\/2021\/wp-content\/uploads\/2025\/02\/auto-incendiado-300x167.jpeg 300w, https:\/\/www.noticiasradioreflejos.com.ar\/2021\/wp-content\/uploads\/2025\/02\/auto-incendiado-768x427.jpeg 768w, https:\/\/www.noticiasradioreflejos.com.ar\/2021\/wp-content\/uploads\/2025\/02\/auto-incendiado-750x417.jpeg 750w\" sizes=\"auto, (max-width: 800px) 100vw, 800px\" \/><\/a><\/p>\n<p>Jorge comenta que muchas veces la polic\u00eda cient\u00edfica de Bah\u00eda Blanca ha estado investigando y ha pedido informes a bomberos junto con polic\u00eda para ver qu\u00e9 es lo que se est\u00e1 dando en este lugar. \u00abHan tenido muchas quejas de las aseguradoras\u00bb, menciona Jorge, ya que en los \u00faltimos dos a\u00f1os se han incendiado alrededor de 20 autos en ese sector.<\/p>\n<p><a title=\"auto quemado 10 02\" href=\"https:\/\/www.flickr.com\/photos\/182279889@N02\/54321307996\/in\/dateposted-public\/\" data-flickr-embed=\"true\"><img loading=\"lazy\" decoding=\"async\" class=\"alignleft\" src=\"https:\/\/live.staticflickr.com\/31337\/54321307996_af5b26c680_o.jpg\" alt=\"auto quemado 10 02\" width=\"200\" height=\"360\" \/><\/a><script async src=\"\/\/embedr.flickr.com\/assets\/client-code.js\" charset=\"utf-8\"><\/script><\/p>\n<p>&nbsp;<\/p>\n<p>\u00abEs muy dif\u00edcil de comprobar porque no hay se\u00f1al y la distancia es muy larga\u00bb hace referencia a poder buscarle una explicaci\u00f3n al fen\u00f3meno. \u00abLa gente est\u00e1 muy desesperada, muchas veces apenas alcanzan a agarrar un celular, la gente pierde todo\u00bb cierra.<\/p>\n<p>Finalmente, Jorge informa que desde el cuartel de bomberos de Saldungaray, frente a la Plaza Independencia, estar\u00e1n recibiendo donaciones de botellas de agua de 500 ml.<\/p>\n<p>&nbsp;<\/p>\n<p>&nbsp;<\/p>\n<p>&nbsp;<\/p>\n<p>&nbsp;<\/p>\n<p>&nbsp;<\/p>\n<p><em><strong>Nota completa a continuaci\u00f3n:<\/strong><\/em><\/p>\n<p><iframe loading=\"lazy\" src=\"https:\/\/w.soundcloud.com\/player\/?url=https%3A\/\/api.soundcloud.com\/tracks\/2031580344&amp;color=%23ff5500&amp;auto_play=false&amp;hide_related=false&amp;show_comments=true&amp;show_user=true&amp;show_reposts=false&amp;show_teaser=true&amp;visual=true\" width=\"100%\" height=\"300\" frameborder=\"no\" scrolling=\"no\"><\/iframe><\/p>\n<div style=\"font-size: 10px; color: #cccccc; line-break: anywhere; word-break: normal; overflow: hidden; white-space: nowrap; text-overflow: ellipsis; font-family: Interstate,Lucida Grande,Lucida Sans Unicode,Lucida Sans,Garuda,Verdana,Tahoma,sans-serif; font-weight: 100;\"><a style=\"color: #cccccc; text-decoration: none;\" title=\"fmreflejos 103.7\" href=\"https:\/\/soundcloud.com\/fmreflejos-103-7\" target=\"_blank\" rel=\"noopener\">fmreflejos 103.7<\/a> \u00b7 <a style=\"color: #cccccc; text-decoration: none;\" title=\"Jorge Leguisa 11-02\" href=\"https:\/\/soundcloud.com\/fmreflejos-103-7\/jorge-leguiza-11-02-1\" target=\"_blank\" rel=\"noopener\">Jorge Leguisa 11-02<\/a><\/div>\n<p><a href=\"https:\/\/www.noticiasradioreflejos.com.ar\/2021\/la-cruz-de-fuego-entre-ruta-72-y-51-se-quemaron-18-autos-en-menos-de-2-anos\/auto-quemado-23-03\/\" rel=\"attachment wp-att-112512\"><img loading=\"lazy\" decoding=\"async\" class=\"aligncenter size-full wp-image-112512\" src=\"https:\/\/www.noticiasradioreflejos.com.ar\/2021\/wp-content\/uploads\/2025\/02\/auto-quemado-23-03.jpg\" alt=\"\" width=\"992\" height=\"745\" srcset=\"https:\/\/www.noticiasradioreflejos.com.ar\/2021\/wp-content\/uploads\/2025\/02\/auto-quemado-23-03.jpg 992w, https:\/\/www.noticiasradioreflejos.com.ar\/2021\/wp-content\/uploads\/2025\/02\/auto-quemado-23-03-300x225.jpg 300w, https:\/\/www.noticiasradioreflejos.com.ar\/2021\/wp-content\/uploads\/2025\/02\/auto-quemado-23-03-768x577.jpg 768w, https:\/\/www.noticiasradioreflejos.com.ar\/2021\/wp-content\/uploads\/2025\/02\/auto-quemado-23-03-750x563.jpg 750w\" sizes=\"auto, (max-width: 992px) 100vw, 992px\" \/><\/a><\/p>\n","protected":false},"excerpt":{"rendered":"<p>Jorge Leguisa, jefe de bomberos del cuartel de Saldungaray, informa sobre el incendio del 10 de febrero en la Estancia Santo Tom\u00e1s, la dotaci\u00f3n de bomberos de Saldungaray enviada al sur a combatir el fuego y el fen\u00f3meno de incendios vehiculares dentro de su jurisdicci\u00f3n.<\/p>\n","protected":false},"author":3,"featured_media":0,"comment_status":"closed","ping_status":"closed","sticky":false,"template":"","format":"standard","meta":{"footnotes":""},"categories":[26],"tags":[48],"class_list":["post-112498","post","type-post","status-publish","format-standard","hentry","category-sociedad","tag-destacada"],"yoast_head":"<!-- This site is optimized with the Yoast SEO plugin v25.9 - https:\/\/yoast.com\/wordpress\/plugins\/seo\/ -->\n<title>&quot;La cruz de fuego&quot;, entre ruta 72 y 51 se quemaron 18 autos en menos de 2 a\u00f1os. - Noticias Radio Reflejos<\/title>\n<meta name=\"robots\" content=\"index, follow, max-snippet:-1, max-image-preview:large, max-video-preview:-1\" \/>\n<link rel=\"canonical\" href=\"https:\/\/www.noticiasradioreflejos.com.ar\/2021\/la-cruz-de-fuego-entre-ruta-72-y-51-se-quemaron-18-autos-en-menos-de-2-anos\/\" \/>\n<meta property=\"og:locale\" content=\"es_ES\" \/>\n<meta property=\"og:type\" content=\"article\" \/>\n<meta property=\"og:title\" content=\"&quot;La cruz de fuego&quot;, entre ruta 72 y 51 se quemaron 18 autos en menos de 2 a\u00f1os. - Noticias Radio Reflejos\" \/>\n<meta property=\"og:description\" content=\"Jorge Leguisa, jefe de bomberos del cuartel de Saldungaray, informa sobre el incendio del 10 de febrero en la Estancia Santo Tom\u00e1s, la dotaci\u00f3n de bomberos de Saldungaray enviada al sur a combatir el fuego y el fen\u00f3meno de incendios vehiculares dentro de su jurisdicci\u00f3n.\" \/>\n<meta property=\"og:url\" content=\"https:\/\/www.noticiasradioreflejos.com.ar\/2021\/la-cruz-de-fuego-entre-ruta-72-y-51-se-quemaron-18-autos-en-menos-de-2-anos\/\" \/>\n<meta property=\"og:site_name\" content=\"Noticias Radio Reflejos\" \/>\n<meta property=\"article:published_time\" content=\"2025-02-11T18:22:00+00:00\" \/>\n<meta property=\"article:modified_time\" content=\"2025-02-11T19:24:03+00:00\" \/>\n<meta property=\"og:image\" content=\"https:\/\/www.noticiasradioreflejos.com.ar\/2021\/wp-content\/uploads\/2025\/02\/auto-quemado-Saldungaray.jpg\" \/>\n\t<meta property=\"og:image:width\" content=\"900\" \/>\n\t<meta property=\"og:image:height\" content=\"1005\" \/>\n\t<meta property=\"og:image:type\" content=\"image\/jpeg\" \/>\n<meta name=\"author\" content=\"Arnaldo Botto\" \/>\n<meta name=\"twitter:card\" content=\"summary_large_image\" \/>\n<script type=\"application\/ld+json\" class=\"yoast-schema-graph\">{\"@context\":\"https:\/\/schema.org\",\"@graph\":[{\"@type\":\"WebPage\",\"@id\":\"https:\/\/www.noticiasradioreflejos.com.ar\/2021\/la-cruz-de-fuego-entre-ruta-72-y-51-se-quemaron-18-autos-en-menos-de-2-anos\/\",\"url\":\"https:\/\/www.noticiasradioreflejos.com.ar\/2021\/la-cruz-de-fuego-entre-ruta-72-y-51-se-quemaron-18-autos-en-menos-de-2-anos\/\",\"name\":\"\\\"La cruz de fuego\\\", entre ruta 72 y 51 se quemaron 18 autos en menos de 2 a\u00f1os. - Noticias Radio Reflejos\",\"isPartOf\":{\"@id\":\"https:\/\/www.noticiasradioreflejos.com.ar\/2021\/#website\"},\"primaryImageOfPage\":{\"@id\":\"https:\/\/www.noticiasradioreflejos.com.ar\/2021\/la-cruz-de-fuego-entre-ruta-72-y-51-se-quemaron-18-autos-en-menos-de-2-anos\/#primaryimage\"},\"image\":{\"@id\":\"https:\/\/www.noticiasradioreflejos.com.ar\/2021\/la-cruz-de-fuego-entre-ruta-72-y-51-se-quemaron-18-autos-en-menos-de-2-anos\/#primaryimage\"},\"thumbnailUrl\":\"https:\/\/www.noticiasradioreflejos.com.ar\/2021\/wp-content\/uploads\/2025\/02\/WhatsApp-Image-2025-02-11-at-11.37.29.jpeg\",\"datePublished\":\"2025-02-11T18:22:00+00:00\",\"dateModified\":\"2025-02-11T19:24:03+00:00\",\"author\":{\"@id\":\"https:\/\/www.noticiasradioreflejos.com.ar\/2021\/#\/schema\/person\/ad82545263dcc5ec0996818884fd5fb1\"},\"breadcrumb\":{\"@id\":\"https:\/\/www.noticiasradioreflejos.com.ar\/2021\/la-cruz-de-fuego-entre-ruta-72-y-51-se-quemaron-18-autos-en-menos-de-2-anos\/#breadcrumb\"},\"inLanguage\":\"es\",\"potentialAction\":[{\"@type\":\"ReadAction\",\"target\":[\"https:\/\/www.noticiasradioreflejos.com.ar\/2021\/la-cruz-de-fuego-entre-ruta-72-y-51-se-quemaron-18-autos-en-menos-de-2-anos\/\"]}]},{\"@type\":\"ImageObject\",\"inLanguage\":\"es\",\"@id\":\"https:\/\/www.noticiasradioreflejos.com.ar\/2021\/la-cruz-de-fuego-entre-ruta-72-y-51-se-quemaron-18-autos-en-menos-de-2-anos\/#primaryimage\",\"url\":\"\",\"contentUrl\":\"\"},{\"@type\":\"BreadcrumbList\",\"@id\":\"https:\/\/www.noticiasradioreflejos.com.ar\/2021\/la-cruz-de-fuego-entre-ruta-72-y-51-se-quemaron-18-autos-en-menos-de-2-anos\/#breadcrumb\",\"itemListElement\":[{\"@type\":\"ListItem\",\"position\":1,\"name\":\"Portada\",\"item\":\"https:\/\/www.noticiasradioreflejos.com.ar\/2021\/\"},{\"@type\":\"ListItem\",\"position\":2,\"name\":\"\u00abLa cruz de fuego\u00bb, entre ruta 72 y 51 se quemaron 18 autos en menos de 2 a\u00f1os.\"}]},{\"@type\":\"WebSite\",\"@id\":\"https:\/\/www.noticiasradioreflejos.com.ar\/2021\/#website\",\"url\":\"https:\/\/www.noticiasradioreflejos.com.ar\/2021\/\",\"name\":\"Noticias Radio Reflejos\",\"description\":\"Las noticias de mi comarca\",\"potentialAction\":[{\"@type\":\"SearchAction\",\"target\":{\"@type\":\"EntryPoint\",\"urlTemplate\":\"https:\/\/www.noticiasradioreflejos.com.ar\/2021\/?s={search_term_string}\"},\"query-input\":{\"@type\":\"PropertyValueSpecification\",\"valueRequired\":true,\"valueName\":\"search_term_string\"}}],\"inLanguage\":\"es\"},{\"@type\":\"Person\",\"@id\":\"https:\/\/www.noticiasradioreflejos.com.ar\/2021\/#\/schema\/person\/ad82545263dcc5ec0996818884fd5fb1\",\"name\":\"Arnaldo Botto\",\"image\":{\"@type\":\"ImageObject\",\"inLanguage\":\"es\",\"@id\":\"https:\/\/www.noticiasradioreflejos.com.ar\/2021\/#\/schema\/person\/image\/\",\"url\":\"https:\/\/secure.gravatar.com\/avatar\/55cb5e37c1efa326397366e6974cb338056df65cb50e7d64d1cf314e87504837?s=96&d=mm&r=g\",\"contentUrl\":\"https:\/\/secure.gravatar.com\/avatar\/55cb5e37c1efa326397366e6974cb338056df65cb50e7d64d1cf314e87504837?s=96&d=mm&r=g\",\"caption\":\"Arnaldo Botto\"},\"url\":\"https:\/\/www.noticiasradioreflejos.com.ar\/2021\/author\/arnaldo\/\"}]}<\/script>\n<!-- \/ Yoast SEO plugin. -->","yoast_head_json":{"title":"\"La cruz de fuego\", entre ruta 72 y 51 se quemaron 18 autos en menos de 2 a\u00f1os. - Noticias Radio Reflejos","robots":{"index":"index","follow":"follow","max-snippet":"max-snippet:-1","max-image-preview":"max-image-preview:large","max-video-preview":"max-video-preview:-1"},"canonical":"https:\/\/www.noticiasradioreflejos.com.ar\/2021\/la-cruz-de-fuego-entre-ruta-72-y-51-se-quemaron-18-autos-en-menos-de-2-anos\/","og_locale":"es_ES","og_type":"article","og_title":"\"La cruz de fuego\", entre ruta 72 y 51 se quemaron 18 autos en menos de 2 a\u00f1os. - Noticias Radio Reflejos","og_description":"Jorge Leguisa, jefe de bomberos del cuartel de Saldungaray, informa sobre el incendio del 10 de febrero en la Estancia Santo Tom\u00e1s, la dotaci\u00f3n de bomberos de Saldungaray enviada al sur a combatir el fuego y el fen\u00f3meno de incendios vehiculares dentro de su jurisdicci\u00f3n.","og_url":"https:\/\/www.noticiasradioreflejos.com.ar\/2021\/la-cruz-de-fuego-entre-ruta-72-y-51-se-quemaron-18-autos-en-menos-de-2-anos\/","og_site_name":"Noticias Radio Reflejos","article_published_time":"2025-02-11T18:22:00+00:00","article_modified_time":"2025-02-11T19:24:03+00:00","og_image":[{"width":900,"height":1005,"url":"https:\/\/www.noticiasradioreflejos.com.ar\/2021\/wp-content\/uploads\/2025\/02\/auto-quemado-Saldungaray.jpg","type":"image\/jpeg"}],"author":"Arnaldo Botto","twitter_card":"summary_large_image","schema":{"@context":"https:\/\/schema.org","@graph":[{"@type":"WebPage","@id":"https:\/\/www.noticiasradioreflejos.com.ar\/2021\/la-cruz-de-fuego-entre-ruta-72-y-51-se-quemaron-18-autos-en-menos-de-2-anos\/","url":"https:\/\/www.noticiasradioreflejos.com.ar\/2021\/la-cruz-de-fuego-entre-ruta-72-y-51-se-quemaron-18-autos-en-menos-de-2-anos\/","name":"\"La cruz de fuego\", entre ruta 72 y 51 se quemaron 18 autos en menos de 2 a\u00f1os. - Noticias Radio Reflejos","isPartOf":{"@id":"https:\/\/www.noticiasradioreflejos.com.ar\/2021\/#website"},"primaryImageOfPage":{"@id":"https:\/\/www.noticiasradioreflejos.com.ar\/2021\/la-cruz-de-fuego-entre-ruta-72-y-51-se-quemaron-18-autos-en-menos-de-2-anos\/#primaryimage"},"image":{"@id":"https:\/\/www.noticiasradioreflejos.com.ar\/2021\/la-cruz-de-fuego-entre-ruta-72-y-51-se-quemaron-18-autos-en-menos-de-2-anos\/#primaryimage"},"thumbnailUrl":"https:\/\/www.noticiasradioreflejos.com.ar\/2021\/wp-content\/uploads\/2025\/02\/WhatsApp-Image-2025-02-11-at-11.37.29.jpeg","datePublished":"2025-02-11T18:22:00+00:00","dateModified":"2025-02-11T19:24:03+00:00","author":{"@id":"https:\/\/www.noticiasradioreflejos.com.ar\/2021\/#\/schema\/person\/ad82545263dcc5ec0996818884fd5fb1"},"breadcrumb":{"@id":"https:\/\/www.noticiasradioreflejos.com.ar\/2021\/la-cruz-de-fuego-entre-ruta-72-y-51-se-quemaron-18-autos-en-menos-de-2-anos\/#breadcrumb"},"inLanguage":"es","potentialAction":[{"@type":"ReadAction","target":["https:\/\/www.noticiasradioreflejos.com.ar\/2021\/la-cruz-de-fuego-entre-ruta-72-y-51-se-quemaron-18-autos-en-menos-de-2-anos\/"]}]},{"@type":"ImageObject","inLanguage":"es","@id":"https:\/\/www.noticiasradioreflejos.com.ar\/2021\/la-cruz-de-fuego-entre-ruta-72-y-51-se-quemaron-18-autos-en-menos-de-2-anos\/#primaryimage","url":"","contentUrl":""},{"@type":"BreadcrumbList","@id":"https:\/\/www.noticiasradioreflejos.com.ar\/2021\/la-cruz-de-fuego-entre-ruta-72-y-51-se-quemaron-18-autos-en-menos-de-2-anos\/#breadcrumb","itemListElement":[{"@type":"ListItem","position":1,"name":"Portada","item":"https:\/\/www.noticiasradioreflejos.com.ar\/2021\/"},{"@type":"ListItem","position":2,"name":"\u00abLa cruz de fuego\u00bb, entre ruta 72 y 51 se quemaron 18 autos en menos de 2 a\u00f1os."}]},{"@type":"WebSite","@id":"https:\/\/www.noticiasradioreflejos.com.ar\/2021\/#website","url":"https:\/\/www.noticiasradioreflejos.com.ar\/2021\/","name":"Noticias Radio Reflejos","description":"Las noticias de mi comarca","potentialAction":[{"@type":"SearchAction","target":{"@type":"EntryPoint","urlTemplate":"https:\/\/www.noticiasradioreflejos.com.ar\/2021\/?s={search_term_string}"},"query-input":{"@type":"PropertyValueSpecification","valueRequired":true,"valueName":"search_term_string"}}],"inLanguage":"es"},{"@type":"Person","@id":"https:\/\/www.noticiasradioreflejos.com.ar\/2021\/#\/schema\/person\/ad82545263dcc5ec0996818884fd5fb1","name":"Arnaldo Botto","image":{"@type":"ImageObject","inLanguage":"es","@id":"https:\/\/www.noticiasradioreflejos.com.ar\/2021\/#\/schema\/person\/image\/","url":"https:\/\/secure.gravatar.com\/avatar\/55cb5e37c1efa326397366e6974cb338056df65cb50e7d64d1cf314e87504837?s=96&d=mm&r=g","contentUrl":"https:\/\/secure.gravatar.com\/avatar\/55cb5e37c1efa326397366e6974cb338056df65cb50e7d64d1cf314e87504837?s=96&d=mm&r=g","caption":"Arnaldo Botto"},"url":"https:\/\/www.noticiasradioreflejos.com.ar\/2021\/author\/arnaldo\/"}]}},"_links":{"self":[{"href":"https:\/\/www.noticiasradioreflejos.com.ar\/2021\/wp-json\/wp\/v2\/posts\/112498","targetHints":{"allow":["GET"]}}],"collection":[{"href":"https:\/\/www.noticiasradioreflejos.com.ar\/2021\/wp-json\/wp\/v2\/posts"}],"about":[{"href":"https:\/\/www.noticiasradioreflejos.com.ar\/2021\/wp-json\/wp\/v2\/types\/post"}],"author":[{"embeddable":true,"href":"https:\/\/www.noticiasradioreflejos.com.ar\/2021\/wp-json\/wp\/v2\/users\/3"}],"replies":[{"embeddable":true,"href":"https:\/\/www.noticiasradioreflejos.com.ar\/2021\/wp-json\/wp\/v2\/comments?post=112498"}],"version-history":[{"count":10,"href":"https:\/\/www.noticiasradioreflejos.com.ar\/2021\/wp-json\/wp\/v2\/posts\/112498\/revisions"}],"predecessor-version":[{"id":112521,"href":"https:\/\/www.noticiasradioreflejos.com.ar\/2021\/wp-json\/wp\/v2\/posts\/112498\/revisions\/112521"}],"wp:attachment":[{"href":"https:\/\/www.noticiasradioreflejos.com.ar\/2021\/wp-json\/wp\/v2\/media?parent=112498"}],"wp:term":[{"taxonomy":"category","embeddable":true,"href":"https:\/\/www.noticiasradioreflejos.com.ar\/2021\/wp-json\/wp\/v2\/categories?post=112498"},{"taxonomy":"post_tag","embeddable":true,"href":"https:\/\/www.noticiasradioreflejos.com.ar\/2021\/wp-json\/wp\/v2\/tags?post=112498"}],"curies":[{"name":"wp","href":"https:\/\/api.w.org\/{rel}","templated":true}]}}