{"id":112436,"date":"2025-02-10T16:14:22","date_gmt":"2025-02-10T19:14:22","guid":{"rendered":"https:\/\/www.noticiasradioreflejos.com.ar\/2021\/?p=112436"},"modified":"2025-02-10T16:14:22","modified_gmt":"2025-02-10T19:14:22","slug":"comienzan-los-entrenamientos-del-hockey-competitivo-en-el-club-ventana","status":"publish","type":"post","link":"https:\/\/www.noticiasradioreflejos.com.ar\/2021\/comienzan-los-entrenamientos-del-hockey-competitivo-en-el-club-ventana\/","title":{"rendered":"Comienzan los entrenamientos del hockey competitivo en el Club Ventana."},"content":{"rendered":"<p><strong>Nahuel Ianiello<\/strong>, coordinador general de hockey y seleccionador de la Asociaci\u00f3n del Sudoeste de Hockey, habl\u00f3 con<strong> FM Reflejos<\/strong> y dio las pautas para las categor\u00edas formativas y competitivas.<!--more--><\/p>\n<p>\u00abLa idea de hoy es empezar con las categor\u00edas competitivas de la competencia anual. Hoy lunes a las 17hs en Galileo\u00bb informa sobre c\u00f3mo arranca la actividad a partir del d\u00eda de la fecha. Agrega que las categor\u00edas formativas, iniciar\u00e1n las actividades luego del per\u00edodo de carnaval.<\/p>\n<p>Menciona c\u00f3mo estar\u00e1 conformado el cuerpo t\u00e9cnico; \u00abYo voy a estar haciendo la coordinaci\u00f3n general y, en competitiva, voy a estar entrenando. Me va a estar dando una mano mi hermana Meli Ianiello, mi hermana y en la preparaci\u00f3n f\u00edsica tenemos una dupla; Tom\u00e1s Trivellini y Nicol\u00e1s Cabral\u00bb.<\/p>\n<p>\u00abEn un pre listado habr\u00edan entre 25 y 30 de jugadoras alistadas\u00bb hace referencia a la cantidad de jugadoras que iniciar\u00e1n esta temporada, entre la matr\u00edcula del a\u00f1o anterior y las nuevas chicas que se suman al equipo. Agrega que, como opci\u00f3n por la falta de matr\u00edcula en alguna categor\u00eda podr\u00edan articular con otros clubes y as\u00ed completar los equipos competitivos, aunque refiere que para \u00e9l \u00abes una inc\u00f3gnita todav\u00eda, tenemos que ver con qu\u00e9 nos encontramos esta tarde\u00bb.<\/p>\n<p>Desarrolla una de las principales dificultades con la que cuenta el Club Ventana para el hockey y es que sus jugadoras no cuentan con cancha de c\u00e9sped sint\u00e9tico para realizar la actividad. \u00abEs una complicaci\u00f3n real, sobre todo para el crecimiento de la jugadora, porque llega un momento que toca un techo hasta donde se puede jugar\u00bb. Refiere que tambi\u00e9n utilizan un play\u00f3n cercano al club para poder compensar. Adem\u00e1s, debido a esto, siempre las jugadoras deben viajar para jugar de visitante y no desarrollar la actividad competitiva a nivel local. Se estima que la instalaci\u00f3n de una cancha de hockey de c\u00e9sped sint\u00e9tico rondar\u00eda los 60 mil d\u00f3lares, a valor del a\u00f1o pasado, sumado al previo trabajo de suelo que se necesita.<\/p>\n<p><strong>Nota completa a continuaci\u00f3n:<\/strong><br \/>\n<iframe loading=\"lazy\" src=\"https:\/\/w.soundcloud.com\/player\/?url=https%3A\/\/api.soundcloud.com\/tracks\/2030888588&amp;color=%23ff5500&amp;auto_play=false&amp;hide_related=false&amp;show_comments=true&amp;show_user=true&amp;show_reposts=false&amp;show_teaser=true&amp;visual=true\" width=\"100%\" height=\"300\" frameborder=\"no\" scrolling=\"no\"><\/iframe><\/p>\n<div style=\"font-size: 10px; color: #cccccc; line-break: anywhere; word-break: normal; overflow: hidden; white-space: nowrap; text-overflow: ellipsis; font-family: Interstate,Lucida Grande,Lucida Sans Unicode,Lucida Sans,Garuda,Verdana,Tahoma,sans-serif; font-weight: 100;\"><a style=\"color: #cccccc; text-decoration: none;\" title=\"fmreflejos 103.7\" href=\"https:\/\/soundcloud.com\/fmreflejos-103-7\" target=\"_blank\" rel=\"noopener\">fmreflejos 103.7<\/a> \u00b7 <a style=\"color: #cccccc; text-decoration: none;\" title=\"Nahuel Ianello\" href=\"https:\/\/soundcloud.com\/fmreflejos-103-7\/nahuel-ianello\" target=\"_blank\" rel=\"noopener\">Nahuel Ianello<\/a><\/div>\n<p><a title=\"WhatsApp Image 2025-02-10 at 14.58.03\" href=\"https:\/\/www.flickr.com\/photos\/182279889@N02\/54319406993\/in\/dateposted-public\/\" data-flickr-embed=\"true\"><img loading=\"lazy\" decoding=\"async\" class=\"aligncenter\" src=\"https:\/\/live.staticflickr.com\/65535\/54319406993_252ca0b259_z.jpg\" alt=\"WhatsApp Image 2025-02-10 at 14.58.03\" width=\"360\" height=\"640\" \/><\/a><script async src=\"\/\/embedr.flickr.com\/assets\/client-code.js\" charset=\"utf-8\"><\/script><\/p>\n","protected":false},"excerpt":{"rendered":"<p>Nahuel Ianiello, coordinador general de hockey y seleccionador de la Asociaci\u00f3n del Sudoeste de Hockey, habl\u00f3 con FM Reflejos y dio las pautas para las categor\u00edas formativas y competitivas.<\/p>\n","protected":false},"author":3,"featured_media":0,"comment_status":"closed","ping_status":"closed","sticky":false,"template":"","format":"standard","meta":{"footnotes":""},"categories":[27],"tags":[48],"class_list":["post-112436","post","type-post","status-publish","format-standard","hentry","category-deportes","tag-destacada"],"yoast_head":"<!-- This site is optimized with the Yoast SEO plugin v25.9 - https:\/\/yoast.com\/wordpress\/plugins\/seo\/ -->\n<title>Comienzan los entrenamientos del hockey competitivo en el Club Ventana. - Noticias Radio Reflejos<\/title>\n<meta name=\"robots\" content=\"index, follow, max-snippet:-1, max-image-preview:large, max-video-preview:-1\" \/>\n<link rel=\"canonical\" href=\"https:\/\/www.noticiasradioreflejos.com.ar\/2021\/comienzan-los-entrenamientos-del-hockey-competitivo-en-el-club-ventana\/\" \/>\n<meta property=\"og:locale\" content=\"es_ES\" \/>\n<meta property=\"og:type\" content=\"article\" \/>\n<meta property=\"og:title\" content=\"Comienzan los entrenamientos del hockey competitivo en el Club Ventana. - Noticias Radio Reflejos\" \/>\n<meta property=\"og:description\" content=\"Nahuel Ianiello, coordinador general de hockey y seleccionador de la Asociaci\u00f3n del Sudoeste de Hockey, habl\u00f3 con FM Reflejos y dio las pautas para las categor\u00edas formativas y competitivas.\" \/>\n<meta property=\"og:url\" content=\"https:\/\/www.noticiasradioreflejos.com.ar\/2021\/comienzan-los-entrenamientos-del-hockey-competitivo-en-el-club-ventana\/\" \/>\n<meta property=\"og:site_name\" content=\"Noticias Radio Reflejos\" \/>\n<meta property=\"article:published_time\" content=\"2025-02-10T19:14:22+00:00\" \/>\n<meta property=\"og:image\" content=\"https:\/\/live.staticflickr.com\/65535\/54319406993_252ca0b259_z.jpg\" \/>\n<meta name=\"author\" content=\"Arnaldo Botto\" \/>\n<meta name=\"twitter:card\" content=\"summary_large_image\" \/>\n<script type=\"application\/ld+json\" class=\"yoast-schema-graph\">{\"@context\":\"https:\/\/schema.org\",\"@graph\":[{\"@type\":\"WebPage\",\"@id\":\"https:\/\/www.noticiasradioreflejos.com.ar\/2021\/comienzan-los-entrenamientos-del-hockey-competitivo-en-el-club-ventana\/\",\"url\":\"https:\/\/www.noticiasradioreflejos.com.ar\/2021\/comienzan-los-entrenamientos-del-hockey-competitivo-en-el-club-ventana\/\",\"name\":\"Comienzan los entrenamientos del hockey competitivo en el Club Ventana. - Noticias Radio Reflejos\",\"isPartOf\":{\"@id\":\"https:\/\/www.noticiasradioreflejos.com.ar\/2021\/#website\"},\"primaryImageOfPage\":{\"@id\":\"https:\/\/www.noticiasradioreflejos.com.ar\/2021\/comienzan-los-entrenamientos-del-hockey-competitivo-en-el-club-ventana\/#primaryimage\"},\"image\":{\"@id\":\"https:\/\/www.noticiasradioreflejos.com.ar\/2021\/comienzan-los-entrenamientos-del-hockey-competitivo-en-el-club-ventana\/#primaryimage\"},\"thumbnailUrl\":\"https:\/\/live.staticflickr.com\/65535\/54319406993_252ca0b259_z.jpg\",\"datePublished\":\"2025-02-10T19:14:22+00:00\",\"author\":{\"@id\":\"https:\/\/www.noticiasradioreflejos.com.ar\/2021\/#\/schema\/person\/ad82545263dcc5ec0996818884fd5fb1\"},\"breadcrumb\":{\"@id\":\"https:\/\/www.noticiasradioreflejos.com.ar\/2021\/comienzan-los-entrenamientos-del-hockey-competitivo-en-el-club-ventana\/#breadcrumb\"},\"inLanguage\":\"es\",\"potentialAction\":[{\"@type\":\"ReadAction\",\"target\":[\"https:\/\/www.noticiasradioreflejos.com.ar\/2021\/comienzan-los-entrenamientos-del-hockey-competitivo-en-el-club-ventana\/\"]}]},{\"@type\":\"ImageObject\",\"inLanguage\":\"es\",\"@id\":\"https:\/\/www.noticiasradioreflejos.com.ar\/2021\/comienzan-los-entrenamientos-del-hockey-competitivo-en-el-club-ventana\/#primaryimage\",\"url\":\"https:\/\/live.staticflickr.com\/65535\/54319406993_252ca0b259_z.jpg\",\"contentUrl\":\"https:\/\/live.staticflickr.com\/65535\/54319406993_252ca0b259_z.jpg\"},{\"@type\":\"BreadcrumbList\",\"@id\":\"https:\/\/www.noticiasradioreflejos.com.ar\/2021\/comienzan-los-entrenamientos-del-hockey-competitivo-en-el-club-ventana\/#breadcrumb\",\"itemListElement\":[{\"@type\":\"ListItem\",\"position\":1,\"name\":\"Portada\",\"item\":\"https:\/\/www.noticiasradioreflejos.com.ar\/2021\/\"},{\"@type\":\"ListItem\",\"position\":2,\"name\":\"Comienzan los entrenamientos del hockey competitivo en el Club Ventana.\"}]},{\"@type\":\"WebSite\",\"@id\":\"https:\/\/www.noticiasradioreflejos.com.ar\/2021\/#website\",\"url\":\"https:\/\/www.noticiasradioreflejos.com.ar\/2021\/\",\"name\":\"Noticias Radio Reflejos\",\"description\":\"Las noticias de mi comarca\",\"potentialAction\":[{\"@type\":\"SearchAction\",\"target\":{\"@type\":\"EntryPoint\",\"urlTemplate\":\"https:\/\/www.noticiasradioreflejos.com.ar\/2021\/?s={search_term_string}\"},\"query-input\":{\"@type\":\"PropertyValueSpecification\",\"valueRequired\":true,\"valueName\":\"search_term_string\"}}],\"inLanguage\":\"es\"},{\"@type\":\"Person\",\"@id\":\"https:\/\/www.noticiasradioreflejos.com.ar\/2021\/#\/schema\/person\/ad82545263dcc5ec0996818884fd5fb1\",\"name\":\"Arnaldo Botto\",\"image\":{\"@type\":\"ImageObject\",\"inLanguage\":\"es\",\"@id\":\"https:\/\/www.noticiasradioreflejos.com.ar\/2021\/#\/schema\/person\/image\/\",\"url\":\"https:\/\/secure.gravatar.com\/avatar\/55cb5e37c1efa326397366e6974cb338056df65cb50e7d64d1cf314e87504837?s=96&d=mm&r=g\",\"contentUrl\":\"https:\/\/secure.gravatar.com\/avatar\/55cb5e37c1efa326397366e6974cb338056df65cb50e7d64d1cf314e87504837?s=96&d=mm&r=g\",\"caption\":\"Arnaldo Botto\"},\"url\":\"https:\/\/www.noticiasradioreflejos.com.ar\/2021\/author\/arnaldo\/\"}]}<\/script>\n<!-- \/ Yoast SEO plugin. -->","yoast_head_json":{"title":"Comienzan los entrenamientos del hockey competitivo en el Club Ventana. - Noticias Radio Reflejos","robots":{"index":"index","follow":"follow","max-snippet":"max-snippet:-1","max-image-preview":"max-image-preview:large","max-video-preview":"max-video-preview:-1"},"canonical":"https:\/\/www.noticiasradioreflejos.com.ar\/2021\/comienzan-los-entrenamientos-del-hockey-competitivo-en-el-club-ventana\/","og_locale":"es_ES","og_type":"article","og_title":"Comienzan los entrenamientos del hockey competitivo en el Club Ventana. - Noticias Radio Reflejos","og_description":"Nahuel Ianiello, coordinador general de hockey y seleccionador de la Asociaci\u00f3n del Sudoeste de Hockey, habl\u00f3 con FM Reflejos y dio las pautas para las categor\u00edas formativas y competitivas.","og_url":"https:\/\/www.noticiasradioreflejos.com.ar\/2021\/comienzan-los-entrenamientos-del-hockey-competitivo-en-el-club-ventana\/","og_site_name":"Noticias Radio Reflejos","article_published_time":"2025-02-10T19:14:22+00:00","og_image":[{"url":"https:\/\/live.staticflickr.com\/65535\/54319406993_252ca0b259_z.jpg","type":"","width":"","height":""}],"author":"Arnaldo Botto","twitter_card":"summary_large_image","schema":{"@context":"https:\/\/schema.org","@graph":[{"@type":"WebPage","@id":"https:\/\/www.noticiasradioreflejos.com.ar\/2021\/comienzan-los-entrenamientos-del-hockey-competitivo-en-el-club-ventana\/","url":"https:\/\/www.noticiasradioreflejos.com.ar\/2021\/comienzan-los-entrenamientos-del-hockey-competitivo-en-el-club-ventana\/","name":"Comienzan los entrenamientos del hockey competitivo en el Club Ventana. - Noticias Radio Reflejos","isPartOf":{"@id":"https:\/\/www.noticiasradioreflejos.com.ar\/2021\/#website"},"primaryImageOfPage":{"@id":"https:\/\/www.noticiasradioreflejos.com.ar\/2021\/comienzan-los-entrenamientos-del-hockey-competitivo-en-el-club-ventana\/#primaryimage"},"image":{"@id":"https:\/\/www.noticiasradioreflejos.com.ar\/2021\/comienzan-los-entrenamientos-del-hockey-competitivo-en-el-club-ventana\/#primaryimage"},"thumbnailUrl":"https:\/\/live.staticflickr.com\/65535\/54319406993_252ca0b259_z.jpg","datePublished":"2025-02-10T19:14:22+00:00","author":{"@id":"https:\/\/www.noticiasradioreflejos.com.ar\/2021\/#\/schema\/person\/ad82545263dcc5ec0996818884fd5fb1"},"breadcrumb":{"@id":"https:\/\/www.noticiasradioreflejos.com.ar\/2021\/comienzan-los-entrenamientos-del-hockey-competitivo-en-el-club-ventana\/#breadcrumb"},"inLanguage":"es","potentialAction":[{"@type":"ReadAction","target":["https:\/\/www.noticiasradioreflejos.com.ar\/2021\/comienzan-los-entrenamientos-del-hockey-competitivo-en-el-club-ventana\/"]}]},{"@type":"ImageObject","inLanguage":"es","@id":"https:\/\/www.noticiasradioreflejos.com.ar\/2021\/comienzan-los-entrenamientos-del-hockey-competitivo-en-el-club-ventana\/#primaryimage","url":"https:\/\/live.staticflickr.com\/65535\/54319406993_252ca0b259_z.jpg","contentUrl":"https:\/\/live.staticflickr.com\/65535\/54319406993_252ca0b259_z.jpg"},{"@type":"BreadcrumbList","@id":"https:\/\/www.noticiasradioreflejos.com.ar\/2021\/comienzan-los-entrenamientos-del-hockey-competitivo-en-el-club-ventana\/#breadcrumb","itemListElement":[{"@type":"ListItem","position":1,"name":"Portada","item":"https:\/\/www.noticiasradioreflejos.com.ar\/2021\/"},{"@type":"ListItem","position":2,"name":"Comienzan los entrenamientos del hockey competitivo en el Club Ventana."}]},{"@type":"WebSite","@id":"https:\/\/www.noticiasradioreflejos.com.ar\/2021\/#website","url":"https:\/\/www.noticiasradioreflejos.com.ar\/2021\/","name":"Noticias Radio Reflejos","description":"Las noticias de mi comarca","potentialAction":[{"@type":"SearchAction","target":{"@type":"EntryPoint","urlTemplate":"https:\/\/www.noticiasradioreflejos.com.ar\/2021\/?s={search_term_string}"},"query-input":{"@type":"PropertyValueSpecification","valueRequired":true,"valueName":"search_term_string"}}],"inLanguage":"es"},{"@type":"Person","@id":"https:\/\/www.noticiasradioreflejos.com.ar\/2021\/#\/schema\/person\/ad82545263dcc5ec0996818884fd5fb1","name":"Arnaldo Botto","image":{"@type":"ImageObject","inLanguage":"es","@id":"https:\/\/www.noticiasradioreflejos.com.ar\/2021\/#\/schema\/person\/image\/","url":"https:\/\/secure.gravatar.com\/avatar\/55cb5e37c1efa326397366e6974cb338056df65cb50e7d64d1cf314e87504837?s=96&d=mm&r=g","contentUrl":"https:\/\/secure.gravatar.com\/avatar\/55cb5e37c1efa326397366e6974cb338056df65cb50e7d64d1cf314e87504837?s=96&d=mm&r=g","caption":"Arnaldo Botto"},"url":"https:\/\/www.noticiasradioreflejos.com.ar\/2021\/author\/arnaldo\/"}]}},"_links":{"self":[{"href":"https:\/\/www.noticiasradioreflejos.com.ar\/2021\/wp-json\/wp\/v2\/posts\/112436","targetHints":{"allow":["GET"]}}],"collection":[{"href":"https:\/\/www.noticiasradioreflejos.com.ar\/2021\/wp-json\/wp\/v2\/posts"}],"about":[{"href":"https:\/\/www.noticiasradioreflejos.com.ar\/2021\/wp-json\/wp\/v2\/types\/post"}],"author":[{"embeddable":true,"href":"https:\/\/www.noticiasradioreflejos.com.ar\/2021\/wp-json\/wp\/v2\/users\/3"}],"replies":[{"embeddable":true,"href":"https:\/\/www.noticiasradioreflejos.com.ar\/2021\/wp-json\/wp\/v2\/comments?post=112436"}],"version-history":[{"count":3,"href":"https:\/\/www.noticiasradioreflejos.com.ar\/2021\/wp-json\/wp\/v2\/posts\/112436\/revisions"}],"predecessor-version":[{"id":112442,"href":"https:\/\/www.noticiasradioreflejos.com.ar\/2021\/wp-json\/wp\/v2\/posts\/112436\/revisions\/112442"}],"wp:attachment":[{"href":"https:\/\/www.noticiasradioreflejos.com.ar\/2021\/wp-json\/wp\/v2\/media?parent=112436"}],"wp:term":[{"taxonomy":"category","embeddable":true,"href":"https:\/\/www.noticiasradioreflejos.com.ar\/2021\/wp-json\/wp\/v2\/categories?post=112436"},{"taxonomy":"post_tag","embeddable":true,"href":"https:\/\/www.noticiasradioreflejos.com.ar\/2021\/wp-json\/wp\/v2\/tags?post=112436"}],"curies":[{"name":"wp","href":"https:\/\/api.w.org\/{rel}","templated":true}]}}