{"id":112309,"date":"2025-02-06T14:17:10","date_gmt":"2025-02-06T17:17:10","guid":{"rendered":"https:\/\/www.noticiasradioreflejos.com.ar\/2021\/?p=112309"},"modified":"2025-02-06T14:17:10","modified_gmt":"2025-02-06T17:17:10","slug":"el-adelantamiento-en-ruta-riesgo-de-choque-frontal-luchemos-por-la-vida","status":"publish","type":"post","link":"https:\/\/www.noticiasradioreflejos.com.ar\/2021\/el-adelantamiento-en-ruta-riesgo-de-choque-frontal-luchemos-por-la-vida\/","title":{"rendered":"El adelantamiento en ruta: riesgo de choque frontal &#8211; Luchemos por la vida"},"content":{"rendered":"<p>Tres personas (de 28, 62 y 71 a\u00f1os), fallecieron el domingo por la noche tras un choque frontal entre un Toyota Etios y un Ford Fiesta, en la ruta provincial 51, cerca del acceso a la localidad de Cabildo, provincia de Buenos Aires.<!--more--><\/p>\n<p>Tres adultos murieron y dos menores resultaron heridas el domingo por la madrugada en un violento choque frontal entre un Toyota Corolla y un Mercedes Benz, en la Ruta 12, cerca de la localidad de General Ram\u00edrez, Entre R\u00edos.*<\/p>\n<p>*Fuentes y foto A24, La Nueva, Diario Debate Preg\u00f3n<\/p>\n<p>Son solo dos de las tragedias viales que ocurrieron en nuestras rutas durante el fin de semana. Seis v\u00edctimas fatales.<\/p>\n<p>Graves siniestros cotidianos como estos, vuelven a poner en relieve la necesidad de extremar precauciones al volante, especialmente en rutas, por la noche o con poca visibilidad. Es fundamental generar conciencia sobre los peligros de conducir a altas velocidades o bajo los efectos de alcohol o sustancias que puedan alterar las capacidades al volante.<\/p>\n<p>La mayor\u00eda de los choques frontales ocurren en rutas de doble circulaci\u00f3n, muchas veces con un carril por sentido, en situaciones de adelantamiento, o porque un conductor se cruza al carril de la direcci\u00f3n contraria.<\/p>\n<p>El adelantamiento seguro en ruta<\/p>\n<p>Es muy dif\u00edcil calcular a qu\u00e9 velocidad vienen los veh\u00edculos en direcci\u00f3n contraria. Siempre hay que pensar que se necesita m\u00e1s distancia de la que se cree. Calcular el tiempo con holgura, y realizar la maniobra de adelantamiento s\u00f3lo cuando se disponga del doble de tiempo que se considere necesario.<\/p>\n<p>Tener en cuenta:<\/p>\n<ul>\n<li>Tratar de sobrepasar cuando no tiene circulaci\u00f3n en la mano contraria o cuando el veh\u00edculo que viene se ve indefinido y tan lejos que parece detenido.<\/li>\n<li>Si se puede ver que el veh\u00edculo se acerca, probablemente est\u00e1 demasiado cerca para empezar a sobrepasar.<\/li>\n<li>Si el camino tiene curvas o lomas, respetar la se\u00f1alizaci\u00f3n cuando proh\u00edbe adelantamientos, pero, aunque no est\u00e9 prohibido, no arriesgarse si no ve claramente hacia adelante.<\/li>\n<li>Nunca comenzar a pasar porque el veh\u00edculo que va adelante le hace se\u00f1ales manuales o con luces. Solamente adelantarse cuando se tenga suficiente visibilidad y se pueda juzgar por uno mismo la conveniencia de hacerlo.<\/li>\n<li>No olvidar que el adelantamiento debe ser por la izquierda.<\/li>\n<li>Ante la duda, esperar, no arriesgarse.<\/li>\n<li>Cuando se decide sobrepasar:<\/li>\n<li>Mirar hacia adelante y a los lados del camino y prepararse.<\/li>\n<li>Asegurarse de que el veh\u00edculo que se va a sobrepasar no tiene la misma intenci\u00f3n. En ese caso esperar.<\/li>\n<li>Mirar por los espejos retrovisores, verificar que ning\u00fan otro veh\u00edculo que venga detr\u00e1s haya iniciado un adelantamiento. En tal caso esperar.<\/li>\n<li>Encender la luz de giro izquierda para avisar a los que circular detr\u00e1s la intenci\u00f3n de sobrepasar.<\/li>\n<li>Adelantarse lo m\u00e1s r\u00e1pido posible sin exceder la velocidad m\u00e1xima permitida.<\/li>\n<li>Mantener amplia distancia lateral con el veh\u00edculo al que est\u00e1 pasando.<\/li>\n<li>Volver al carril de circulaci\u00f3n, con la luz de giro derecha encendida, una vez que se pueda ver todo el frente del coche que acaba de sobrepasar por el espejo retrovisor interior.<\/li>\n<li>Una vez en el carril, retomar la velocidad de circulaci\u00f3n, si es que se la ha aumentado para pasar.<\/li>\n<li>Nunca sobrepasar peg\u00e1ndose detr\u00e1s de otro veh\u00edculo que ya est\u00e1 haci\u00e9ndolo, ya que se tendr\u00e1 menos visibilidad y puede suceder que no se tenga lugar para reubicarse delante del veh\u00edculo sobrepasado.<\/li>\n<\/ul>\n<p>Fuente: Manual para la Conducci\u00f3n Segura de la Lic. Mar\u00eda Cristina Isoba, Luchemos por la Vida Asociaci\u00f3n Civil<\/p>\n","protected":false},"excerpt":{"rendered":"<p>Tres personas (de 28, 62 y 71 a\u00f1os), fallecieron el domingo por la noche tras un choque frontal entre un Toyota Etios y un Ford Fiesta, en la ruta provincial 51, cerca del acceso a la localidad de Cabildo, provincia de Buenos Aires.<\/p>\n","protected":false},"author":3,"featured_media":112310,"comment_status":"closed","ping_status":"closed","sticky":false,"template":"","format":"standard","meta":{"footnotes":""},"categories":[26],"tags":[],"class_list":["post-112309","post","type-post","status-publish","format-standard","has-post-thumbnail","hentry","category-sociedad"],"yoast_head":"<!-- This site is optimized with the Yoast SEO plugin v25.9 - https:\/\/yoast.com\/wordpress\/plugins\/seo\/ -->\n<title>El adelantamiento en ruta: riesgo de choque frontal - Luchemos por la vida - Noticias Radio Reflejos<\/title>\n<meta name=\"robots\" content=\"index, follow, max-snippet:-1, max-image-preview:large, max-video-preview:-1\" \/>\n<link rel=\"canonical\" href=\"https:\/\/www.noticiasradioreflejos.com.ar\/2021\/el-adelantamiento-en-ruta-riesgo-de-choque-frontal-luchemos-por-la-vida\/\" \/>\n<meta property=\"og:locale\" content=\"es_ES\" \/>\n<meta property=\"og:type\" content=\"article\" \/>\n<meta property=\"og:title\" content=\"El adelantamiento en ruta: riesgo de choque frontal - Luchemos por la vida - Noticias Radio Reflejos\" \/>\n<meta property=\"og:description\" content=\"Tres personas (de 28, 62 y 71 a\u00f1os), fallecieron el domingo por la noche tras un choque frontal entre un Toyota Etios y un Ford Fiesta, en la ruta provincial 51, cerca del acceso a la localidad de Cabildo, provincia de Buenos Aires.\" \/>\n<meta property=\"og:url\" content=\"https:\/\/www.noticiasradioreflejos.com.ar\/2021\/el-adelantamiento-en-ruta-riesgo-de-choque-frontal-luchemos-por-la-vida\/\" \/>\n<meta property=\"og:site_name\" content=\"Noticias Radio Reflejos\" \/>\n<meta property=\"article:published_time\" content=\"2025-02-06T17:17:10+00:00\" \/>\n<meta property=\"og:image\" content=\"https:\/\/www.noticiasradioreflejos.com.ar\/2021\/wp-content\/uploads\/2025\/02\/unnamed-1.jpg\" \/>\n\t<meta property=\"og:image:width\" content=\"768\" \/>\n\t<meta property=\"og:image:height\" content=\"512\" \/>\n\t<meta property=\"og:image:type\" content=\"image\/jpeg\" \/>\n<meta name=\"author\" content=\"Arnaldo Botto\" \/>\n<meta name=\"twitter:card\" content=\"summary_large_image\" \/>\n<script type=\"application\/ld+json\" class=\"yoast-schema-graph\">{\"@context\":\"https:\/\/schema.org\",\"@graph\":[{\"@type\":\"WebPage\",\"@id\":\"https:\/\/www.noticiasradioreflejos.com.ar\/2021\/el-adelantamiento-en-ruta-riesgo-de-choque-frontal-luchemos-por-la-vida\/\",\"url\":\"https:\/\/www.noticiasradioreflejos.com.ar\/2021\/el-adelantamiento-en-ruta-riesgo-de-choque-frontal-luchemos-por-la-vida\/\",\"name\":\"El adelantamiento en ruta: riesgo de choque frontal - Luchemos por la vida - Noticias Radio Reflejos\",\"isPartOf\":{\"@id\":\"https:\/\/www.noticiasradioreflejos.com.ar\/2021\/#website\"},\"primaryImageOfPage\":{\"@id\":\"https:\/\/www.noticiasradioreflejos.com.ar\/2021\/el-adelantamiento-en-ruta-riesgo-de-choque-frontal-luchemos-por-la-vida\/#primaryimage\"},\"image\":{\"@id\":\"https:\/\/www.noticiasradioreflejos.com.ar\/2021\/el-adelantamiento-en-ruta-riesgo-de-choque-frontal-luchemos-por-la-vida\/#primaryimage\"},\"thumbnailUrl\":\"https:\/\/www.noticiasradioreflejos.com.ar\/2021\/wp-content\/uploads\/2025\/02\/unnamed-1.jpg\",\"datePublished\":\"2025-02-06T17:17:10+00:00\",\"author\":{\"@id\":\"https:\/\/www.noticiasradioreflejos.com.ar\/2021\/#\/schema\/person\/ad82545263dcc5ec0996818884fd5fb1\"},\"breadcrumb\":{\"@id\":\"https:\/\/www.noticiasradioreflejos.com.ar\/2021\/el-adelantamiento-en-ruta-riesgo-de-choque-frontal-luchemos-por-la-vida\/#breadcrumb\"},\"inLanguage\":\"es\",\"potentialAction\":[{\"@type\":\"ReadAction\",\"target\":[\"https:\/\/www.noticiasradioreflejos.com.ar\/2021\/el-adelantamiento-en-ruta-riesgo-de-choque-frontal-luchemos-por-la-vida\/\"]}]},{\"@type\":\"ImageObject\",\"inLanguage\":\"es\",\"@id\":\"https:\/\/www.noticiasradioreflejos.com.ar\/2021\/el-adelantamiento-en-ruta-riesgo-de-choque-frontal-luchemos-por-la-vida\/#primaryimage\",\"url\":\"https:\/\/www.noticiasradioreflejos.com.ar\/2021\/wp-content\/uploads\/2025\/02\/unnamed-1.jpg\",\"contentUrl\":\"https:\/\/www.noticiasradioreflejos.com.ar\/2021\/wp-content\/uploads\/2025\/02\/unnamed-1.jpg\",\"width\":768,\"height\":512},{\"@type\":\"BreadcrumbList\",\"@id\":\"https:\/\/www.noticiasradioreflejos.com.ar\/2021\/el-adelantamiento-en-ruta-riesgo-de-choque-frontal-luchemos-por-la-vida\/#breadcrumb\",\"itemListElement\":[{\"@type\":\"ListItem\",\"position\":1,\"name\":\"Portada\",\"item\":\"https:\/\/www.noticiasradioreflejos.com.ar\/2021\/\"},{\"@type\":\"ListItem\",\"position\":2,\"name\":\"El adelantamiento en ruta: riesgo de choque frontal &#8211; Luchemos por la vida\"}]},{\"@type\":\"WebSite\",\"@id\":\"https:\/\/www.noticiasradioreflejos.com.ar\/2021\/#website\",\"url\":\"https:\/\/www.noticiasradioreflejos.com.ar\/2021\/\",\"name\":\"Noticias Radio Reflejos\",\"description\":\"Las noticias de mi comarca\",\"potentialAction\":[{\"@type\":\"SearchAction\",\"target\":{\"@type\":\"EntryPoint\",\"urlTemplate\":\"https:\/\/www.noticiasradioreflejos.com.ar\/2021\/?s={search_term_string}\"},\"query-input\":{\"@type\":\"PropertyValueSpecification\",\"valueRequired\":true,\"valueName\":\"search_term_string\"}}],\"inLanguage\":\"es\"},{\"@type\":\"Person\",\"@id\":\"https:\/\/www.noticiasradioreflejos.com.ar\/2021\/#\/schema\/person\/ad82545263dcc5ec0996818884fd5fb1\",\"name\":\"Arnaldo Botto\",\"image\":{\"@type\":\"ImageObject\",\"inLanguage\":\"es\",\"@id\":\"https:\/\/www.noticiasradioreflejos.com.ar\/2021\/#\/schema\/person\/image\/\",\"url\":\"https:\/\/secure.gravatar.com\/avatar\/55cb5e37c1efa326397366e6974cb338056df65cb50e7d64d1cf314e87504837?s=96&d=mm&r=g\",\"contentUrl\":\"https:\/\/secure.gravatar.com\/avatar\/55cb5e37c1efa326397366e6974cb338056df65cb50e7d64d1cf314e87504837?s=96&d=mm&r=g\",\"caption\":\"Arnaldo Botto\"},\"url\":\"https:\/\/www.noticiasradioreflejos.com.ar\/2021\/author\/arnaldo\/\"}]}<\/script>\n<!-- \/ Yoast SEO plugin. -->","yoast_head_json":{"title":"El adelantamiento en ruta: riesgo de choque frontal - Luchemos por la vida - Noticias Radio Reflejos","robots":{"index":"index","follow":"follow","max-snippet":"max-snippet:-1","max-image-preview":"max-image-preview:large","max-video-preview":"max-video-preview:-1"},"canonical":"https:\/\/www.noticiasradioreflejos.com.ar\/2021\/el-adelantamiento-en-ruta-riesgo-de-choque-frontal-luchemos-por-la-vida\/","og_locale":"es_ES","og_type":"article","og_title":"El adelantamiento en ruta: riesgo de choque frontal - Luchemos por la vida - Noticias Radio Reflejos","og_description":"Tres personas (de 28, 62 y 71 a\u00f1os), fallecieron el domingo por la noche tras un choque frontal entre un Toyota Etios y un Ford Fiesta, en la ruta provincial 51, cerca del acceso a la localidad de Cabildo, provincia de Buenos Aires.","og_url":"https:\/\/www.noticiasradioreflejos.com.ar\/2021\/el-adelantamiento-en-ruta-riesgo-de-choque-frontal-luchemos-por-la-vida\/","og_site_name":"Noticias Radio Reflejos","article_published_time":"2025-02-06T17:17:10+00:00","og_image":[{"width":768,"height":512,"url":"https:\/\/www.noticiasradioreflejos.com.ar\/2021\/wp-content\/uploads\/2025\/02\/unnamed-1.jpg","type":"image\/jpeg"}],"author":"Arnaldo Botto","twitter_card":"summary_large_image","schema":{"@context":"https:\/\/schema.org","@graph":[{"@type":"WebPage","@id":"https:\/\/www.noticiasradioreflejos.com.ar\/2021\/el-adelantamiento-en-ruta-riesgo-de-choque-frontal-luchemos-por-la-vida\/","url":"https:\/\/www.noticiasradioreflejos.com.ar\/2021\/el-adelantamiento-en-ruta-riesgo-de-choque-frontal-luchemos-por-la-vida\/","name":"El adelantamiento en ruta: riesgo de choque frontal - Luchemos por la vida - Noticias Radio Reflejos","isPartOf":{"@id":"https:\/\/www.noticiasradioreflejos.com.ar\/2021\/#website"},"primaryImageOfPage":{"@id":"https:\/\/www.noticiasradioreflejos.com.ar\/2021\/el-adelantamiento-en-ruta-riesgo-de-choque-frontal-luchemos-por-la-vida\/#primaryimage"},"image":{"@id":"https:\/\/www.noticiasradioreflejos.com.ar\/2021\/el-adelantamiento-en-ruta-riesgo-de-choque-frontal-luchemos-por-la-vida\/#primaryimage"},"thumbnailUrl":"https:\/\/www.noticiasradioreflejos.com.ar\/2021\/wp-content\/uploads\/2025\/02\/unnamed-1.jpg","datePublished":"2025-02-06T17:17:10+00:00","author":{"@id":"https:\/\/www.noticiasradioreflejos.com.ar\/2021\/#\/schema\/person\/ad82545263dcc5ec0996818884fd5fb1"},"breadcrumb":{"@id":"https:\/\/www.noticiasradioreflejos.com.ar\/2021\/el-adelantamiento-en-ruta-riesgo-de-choque-frontal-luchemos-por-la-vida\/#breadcrumb"},"inLanguage":"es","potentialAction":[{"@type":"ReadAction","target":["https:\/\/www.noticiasradioreflejos.com.ar\/2021\/el-adelantamiento-en-ruta-riesgo-de-choque-frontal-luchemos-por-la-vida\/"]}]},{"@type":"ImageObject","inLanguage":"es","@id":"https:\/\/www.noticiasradioreflejos.com.ar\/2021\/el-adelantamiento-en-ruta-riesgo-de-choque-frontal-luchemos-por-la-vida\/#primaryimage","url":"https:\/\/www.noticiasradioreflejos.com.ar\/2021\/wp-content\/uploads\/2025\/02\/unnamed-1.jpg","contentUrl":"https:\/\/www.noticiasradioreflejos.com.ar\/2021\/wp-content\/uploads\/2025\/02\/unnamed-1.jpg","width":768,"height":512},{"@type":"BreadcrumbList","@id":"https:\/\/www.noticiasradioreflejos.com.ar\/2021\/el-adelantamiento-en-ruta-riesgo-de-choque-frontal-luchemos-por-la-vida\/#breadcrumb","itemListElement":[{"@type":"ListItem","position":1,"name":"Portada","item":"https:\/\/www.noticiasradioreflejos.com.ar\/2021\/"},{"@type":"ListItem","position":2,"name":"El adelantamiento en ruta: riesgo de choque frontal &#8211; Luchemos por la vida"}]},{"@type":"WebSite","@id":"https:\/\/www.noticiasradioreflejos.com.ar\/2021\/#website","url":"https:\/\/www.noticiasradioreflejos.com.ar\/2021\/","name":"Noticias Radio Reflejos","description":"Las noticias de mi comarca","potentialAction":[{"@type":"SearchAction","target":{"@type":"EntryPoint","urlTemplate":"https:\/\/www.noticiasradioreflejos.com.ar\/2021\/?s={search_term_string}"},"query-input":{"@type":"PropertyValueSpecification","valueRequired":true,"valueName":"search_term_string"}}],"inLanguage":"es"},{"@type":"Person","@id":"https:\/\/www.noticiasradioreflejos.com.ar\/2021\/#\/schema\/person\/ad82545263dcc5ec0996818884fd5fb1","name":"Arnaldo Botto","image":{"@type":"ImageObject","inLanguage":"es","@id":"https:\/\/www.noticiasradioreflejos.com.ar\/2021\/#\/schema\/person\/image\/","url":"https:\/\/secure.gravatar.com\/avatar\/55cb5e37c1efa326397366e6974cb338056df65cb50e7d64d1cf314e87504837?s=96&d=mm&r=g","contentUrl":"https:\/\/secure.gravatar.com\/avatar\/55cb5e37c1efa326397366e6974cb338056df65cb50e7d64d1cf314e87504837?s=96&d=mm&r=g","caption":"Arnaldo Botto"},"url":"https:\/\/www.noticiasradioreflejos.com.ar\/2021\/author\/arnaldo\/"}]}},"_links":{"self":[{"href":"https:\/\/www.noticiasradioreflejos.com.ar\/2021\/wp-json\/wp\/v2\/posts\/112309","targetHints":{"allow":["GET"]}}],"collection":[{"href":"https:\/\/www.noticiasradioreflejos.com.ar\/2021\/wp-json\/wp\/v2\/posts"}],"about":[{"href":"https:\/\/www.noticiasradioreflejos.com.ar\/2021\/wp-json\/wp\/v2\/types\/post"}],"author":[{"embeddable":true,"href":"https:\/\/www.noticiasradioreflejos.com.ar\/2021\/wp-json\/wp\/v2\/users\/3"}],"replies":[{"embeddable":true,"href":"https:\/\/www.noticiasradioreflejos.com.ar\/2021\/wp-json\/wp\/v2\/comments?post=112309"}],"version-history":[{"count":1,"href":"https:\/\/www.noticiasradioreflejos.com.ar\/2021\/wp-json\/wp\/v2\/posts\/112309\/revisions"}],"predecessor-version":[{"id":112311,"href":"https:\/\/www.noticiasradioreflejos.com.ar\/2021\/wp-json\/wp\/v2\/posts\/112309\/revisions\/112311"}],"wp:featuredmedia":[{"embeddable":true,"href":"https:\/\/www.noticiasradioreflejos.com.ar\/2021\/wp-json\/wp\/v2\/media\/112310"}],"wp:attachment":[{"href":"https:\/\/www.noticiasradioreflejos.com.ar\/2021\/wp-json\/wp\/v2\/media?parent=112309"}],"wp:term":[{"taxonomy":"category","embeddable":true,"href":"https:\/\/www.noticiasradioreflejos.com.ar\/2021\/wp-json\/wp\/v2\/categories?post=112309"},{"taxonomy":"post_tag","embeddable":true,"href":"https:\/\/www.noticiasradioreflejos.com.ar\/2021\/wp-json\/wp\/v2\/tags?post=112309"}],"curies":[{"name":"wp","href":"https:\/\/api.w.org\/{rel}","templated":true}]}}