{"id":112275,"date":"2025-02-05T13:30:49","date_gmt":"2025-02-05T16:30:49","guid":{"rendered":"https:\/\/www.noticiasradioreflejos.com.ar\/2021\/?p=112275"},"modified":"2025-02-05T13:38:03","modified_gmt":"2025-02-05T16:38:03","slug":"avanza-el-proyecto-de-las-viviendas-para-sierra-de-la-ventana","status":"publish","type":"post","link":"https:\/\/www.noticiasradioreflejos.com.ar\/2021\/avanza-el-proyecto-de-las-viviendas-para-sierra-de-la-ventana\/","title":{"rendered":"Avanza el proyecto de las viviendas para Sierra de la Ventana"},"content":{"rendered":"<p>El Intendente Municipal Sergio Bordoni, acompa\u00f1ado de su equipo de trabajo, mantuvo una reuni\u00f3n con la Ministra de H\u00e1bitat y Desarrollo Urbano de la Provincia de Buenos Aires, Silvina Batakis con el objetivo de avanzar en el proyecto de construcci\u00f3n de 20 nuevas viviendas en la localidad de Sierra de la Ventana. <!--more--><\/p>\n<p>Durante el encuentro, se dialog\u00f3 sobre la importancia de seguir fortaleciendo las pol\u00edticas habitacionales en el distrito y la necesidad de seguir dando respuesta a la demanda de los vecinos en t\u00e9rminos de acceso a la vivienda digna.<\/p>\n<p>El proyecto en Sierra de la Ventana es una iniciativa clave para continuar con el desarrollo urbano, brindando soluciones habitacionales a familias locales. En este sentido, tambi\u00e9n se destac\u00f3 el avance de las obras en otras localidades del distrito, como las 32 viviendas pr\u00f3ximas a entregarse en Tornquist y las 38 que a\u00fan se encuentran en ejecuci\u00f3n.<\/p>\n<p>El jefe comunal agradeci\u00f3 el apoyo de la Ministra y su equipo, y expres\u00f3 su satisfacci\u00f3n por el trabajo conjunto que se viene realizando entre el gobierno local y provincial, impulsando el desarrollo habitacional del distrito de Tornquist y mejorando la calidad de vida de los vecinos.<\/p>\n<p>Participaron del encuentro, el Administrador General del Instituto de la Vivienda, Diego Men\u00e9ndez, el Secretario de Gobierno y Gesti\u00f3n P\u00fablica, Bruno Zacconi y el Secretario de Obras y Servicios P\u00fablicos, Bruno P\u00e1ez.<\/p>\n","protected":false},"excerpt":{"rendered":"<p>El Intendente Municipal Sergio Bordoni, acompa\u00f1ado de su equipo de trabajo, mantuvo una reuni\u00f3n con la Ministra de H\u00e1bitat y Desarrollo Urbano de la Provincia de Buenos Aires, Silvina Batakis con el objetivo de avanzar en el proyecto de construcci\u00f3n de 20 nuevas viviendas en la localidad de Sierra de la Ventana.<\/p>\n","protected":false},"author":3,"featured_media":112276,"comment_status":"closed","ping_status":"closed","sticky":false,"template":"","format":"standard","meta":{"footnotes":""},"categories":[28],"tags":[48],"class_list":["post-112275","post","type-post","status-publish","format-standard","has-post-thumbnail","hentry","category-municipales","tag-destacada"],"yoast_head":"<!-- This site is optimized with the Yoast SEO plugin v25.9 - https:\/\/yoast.com\/wordpress\/plugins\/seo\/ -->\n<title>Avanza el proyecto de las viviendas para Sierra de la Ventana - Noticias Radio Reflejos<\/title>\n<meta name=\"robots\" content=\"index, follow, max-snippet:-1, max-image-preview:large, max-video-preview:-1\" \/>\n<link rel=\"canonical\" href=\"https:\/\/www.noticiasradioreflejos.com.ar\/2021\/avanza-el-proyecto-de-las-viviendas-para-sierra-de-la-ventana\/\" \/>\n<meta property=\"og:locale\" content=\"es_ES\" \/>\n<meta property=\"og:type\" content=\"article\" \/>\n<meta property=\"og:title\" content=\"Avanza el proyecto de las viviendas para Sierra de la Ventana - Noticias Radio Reflejos\" \/>\n<meta property=\"og:description\" content=\"El Intendente Municipal Sergio Bordoni, acompa\u00f1ado de su equipo de trabajo, mantuvo una reuni\u00f3n con la Ministra de H\u00e1bitat y Desarrollo Urbano de la Provincia de Buenos Aires, Silvina Batakis con el objetivo de avanzar en el proyecto de construcci\u00f3n de 20 nuevas viviendas en la localidad de Sierra de la Ventana.\" \/>\n<meta property=\"og:url\" content=\"https:\/\/www.noticiasradioreflejos.com.ar\/2021\/avanza-el-proyecto-de-las-viviendas-para-sierra-de-la-ventana\/\" \/>\n<meta property=\"og:site_name\" content=\"Noticias Radio Reflejos\" \/>\n<meta property=\"article:published_time\" content=\"2025-02-05T16:30:49+00:00\" \/>\n<meta property=\"article:modified_time\" content=\"2025-02-05T16:38:03+00:00\" \/>\n<meta property=\"og:image\" content=\"https:\/\/www.noticiasradioreflejos.com.ar\/2021\/wp-content\/uploads\/2025\/02\/gestionviviendas-scaled.jpg\" \/>\n\t<meta property=\"og:image:width\" content=\"2560\" \/>\n\t<meta property=\"og:image:height\" content=\"1540\" \/>\n\t<meta property=\"og:image:type\" content=\"image\/jpeg\" \/>\n<meta name=\"author\" content=\"Arnaldo Botto\" \/>\n<meta name=\"twitter:card\" content=\"summary_large_image\" \/>\n<script type=\"application\/ld+json\" class=\"yoast-schema-graph\">{\"@context\":\"https:\/\/schema.org\",\"@graph\":[{\"@type\":\"WebPage\",\"@id\":\"https:\/\/www.noticiasradioreflejos.com.ar\/2021\/avanza-el-proyecto-de-las-viviendas-para-sierra-de-la-ventana\/\",\"url\":\"https:\/\/www.noticiasradioreflejos.com.ar\/2021\/avanza-el-proyecto-de-las-viviendas-para-sierra-de-la-ventana\/\",\"name\":\"Avanza el proyecto de las viviendas para Sierra de la Ventana - Noticias Radio Reflejos\",\"isPartOf\":{\"@id\":\"https:\/\/www.noticiasradioreflejos.com.ar\/2021\/#website\"},\"primaryImageOfPage\":{\"@id\":\"https:\/\/www.noticiasradioreflejos.com.ar\/2021\/avanza-el-proyecto-de-las-viviendas-para-sierra-de-la-ventana\/#primaryimage\"},\"image\":{\"@id\":\"https:\/\/www.noticiasradioreflejos.com.ar\/2021\/avanza-el-proyecto-de-las-viviendas-para-sierra-de-la-ventana\/#primaryimage\"},\"thumbnailUrl\":\"https:\/\/www.noticiasradioreflejos.com.ar\/2021\/wp-content\/uploads\/2025\/02\/gestionviviendas-scaled.jpg\",\"datePublished\":\"2025-02-05T16:30:49+00:00\",\"dateModified\":\"2025-02-05T16:38:03+00:00\",\"author\":{\"@id\":\"https:\/\/www.noticiasradioreflejos.com.ar\/2021\/#\/schema\/person\/ad82545263dcc5ec0996818884fd5fb1\"},\"breadcrumb\":{\"@id\":\"https:\/\/www.noticiasradioreflejos.com.ar\/2021\/avanza-el-proyecto-de-las-viviendas-para-sierra-de-la-ventana\/#breadcrumb\"},\"inLanguage\":\"es\",\"potentialAction\":[{\"@type\":\"ReadAction\",\"target\":[\"https:\/\/www.noticiasradioreflejos.com.ar\/2021\/avanza-el-proyecto-de-las-viviendas-para-sierra-de-la-ventana\/\"]}]},{\"@type\":\"ImageObject\",\"inLanguage\":\"es\",\"@id\":\"https:\/\/www.noticiasradioreflejos.com.ar\/2021\/avanza-el-proyecto-de-las-viviendas-para-sierra-de-la-ventana\/#primaryimage\",\"url\":\"https:\/\/www.noticiasradioreflejos.com.ar\/2021\/wp-content\/uploads\/2025\/02\/gestionviviendas-scaled.jpg\",\"contentUrl\":\"https:\/\/www.noticiasradioreflejos.com.ar\/2021\/wp-content\/uploads\/2025\/02\/gestionviviendas-scaled.jpg\",\"width\":2560,\"height\":1540},{\"@type\":\"BreadcrumbList\",\"@id\":\"https:\/\/www.noticiasradioreflejos.com.ar\/2021\/avanza-el-proyecto-de-las-viviendas-para-sierra-de-la-ventana\/#breadcrumb\",\"itemListElement\":[{\"@type\":\"ListItem\",\"position\":1,\"name\":\"Portada\",\"item\":\"https:\/\/www.noticiasradioreflejos.com.ar\/2021\/\"},{\"@type\":\"ListItem\",\"position\":2,\"name\":\"Avanza el proyecto de las viviendas para Sierra de la Ventana\"}]},{\"@type\":\"WebSite\",\"@id\":\"https:\/\/www.noticiasradioreflejos.com.ar\/2021\/#website\",\"url\":\"https:\/\/www.noticiasradioreflejos.com.ar\/2021\/\",\"name\":\"Noticias Radio Reflejos\",\"description\":\"Las noticias de mi comarca\",\"potentialAction\":[{\"@type\":\"SearchAction\",\"target\":{\"@type\":\"EntryPoint\",\"urlTemplate\":\"https:\/\/www.noticiasradioreflejos.com.ar\/2021\/?s={search_term_string}\"},\"query-input\":{\"@type\":\"PropertyValueSpecification\",\"valueRequired\":true,\"valueName\":\"search_term_string\"}}],\"inLanguage\":\"es\"},{\"@type\":\"Person\",\"@id\":\"https:\/\/www.noticiasradioreflejos.com.ar\/2021\/#\/schema\/person\/ad82545263dcc5ec0996818884fd5fb1\",\"name\":\"Arnaldo Botto\",\"image\":{\"@type\":\"ImageObject\",\"inLanguage\":\"es\",\"@id\":\"https:\/\/www.noticiasradioreflejos.com.ar\/2021\/#\/schema\/person\/image\/\",\"url\":\"https:\/\/secure.gravatar.com\/avatar\/55cb5e37c1efa326397366e6974cb338056df65cb50e7d64d1cf314e87504837?s=96&d=mm&r=g\",\"contentUrl\":\"https:\/\/secure.gravatar.com\/avatar\/55cb5e37c1efa326397366e6974cb338056df65cb50e7d64d1cf314e87504837?s=96&d=mm&r=g\",\"caption\":\"Arnaldo Botto\"},\"url\":\"https:\/\/www.noticiasradioreflejos.com.ar\/2021\/author\/arnaldo\/\"}]}<\/script>\n<!-- \/ Yoast SEO plugin. -->","yoast_head_json":{"title":"Avanza el proyecto de las viviendas para Sierra de la Ventana - Noticias Radio Reflejos","robots":{"index":"index","follow":"follow","max-snippet":"max-snippet:-1","max-image-preview":"max-image-preview:large","max-video-preview":"max-video-preview:-1"},"canonical":"https:\/\/www.noticiasradioreflejos.com.ar\/2021\/avanza-el-proyecto-de-las-viviendas-para-sierra-de-la-ventana\/","og_locale":"es_ES","og_type":"article","og_title":"Avanza el proyecto de las viviendas para Sierra de la Ventana - Noticias Radio Reflejos","og_description":"El Intendente Municipal Sergio Bordoni, acompa\u00f1ado de su equipo de trabajo, mantuvo una reuni\u00f3n con la Ministra de H\u00e1bitat y Desarrollo Urbano de la Provincia de Buenos Aires, Silvina Batakis con el objetivo de avanzar en el proyecto de construcci\u00f3n de 20 nuevas viviendas en la localidad de Sierra de la Ventana.","og_url":"https:\/\/www.noticiasradioreflejos.com.ar\/2021\/avanza-el-proyecto-de-las-viviendas-para-sierra-de-la-ventana\/","og_site_name":"Noticias Radio Reflejos","article_published_time":"2025-02-05T16:30:49+00:00","article_modified_time":"2025-02-05T16:38:03+00:00","og_image":[{"width":2560,"height":1540,"url":"https:\/\/www.noticiasradioreflejos.com.ar\/2021\/wp-content\/uploads\/2025\/02\/gestionviviendas-scaled.jpg","type":"image\/jpeg"}],"author":"Arnaldo Botto","twitter_card":"summary_large_image","schema":{"@context":"https:\/\/schema.org","@graph":[{"@type":"WebPage","@id":"https:\/\/www.noticiasradioreflejos.com.ar\/2021\/avanza-el-proyecto-de-las-viviendas-para-sierra-de-la-ventana\/","url":"https:\/\/www.noticiasradioreflejos.com.ar\/2021\/avanza-el-proyecto-de-las-viviendas-para-sierra-de-la-ventana\/","name":"Avanza el proyecto de las viviendas para Sierra de la Ventana - Noticias Radio Reflejos","isPartOf":{"@id":"https:\/\/www.noticiasradioreflejos.com.ar\/2021\/#website"},"primaryImageOfPage":{"@id":"https:\/\/www.noticiasradioreflejos.com.ar\/2021\/avanza-el-proyecto-de-las-viviendas-para-sierra-de-la-ventana\/#primaryimage"},"image":{"@id":"https:\/\/www.noticiasradioreflejos.com.ar\/2021\/avanza-el-proyecto-de-las-viviendas-para-sierra-de-la-ventana\/#primaryimage"},"thumbnailUrl":"https:\/\/www.noticiasradioreflejos.com.ar\/2021\/wp-content\/uploads\/2025\/02\/gestionviviendas-scaled.jpg","datePublished":"2025-02-05T16:30:49+00:00","dateModified":"2025-02-05T16:38:03+00:00","author":{"@id":"https:\/\/www.noticiasradioreflejos.com.ar\/2021\/#\/schema\/person\/ad82545263dcc5ec0996818884fd5fb1"},"breadcrumb":{"@id":"https:\/\/www.noticiasradioreflejos.com.ar\/2021\/avanza-el-proyecto-de-las-viviendas-para-sierra-de-la-ventana\/#breadcrumb"},"inLanguage":"es","potentialAction":[{"@type":"ReadAction","target":["https:\/\/www.noticiasradioreflejos.com.ar\/2021\/avanza-el-proyecto-de-las-viviendas-para-sierra-de-la-ventana\/"]}]},{"@type":"ImageObject","inLanguage":"es","@id":"https:\/\/www.noticiasradioreflejos.com.ar\/2021\/avanza-el-proyecto-de-las-viviendas-para-sierra-de-la-ventana\/#primaryimage","url":"https:\/\/www.noticiasradioreflejos.com.ar\/2021\/wp-content\/uploads\/2025\/02\/gestionviviendas-scaled.jpg","contentUrl":"https:\/\/www.noticiasradioreflejos.com.ar\/2021\/wp-content\/uploads\/2025\/02\/gestionviviendas-scaled.jpg","width":2560,"height":1540},{"@type":"BreadcrumbList","@id":"https:\/\/www.noticiasradioreflejos.com.ar\/2021\/avanza-el-proyecto-de-las-viviendas-para-sierra-de-la-ventana\/#breadcrumb","itemListElement":[{"@type":"ListItem","position":1,"name":"Portada","item":"https:\/\/www.noticiasradioreflejos.com.ar\/2021\/"},{"@type":"ListItem","position":2,"name":"Avanza el proyecto de las viviendas para Sierra de la Ventana"}]},{"@type":"WebSite","@id":"https:\/\/www.noticiasradioreflejos.com.ar\/2021\/#website","url":"https:\/\/www.noticiasradioreflejos.com.ar\/2021\/","name":"Noticias Radio Reflejos","description":"Las noticias de mi comarca","potentialAction":[{"@type":"SearchAction","target":{"@type":"EntryPoint","urlTemplate":"https:\/\/www.noticiasradioreflejos.com.ar\/2021\/?s={search_term_string}"},"query-input":{"@type":"PropertyValueSpecification","valueRequired":true,"valueName":"search_term_string"}}],"inLanguage":"es"},{"@type":"Person","@id":"https:\/\/www.noticiasradioreflejos.com.ar\/2021\/#\/schema\/person\/ad82545263dcc5ec0996818884fd5fb1","name":"Arnaldo Botto","image":{"@type":"ImageObject","inLanguage":"es","@id":"https:\/\/www.noticiasradioreflejos.com.ar\/2021\/#\/schema\/person\/image\/","url":"https:\/\/secure.gravatar.com\/avatar\/55cb5e37c1efa326397366e6974cb338056df65cb50e7d64d1cf314e87504837?s=96&d=mm&r=g","contentUrl":"https:\/\/secure.gravatar.com\/avatar\/55cb5e37c1efa326397366e6974cb338056df65cb50e7d64d1cf314e87504837?s=96&d=mm&r=g","caption":"Arnaldo Botto"},"url":"https:\/\/www.noticiasradioreflejos.com.ar\/2021\/author\/arnaldo\/"}]}},"_links":{"self":[{"href":"https:\/\/www.noticiasradioreflejos.com.ar\/2021\/wp-json\/wp\/v2\/posts\/112275","targetHints":{"allow":["GET"]}}],"collection":[{"href":"https:\/\/www.noticiasradioreflejos.com.ar\/2021\/wp-json\/wp\/v2\/posts"}],"about":[{"href":"https:\/\/www.noticiasradioreflejos.com.ar\/2021\/wp-json\/wp\/v2\/types\/post"}],"author":[{"embeddable":true,"href":"https:\/\/www.noticiasradioreflejos.com.ar\/2021\/wp-json\/wp\/v2\/users\/3"}],"replies":[{"embeddable":true,"href":"https:\/\/www.noticiasradioreflejos.com.ar\/2021\/wp-json\/wp\/v2\/comments?post=112275"}],"version-history":[{"count":2,"href":"https:\/\/www.noticiasradioreflejos.com.ar\/2021\/wp-json\/wp\/v2\/posts\/112275\/revisions"}],"predecessor-version":[{"id":112286,"href":"https:\/\/www.noticiasradioreflejos.com.ar\/2021\/wp-json\/wp\/v2\/posts\/112275\/revisions\/112286"}],"wp:featuredmedia":[{"embeddable":true,"href":"https:\/\/www.noticiasradioreflejos.com.ar\/2021\/wp-json\/wp\/v2\/media\/112276"}],"wp:attachment":[{"href":"https:\/\/www.noticiasradioreflejos.com.ar\/2021\/wp-json\/wp\/v2\/media?parent=112275"}],"wp:term":[{"taxonomy":"category","embeddable":true,"href":"https:\/\/www.noticiasradioreflejos.com.ar\/2021\/wp-json\/wp\/v2\/categories?post=112275"},{"taxonomy":"post_tag","embeddable":true,"href":"https:\/\/www.noticiasradioreflejos.com.ar\/2021\/wp-json\/wp\/v2\/tags?post=112275"}],"curies":[{"name":"wp","href":"https:\/\/api.w.org\/{rel}","templated":true}]}}