{"id":112252,"date":"2025-02-04T16:02:26","date_gmt":"2025-02-04T19:02:26","guid":{"rendered":"https:\/\/www.noticiasradioreflejos.com.ar\/2021\/?p=112252"},"modified":"2025-02-04T16:02:26","modified_gmt":"2025-02-04T19:02:26","slug":"la-ansv-solicito-la-suspension-de-los-dos-conductores-que-protagonizaron-una-pelea-en-plena-autopista-buenos-aires-la-plata","status":"publish","type":"post","link":"https:\/\/www.noticiasradioreflejos.com.ar\/2021\/la-ansv-solicito-la-suspension-de-los-dos-conductores-que-protagonizaron-una-pelea-en-plena-autopista-buenos-aires-la-plata\/","title":{"rendered":"La ANSV solicit\u00f3 la suspensi\u00f3n de los dos conductores que protagonizaron una pelea en plena autopista Buenos Aires &#8211; La Plata"},"content":{"rendered":"<p>La Agencia Nacional de Seguridad Vial (ANSV) solicit\u00f3 la suspensi\u00f3n de la licencia de los dos conductores que ayer se pelearon durante varios metros sobre la autopista Buenos Aires &#8211; La Plata. Las im\u00e1genes se viralizaron por redes sociales, donde se puede ver c\u00f3mo se persiguen, encierran y hasta c\u00f3mo se rozan en la llegada al Peaje Hudson. <\/p>\n<p>El pedido de suspensi\u00f3n de la ANSV fue enviado a las autoridades del Ministerio de Transporte de la provincia de Buenos Aires, donde tienen radicados sus domicilios. Los responsables deber\u00e1n ser notificados de su sanci\u00f3n y posteriormente ser evaluados con un examen psicof\u00edsico para recuperar sus respectivas licencias de conducir. <\/p>\n<p>El organismo nacional est\u00e1 atento a este tipo de casos de violencia vial, con el objetivo de identificar a los responsables para que reciban la sanci\u00f3n correspondiente por alterar el tr\u00e1nsito y poner en riesgo la vida de terceros.<\/p>\n","protected":false},"excerpt":{"rendered":"<p>La Agencia Nacional de Seguridad Vial (ANSV) solicit\u00f3 la suspensi\u00f3n de la licencia de los dos conductores que ayer se pelearon durante varios metros sobre la autopista Buenos Aires &#8211; La Plata. Las im\u00e1genes se viralizaron por redes sociales, donde se puede ver c\u00f3mo se persiguen, encierran y hasta c\u00f3mo se rozan en la llegada [&hellip;]<\/p>\n","protected":false},"author":3,"featured_media":112253,"comment_status":"closed","ping_status":"closed","sticky":false,"template":"","format":"standard","meta":{"footnotes":""},"categories":[58],"tags":[],"class_list":["post-112252","post","type-post","status-publish","format-standard","has-post-thumbnail","hentry","category-gobierno"],"yoast_head":"<!-- This site is optimized with the Yoast SEO plugin v25.9 - https:\/\/yoast.com\/wordpress\/plugins\/seo\/ -->\n<title>La ANSV solicit\u00f3 la suspensi\u00f3n de los dos conductores que protagonizaron una pelea en plena autopista Buenos Aires - La Plata - Noticias Radio Reflejos<\/title>\n<meta name=\"robots\" content=\"index, follow, max-snippet:-1, max-image-preview:large, max-video-preview:-1\" \/>\n<link rel=\"canonical\" href=\"https:\/\/www.noticiasradioreflejos.com.ar\/2021\/la-ansv-solicito-la-suspension-de-los-dos-conductores-que-protagonizaron-una-pelea-en-plena-autopista-buenos-aires-la-plata\/\" \/>\n<meta property=\"og:locale\" content=\"es_ES\" \/>\n<meta property=\"og:type\" content=\"article\" \/>\n<meta property=\"og:title\" content=\"La ANSV solicit\u00f3 la suspensi\u00f3n de los dos conductores que protagonizaron una pelea en plena autopista Buenos Aires - La Plata - Noticias Radio Reflejos\" \/>\n<meta property=\"og:description\" content=\"La Agencia Nacional de Seguridad Vial (ANSV) solicit\u00f3 la suspensi\u00f3n de la licencia de los dos conductores que ayer se pelearon durante varios metros sobre la autopista Buenos Aires &#8211; La Plata. Las im\u00e1genes se viralizaron por redes sociales, donde se puede ver c\u00f3mo se persiguen, encierran y hasta c\u00f3mo se rozan en la llegada [&hellip;]\" \/>\n<meta property=\"og:url\" content=\"https:\/\/www.noticiasradioreflejos.com.ar\/2021\/la-ansv-solicito-la-suspension-de-los-dos-conductores-que-protagonizaron-una-pelea-en-plena-autopista-buenos-aires-la-plata\/\" \/>\n<meta property=\"og:site_name\" content=\"Noticias Radio Reflejos\" \/>\n<meta property=\"article:published_time\" content=\"2025-02-04T19:02:26+00:00\" \/>\n<meta property=\"og:image\" content=\"https:\/\/www.noticiasradioreflejos.com.ar\/2021\/wp-content\/uploads\/2025\/02\/autopista-LP.jpg\" \/>\n\t<meta property=\"og:image:width\" content=\"992\" \/>\n\t<meta property=\"og:image:height\" content=\"558\" \/>\n\t<meta property=\"og:image:type\" content=\"image\/jpeg\" \/>\n<meta name=\"author\" content=\"Arnaldo Botto\" \/>\n<meta name=\"twitter:card\" content=\"summary_large_image\" \/>\n<script type=\"application\/ld+json\" class=\"yoast-schema-graph\">{\"@context\":\"https:\/\/schema.org\",\"@graph\":[{\"@type\":\"WebPage\",\"@id\":\"https:\/\/www.noticiasradioreflejos.com.ar\/2021\/la-ansv-solicito-la-suspension-de-los-dos-conductores-que-protagonizaron-una-pelea-en-plena-autopista-buenos-aires-la-plata\/\",\"url\":\"https:\/\/www.noticiasradioreflejos.com.ar\/2021\/la-ansv-solicito-la-suspension-de-los-dos-conductores-que-protagonizaron-una-pelea-en-plena-autopista-buenos-aires-la-plata\/\",\"name\":\"La ANSV solicit\u00f3 la suspensi\u00f3n de los dos conductores que protagonizaron una pelea en plena autopista Buenos Aires - La Plata - Noticias Radio Reflejos\",\"isPartOf\":{\"@id\":\"https:\/\/www.noticiasradioreflejos.com.ar\/2021\/#website\"},\"primaryImageOfPage\":{\"@id\":\"https:\/\/www.noticiasradioreflejos.com.ar\/2021\/la-ansv-solicito-la-suspension-de-los-dos-conductores-que-protagonizaron-una-pelea-en-plena-autopista-buenos-aires-la-plata\/#primaryimage\"},\"image\":{\"@id\":\"https:\/\/www.noticiasradioreflejos.com.ar\/2021\/la-ansv-solicito-la-suspension-de-los-dos-conductores-que-protagonizaron-una-pelea-en-plena-autopista-buenos-aires-la-plata\/#primaryimage\"},\"thumbnailUrl\":\"https:\/\/www.noticiasradioreflejos.com.ar\/2021\/wp-content\/uploads\/2025\/02\/autopista-LP.jpg\",\"datePublished\":\"2025-02-04T19:02:26+00:00\",\"author\":{\"@id\":\"https:\/\/www.noticiasradioreflejos.com.ar\/2021\/#\/schema\/person\/ad82545263dcc5ec0996818884fd5fb1\"},\"breadcrumb\":{\"@id\":\"https:\/\/www.noticiasradioreflejos.com.ar\/2021\/la-ansv-solicito-la-suspension-de-los-dos-conductores-que-protagonizaron-una-pelea-en-plena-autopista-buenos-aires-la-plata\/#breadcrumb\"},\"inLanguage\":\"es\",\"potentialAction\":[{\"@type\":\"ReadAction\",\"target\":[\"https:\/\/www.noticiasradioreflejos.com.ar\/2021\/la-ansv-solicito-la-suspension-de-los-dos-conductores-que-protagonizaron-una-pelea-en-plena-autopista-buenos-aires-la-plata\/\"]}]},{\"@type\":\"ImageObject\",\"inLanguage\":\"es\",\"@id\":\"https:\/\/www.noticiasradioreflejos.com.ar\/2021\/la-ansv-solicito-la-suspension-de-los-dos-conductores-que-protagonizaron-una-pelea-en-plena-autopista-buenos-aires-la-plata\/#primaryimage\",\"url\":\"https:\/\/www.noticiasradioreflejos.com.ar\/2021\/wp-content\/uploads\/2025\/02\/autopista-LP.jpg\",\"contentUrl\":\"https:\/\/www.noticiasradioreflejos.com.ar\/2021\/wp-content\/uploads\/2025\/02\/autopista-LP.jpg\",\"width\":992,\"height\":558},{\"@type\":\"BreadcrumbList\",\"@id\":\"https:\/\/www.noticiasradioreflejos.com.ar\/2021\/la-ansv-solicito-la-suspension-de-los-dos-conductores-que-protagonizaron-una-pelea-en-plena-autopista-buenos-aires-la-plata\/#breadcrumb\",\"itemListElement\":[{\"@type\":\"ListItem\",\"position\":1,\"name\":\"Portada\",\"item\":\"https:\/\/www.noticiasradioreflejos.com.ar\/2021\/\"},{\"@type\":\"ListItem\",\"position\":2,\"name\":\"La ANSV solicit\u00f3 la suspensi\u00f3n de los dos conductores que protagonizaron una pelea en plena autopista Buenos Aires &#8211; La Plata\"}]},{\"@type\":\"WebSite\",\"@id\":\"https:\/\/www.noticiasradioreflejos.com.ar\/2021\/#website\",\"url\":\"https:\/\/www.noticiasradioreflejos.com.ar\/2021\/\",\"name\":\"Noticias Radio Reflejos\",\"description\":\"Las noticias de mi comarca\",\"potentialAction\":[{\"@type\":\"SearchAction\",\"target\":{\"@type\":\"EntryPoint\",\"urlTemplate\":\"https:\/\/www.noticiasradioreflejos.com.ar\/2021\/?s={search_term_string}\"},\"query-input\":{\"@type\":\"PropertyValueSpecification\",\"valueRequired\":true,\"valueName\":\"search_term_string\"}}],\"inLanguage\":\"es\"},{\"@type\":\"Person\",\"@id\":\"https:\/\/www.noticiasradioreflejos.com.ar\/2021\/#\/schema\/person\/ad82545263dcc5ec0996818884fd5fb1\",\"name\":\"Arnaldo Botto\",\"image\":{\"@type\":\"ImageObject\",\"inLanguage\":\"es\",\"@id\":\"https:\/\/www.noticiasradioreflejos.com.ar\/2021\/#\/schema\/person\/image\/\",\"url\":\"https:\/\/secure.gravatar.com\/avatar\/55cb5e37c1efa326397366e6974cb338056df65cb50e7d64d1cf314e87504837?s=96&d=mm&r=g\",\"contentUrl\":\"https:\/\/secure.gravatar.com\/avatar\/55cb5e37c1efa326397366e6974cb338056df65cb50e7d64d1cf314e87504837?s=96&d=mm&r=g\",\"caption\":\"Arnaldo Botto\"},\"url\":\"https:\/\/www.noticiasradioreflejos.com.ar\/2021\/author\/arnaldo\/\"}]}<\/script>\n<!-- \/ Yoast SEO plugin. -->","yoast_head_json":{"title":"La ANSV solicit\u00f3 la suspensi\u00f3n de los dos conductores que protagonizaron una pelea en plena autopista Buenos Aires - La Plata - Noticias Radio Reflejos","robots":{"index":"index","follow":"follow","max-snippet":"max-snippet:-1","max-image-preview":"max-image-preview:large","max-video-preview":"max-video-preview:-1"},"canonical":"https:\/\/www.noticiasradioreflejos.com.ar\/2021\/la-ansv-solicito-la-suspension-de-los-dos-conductores-que-protagonizaron-una-pelea-en-plena-autopista-buenos-aires-la-plata\/","og_locale":"es_ES","og_type":"article","og_title":"La ANSV solicit\u00f3 la suspensi\u00f3n de los dos conductores que protagonizaron una pelea en plena autopista Buenos Aires - La Plata - Noticias Radio Reflejos","og_description":"La Agencia Nacional de Seguridad Vial (ANSV) solicit\u00f3 la suspensi\u00f3n de la licencia de los dos conductores que ayer se pelearon durante varios metros sobre la autopista Buenos Aires &#8211; La Plata. Las im\u00e1genes se viralizaron por redes sociales, donde se puede ver c\u00f3mo se persiguen, encierran y hasta c\u00f3mo se rozan en la llegada [&hellip;]","og_url":"https:\/\/www.noticiasradioreflejos.com.ar\/2021\/la-ansv-solicito-la-suspension-de-los-dos-conductores-que-protagonizaron-una-pelea-en-plena-autopista-buenos-aires-la-plata\/","og_site_name":"Noticias Radio Reflejos","article_published_time":"2025-02-04T19:02:26+00:00","og_image":[{"width":992,"height":558,"url":"https:\/\/www.noticiasradioreflejos.com.ar\/2021\/wp-content\/uploads\/2025\/02\/autopista-LP.jpg","type":"image\/jpeg"}],"author":"Arnaldo Botto","twitter_card":"summary_large_image","schema":{"@context":"https:\/\/schema.org","@graph":[{"@type":"WebPage","@id":"https:\/\/www.noticiasradioreflejos.com.ar\/2021\/la-ansv-solicito-la-suspension-de-los-dos-conductores-que-protagonizaron-una-pelea-en-plena-autopista-buenos-aires-la-plata\/","url":"https:\/\/www.noticiasradioreflejos.com.ar\/2021\/la-ansv-solicito-la-suspension-de-los-dos-conductores-que-protagonizaron-una-pelea-en-plena-autopista-buenos-aires-la-plata\/","name":"La ANSV solicit\u00f3 la suspensi\u00f3n de los dos conductores que protagonizaron una pelea en plena autopista Buenos Aires - La Plata - Noticias Radio Reflejos","isPartOf":{"@id":"https:\/\/www.noticiasradioreflejos.com.ar\/2021\/#website"},"primaryImageOfPage":{"@id":"https:\/\/www.noticiasradioreflejos.com.ar\/2021\/la-ansv-solicito-la-suspension-de-los-dos-conductores-que-protagonizaron-una-pelea-en-plena-autopista-buenos-aires-la-plata\/#primaryimage"},"image":{"@id":"https:\/\/www.noticiasradioreflejos.com.ar\/2021\/la-ansv-solicito-la-suspension-de-los-dos-conductores-que-protagonizaron-una-pelea-en-plena-autopista-buenos-aires-la-plata\/#primaryimage"},"thumbnailUrl":"https:\/\/www.noticiasradioreflejos.com.ar\/2021\/wp-content\/uploads\/2025\/02\/autopista-LP.jpg","datePublished":"2025-02-04T19:02:26+00:00","author":{"@id":"https:\/\/www.noticiasradioreflejos.com.ar\/2021\/#\/schema\/person\/ad82545263dcc5ec0996818884fd5fb1"},"breadcrumb":{"@id":"https:\/\/www.noticiasradioreflejos.com.ar\/2021\/la-ansv-solicito-la-suspension-de-los-dos-conductores-que-protagonizaron-una-pelea-en-plena-autopista-buenos-aires-la-plata\/#breadcrumb"},"inLanguage":"es","potentialAction":[{"@type":"ReadAction","target":["https:\/\/www.noticiasradioreflejos.com.ar\/2021\/la-ansv-solicito-la-suspension-de-los-dos-conductores-que-protagonizaron-una-pelea-en-plena-autopista-buenos-aires-la-plata\/"]}]},{"@type":"ImageObject","inLanguage":"es","@id":"https:\/\/www.noticiasradioreflejos.com.ar\/2021\/la-ansv-solicito-la-suspension-de-los-dos-conductores-que-protagonizaron-una-pelea-en-plena-autopista-buenos-aires-la-plata\/#primaryimage","url":"https:\/\/www.noticiasradioreflejos.com.ar\/2021\/wp-content\/uploads\/2025\/02\/autopista-LP.jpg","contentUrl":"https:\/\/www.noticiasradioreflejos.com.ar\/2021\/wp-content\/uploads\/2025\/02\/autopista-LP.jpg","width":992,"height":558},{"@type":"BreadcrumbList","@id":"https:\/\/www.noticiasradioreflejos.com.ar\/2021\/la-ansv-solicito-la-suspension-de-los-dos-conductores-que-protagonizaron-una-pelea-en-plena-autopista-buenos-aires-la-plata\/#breadcrumb","itemListElement":[{"@type":"ListItem","position":1,"name":"Portada","item":"https:\/\/www.noticiasradioreflejos.com.ar\/2021\/"},{"@type":"ListItem","position":2,"name":"La ANSV solicit\u00f3 la suspensi\u00f3n de los dos conductores que protagonizaron una pelea en plena autopista Buenos Aires &#8211; La Plata"}]},{"@type":"WebSite","@id":"https:\/\/www.noticiasradioreflejos.com.ar\/2021\/#website","url":"https:\/\/www.noticiasradioreflejos.com.ar\/2021\/","name":"Noticias Radio Reflejos","description":"Las noticias de mi comarca","potentialAction":[{"@type":"SearchAction","target":{"@type":"EntryPoint","urlTemplate":"https:\/\/www.noticiasradioreflejos.com.ar\/2021\/?s={search_term_string}"},"query-input":{"@type":"PropertyValueSpecification","valueRequired":true,"valueName":"search_term_string"}}],"inLanguage":"es"},{"@type":"Person","@id":"https:\/\/www.noticiasradioreflejos.com.ar\/2021\/#\/schema\/person\/ad82545263dcc5ec0996818884fd5fb1","name":"Arnaldo Botto","image":{"@type":"ImageObject","inLanguage":"es","@id":"https:\/\/www.noticiasradioreflejos.com.ar\/2021\/#\/schema\/person\/image\/","url":"https:\/\/secure.gravatar.com\/avatar\/55cb5e37c1efa326397366e6974cb338056df65cb50e7d64d1cf314e87504837?s=96&d=mm&r=g","contentUrl":"https:\/\/secure.gravatar.com\/avatar\/55cb5e37c1efa326397366e6974cb338056df65cb50e7d64d1cf314e87504837?s=96&d=mm&r=g","caption":"Arnaldo Botto"},"url":"https:\/\/www.noticiasradioreflejos.com.ar\/2021\/author\/arnaldo\/"}]}},"_links":{"self":[{"href":"https:\/\/www.noticiasradioreflejos.com.ar\/2021\/wp-json\/wp\/v2\/posts\/112252","targetHints":{"allow":["GET"]}}],"collection":[{"href":"https:\/\/www.noticiasradioreflejos.com.ar\/2021\/wp-json\/wp\/v2\/posts"}],"about":[{"href":"https:\/\/www.noticiasradioreflejos.com.ar\/2021\/wp-json\/wp\/v2\/types\/post"}],"author":[{"embeddable":true,"href":"https:\/\/www.noticiasradioreflejos.com.ar\/2021\/wp-json\/wp\/v2\/users\/3"}],"replies":[{"embeddable":true,"href":"https:\/\/www.noticiasradioreflejos.com.ar\/2021\/wp-json\/wp\/v2\/comments?post=112252"}],"version-history":[{"count":1,"href":"https:\/\/www.noticiasradioreflejos.com.ar\/2021\/wp-json\/wp\/v2\/posts\/112252\/revisions"}],"predecessor-version":[{"id":112254,"href":"https:\/\/www.noticiasradioreflejos.com.ar\/2021\/wp-json\/wp\/v2\/posts\/112252\/revisions\/112254"}],"wp:featuredmedia":[{"embeddable":true,"href":"https:\/\/www.noticiasradioreflejos.com.ar\/2021\/wp-json\/wp\/v2\/media\/112253"}],"wp:attachment":[{"href":"https:\/\/www.noticiasradioreflejos.com.ar\/2021\/wp-json\/wp\/v2\/media?parent=112252"}],"wp:term":[{"taxonomy":"category","embeddable":true,"href":"https:\/\/www.noticiasradioreflejos.com.ar\/2021\/wp-json\/wp\/v2\/categories?post=112252"},{"taxonomy":"post_tag","embeddable":true,"href":"https:\/\/www.noticiasradioreflejos.com.ar\/2021\/wp-json\/wp\/v2\/tags?post=112252"}],"curies":[{"name":"wp","href":"https:\/\/api.w.org\/{rel}","templated":true}]}}