{"id":112246,"date":"2025-02-04T14:35:48","date_gmt":"2025-02-04T17:35:48","guid":{"rendered":"https:\/\/www.noticiasradioreflejos.com.ar\/2021\/?p=112246"},"modified":"2025-02-04T14:36:22","modified_gmt":"2025-02-04T17:36:22","slug":"parque-nacional-nahuel-huapi-ya-son-mas-de-18-mil-hectareas-consumidas-por-el-fuego","status":"publish","type":"post","link":"https:\/\/www.noticiasradioreflejos.com.ar\/2021\/parque-nacional-nahuel-huapi-ya-son-mas-de-18-mil-hectareas-consumidas-por-el-fuego\/","title":{"rendered":"Parque Nacional Nahuel Huapi: ya son m\u00e1s de 18 mil hect\u00e1reas consumidas por el fuego"},"content":{"rendered":"<p>Tres de los incendios habr\u00edan sido intencionales y ante eso, los gobernadores pactaron un protocolo regional para combatirlos y prevenir nuevos siniestros \u00edgneos.<!--more--><\/p>\n<p>&nbsp;<\/p>\n<div class=\"article-body\" data-tadevel-template=\"web\/article-body\">\n<div class=\"article-body-content\">\n<p><strong>Los cuatro incendios activos m\u00e1s importantes de la regi\u00f3n consumieron m\u00e1s de 18 mil hect\u00e1reas y el m\u00e1s importante se encuentra dentro del Parque Nacional Nahuel Huapi y los brigadistas<\/strong>\u00a0contin\u00faan trabajando en el \u00e1rea para poder cesar el fuego.<\/p>\n<p><strong>Seg\u00fan indic\u00f3 Diario Jornada<\/strong>, tres de ellos habr\u00edan sido intencionales y, ante eso, los gobernadores patag\u00f3nicos pactaron un protocolo regional para combatir los incendios que azotan a tres de las seis provincias de la regi\u00f3n.<\/p>\n<p>En tanto, para prevenir nuevos episodios para los pr\u00f3ximos meses,\u00a0<strong>teniendo en cuenta la alerta del Servicio Meteorol\u00f3gico Nacional (SMN)<\/strong>\u00a0que proyecta precipitaciones por debajo de los valores hist\u00f3ricos y temperaturas superiores a la media.<\/p>\n<p>Asimismo,\u00a0<strong>los mandatarios de R\u00edo Negro, Chubut, Neuqu\u00e9n, La Pampa, Santa Cruz y Tierra del Fuego<\/strong>\u00a0elaboraron un documento conjunto en el que expresaron el \u00abapoyo y compromiso en la lucha contra los incendios que afectan a la zona cordillerana\u00bb.<\/p>\n<p>El documento que firmaron resalta que esas provincias y Neuqu\u00e9n est\u00e1n siendo particularmente impactadas por los siniestros, lo que ha llevado a los gobernadores a tomar medidas para fortalecer la prevenci\u00f3n y el control de incendios en la regi\u00f3n.<i><strong>\u00a0\u00abHoy, m\u00e1s que nunca, nos encontramos trabajando juntos para combatir los incendios y proteger a nuestras comunidades\u00bb, indicaron en el comunicado.\u00a0\u00a0\u00a0<\/strong><\/i><\/p>\n<p><strong>Otra parte negativa de la situaci\u00f3n es que los pron\u00f3sticos no anticipan lluvias para los pr\u00f3ximos d\u00edas y que, por el momento, la prioridad de los combatientes es resguardar las viviendas y estructuras edilicias<\/strong>, por esa cuesti\u00f3n, dispusieron distintos operativos de control en sectores poblados.<\/p>\n<p>&nbsp;<\/p>\n<\/div>\n<\/div>\n<p><strong>Fuente NA<\/strong><\/p>\n","protected":false},"excerpt":{"rendered":"<p>Tres de los incendios habr\u00edan sido intencionales y ante eso, los gobernadores pactaron un protocolo regional para combatirlos y prevenir nuevos siniestros \u00edgneos.<\/p>\n","protected":false},"author":3,"featured_media":111347,"comment_status":"closed","ping_status":"closed","sticky":false,"template":"","format":"standard","meta":{"footnotes":""},"categories":[26,33],"tags":[48],"class_list":["post-112246","post","type-post","status-publish","format-standard","has-post-thumbnail","hentry","category-sociedad","category-turismo","tag-destacada"],"yoast_head":"<!-- This site is optimized with the Yoast SEO plugin v25.9 - https:\/\/yoast.com\/wordpress\/plugins\/seo\/ -->\n<title>Parque Nacional Nahuel Huapi: ya son m\u00e1s de 18 mil hect\u00e1reas consumidas por el fuego - Noticias Radio Reflejos<\/title>\n<meta name=\"robots\" content=\"index, follow, max-snippet:-1, max-image-preview:large, max-video-preview:-1\" \/>\n<link rel=\"canonical\" href=\"https:\/\/www.noticiasradioreflejos.com.ar\/2021\/parque-nacional-nahuel-huapi-ya-son-mas-de-18-mil-hectareas-consumidas-por-el-fuego\/\" \/>\n<meta property=\"og:locale\" content=\"es_ES\" \/>\n<meta property=\"og:type\" content=\"article\" \/>\n<meta property=\"og:title\" content=\"Parque Nacional Nahuel Huapi: ya son m\u00e1s de 18 mil hect\u00e1reas consumidas por el fuego - Noticias Radio Reflejos\" \/>\n<meta property=\"og:description\" content=\"Tres de los incendios habr\u00edan sido intencionales y ante eso, los gobernadores pactaron un protocolo regional para combatirlos y prevenir nuevos siniestros \u00edgneos.\" \/>\n<meta property=\"og:url\" content=\"https:\/\/www.noticiasradioreflejos.com.ar\/2021\/parque-nacional-nahuel-huapi-ya-son-mas-de-18-mil-hectareas-consumidas-por-el-fuego\/\" \/>\n<meta property=\"og:site_name\" content=\"Noticias Radio Reflejos\" \/>\n<meta property=\"article:published_time\" content=\"2025-02-04T17:35:48+00:00\" \/>\n<meta property=\"article:modified_time\" content=\"2025-02-04T17:36:22+00:00\" \/>\n<meta property=\"og:image\" content=\"https:\/\/www.noticiasradioreflejos.com.ar\/2021\/wp-content\/uploads\/2025\/01\/incendio-en-el-Nahuel-Huapi.jpg\" \/>\n\t<meta property=\"og:image:width\" content=\"1140\" \/>\n\t<meta property=\"og:image:height\" content=\"690\" \/>\n\t<meta property=\"og:image:type\" content=\"image\/jpeg\" \/>\n<meta name=\"author\" content=\"Arnaldo Botto\" \/>\n<meta name=\"twitter:card\" content=\"summary_large_image\" \/>\n<script type=\"application\/ld+json\" class=\"yoast-schema-graph\">{\"@context\":\"https:\/\/schema.org\",\"@graph\":[{\"@type\":\"WebPage\",\"@id\":\"https:\/\/www.noticiasradioreflejos.com.ar\/2021\/parque-nacional-nahuel-huapi-ya-son-mas-de-18-mil-hectareas-consumidas-por-el-fuego\/\",\"url\":\"https:\/\/www.noticiasradioreflejos.com.ar\/2021\/parque-nacional-nahuel-huapi-ya-son-mas-de-18-mil-hectareas-consumidas-por-el-fuego\/\",\"name\":\"Parque Nacional Nahuel Huapi: ya son m\u00e1s de 18 mil hect\u00e1reas consumidas por el fuego - Noticias Radio Reflejos\",\"isPartOf\":{\"@id\":\"https:\/\/www.noticiasradioreflejos.com.ar\/2021\/#website\"},\"primaryImageOfPage\":{\"@id\":\"https:\/\/www.noticiasradioreflejos.com.ar\/2021\/parque-nacional-nahuel-huapi-ya-son-mas-de-18-mil-hectareas-consumidas-por-el-fuego\/#primaryimage\"},\"image\":{\"@id\":\"https:\/\/www.noticiasradioreflejos.com.ar\/2021\/parque-nacional-nahuel-huapi-ya-son-mas-de-18-mil-hectareas-consumidas-por-el-fuego\/#primaryimage\"},\"thumbnailUrl\":\"https:\/\/www.noticiasradioreflejos.com.ar\/2021\/wp-content\/uploads\/2025\/01\/incendio-en-el-Nahuel-Huapi.jpg\",\"datePublished\":\"2025-02-04T17:35:48+00:00\",\"dateModified\":\"2025-02-04T17:36:22+00:00\",\"author\":{\"@id\":\"https:\/\/www.noticiasradioreflejos.com.ar\/2021\/#\/schema\/person\/ad82545263dcc5ec0996818884fd5fb1\"},\"breadcrumb\":{\"@id\":\"https:\/\/www.noticiasradioreflejos.com.ar\/2021\/parque-nacional-nahuel-huapi-ya-son-mas-de-18-mil-hectareas-consumidas-por-el-fuego\/#breadcrumb\"},\"inLanguage\":\"es\",\"potentialAction\":[{\"@type\":\"ReadAction\",\"target\":[\"https:\/\/www.noticiasradioreflejos.com.ar\/2021\/parque-nacional-nahuel-huapi-ya-son-mas-de-18-mil-hectareas-consumidas-por-el-fuego\/\"]}]},{\"@type\":\"ImageObject\",\"inLanguage\":\"es\",\"@id\":\"https:\/\/www.noticiasradioreflejos.com.ar\/2021\/parque-nacional-nahuel-huapi-ya-son-mas-de-18-mil-hectareas-consumidas-por-el-fuego\/#primaryimage\",\"url\":\"https:\/\/www.noticiasradioreflejos.com.ar\/2021\/wp-content\/uploads\/2025\/01\/incendio-en-el-Nahuel-Huapi.jpg\",\"contentUrl\":\"https:\/\/www.noticiasradioreflejos.com.ar\/2021\/wp-content\/uploads\/2025\/01\/incendio-en-el-Nahuel-Huapi.jpg\",\"width\":1140,\"height\":690},{\"@type\":\"BreadcrumbList\",\"@id\":\"https:\/\/www.noticiasradioreflejos.com.ar\/2021\/parque-nacional-nahuel-huapi-ya-son-mas-de-18-mil-hectareas-consumidas-por-el-fuego\/#breadcrumb\",\"itemListElement\":[{\"@type\":\"ListItem\",\"position\":1,\"name\":\"Portada\",\"item\":\"https:\/\/www.noticiasradioreflejos.com.ar\/2021\/\"},{\"@type\":\"ListItem\",\"position\":2,\"name\":\"Parque Nacional Nahuel Huapi: ya son m\u00e1s de 18 mil hect\u00e1reas consumidas por el fuego\"}]},{\"@type\":\"WebSite\",\"@id\":\"https:\/\/www.noticiasradioreflejos.com.ar\/2021\/#website\",\"url\":\"https:\/\/www.noticiasradioreflejos.com.ar\/2021\/\",\"name\":\"Noticias Radio Reflejos\",\"description\":\"Las noticias de mi comarca\",\"potentialAction\":[{\"@type\":\"SearchAction\",\"target\":{\"@type\":\"EntryPoint\",\"urlTemplate\":\"https:\/\/www.noticiasradioreflejos.com.ar\/2021\/?s={search_term_string}\"},\"query-input\":{\"@type\":\"PropertyValueSpecification\",\"valueRequired\":true,\"valueName\":\"search_term_string\"}}],\"inLanguage\":\"es\"},{\"@type\":\"Person\",\"@id\":\"https:\/\/www.noticiasradioreflejos.com.ar\/2021\/#\/schema\/person\/ad82545263dcc5ec0996818884fd5fb1\",\"name\":\"Arnaldo Botto\",\"image\":{\"@type\":\"ImageObject\",\"inLanguage\":\"es\",\"@id\":\"https:\/\/www.noticiasradioreflejos.com.ar\/2021\/#\/schema\/person\/image\/\",\"url\":\"https:\/\/secure.gravatar.com\/avatar\/55cb5e37c1efa326397366e6974cb338056df65cb50e7d64d1cf314e87504837?s=96&d=mm&r=g\",\"contentUrl\":\"https:\/\/secure.gravatar.com\/avatar\/55cb5e37c1efa326397366e6974cb338056df65cb50e7d64d1cf314e87504837?s=96&d=mm&r=g\",\"caption\":\"Arnaldo Botto\"},\"url\":\"https:\/\/www.noticiasradioreflejos.com.ar\/2021\/author\/arnaldo\/\"}]}<\/script>\n<!-- \/ Yoast SEO plugin. -->","yoast_head_json":{"title":"Parque Nacional Nahuel Huapi: ya son m\u00e1s de 18 mil hect\u00e1reas consumidas por el fuego - Noticias Radio Reflejos","robots":{"index":"index","follow":"follow","max-snippet":"max-snippet:-1","max-image-preview":"max-image-preview:large","max-video-preview":"max-video-preview:-1"},"canonical":"https:\/\/www.noticiasradioreflejos.com.ar\/2021\/parque-nacional-nahuel-huapi-ya-son-mas-de-18-mil-hectareas-consumidas-por-el-fuego\/","og_locale":"es_ES","og_type":"article","og_title":"Parque Nacional Nahuel Huapi: ya son m\u00e1s de 18 mil hect\u00e1reas consumidas por el fuego - Noticias Radio Reflejos","og_description":"Tres de los incendios habr\u00edan sido intencionales y ante eso, los gobernadores pactaron un protocolo regional para combatirlos y prevenir nuevos siniestros \u00edgneos.","og_url":"https:\/\/www.noticiasradioreflejos.com.ar\/2021\/parque-nacional-nahuel-huapi-ya-son-mas-de-18-mil-hectareas-consumidas-por-el-fuego\/","og_site_name":"Noticias Radio Reflejos","article_published_time":"2025-02-04T17:35:48+00:00","article_modified_time":"2025-02-04T17:36:22+00:00","og_image":[{"width":1140,"height":690,"url":"https:\/\/www.noticiasradioreflejos.com.ar\/2021\/wp-content\/uploads\/2025\/01\/incendio-en-el-Nahuel-Huapi.jpg","type":"image\/jpeg"}],"author":"Arnaldo Botto","twitter_card":"summary_large_image","schema":{"@context":"https:\/\/schema.org","@graph":[{"@type":"WebPage","@id":"https:\/\/www.noticiasradioreflejos.com.ar\/2021\/parque-nacional-nahuel-huapi-ya-son-mas-de-18-mil-hectareas-consumidas-por-el-fuego\/","url":"https:\/\/www.noticiasradioreflejos.com.ar\/2021\/parque-nacional-nahuel-huapi-ya-son-mas-de-18-mil-hectareas-consumidas-por-el-fuego\/","name":"Parque Nacional Nahuel Huapi: ya son m\u00e1s de 18 mil hect\u00e1reas consumidas por el fuego - Noticias Radio Reflejos","isPartOf":{"@id":"https:\/\/www.noticiasradioreflejos.com.ar\/2021\/#website"},"primaryImageOfPage":{"@id":"https:\/\/www.noticiasradioreflejos.com.ar\/2021\/parque-nacional-nahuel-huapi-ya-son-mas-de-18-mil-hectareas-consumidas-por-el-fuego\/#primaryimage"},"image":{"@id":"https:\/\/www.noticiasradioreflejos.com.ar\/2021\/parque-nacional-nahuel-huapi-ya-son-mas-de-18-mil-hectareas-consumidas-por-el-fuego\/#primaryimage"},"thumbnailUrl":"https:\/\/www.noticiasradioreflejos.com.ar\/2021\/wp-content\/uploads\/2025\/01\/incendio-en-el-Nahuel-Huapi.jpg","datePublished":"2025-02-04T17:35:48+00:00","dateModified":"2025-02-04T17:36:22+00:00","author":{"@id":"https:\/\/www.noticiasradioreflejos.com.ar\/2021\/#\/schema\/person\/ad82545263dcc5ec0996818884fd5fb1"},"breadcrumb":{"@id":"https:\/\/www.noticiasradioreflejos.com.ar\/2021\/parque-nacional-nahuel-huapi-ya-son-mas-de-18-mil-hectareas-consumidas-por-el-fuego\/#breadcrumb"},"inLanguage":"es","potentialAction":[{"@type":"ReadAction","target":["https:\/\/www.noticiasradioreflejos.com.ar\/2021\/parque-nacional-nahuel-huapi-ya-son-mas-de-18-mil-hectareas-consumidas-por-el-fuego\/"]}]},{"@type":"ImageObject","inLanguage":"es","@id":"https:\/\/www.noticiasradioreflejos.com.ar\/2021\/parque-nacional-nahuel-huapi-ya-son-mas-de-18-mil-hectareas-consumidas-por-el-fuego\/#primaryimage","url":"https:\/\/www.noticiasradioreflejos.com.ar\/2021\/wp-content\/uploads\/2025\/01\/incendio-en-el-Nahuel-Huapi.jpg","contentUrl":"https:\/\/www.noticiasradioreflejos.com.ar\/2021\/wp-content\/uploads\/2025\/01\/incendio-en-el-Nahuel-Huapi.jpg","width":1140,"height":690},{"@type":"BreadcrumbList","@id":"https:\/\/www.noticiasradioreflejos.com.ar\/2021\/parque-nacional-nahuel-huapi-ya-son-mas-de-18-mil-hectareas-consumidas-por-el-fuego\/#breadcrumb","itemListElement":[{"@type":"ListItem","position":1,"name":"Portada","item":"https:\/\/www.noticiasradioreflejos.com.ar\/2021\/"},{"@type":"ListItem","position":2,"name":"Parque Nacional Nahuel Huapi: ya son m\u00e1s de 18 mil hect\u00e1reas consumidas por el fuego"}]},{"@type":"WebSite","@id":"https:\/\/www.noticiasradioreflejos.com.ar\/2021\/#website","url":"https:\/\/www.noticiasradioreflejos.com.ar\/2021\/","name":"Noticias Radio Reflejos","description":"Las noticias de mi comarca","potentialAction":[{"@type":"SearchAction","target":{"@type":"EntryPoint","urlTemplate":"https:\/\/www.noticiasradioreflejos.com.ar\/2021\/?s={search_term_string}"},"query-input":{"@type":"PropertyValueSpecification","valueRequired":true,"valueName":"search_term_string"}}],"inLanguage":"es"},{"@type":"Person","@id":"https:\/\/www.noticiasradioreflejos.com.ar\/2021\/#\/schema\/person\/ad82545263dcc5ec0996818884fd5fb1","name":"Arnaldo Botto","image":{"@type":"ImageObject","inLanguage":"es","@id":"https:\/\/www.noticiasradioreflejos.com.ar\/2021\/#\/schema\/person\/image\/","url":"https:\/\/secure.gravatar.com\/avatar\/55cb5e37c1efa326397366e6974cb338056df65cb50e7d64d1cf314e87504837?s=96&d=mm&r=g","contentUrl":"https:\/\/secure.gravatar.com\/avatar\/55cb5e37c1efa326397366e6974cb338056df65cb50e7d64d1cf314e87504837?s=96&d=mm&r=g","caption":"Arnaldo Botto"},"url":"https:\/\/www.noticiasradioreflejos.com.ar\/2021\/author\/arnaldo\/"}]}},"_links":{"self":[{"href":"https:\/\/www.noticiasradioreflejos.com.ar\/2021\/wp-json\/wp\/v2\/posts\/112246","targetHints":{"allow":["GET"]}}],"collection":[{"href":"https:\/\/www.noticiasradioreflejos.com.ar\/2021\/wp-json\/wp\/v2\/posts"}],"about":[{"href":"https:\/\/www.noticiasradioreflejos.com.ar\/2021\/wp-json\/wp\/v2\/types\/post"}],"author":[{"embeddable":true,"href":"https:\/\/www.noticiasradioreflejos.com.ar\/2021\/wp-json\/wp\/v2\/users\/3"}],"replies":[{"embeddable":true,"href":"https:\/\/www.noticiasradioreflejos.com.ar\/2021\/wp-json\/wp\/v2\/comments?post=112246"}],"version-history":[{"count":1,"href":"https:\/\/www.noticiasradioreflejos.com.ar\/2021\/wp-json\/wp\/v2\/posts\/112246\/revisions"}],"predecessor-version":[{"id":112247,"href":"https:\/\/www.noticiasradioreflejos.com.ar\/2021\/wp-json\/wp\/v2\/posts\/112246\/revisions\/112247"}],"wp:featuredmedia":[{"embeddable":true,"href":"https:\/\/www.noticiasradioreflejos.com.ar\/2021\/wp-json\/wp\/v2\/media\/111347"}],"wp:attachment":[{"href":"https:\/\/www.noticiasradioreflejos.com.ar\/2021\/wp-json\/wp\/v2\/media?parent=112246"}],"wp:term":[{"taxonomy":"category","embeddable":true,"href":"https:\/\/www.noticiasradioreflejos.com.ar\/2021\/wp-json\/wp\/v2\/categories?post=112246"},{"taxonomy":"post_tag","embeddable":true,"href":"https:\/\/www.noticiasradioreflejos.com.ar\/2021\/wp-json\/wp\/v2\/tags?post=112246"}],"curies":[{"name":"wp","href":"https:\/\/api.w.org\/{rel}","templated":true}]}}