{"id":112239,"date":"2025-02-04T13:44:56","date_gmt":"2025-02-04T16:44:56","guid":{"rendered":"https:\/\/www.noticiasradioreflejos.com.ar\/2021\/?p=112239"},"modified":"2025-02-04T14:16:46","modified_gmt":"2025-02-04T17:16:46","slug":"el-ministerio-de-capital-humano-denuncia-a-cristina-fernandez-de-kirchner-por-presunta-estafa-defraudacion-al-estado-y-falsedad-ideologica","status":"publish","type":"post","link":"https:\/\/www.noticiasradioreflejos.com.ar\/2021\/el-ministerio-de-capital-humano-denuncia-a-cristina-fernandez-de-kirchner-por-presunta-estafa-defraudacion-al-estado-y-falsedad-ideologica\/","title":{"rendered":"El Ministerio de Capital Humano denuncia a Cristina Fern\u00e1ndez de Kirchner por presunta estafa, defraudaci\u00f3n al estado y falsedad ideol\u00f3gica"},"content":{"rendered":"<p>ANSES exige una investigaci\u00f3n penal por el posible cobro indebido de la Bonificaci\u00f3n por Zona Austral en sus dos beneficios previsionales, siendo de p\u00fablico conocimiento su residencia en CABA.<!--more--><\/p>\n<p>El Ministerio de Capital Humano, a trav\u00e9s de ANSES, present\u00f3 una denuncia penal contra Cristina Fern\u00e1ndez de Kirchner, por los presuntos delitos de estafa, defraudaci\u00f3n a la Administraci\u00f3n P\u00fablica y falsedad ideol\u00f3gica por haber declarado un domicilio en zona austral presuntamente falso, ello a fin de poder cobrar un suplemento dinerario a sus asignaciones de privilegio. Esto habr\u00eda generado un perjuicio fiscal a ANSES, por lo que, adem\u00e1s, el organismo solicita ser parte querellante en la causa.<\/p>\n<p>En la denuncia presentada, se recuerda que la Bonificaci\u00f3n de Zona Austral no se trata de una prestaci\u00f3n de naturaleza previsional, sino que el derecho a su cobro est\u00e1 generado exclusivamente por la residencia efectiva o radicaci\u00f3n real en las zonas o provincias de R\u00edo Negro, Neuqu\u00e9n, Chubut, Santa Cruz, La Pampa, Tierra del Fuego e Islas del Atl\u00e1ntico Sur y el Partido de Carmen de Patagones de la Provincia de Buenos Aires.<\/p>\n<p>En el caso de la Sra. Fern\u00e1ndez de Kirchner, es de p\u00fablico y notorio conocimiento que su residencia estuvo en la Ciudad Aut\u00f3noma de Buenos Aires durante el per\u00edodo de cobro de ambas asignaciones, mientras se desempe\u00f1aba, primero como senadora por la Provincia de Buenos Aires (10\/12\/2017 \u2013 10\/12\/2019) y luego como vicepresidente de la Naci\u00f3n (10\/12\/2019 \u2013 10\/12\/2023).<\/p>\n<p>Todo ello, constituir\u00eda una conducta penalmente reprochable, con perjuicio fiscal para ANSES y el erario p\u00fablico, que deber\u00e1 ser determinado a partir de las tareas investigativas solicitadas.<\/p>\n<p>En atenci\u00f3n a todo ello, ANSES solicit\u00f3 constituirse en parte querellante en virtud de los hechos denunciados, poni\u00e9ndose a disposici\u00f3n de la Justicia para colaborar en la investigaci\u00f3n y aportar todas las pruebas necesarias para esclarecer este posible caso de corrupci\u00f3n.<\/p>\n","protected":false},"excerpt":{"rendered":"<p>ANSES exige una investigaci\u00f3n penal por el posible cobro indebido de la Bonificaci\u00f3n por Zona Austral en sus dos beneficios previsionales, siendo de p\u00fablico conocimiento su residencia en CABA.<\/p>\n","protected":false},"author":3,"featured_media":109626,"comment_status":"closed","ping_status":"closed","sticky":false,"template":"","format":"standard","meta":{"footnotes":""},"categories":[24],"tags":[],"class_list":["post-112239","post","type-post","status-publish","format-standard","has-post-thumbnail","hentry","category-politica"],"yoast_head":"<!-- This site is optimized with the Yoast SEO plugin v25.9 - https:\/\/yoast.com\/wordpress\/plugins\/seo\/ -->\n<title>El Ministerio de Capital Humano denuncia a Cristina Fern\u00e1ndez de Kirchner por presunta estafa, defraudaci\u00f3n al estado y falsedad ideol\u00f3gica - Noticias Radio Reflejos<\/title>\n<meta name=\"robots\" content=\"index, follow, max-snippet:-1, max-image-preview:large, max-video-preview:-1\" \/>\n<link rel=\"canonical\" href=\"https:\/\/www.noticiasradioreflejos.com.ar\/2021\/el-ministerio-de-capital-humano-denuncia-a-cristina-fernandez-de-kirchner-por-presunta-estafa-defraudacion-al-estado-y-falsedad-ideologica\/\" \/>\n<meta property=\"og:locale\" content=\"es_ES\" \/>\n<meta property=\"og:type\" content=\"article\" \/>\n<meta property=\"og:title\" content=\"El Ministerio de Capital Humano denuncia a Cristina Fern\u00e1ndez de Kirchner por presunta estafa, defraudaci\u00f3n al estado y falsedad ideol\u00f3gica - Noticias Radio Reflejos\" \/>\n<meta property=\"og:description\" content=\"ANSES exige una investigaci\u00f3n penal por el posible cobro indebido de la Bonificaci\u00f3n por Zona Austral en sus dos beneficios previsionales, siendo de p\u00fablico conocimiento su residencia en CABA.\" \/>\n<meta property=\"og:url\" content=\"https:\/\/www.noticiasradioreflejos.com.ar\/2021\/el-ministerio-de-capital-humano-denuncia-a-cristina-fernandez-de-kirchner-por-presunta-estafa-defraudacion-al-estado-y-falsedad-ideologica\/\" \/>\n<meta property=\"og:site_name\" content=\"Noticias Radio Reflejos\" \/>\n<meta property=\"article:published_time\" content=\"2025-02-04T16:44:56+00:00\" \/>\n<meta property=\"article:modified_time\" content=\"2025-02-04T17:16:46+00:00\" \/>\n<meta property=\"og:image\" content=\"https:\/\/www.noticiasradioreflejos.com.ar\/2021\/wp-content\/uploads\/2024\/11\/Cristina-Fernandez-de-Kirchner.-.jpg\" \/>\n\t<meta property=\"og:image:width\" content=\"1200\" \/>\n\t<meta property=\"og:image:height\" content=\"675\" \/>\n\t<meta property=\"og:image:type\" content=\"image\/jpeg\" \/>\n<meta name=\"author\" content=\"Arnaldo Botto\" \/>\n<meta name=\"twitter:card\" content=\"summary_large_image\" \/>\n<script type=\"application\/ld+json\" class=\"yoast-schema-graph\">{\"@context\":\"https:\/\/schema.org\",\"@graph\":[{\"@type\":\"WebPage\",\"@id\":\"https:\/\/www.noticiasradioreflejos.com.ar\/2021\/el-ministerio-de-capital-humano-denuncia-a-cristina-fernandez-de-kirchner-por-presunta-estafa-defraudacion-al-estado-y-falsedad-ideologica\/\",\"url\":\"https:\/\/www.noticiasradioreflejos.com.ar\/2021\/el-ministerio-de-capital-humano-denuncia-a-cristina-fernandez-de-kirchner-por-presunta-estafa-defraudacion-al-estado-y-falsedad-ideologica\/\",\"name\":\"El Ministerio de Capital Humano denuncia a Cristina Fern\u00e1ndez de Kirchner por presunta estafa, defraudaci\u00f3n al estado y falsedad ideol\u00f3gica - Noticias Radio Reflejos\",\"isPartOf\":{\"@id\":\"https:\/\/www.noticiasradioreflejos.com.ar\/2021\/#website\"},\"primaryImageOfPage\":{\"@id\":\"https:\/\/www.noticiasradioreflejos.com.ar\/2021\/el-ministerio-de-capital-humano-denuncia-a-cristina-fernandez-de-kirchner-por-presunta-estafa-defraudacion-al-estado-y-falsedad-ideologica\/#primaryimage\"},\"image\":{\"@id\":\"https:\/\/www.noticiasradioreflejos.com.ar\/2021\/el-ministerio-de-capital-humano-denuncia-a-cristina-fernandez-de-kirchner-por-presunta-estafa-defraudacion-al-estado-y-falsedad-ideologica\/#primaryimage\"},\"thumbnailUrl\":\"https:\/\/www.noticiasradioreflejos.com.ar\/2021\/wp-content\/uploads\/2024\/11\/Cristina-Fernandez-de-Kirchner.-.jpg\",\"datePublished\":\"2025-02-04T16:44:56+00:00\",\"dateModified\":\"2025-02-04T17:16:46+00:00\",\"author\":{\"@id\":\"https:\/\/www.noticiasradioreflejos.com.ar\/2021\/#\/schema\/person\/ad82545263dcc5ec0996818884fd5fb1\"},\"breadcrumb\":{\"@id\":\"https:\/\/www.noticiasradioreflejos.com.ar\/2021\/el-ministerio-de-capital-humano-denuncia-a-cristina-fernandez-de-kirchner-por-presunta-estafa-defraudacion-al-estado-y-falsedad-ideologica\/#breadcrumb\"},\"inLanguage\":\"es\",\"potentialAction\":[{\"@type\":\"ReadAction\",\"target\":[\"https:\/\/www.noticiasradioreflejos.com.ar\/2021\/el-ministerio-de-capital-humano-denuncia-a-cristina-fernandez-de-kirchner-por-presunta-estafa-defraudacion-al-estado-y-falsedad-ideologica\/\"]}]},{\"@type\":\"ImageObject\",\"inLanguage\":\"es\",\"@id\":\"https:\/\/www.noticiasradioreflejos.com.ar\/2021\/el-ministerio-de-capital-humano-denuncia-a-cristina-fernandez-de-kirchner-por-presunta-estafa-defraudacion-al-estado-y-falsedad-ideologica\/#primaryimage\",\"url\":\"https:\/\/www.noticiasradioreflejos.com.ar\/2021\/wp-content\/uploads\/2024\/11\/Cristina-Fernandez-de-Kirchner.-.jpg\",\"contentUrl\":\"https:\/\/www.noticiasradioreflejos.com.ar\/2021\/wp-content\/uploads\/2024\/11\/Cristina-Fernandez-de-Kirchner.-.jpg\",\"width\":1200,\"height\":675},{\"@type\":\"BreadcrumbList\",\"@id\":\"https:\/\/www.noticiasradioreflejos.com.ar\/2021\/el-ministerio-de-capital-humano-denuncia-a-cristina-fernandez-de-kirchner-por-presunta-estafa-defraudacion-al-estado-y-falsedad-ideologica\/#breadcrumb\",\"itemListElement\":[{\"@type\":\"ListItem\",\"position\":1,\"name\":\"Portada\",\"item\":\"https:\/\/www.noticiasradioreflejos.com.ar\/2021\/\"},{\"@type\":\"ListItem\",\"position\":2,\"name\":\"El Ministerio de Capital Humano denuncia a Cristina Fern\u00e1ndez de Kirchner por presunta estafa, defraudaci\u00f3n al estado y falsedad ideol\u00f3gica\"}]},{\"@type\":\"WebSite\",\"@id\":\"https:\/\/www.noticiasradioreflejos.com.ar\/2021\/#website\",\"url\":\"https:\/\/www.noticiasradioreflejos.com.ar\/2021\/\",\"name\":\"Noticias Radio Reflejos\",\"description\":\"Las noticias de mi comarca\",\"potentialAction\":[{\"@type\":\"SearchAction\",\"target\":{\"@type\":\"EntryPoint\",\"urlTemplate\":\"https:\/\/www.noticiasradioreflejos.com.ar\/2021\/?s={search_term_string}\"},\"query-input\":{\"@type\":\"PropertyValueSpecification\",\"valueRequired\":true,\"valueName\":\"search_term_string\"}}],\"inLanguage\":\"es\"},{\"@type\":\"Person\",\"@id\":\"https:\/\/www.noticiasradioreflejos.com.ar\/2021\/#\/schema\/person\/ad82545263dcc5ec0996818884fd5fb1\",\"name\":\"Arnaldo Botto\",\"image\":{\"@type\":\"ImageObject\",\"inLanguage\":\"es\",\"@id\":\"https:\/\/www.noticiasradioreflejos.com.ar\/2021\/#\/schema\/person\/image\/\",\"url\":\"https:\/\/secure.gravatar.com\/avatar\/55cb5e37c1efa326397366e6974cb338056df65cb50e7d64d1cf314e87504837?s=96&d=mm&r=g\",\"contentUrl\":\"https:\/\/secure.gravatar.com\/avatar\/55cb5e37c1efa326397366e6974cb338056df65cb50e7d64d1cf314e87504837?s=96&d=mm&r=g\",\"caption\":\"Arnaldo Botto\"},\"url\":\"https:\/\/www.noticiasradioreflejos.com.ar\/2021\/author\/arnaldo\/\"}]}<\/script>\n<!-- \/ Yoast SEO plugin. -->","yoast_head_json":{"title":"El Ministerio de Capital Humano denuncia a Cristina Fern\u00e1ndez de Kirchner por presunta estafa, defraudaci\u00f3n al estado y falsedad ideol\u00f3gica - Noticias Radio Reflejos","robots":{"index":"index","follow":"follow","max-snippet":"max-snippet:-1","max-image-preview":"max-image-preview:large","max-video-preview":"max-video-preview:-1"},"canonical":"https:\/\/www.noticiasradioreflejos.com.ar\/2021\/el-ministerio-de-capital-humano-denuncia-a-cristina-fernandez-de-kirchner-por-presunta-estafa-defraudacion-al-estado-y-falsedad-ideologica\/","og_locale":"es_ES","og_type":"article","og_title":"El Ministerio de Capital Humano denuncia a Cristina Fern\u00e1ndez de Kirchner por presunta estafa, defraudaci\u00f3n al estado y falsedad ideol\u00f3gica - Noticias Radio Reflejos","og_description":"ANSES exige una investigaci\u00f3n penal por el posible cobro indebido de la Bonificaci\u00f3n por Zona Austral en sus dos beneficios previsionales, siendo de p\u00fablico conocimiento su residencia en CABA.","og_url":"https:\/\/www.noticiasradioreflejos.com.ar\/2021\/el-ministerio-de-capital-humano-denuncia-a-cristina-fernandez-de-kirchner-por-presunta-estafa-defraudacion-al-estado-y-falsedad-ideologica\/","og_site_name":"Noticias Radio Reflejos","article_published_time":"2025-02-04T16:44:56+00:00","article_modified_time":"2025-02-04T17:16:46+00:00","og_image":[{"width":1200,"height":675,"url":"https:\/\/www.noticiasradioreflejos.com.ar\/2021\/wp-content\/uploads\/2024\/11\/Cristina-Fernandez-de-Kirchner.-.jpg","type":"image\/jpeg"}],"author":"Arnaldo Botto","twitter_card":"summary_large_image","schema":{"@context":"https:\/\/schema.org","@graph":[{"@type":"WebPage","@id":"https:\/\/www.noticiasradioreflejos.com.ar\/2021\/el-ministerio-de-capital-humano-denuncia-a-cristina-fernandez-de-kirchner-por-presunta-estafa-defraudacion-al-estado-y-falsedad-ideologica\/","url":"https:\/\/www.noticiasradioreflejos.com.ar\/2021\/el-ministerio-de-capital-humano-denuncia-a-cristina-fernandez-de-kirchner-por-presunta-estafa-defraudacion-al-estado-y-falsedad-ideologica\/","name":"El Ministerio de Capital Humano denuncia a Cristina Fern\u00e1ndez de Kirchner por presunta estafa, defraudaci\u00f3n al estado y falsedad ideol\u00f3gica - Noticias Radio Reflejos","isPartOf":{"@id":"https:\/\/www.noticiasradioreflejos.com.ar\/2021\/#website"},"primaryImageOfPage":{"@id":"https:\/\/www.noticiasradioreflejos.com.ar\/2021\/el-ministerio-de-capital-humano-denuncia-a-cristina-fernandez-de-kirchner-por-presunta-estafa-defraudacion-al-estado-y-falsedad-ideologica\/#primaryimage"},"image":{"@id":"https:\/\/www.noticiasradioreflejos.com.ar\/2021\/el-ministerio-de-capital-humano-denuncia-a-cristina-fernandez-de-kirchner-por-presunta-estafa-defraudacion-al-estado-y-falsedad-ideologica\/#primaryimage"},"thumbnailUrl":"https:\/\/www.noticiasradioreflejos.com.ar\/2021\/wp-content\/uploads\/2024\/11\/Cristina-Fernandez-de-Kirchner.-.jpg","datePublished":"2025-02-04T16:44:56+00:00","dateModified":"2025-02-04T17:16:46+00:00","author":{"@id":"https:\/\/www.noticiasradioreflejos.com.ar\/2021\/#\/schema\/person\/ad82545263dcc5ec0996818884fd5fb1"},"breadcrumb":{"@id":"https:\/\/www.noticiasradioreflejos.com.ar\/2021\/el-ministerio-de-capital-humano-denuncia-a-cristina-fernandez-de-kirchner-por-presunta-estafa-defraudacion-al-estado-y-falsedad-ideologica\/#breadcrumb"},"inLanguage":"es","potentialAction":[{"@type":"ReadAction","target":["https:\/\/www.noticiasradioreflejos.com.ar\/2021\/el-ministerio-de-capital-humano-denuncia-a-cristina-fernandez-de-kirchner-por-presunta-estafa-defraudacion-al-estado-y-falsedad-ideologica\/"]}]},{"@type":"ImageObject","inLanguage":"es","@id":"https:\/\/www.noticiasradioreflejos.com.ar\/2021\/el-ministerio-de-capital-humano-denuncia-a-cristina-fernandez-de-kirchner-por-presunta-estafa-defraudacion-al-estado-y-falsedad-ideologica\/#primaryimage","url":"https:\/\/www.noticiasradioreflejos.com.ar\/2021\/wp-content\/uploads\/2024\/11\/Cristina-Fernandez-de-Kirchner.-.jpg","contentUrl":"https:\/\/www.noticiasradioreflejos.com.ar\/2021\/wp-content\/uploads\/2024\/11\/Cristina-Fernandez-de-Kirchner.-.jpg","width":1200,"height":675},{"@type":"BreadcrumbList","@id":"https:\/\/www.noticiasradioreflejos.com.ar\/2021\/el-ministerio-de-capital-humano-denuncia-a-cristina-fernandez-de-kirchner-por-presunta-estafa-defraudacion-al-estado-y-falsedad-ideologica\/#breadcrumb","itemListElement":[{"@type":"ListItem","position":1,"name":"Portada","item":"https:\/\/www.noticiasradioreflejos.com.ar\/2021\/"},{"@type":"ListItem","position":2,"name":"El Ministerio de Capital Humano denuncia a Cristina Fern\u00e1ndez de Kirchner por presunta estafa, defraudaci\u00f3n al estado y falsedad ideol\u00f3gica"}]},{"@type":"WebSite","@id":"https:\/\/www.noticiasradioreflejos.com.ar\/2021\/#website","url":"https:\/\/www.noticiasradioreflejos.com.ar\/2021\/","name":"Noticias Radio Reflejos","description":"Las noticias de mi comarca","potentialAction":[{"@type":"SearchAction","target":{"@type":"EntryPoint","urlTemplate":"https:\/\/www.noticiasradioreflejos.com.ar\/2021\/?s={search_term_string}"},"query-input":{"@type":"PropertyValueSpecification","valueRequired":true,"valueName":"search_term_string"}}],"inLanguage":"es"},{"@type":"Person","@id":"https:\/\/www.noticiasradioreflejos.com.ar\/2021\/#\/schema\/person\/ad82545263dcc5ec0996818884fd5fb1","name":"Arnaldo Botto","image":{"@type":"ImageObject","inLanguage":"es","@id":"https:\/\/www.noticiasradioreflejos.com.ar\/2021\/#\/schema\/person\/image\/","url":"https:\/\/secure.gravatar.com\/avatar\/55cb5e37c1efa326397366e6974cb338056df65cb50e7d64d1cf314e87504837?s=96&d=mm&r=g","contentUrl":"https:\/\/secure.gravatar.com\/avatar\/55cb5e37c1efa326397366e6974cb338056df65cb50e7d64d1cf314e87504837?s=96&d=mm&r=g","caption":"Arnaldo Botto"},"url":"https:\/\/www.noticiasradioreflejos.com.ar\/2021\/author\/arnaldo\/"}]}},"_links":{"self":[{"href":"https:\/\/www.noticiasradioreflejos.com.ar\/2021\/wp-json\/wp\/v2\/posts\/112239","targetHints":{"allow":["GET"]}}],"collection":[{"href":"https:\/\/www.noticiasradioreflejos.com.ar\/2021\/wp-json\/wp\/v2\/posts"}],"about":[{"href":"https:\/\/www.noticiasradioreflejos.com.ar\/2021\/wp-json\/wp\/v2\/types\/post"}],"author":[{"embeddable":true,"href":"https:\/\/www.noticiasradioreflejos.com.ar\/2021\/wp-json\/wp\/v2\/users\/3"}],"replies":[{"embeddable":true,"href":"https:\/\/www.noticiasradioreflejos.com.ar\/2021\/wp-json\/wp\/v2\/comments?post=112239"}],"version-history":[{"count":1,"href":"https:\/\/www.noticiasradioreflejos.com.ar\/2021\/wp-json\/wp\/v2\/posts\/112239\/revisions"}],"predecessor-version":[{"id":112240,"href":"https:\/\/www.noticiasradioreflejos.com.ar\/2021\/wp-json\/wp\/v2\/posts\/112239\/revisions\/112240"}],"wp:featuredmedia":[{"embeddable":true,"href":"https:\/\/www.noticiasradioreflejos.com.ar\/2021\/wp-json\/wp\/v2\/media\/109626"}],"wp:attachment":[{"href":"https:\/\/www.noticiasradioreflejos.com.ar\/2021\/wp-json\/wp\/v2\/media?parent=112239"}],"wp:term":[{"taxonomy":"category","embeddable":true,"href":"https:\/\/www.noticiasradioreflejos.com.ar\/2021\/wp-json\/wp\/v2\/categories?post=112239"},{"taxonomy":"post_tag","embeddable":true,"href":"https:\/\/www.noticiasradioreflejos.com.ar\/2021\/wp-json\/wp\/v2\/tags?post=112239"}],"curies":[{"name":"wp","href":"https:\/\/api.w.org\/{rel}","templated":true}]}}