{"id":112201,"date":"2025-02-03T08:36:13","date_gmt":"2025-02-03T11:36:13","guid":{"rendered":"https:\/\/www.noticiasradioreflejos.com.ar\/2021\/?p=112201"},"modified":"2025-02-03T08:43:56","modified_gmt":"2025-02-03T11:43:56","slug":"vuelos-reprogramados-en-el-aeropuerto-bahiense-a-causa-de-la-tormenta","status":"publish","type":"post","link":"https:\/\/www.noticiasradioreflejos.com.ar\/2021\/vuelos-reprogramados-en-el-aeropuerto-bahiense-a-causa-de-la-tormenta\/","title":{"rendered":"Vuelos reprogramados en el aeropuerto bahiense a causa de la tormenta"},"content":{"rendered":"<header id=\"mvp-post-head\" class=\"left relative\">La falta de energ\u00eda caus\u00f3 problemas en la comunicaci\u00f3n con la torre de control.<\/p>\n<\/header>\n<p><!--more--><\/p>\n<div class=\"mvp-post-main-out left relative\">\n<div class=\"mvp-post-main-in\">\n<div id=\"mvp-post-content\" class=\"left relative\">\n<div id=\"mvp-post-feat-img\" class=\"left relative mvp-post-feat-img-wide2\"><\/div>\n<div id=\"mvp-content-wrap\" class=\"left relative\">\n<div class=\"mvp-post-soc-out right relative\">\n<div class=\"mvp-post-soc-in\">\n<div id=\"mvp-content-body\" class=\"left relative\">\n<div id=\"mvp-content-body-top\" class=\"left relative\">\n<div id=\"mvp-content-main\" class=\"left relative\">\n<p>Las secuelas de la tormenta que azot\u00f3 con fuerza la ciudad contin\u00faan generando complicaciones, ahora el aeropuerto bahiense tuvo que reprogramar sus vuelos por la falta de energ\u00eda.<\/p>\n<p>\u00abEstamos intentando solucionar el problema con EDES. Tenemos problemas en la comunicaci\u00f3n con la torre de control, debido a que no tenemos m\u00e1s reservas\u00bb, explicaron fuentes del aeropuerto a\u00a0<strong>LA BR\u00daJULA 24.<\/strong>\u00a0\u00abHoy debimos reprogramar dos vuelos\u00bb.<\/p>\n<p><strong>Pasadas las 20 del domingo, desde la terminal aeroportuaria informaron que pudieron recuperar la energ\u00eda, por lo que ma\u00f1ana lunes trabajar\u00e1n con normalidad.<\/strong><\/p>\n<p><a href=\"https:\/\/www.labrujula24.com\/notas\/2025\/02\/02\/edes-trabaja-para-reparar-los-danos-causados-por-la-feroz-tormenta-n419260\/\" data-type=\"link\" data-id=\"https:\/\/www.labrujula24.com\/notas\/2025\/02\/02\/edes-trabaja-para-reparar-los-danos-causados-por-la-feroz-tormenta-n419260\/\">Cabe recordar que EDES inform\u00f3 que despleg\u00f3 un importante operativo para reparar los da\u00f1os provocados por la feroz tormenta.<\/a><\/p>\n<\/div>\n<\/div>\n<\/div>\n<\/div>\n<\/div>\n<\/div>\n<\/div>\n<\/div>\n<\/div>\n","protected":false},"excerpt":{"rendered":"<p>La falta de energ\u00eda caus\u00f3 problemas en la comunicaci\u00f3n con la torre de control.<\/p>\n","protected":false},"author":3,"featured_media":112204,"comment_status":"closed","ping_status":"closed","sticky":false,"template":"","format":"standard","meta":{"footnotes":""},"categories":[26,33],"tags":[],"class_list":["post-112201","post","type-post","status-publish","format-standard","has-post-thumbnail","hentry","category-sociedad","category-turismo"],"yoast_head":"<!-- This site is optimized with the Yoast SEO plugin v25.9 - https:\/\/yoast.com\/wordpress\/plugins\/seo\/ -->\n<title>Vuelos reprogramados en el aeropuerto bahiense a causa de la tormenta - Noticias Radio Reflejos<\/title>\n<meta name=\"robots\" content=\"index, follow, max-snippet:-1, max-image-preview:large, max-video-preview:-1\" \/>\n<link rel=\"canonical\" href=\"https:\/\/www.noticiasradioreflejos.com.ar\/2021\/vuelos-reprogramados-en-el-aeropuerto-bahiense-a-causa-de-la-tormenta\/\" \/>\n<meta property=\"og:locale\" content=\"es_ES\" \/>\n<meta property=\"og:type\" content=\"article\" \/>\n<meta property=\"og:title\" content=\"Vuelos reprogramados en el aeropuerto bahiense a causa de la tormenta - Noticias Radio Reflejos\" \/>\n<meta property=\"og:description\" content=\"La falta de energ\u00eda caus\u00f3 problemas en la comunicaci\u00f3n con la torre de control.\" \/>\n<meta property=\"og:url\" content=\"https:\/\/www.noticiasradioreflejos.com.ar\/2021\/vuelos-reprogramados-en-el-aeropuerto-bahiense-a-causa-de-la-tormenta\/\" \/>\n<meta property=\"og:site_name\" content=\"Noticias Radio Reflejos\" \/>\n<meta property=\"article:published_time\" content=\"2025-02-03T11:36:13+00:00\" \/>\n<meta property=\"article:modified_time\" content=\"2025-02-03T11:43:56+00:00\" \/>\n<meta property=\"og:image\" content=\"https:\/\/www.noticiasradioreflejos.com.ar\/2021\/wp-content\/uploads\/2025\/02\/aeropuertodebahia.jpg_730.jpg\" \/>\n\t<meta property=\"og:image:width\" content=\"730\" \/>\n\t<meta property=\"og:image:height\" content=\"454\" \/>\n\t<meta property=\"og:image:type\" content=\"image\/jpeg\" \/>\n<meta name=\"author\" content=\"Arnaldo Botto\" \/>\n<meta name=\"twitter:card\" content=\"summary_large_image\" \/>\n<script type=\"application\/ld+json\" class=\"yoast-schema-graph\">{\"@context\":\"https:\/\/schema.org\",\"@graph\":[{\"@type\":\"WebPage\",\"@id\":\"https:\/\/www.noticiasradioreflejos.com.ar\/2021\/vuelos-reprogramados-en-el-aeropuerto-bahiense-a-causa-de-la-tormenta\/\",\"url\":\"https:\/\/www.noticiasradioreflejos.com.ar\/2021\/vuelos-reprogramados-en-el-aeropuerto-bahiense-a-causa-de-la-tormenta\/\",\"name\":\"Vuelos reprogramados en el aeropuerto bahiense a causa de la tormenta - Noticias Radio Reflejos\",\"isPartOf\":{\"@id\":\"https:\/\/www.noticiasradioreflejos.com.ar\/2021\/#website\"},\"primaryImageOfPage\":{\"@id\":\"https:\/\/www.noticiasradioreflejos.com.ar\/2021\/vuelos-reprogramados-en-el-aeropuerto-bahiense-a-causa-de-la-tormenta\/#primaryimage\"},\"image\":{\"@id\":\"https:\/\/www.noticiasradioreflejos.com.ar\/2021\/vuelos-reprogramados-en-el-aeropuerto-bahiense-a-causa-de-la-tormenta\/#primaryimage\"},\"thumbnailUrl\":\"https:\/\/www.noticiasradioreflejos.com.ar\/2021\/wp-content\/uploads\/2025\/02\/aeropuertodebahia.jpg_730.jpg\",\"datePublished\":\"2025-02-03T11:36:13+00:00\",\"dateModified\":\"2025-02-03T11:43:56+00:00\",\"author\":{\"@id\":\"https:\/\/www.noticiasradioreflejos.com.ar\/2021\/#\/schema\/person\/ad82545263dcc5ec0996818884fd5fb1\"},\"breadcrumb\":{\"@id\":\"https:\/\/www.noticiasradioreflejos.com.ar\/2021\/vuelos-reprogramados-en-el-aeropuerto-bahiense-a-causa-de-la-tormenta\/#breadcrumb\"},\"inLanguage\":\"es\",\"potentialAction\":[{\"@type\":\"ReadAction\",\"target\":[\"https:\/\/www.noticiasradioreflejos.com.ar\/2021\/vuelos-reprogramados-en-el-aeropuerto-bahiense-a-causa-de-la-tormenta\/\"]}]},{\"@type\":\"ImageObject\",\"inLanguage\":\"es\",\"@id\":\"https:\/\/www.noticiasradioreflejos.com.ar\/2021\/vuelos-reprogramados-en-el-aeropuerto-bahiense-a-causa-de-la-tormenta\/#primaryimage\",\"url\":\"https:\/\/www.noticiasradioreflejos.com.ar\/2021\/wp-content\/uploads\/2025\/02\/aeropuertodebahia.jpg_730.jpg\",\"contentUrl\":\"https:\/\/www.noticiasradioreflejos.com.ar\/2021\/wp-content\/uploads\/2025\/02\/aeropuertodebahia.jpg_730.jpg\",\"width\":730,\"height\":454},{\"@type\":\"BreadcrumbList\",\"@id\":\"https:\/\/www.noticiasradioreflejos.com.ar\/2021\/vuelos-reprogramados-en-el-aeropuerto-bahiense-a-causa-de-la-tormenta\/#breadcrumb\",\"itemListElement\":[{\"@type\":\"ListItem\",\"position\":1,\"name\":\"Portada\",\"item\":\"https:\/\/www.noticiasradioreflejos.com.ar\/2021\/\"},{\"@type\":\"ListItem\",\"position\":2,\"name\":\"Vuelos reprogramados en el aeropuerto bahiense a causa de la tormenta\"}]},{\"@type\":\"WebSite\",\"@id\":\"https:\/\/www.noticiasradioreflejos.com.ar\/2021\/#website\",\"url\":\"https:\/\/www.noticiasradioreflejos.com.ar\/2021\/\",\"name\":\"Noticias Radio Reflejos\",\"description\":\"Las noticias de mi comarca\",\"potentialAction\":[{\"@type\":\"SearchAction\",\"target\":{\"@type\":\"EntryPoint\",\"urlTemplate\":\"https:\/\/www.noticiasradioreflejos.com.ar\/2021\/?s={search_term_string}\"},\"query-input\":{\"@type\":\"PropertyValueSpecification\",\"valueRequired\":true,\"valueName\":\"search_term_string\"}}],\"inLanguage\":\"es\"},{\"@type\":\"Person\",\"@id\":\"https:\/\/www.noticiasradioreflejos.com.ar\/2021\/#\/schema\/person\/ad82545263dcc5ec0996818884fd5fb1\",\"name\":\"Arnaldo Botto\",\"image\":{\"@type\":\"ImageObject\",\"inLanguage\":\"es\",\"@id\":\"https:\/\/www.noticiasradioreflejos.com.ar\/2021\/#\/schema\/person\/image\/\",\"url\":\"https:\/\/secure.gravatar.com\/avatar\/55cb5e37c1efa326397366e6974cb338056df65cb50e7d64d1cf314e87504837?s=96&d=mm&r=g\",\"contentUrl\":\"https:\/\/secure.gravatar.com\/avatar\/55cb5e37c1efa326397366e6974cb338056df65cb50e7d64d1cf314e87504837?s=96&d=mm&r=g\",\"caption\":\"Arnaldo Botto\"},\"url\":\"https:\/\/www.noticiasradioreflejos.com.ar\/2021\/author\/arnaldo\/\"}]}<\/script>\n<!-- \/ Yoast SEO plugin. -->","yoast_head_json":{"title":"Vuelos reprogramados en el aeropuerto bahiense a causa de la tormenta - Noticias Radio Reflejos","robots":{"index":"index","follow":"follow","max-snippet":"max-snippet:-1","max-image-preview":"max-image-preview:large","max-video-preview":"max-video-preview:-1"},"canonical":"https:\/\/www.noticiasradioreflejos.com.ar\/2021\/vuelos-reprogramados-en-el-aeropuerto-bahiense-a-causa-de-la-tormenta\/","og_locale":"es_ES","og_type":"article","og_title":"Vuelos reprogramados en el aeropuerto bahiense a causa de la tormenta - Noticias Radio Reflejos","og_description":"La falta de energ\u00eda caus\u00f3 problemas en la comunicaci\u00f3n con la torre de control.","og_url":"https:\/\/www.noticiasradioreflejos.com.ar\/2021\/vuelos-reprogramados-en-el-aeropuerto-bahiense-a-causa-de-la-tormenta\/","og_site_name":"Noticias Radio Reflejos","article_published_time":"2025-02-03T11:36:13+00:00","article_modified_time":"2025-02-03T11:43:56+00:00","og_image":[{"width":730,"height":454,"url":"https:\/\/www.noticiasradioreflejos.com.ar\/2021\/wp-content\/uploads\/2025\/02\/aeropuertodebahia.jpg_730.jpg","type":"image\/jpeg"}],"author":"Arnaldo Botto","twitter_card":"summary_large_image","schema":{"@context":"https:\/\/schema.org","@graph":[{"@type":"WebPage","@id":"https:\/\/www.noticiasradioreflejos.com.ar\/2021\/vuelos-reprogramados-en-el-aeropuerto-bahiense-a-causa-de-la-tormenta\/","url":"https:\/\/www.noticiasradioreflejos.com.ar\/2021\/vuelos-reprogramados-en-el-aeropuerto-bahiense-a-causa-de-la-tormenta\/","name":"Vuelos reprogramados en el aeropuerto bahiense a causa de la tormenta - Noticias Radio Reflejos","isPartOf":{"@id":"https:\/\/www.noticiasradioreflejos.com.ar\/2021\/#website"},"primaryImageOfPage":{"@id":"https:\/\/www.noticiasradioreflejos.com.ar\/2021\/vuelos-reprogramados-en-el-aeropuerto-bahiense-a-causa-de-la-tormenta\/#primaryimage"},"image":{"@id":"https:\/\/www.noticiasradioreflejos.com.ar\/2021\/vuelos-reprogramados-en-el-aeropuerto-bahiense-a-causa-de-la-tormenta\/#primaryimage"},"thumbnailUrl":"https:\/\/www.noticiasradioreflejos.com.ar\/2021\/wp-content\/uploads\/2025\/02\/aeropuertodebahia.jpg_730.jpg","datePublished":"2025-02-03T11:36:13+00:00","dateModified":"2025-02-03T11:43:56+00:00","author":{"@id":"https:\/\/www.noticiasradioreflejos.com.ar\/2021\/#\/schema\/person\/ad82545263dcc5ec0996818884fd5fb1"},"breadcrumb":{"@id":"https:\/\/www.noticiasradioreflejos.com.ar\/2021\/vuelos-reprogramados-en-el-aeropuerto-bahiense-a-causa-de-la-tormenta\/#breadcrumb"},"inLanguage":"es","potentialAction":[{"@type":"ReadAction","target":["https:\/\/www.noticiasradioreflejos.com.ar\/2021\/vuelos-reprogramados-en-el-aeropuerto-bahiense-a-causa-de-la-tormenta\/"]}]},{"@type":"ImageObject","inLanguage":"es","@id":"https:\/\/www.noticiasradioreflejos.com.ar\/2021\/vuelos-reprogramados-en-el-aeropuerto-bahiense-a-causa-de-la-tormenta\/#primaryimage","url":"https:\/\/www.noticiasradioreflejos.com.ar\/2021\/wp-content\/uploads\/2025\/02\/aeropuertodebahia.jpg_730.jpg","contentUrl":"https:\/\/www.noticiasradioreflejos.com.ar\/2021\/wp-content\/uploads\/2025\/02\/aeropuertodebahia.jpg_730.jpg","width":730,"height":454},{"@type":"BreadcrumbList","@id":"https:\/\/www.noticiasradioreflejos.com.ar\/2021\/vuelos-reprogramados-en-el-aeropuerto-bahiense-a-causa-de-la-tormenta\/#breadcrumb","itemListElement":[{"@type":"ListItem","position":1,"name":"Portada","item":"https:\/\/www.noticiasradioreflejos.com.ar\/2021\/"},{"@type":"ListItem","position":2,"name":"Vuelos reprogramados en el aeropuerto bahiense a causa de la tormenta"}]},{"@type":"WebSite","@id":"https:\/\/www.noticiasradioreflejos.com.ar\/2021\/#website","url":"https:\/\/www.noticiasradioreflejos.com.ar\/2021\/","name":"Noticias Radio Reflejos","description":"Las noticias de mi comarca","potentialAction":[{"@type":"SearchAction","target":{"@type":"EntryPoint","urlTemplate":"https:\/\/www.noticiasradioreflejos.com.ar\/2021\/?s={search_term_string}"},"query-input":{"@type":"PropertyValueSpecification","valueRequired":true,"valueName":"search_term_string"}}],"inLanguage":"es"},{"@type":"Person","@id":"https:\/\/www.noticiasradioreflejos.com.ar\/2021\/#\/schema\/person\/ad82545263dcc5ec0996818884fd5fb1","name":"Arnaldo Botto","image":{"@type":"ImageObject","inLanguage":"es","@id":"https:\/\/www.noticiasradioreflejos.com.ar\/2021\/#\/schema\/person\/image\/","url":"https:\/\/secure.gravatar.com\/avatar\/55cb5e37c1efa326397366e6974cb338056df65cb50e7d64d1cf314e87504837?s=96&d=mm&r=g","contentUrl":"https:\/\/secure.gravatar.com\/avatar\/55cb5e37c1efa326397366e6974cb338056df65cb50e7d64d1cf314e87504837?s=96&d=mm&r=g","caption":"Arnaldo Botto"},"url":"https:\/\/www.noticiasradioreflejos.com.ar\/2021\/author\/arnaldo\/"}]}},"_links":{"self":[{"href":"https:\/\/www.noticiasradioreflejos.com.ar\/2021\/wp-json\/wp\/v2\/posts\/112201","targetHints":{"allow":["GET"]}}],"collection":[{"href":"https:\/\/www.noticiasradioreflejos.com.ar\/2021\/wp-json\/wp\/v2\/posts"}],"about":[{"href":"https:\/\/www.noticiasradioreflejos.com.ar\/2021\/wp-json\/wp\/v2\/types\/post"}],"author":[{"embeddable":true,"href":"https:\/\/www.noticiasradioreflejos.com.ar\/2021\/wp-json\/wp\/v2\/users\/3"}],"replies":[{"embeddable":true,"href":"https:\/\/www.noticiasradioreflejos.com.ar\/2021\/wp-json\/wp\/v2\/comments?post=112201"}],"version-history":[{"count":2,"href":"https:\/\/www.noticiasradioreflejos.com.ar\/2021\/wp-json\/wp\/v2\/posts\/112201\/revisions"}],"predecessor-version":[{"id":112206,"href":"https:\/\/www.noticiasradioreflejos.com.ar\/2021\/wp-json\/wp\/v2\/posts\/112201\/revisions\/112206"}],"wp:featuredmedia":[{"embeddable":true,"href":"https:\/\/www.noticiasradioreflejos.com.ar\/2021\/wp-json\/wp\/v2\/media\/112204"}],"wp:attachment":[{"href":"https:\/\/www.noticiasradioreflejos.com.ar\/2021\/wp-json\/wp\/v2\/media?parent=112201"}],"wp:term":[{"taxonomy":"category","embeddable":true,"href":"https:\/\/www.noticiasradioreflejos.com.ar\/2021\/wp-json\/wp\/v2\/categories?post=112201"},{"taxonomy":"post_tag","embeddable":true,"href":"https:\/\/www.noticiasradioreflejos.com.ar\/2021\/wp-json\/wp\/v2\/tags?post=112201"}],"curies":[{"name":"wp","href":"https:\/\/api.w.org\/{rel}","templated":true}]}}