{"id":112195,"date":"2025-02-03T07:15:44","date_gmt":"2025-02-03T10:15:44","guid":{"rendered":"https:\/\/www.noticiasradioreflejos.com.ar\/2021\/?p=112195"},"modified":"2025-02-03T07:15:44","modified_gmt":"2025-02-03T10:15:44","slug":"continua-a-buen-ritmo-la-instalacion-de-fibra-optica-en-tornquist","status":"publish","type":"post","link":"https:\/\/www.noticiasradioreflejos.com.ar\/2021\/continua-a-buen-ritmo-la-instalacion-de-fibra-optica-en-tornquist\/","title":{"rendered":"Contin\u00faa a buen ritmo la instalaci\u00f3n de fibra \u00f3ptica en Tornquist"},"content":{"rendered":"<p>La empresa 3RED, contratada por la CELT. para llegar a brindar en Tornquist el 100% del servicio de internet por fibra \u00f3ptica, contin\u00faa a buen ritmo con la instalaci\u00f3n que comenz\u00f3 por el sector noreste de la localidad y en pocos d\u00edas ha logrado realizar el tendido en varias cuadras del sector que aun no contaba con fibra \u00f3ptica.<\/p>\n<p>&nbsp;<\/p>\n<p><!--more--><\/p>\n<div class=\"content-inner \">\n<p><iframe loading=\"lazy\" title=\"2025 01 31 OBRA DE FIBRA OPTICA EN TORNQUIST 1 IGNACIO BUCCHI\" src=\"https:\/\/www.youtube.com\/embed\/4WXOYPwPan4?feature=oembed\" width=\"500\" height=\"281\" frameborder=\"0\" allowfullscreen=\"allowfullscreen\" data-mce-fragment=\"1\"><\/iframe><\/p>\n<div class=\"jnews_inline_related_post_wrapper left\">\n<div class=\"jnews_inline_related_post\">\n<div class=\"jeg_postblock_21 jeg_postblock jeg_module_hook jeg_pagination_nextprev jeg_col_2o3 jnews_module_87485_0_67a096d7a423e \" data-unique=\"jnews_module_87485_0_67a096d7a423e\">\n<div class=\"jeg_block_heading jeg_block_heading_5 jeg_subcat_right\"><\/div>\n<div class=\"jeg_block_container\">\n<div class=\"jeg_posts jeg_load_more_flag\">\n<article class=\"jeg_post jeg_pl_sm post-87471 post type-post status-publish format-standard has-post-thumbnail hentry category-celt-tv-noticias category-celttv-y-el-cooperativismo\">\n<div class=\"jeg_thumb\">\n<div class=\"thumbnail-container animate-lazy size-715 \"><\/div>\n<\/div>\n<\/article>\n<\/div>\n<\/div>\n<div class=\"jeg_block_navigation\">\n<div class=\"jeg_block_nav \"><i class=\"fa fa-angle-left\"><\/i>\u00a0<i class=\"fa fa-angle-right\"><\/i><\/div>\n<\/div>\n<\/div>\n<\/div>\n<\/div>\n<p><strong>Ignacio Bucchi, presidente de la Cooperativa El\u00e9ctrica de Tornquist<\/strong><br \/>\n\u201cTerminamos de firmar el contrato 3REDES para hacer la obra y esto lo ven\u00edamos gestionando ya desde noviembre y se empez\u00f3 justo en este mes, con calor, pero vamos con los tiempos que hab\u00edamos estipulado y con la inversi\u00f3n que hab\u00edamos pensado\u201d dijo Ignacio Bucchi el presidente de la Cooperativa El\u00e9ctrica de Tornquist.<br \/>\n\u201cEs una obra importante para Tornquist y ac\u00e1 est\u00e1 todo el plantel trabajando, Juan Burgos est\u00e1 encargado de la obra de parte de la CELT. y la empresa 3REDES es quien est\u00e1 llevando adelante la ejecuci\u00f3n de la misma\u201d subray\u00f3 Bucchi.<\/p>\n<p>\u201cEsto es algo que se lo deb\u00edamos a Tornquist, si bien comenzamos por Villa Ventana, esta obra era necesaria. En el momento en que vivimos la conectividad es muy importante y, si Dios quiere, en unos meses Tornquist estar\u00e1 cubierto en un 100% con el servicio de fibra \u00f3ptica\u201d<br \/>\n\u201cTornquist y Villa Ventana, cobertura 100% de fibra \u00f3ptica\u201d remarc\u00f3 Bucchi.<\/p>\n<p>\u201cAl contar con 100% de fibra, en nuestro cabezal se ir\u00e1 erradicando todo el viejo sistema anal\u00f3gico para dar paso a lo digital. Ambos sistemas tuvieron que interactuar y hab\u00eda p\u00e9rdidas de paquetes de datos y ahora eso no ocurrir\u00e1 porque todo ser\u00e1 datos solamente por fibra y no habr\u00e1 nada m\u00e1s en anal\u00f3gico\u201d subray\u00f3 el presidente de la CELT.<\/p>\n<p>\u201cLa fibra es un salto de calidad, tiene una transmisi\u00f3n m\u00e1s fiel y muy poca p\u00e9rdida de paquetes de datos\u201d<br \/>\n\u201cLa Cooperativa est\u00e1 pasando por un momento econ\u00f3mico que le permite tener el respaldo para poder realizar estas importantes obras. Si bien nosotros cobramos la energ\u00eda y eso nos da ganancia, la plata que la gente aporta queremos que vuelva en m\u00e1s y mejores servicios\u201d agreg\u00f3 el presidente de la CELT.<\/p>\n<p><iframe loading=\"lazy\" title=\"2025 01 31 OBRA DE FIBRA OPTICA EN TORNQUIST 2 JOSE LUIS GOMEZ\" src=\"https:\/\/www.youtube.com\/embed\/KwGpar54_Ks?feature=oembed\" width=\"500\" height=\"281\" frameborder=\"0\" allowfullscreen=\"allowfullscreen\" data-mce-fragment=\"1\"><\/iframe><\/p>\n<p>&nbsp;<\/p>\n<p><strong>Jos\u00e9 Luis Gomez, socio.gerente de la empresa 3REDES<\/strong><\/p>\n<p>\u201cEstamos trabajando a buen ritmo, nosotros ya conoc\u00edamos el lugar, somos parte del equipo que hicimos la obra anteriormente, y ven\u00edamos con un dise\u00f1o de ingenier\u00eda similar al que hab\u00edamos desarrollado\u201d dijo a CELTTV noticias Jos\u00e9 Luis Gomez, socio gerente de la empresa 3REDES, a cargo de la obra de fibra \u00f3ptica que la CELT. realiza en nuestra ciudad.<\/p>\n<p>\u201cDesde ese lado nos permite ganar tiempo e inclusive mejorar algunas cosas La idea es lograr, como se logr\u00f3 en aquel momento, una red de muy bajo mantenimiento y de muy buen resultado t\u00e9cnico\u201d asegur\u00f3 Jos\u00e9 Luis Gomez<\/p>\n<p>\u201cLo que la CELT. est\u00e1 desarrollando o construyendo para la ciudad, es algo que tiene un valor y una durabilidad bastante perdurable en el tiempo. Una inversi\u00f3n que va a poder satisfacer las necesidades de la comunidad y de la cooperativa con creces\u201d<\/p>\n<p>\u201cLa idea es que la obra est\u00e9 concluida dentro de los plazos previstos, siempre y cuando el clima acompa\u00f1e y algunas condiciones que son ajenas a nosotros\u201d<\/p>\n<p>\u201cDesde la cooperativa, desde el departamento de compras, la parte t\u00e9cnica nos han puesto a disposici\u00f3n los recursos, los materiales y el acompa\u00f1amiento en cosas peque\u00f1as que por ah\u00ed te llevar\u00edan otros tiempos de resoluci\u00f3n con el trabajo en conjunto lo hemos logrado satisfactoriamente\u201d dijo Gomez.<\/p>\n<p>\u201cSe trabaja en muy buen clima y ayer bromeamos por algunas cuestiones que hac\u00edamos el cambio de domicilio y est\u00e1bamos terminando de instalar una casa que hemos alquilado y bromeamos con eso que \u00e9ramos parte de la comunidad\u201d dijo Gomez.<\/p>\n<p><iframe loading=\"lazy\" title=\"2025 01 31 OBRA DE FIBRA OPTICA EN TORNQUIST 3 JUAN BURGOS\" src=\"https:\/\/www.youtube.com\/embed\/dAH6VHNb9MU?feature=oembed\" width=\"500\" height=\"281\" frameborder=\"0\" allowfullscreen=\"allowfullscreen\" data-mce-fragment=\"1\"><\/iframe><\/p>\n<p>&nbsp;<\/p>\n<p><strong>Juan Burgos, encargado del \u00e1rea de Telecomunicaciones de la CELT.<\/strong><br \/>\n\u201cEs una obra muy esperada en Tornquist al igual que la de Villa la de Villa y por suerte ya est\u00e1 terminada\u201d Dijo el encargado del \u00e1rea de telecomunicaciones de la CELT.<\/p>\n<p>\u201cLa fibra \u00f3ptica es una estabilidad distinta podemos brindar m\u00e1s ancho de banda al usuario, para la parte t\u00e9cnica, no digo que es mas f\u00e1cil, pero tenemos m\u00e1s herramientas para trabajar, desde una computadora podemos hacer preventivo al usuario, cambiar wi-fi, o sea un mont\u00f3n de cositas que hasta ahora el t\u00e9cnico ten\u00eda que ir hasta la casa y ahora las vamos a poder resolver m\u00e1s r\u00e1pido y sin salir\u201d dijo Burgos.<br \/>\nRespecto a la marcha de la obra Burgos se\u00f1al\u00f3 que \u201cSe arranc\u00f3 por la parte de distribuci\u00f3n, calculo que la semana que viene ya se va a comenzar con la primer troncal y despu\u00e9s hay que hacer las fusiones que tambi\u00e9n demanda un tiempo y una vez que tengamos alg\u00fan sector ya con potencia ya podr\u00edamos empezar a hacer distribuci\u00f3n. Ya estamos mucho mas cerca\u201d cerr\u00f3 Burgos.<\/p>\n<p><img loading=\"lazy\" decoding=\"async\" class=\"alignnone wp-image-87486 size-large\" src=\"https:\/\/www.celttv.com.ar\/wp-content\/uploads\/2025\/02\/IMG_2436-Medium-683x1024.jpg\" sizes=\"auto, (max-width: 683px) 100vw, 683px\" srcset=\"https:\/\/www.celttv.com.ar\/wp-content\/uploads\/2025\/02\/IMG_2436-Medium-683x1024.jpg 683w, https:\/\/www.celttv.com.ar\/wp-content\/uploads\/2025\/02\/IMG_2436-Medium-200x300.jpg 200w, https:\/\/www.celttv.com.ar\/wp-content\/uploads\/2025\/02\/IMG_2436-Medium-750x1125.jpg 750w, https:\/\/www.celttv.com.ar\/wp-content\/uploads\/2025\/02\/IMG_2436-Medium.jpg 768w\" alt=\"\" width=\"683\" height=\"1024\" data-pin-no-hover=\"true\" \/>\u00a0<img loading=\"lazy\" decoding=\"async\" class=\"alignnone wp-image-87487 size-large\" src=\"https:\/\/www.celttv.com.ar\/wp-content\/uploads\/2025\/02\/IMG_2437-Medium-683x1024.jpg\" sizes=\"auto, (max-width: 683px) 100vw, 683px\" srcset=\"https:\/\/www.celttv.com.ar\/wp-content\/uploads\/2025\/02\/IMG_2437-Medium-683x1024.jpg 683w, https:\/\/www.celttv.com.ar\/wp-content\/uploads\/2025\/02\/IMG_2437-Medium-200x300.jpg 200w, https:\/\/www.celttv.com.ar\/wp-content\/uploads\/2025\/02\/IMG_2437-Medium-750x1125.jpg 750w, https:\/\/www.celttv.com.ar\/wp-content\/uploads\/2025\/02\/IMG_2437-Medium.jpg 768w\" alt=\"\" width=\"683\" height=\"1024\" data-pin-no-hover=\"true\" \/>\u00a0<img loading=\"lazy\" decoding=\"async\" class=\"alignnone wp-image-87488 size-full\" src=\"https:\/\/www.celttv.com.ar\/wp-content\/uploads\/2025\/02\/LOS-TRES.jpg\" sizes=\"auto, (max-width: 901px) 100vw, 901px\" srcset=\"https:\/\/www.celttv.com.ar\/wp-content\/uploads\/2025\/02\/LOS-TRES.jpg 901w, https:\/\/www.celttv.com.ar\/wp-content\/uploads\/2025\/02\/LOS-TRES-300x188.jpg 300w, https:\/\/www.celttv.com.ar\/wp-content\/uploads\/2025\/02\/LOS-TRES-768x482.jpg 768w, https:\/\/www.celttv.com.ar\/wp-content\/uploads\/2025\/02\/LOS-TRES-750x470.jpg 750w\" alt=\"\" width=\"901\" height=\"565\" data-pin-no-hover=\"true\" \/><\/p>\n<\/div>\n","protected":false},"excerpt":{"rendered":"<p>La empresa 3RED, contratada por la CELT. para llegar a brindar en Tornquist el 100% del servicio de internet por fibra \u00f3ptica, contin\u00faa a buen ritmo con la instalaci\u00f3n que comenz\u00f3 por el sector noreste de la localidad y en pocos d\u00edas ha logrado realizar el tendido en varias cuadras del sector que aun no [&hellip;]<\/p>\n","protected":false},"author":3,"featured_media":0,"comment_status":"closed","ping_status":"closed","sticky":false,"template":"","format":"standard","meta":{"footnotes":""},"categories":[26],"tags":[],"class_list":["post-112195","post","type-post","status-publish","format-standard","hentry","category-sociedad"],"yoast_head":"<!-- This site is optimized with the Yoast SEO plugin v25.9 - https:\/\/yoast.com\/wordpress\/plugins\/seo\/ -->\n<title>Contin\u00faa a buen ritmo la instalaci\u00f3n de fibra \u00f3ptica en Tornquist - Noticias Radio Reflejos<\/title>\n<meta name=\"robots\" content=\"index, follow, max-snippet:-1, max-image-preview:large, max-video-preview:-1\" \/>\n<link rel=\"canonical\" href=\"https:\/\/www.noticiasradioreflejos.com.ar\/2021\/continua-a-buen-ritmo-la-instalacion-de-fibra-optica-en-tornquist\/\" \/>\n<meta property=\"og:locale\" content=\"es_ES\" \/>\n<meta property=\"og:type\" content=\"article\" \/>\n<meta property=\"og:title\" content=\"Contin\u00faa a buen ritmo la instalaci\u00f3n de fibra \u00f3ptica en Tornquist - Noticias Radio Reflejos\" \/>\n<meta property=\"og:description\" content=\"La empresa 3RED, contratada por la CELT. para llegar a brindar en Tornquist el 100% del servicio de internet por fibra \u00f3ptica, contin\u00faa a buen ritmo con la instalaci\u00f3n que comenz\u00f3 por el sector noreste de la localidad y en pocos d\u00edas ha logrado realizar el tendido en varias cuadras del sector que aun no [&hellip;]\" \/>\n<meta property=\"og:url\" content=\"https:\/\/www.noticiasradioreflejos.com.ar\/2021\/continua-a-buen-ritmo-la-instalacion-de-fibra-optica-en-tornquist\/\" \/>\n<meta property=\"og:site_name\" content=\"Noticias Radio Reflejos\" \/>\n<meta property=\"article:published_time\" content=\"2025-02-03T10:15:44+00:00\" \/>\n<meta property=\"og:image\" content=\"https:\/\/www.celttv.com.ar\/wp-content\/uploads\/2025\/02\/IMG_2436-Medium-683x1024.jpg\" \/>\n<meta name=\"author\" content=\"Arnaldo Botto\" \/>\n<meta name=\"twitter:card\" content=\"summary_large_image\" \/>\n<script type=\"application\/ld+json\" class=\"yoast-schema-graph\">{\"@context\":\"https:\/\/schema.org\",\"@graph\":[{\"@type\":\"WebPage\",\"@id\":\"https:\/\/www.noticiasradioreflejos.com.ar\/2021\/continua-a-buen-ritmo-la-instalacion-de-fibra-optica-en-tornquist\/\",\"url\":\"https:\/\/www.noticiasradioreflejos.com.ar\/2021\/continua-a-buen-ritmo-la-instalacion-de-fibra-optica-en-tornquist\/\",\"name\":\"Contin\u00faa a buen ritmo la instalaci\u00f3n de fibra \u00f3ptica en Tornquist - Noticias Radio Reflejos\",\"isPartOf\":{\"@id\":\"https:\/\/www.noticiasradioreflejos.com.ar\/2021\/#website\"},\"primaryImageOfPage\":{\"@id\":\"https:\/\/www.noticiasradioreflejos.com.ar\/2021\/continua-a-buen-ritmo-la-instalacion-de-fibra-optica-en-tornquist\/#primaryimage\"},\"image\":{\"@id\":\"https:\/\/www.noticiasradioreflejos.com.ar\/2021\/continua-a-buen-ritmo-la-instalacion-de-fibra-optica-en-tornquist\/#primaryimage\"},\"thumbnailUrl\":\"https:\/\/www.celttv.com.ar\/wp-content\/uploads\/2025\/02\/IMG_2436-Medium-683x1024.jpg\",\"datePublished\":\"2025-02-03T10:15:44+00:00\",\"author\":{\"@id\":\"https:\/\/www.noticiasradioreflejos.com.ar\/2021\/#\/schema\/person\/ad82545263dcc5ec0996818884fd5fb1\"},\"breadcrumb\":{\"@id\":\"https:\/\/www.noticiasradioreflejos.com.ar\/2021\/continua-a-buen-ritmo-la-instalacion-de-fibra-optica-en-tornquist\/#breadcrumb\"},\"inLanguage\":\"es\",\"potentialAction\":[{\"@type\":\"ReadAction\",\"target\":[\"https:\/\/www.noticiasradioreflejos.com.ar\/2021\/continua-a-buen-ritmo-la-instalacion-de-fibra-optica-en-tornquist\/\"]}]},{\"@type\":\"ImageObject\",\"inLanguage\":\"es\",\"@id\":\"https:\/\/www.noticiasradioreflejos.com.ar\/2021\/continua-a-buen-ritmo-la-instalacion-de-fibra-optica-en-tornquist\/#primaryimage\",\"url\":\"https:\/\/www.celttv.com.ar\/wp-content\/uploads\/2025\/02\/IMG_2436-Medium-683x1024.jpg\",\"contentUrl\":\"https:\/\/www.celttv.com.ar\/wp-content\/uploads\/2025\/02\/IMG_2436-Medium-683x1024.jpg\"},{\"@type\":\"BreadcrumbList\",\"@id\":\"https:\/\/www.noticiasradioreflejos.com.ar\/2021\/continua-a-buen-ritmo-la-instalacion-de-fibra-optica-en-tornquist\/#breadcrumb\",\"itemListElement\":[{\"@type\":\"ListItem\",\"position\":1,\"name\":\"Portada\",\"item\":\"https:\/\/www.noticiasradioreflejos.com.ar\/2021\/\"},{\"@type\":\"ListItem\",\"position\":2,\"name\":\"Contin\u00faa a buen ritmo la instalaci\u00f3n de fibra \u00f3ptica en Tornquist\"}]},{\"@type\":\"WebSite\",\"@id\":\"https:\/\/www.noticiasradioreflejos.com.ar\/2021\/#website\",\"url\":\"https:\/\/www.noticiasradioreflejos.com.ar\/2021\/\",\"name\":\"Noticias Radio Reflejos\",\"description\":\"Las noticias de mi comarca\",\"potentialAction\":[{\"@type\":\"SearchAction\",\"target\":{\"@type\":\"EntryPoint\",\"urlTemplate\":\"https:\/\/www.noticiasradioreflejos.com.ar\/2021\/?s={search_term_string}\"},\"query-input\":{\"@type\":\"PropertyValueSpecification\",\"valueRequired\":true,\"valueName\":\"search_term_string\"}}],\"inLanguage\":\"es\"},{\"@type\":\"Person\",\"@id\":\"https:\/\/www.noticiasradioreflejos.com.ar\/2021\/#\/schema\/person\/ad82545263dcc5ec0996818884fd5fb1\",\"name\":\"Arnaldo Botto\",\"image\":{\"@type\":\"ImageObject\",\"inLanguage\":\"es\",\"@id\":\"https:\/\/www.noticiasradioreflejos.com.ar\/2021\/#\/schema\/person\/image\/\",\"url\":\"https:\/\/secure.gravatar.com\/avatar\/55cb5e37c1efa326397366e6974cb338056df65cb50e7d64d1cf314e87504837?s=96&d=mm&r=g\",\"contentUrl\":\"https:\/\/secure.gravatar.com\/avatar\/55cb5e37c1efa326397366e6974cb338056df65cb50e7d64d1cf314e87504837?s=96&d=mm&r=g\",\"caption\":\"Arnaldo Botto\"},\"url\":\"https:\/\/www.noticiasradioreflejos.com.ar\/2021\/author\/arnaldo\/\"}]}<\/script>\n<!-- \/ Yoast SEO plugin. -->","yoast_head_json":{"title":"Contin\u00faa a buen ritmo la instalaci\u00f3n de fibra \u00f3ptica en Tornquist - Noticias Radio Reflejos","robots":{"index":"index","follow":"follow","max-snippet":"max-snippet:-1","max-image-preview":"max-image-preview:large","max-video-preview":"max-video-preview:-1"},"canonical":"https:\/\/www.noticiasradioreflejos.com.ar\/2021\/continua-a-buen-ritmo-la-instalacion-de-fibra-optica-en-tornquist\/","og_locale":"es_ES","og_type":"article","og_title":"Contin\u00faa a buen ritmo la instalaci\u00f3n de fibra \u00f3ptica en Tornquist - Noticias Radio Reflejos","og_description":"La empresa 3RED, contratada por la CELT. para llegar a brindar en Tornquist el 100% del servicio de internet por fibra \u00f3ptica, contin\u00faa a buen ritmo con la instalaci\u00f3n que comenz\u00f3 por el sector noreste de la localidad y en pocos d\u00edas ha logrado realizar el tendido en varias cuadras del sector que aun no [&hellip;]","og_url":"https:\/\/www.noticiasradioreflejos.com.ar\/2021\/continua-a-buen-ritmo-la-instalacion-de-fibra-optica-en-tornquist\/","og_site_name":"Noticias Radio Reflejos","article_published_time":"2025-02-03T10:15:44+00:00","og_image":[{"url":"https:\/\/www.celttv.com.ar\/wp-content\/uploads\/2025\/02\/IMG_2436-Medium-683x1024.jpg","type":"","width":"","height":""}],"author":"Arnaldo Botto","twitter_card":"summary_large_image","schema":{"@context":"https:\/\/schema.org","@graph":[{"@type":"WebPage","@id":"https:\/\/www.noticiasradioreflejos.com.ar\/2021\/continua-a-buen-ritmo-la-instalacion-de-fibra-optica-en-tornquist\/","url":"https:\/\/www.noticiasradioreflejos.com.ar\/2021\/continua-a-buen-ritmo-la-instalacion-de-fibra-optica-en-tornquist\/","name":"Contin\u00faa a buen ritmo la instalaci\u00f3n de fibra \u00f3ptica en Tornquist - Noticias Radio Reflejos","isPartOf":{"@id":"https:\/\/www.noticiasradioreflejos.com.ar\/2021\/#website"},"primaryImageOfPage":{"@id":"https:\/\/www.noticiasradioreflejos.com.ar\/2021\/continua-a-buen-ritmo-la-instalacion-de-fibra-optica-en-tornquist\/#primaryimage"},"image":{"@id":"https:\/\/www.noticiasradioreflejos.com.ar\/2021\/continua-a-buen-ritmo-la-instalacion-de-fibra-optica-en-tornquist\/#primaryimage"},"thumbnailUrl":"https:\/\/www.celttv.com.ar\/wp-content\/uploads\/2025\/02\/IMG_2436-Medium-683x1024.jpg","datePublished":"2025-02-03T10:15:44+00:00","author":{"@id":"https:\/\/www.noticiasradioreflejos.com.ar\/2021\/#\/schema\/person\/ad82545263dcc5ec0996818884fd5fb1"},"breadcrumb":{"@id":"https:\/\/www.noticiasradioreflejos.com.ar\/2021\/continua-a-buen-ritmo-la-instalacion-de-fibra-optica-en-tornquist\/#breadcrumb"},"inLanguage":"es","potentialAction":[{"@type":"ReadAction","target":["https:\/\/www.noticiasradioreflejos.com.ar\/2021\/continua-a-buen-ritmo-la-instalacion-de-fibra-optica-en-tornquist\/"]}]},{"@type":"ImageObject","inLanguage":"es","@id":"https:\/\/www.noticiasradioreflejos.com.ar\/2021\/continua-a-buen-ritmo-la-instalacion-de-fibra-optica-en-tornquist\/#primaryimage","url":"https:\/\/www.celttv.com.ar\/wp-content\/uploads\/2025\/02\/IMG_2436-Medium-683x1024.jpg","contentUrl":"https:\/\/www.celttv.com.ar\/wp-content\/uploads\/2025\/02\/IMG_2436-Medium-683x1024.jpg"},{"@type":"BreadcrumbList","@id":"https:\/\/www.noticiasradioreflejos.com.ar\/2021\/continua-a-buen-ritmo-la-instalacion-de-fibra-optica-en-tornquist\/#breadcrumb","itemListElement":[{"@type":"ListItem","position":1,"name":"Portada","item":"https:\/\/www.noticiasradioreflejos.com.ar\/2021\/"},{"@type":"ListItem","position":2,"name":"Contin\u00faa a buen ritmo la instalaci\u00f3n de fibra \u00f3ptica en Tornquist"}]},{"@type":"WebSite","@id":"https:\/\/www.noticiasradioreflejos.com.ar\/2021\/#website","url":"https:\/\/www.noticiasradioreflejos.com.ar\/2021\/","name":"Noticias Radio Reflejos","description":"Las noticias de mi comarca","potentialAction":[{"@type":"SearchAction","target":{"@type":"EntryPoint","urlTemplate":"https:\/\/www.noticiasradioreflejos.com.ar\/2021\/?s={search_term_string}"},"query-input":{"@type":"PropertyValueSpecification","valueRequired":true,"valueName":"search_term_string"}}],"inLanguage":"es"},{"@type":"Person","@id":"https:\/\/www.noticiasradioreflejos.com.ar\/2021\/#\/schema\/person\/ad82545263dcc5ec0996818884fd5fb1","name":"Arnaldo Botto","image":{"@type":"ImageObject","inLanguage":"es","@id":"https:\/\/www.noticiasradioreflejos.com.ar\/2021\/#\/schema\/person\/image\/","url":"https:\/\/secure.gravatar.com\/avatar\/55cb5e37c1efa326397366e6974cb338056df65cb50e7d64d1cf314e87504837?s=96&d=mm&r=g","contentUrl":"https:\/\/secure.gravatar.com\/avatar\/55cb5e37c1efa326397366e6974cb338056df65cb50e7d64d1cf314e87504837?s=96&d=mm&r=g","caption":"Arnaldo Botto"},"url":"https:\/\/www.noticiasradioreflejos.com.ar\/2021\/author\/arnaldo\/"}]}},"_links":{"self":[{"href":"https:\/\/www.noticiasradioreflejos.com.ar\/2021\/wp-json\/wp\/v2\/posts\/112195","targetHints":{"allow":["GET"]}}],"collection":[{"href":"https:\/\/www.noticiasradioreflejos.com.ar\/2021\/wp-json\/wp\/v2\/posts"}],"about":[{"href":"https:\/\/www.noticiasradioreflejos.com.ar\/2021\/wp-json\/wp\/v2\/types\/post"}],"author":[{"embeddable":true,"href":"https:\/\/www.noticiasradioreflejos.com.ar\/2021\/wp-json\/wp\/v2\/users\/3"}],"replies":[{"embeddable":true,"href":"https:\/\/www.noticiasradioreflejos.com.ar\/2021\/wp-json\/wp\/v2\/comments?post=112195"}],"version-history":[{"count":1,"href":"https:\/\/www.noticiasradioreflejos.com.ar\/2021\/wp-json\/wp\/v2\/posts\/112195\/revisions"}],"predecessor-version":[{"id":112197,"href":"https:\/\/www.noticiasradioreflejos.com.ar\/2021\/wp-json\/wp\/v2\/posts\/112195\/revisions\/112197"}],"wp:attachment":[{"href":"https:\/\/www.noticiasradioreflejos.com.ar\/2021\/wp-json\/wp\/v2\/media?parent=112195"}],"wp:term":[{"taxonomy":"category","embeddable":true,"href":"https:\/\/www.noticiasradioreflejos.com.ar\/2021\/wp-json\/wp\/v2\/categories?post=112195"},{"taxonomy":"post_tag","embeddable":true,"href":"https:\/\/www.noticiasradioreflejos.com.ar\/2021\/wp-json\/wp\/v2\/tags?post=112195"}],"curies":[{"name":"wp","href":"https:\/\/api.w.org\/{rel}","templated":true}]}}