{"id":112138,"date":"2025-01-31T16:44:36","date_gmt":"2025-01-31T19:44:36","guid":{"rendered":"https:\/\/www.noticiasradioreflejos.com.ar\/2021\/?p=112138"},"modified":"2025-01-31T16:44:36","modified_gmt":"2025-01-31T19:44:36","slug":"este-domingo-en-el-predio-de-galileo-para-arrancar-el-ano-deportivo-como-se-debe-y-de-paso-pasar-una-linda-tarde","status":"publish","type":"post","link":"https:\/\/www.noticiasradioreflejos.com.ar\/2021\/este-domingo-en-el-predio-de-galileo-para-arrancar-el-ano-deportivo-como-se-debe-y-de-paso-pasar-una-linda-tarde\/","title":{"rendered":"Este domingo en el predio de Galileo: \u00abpara arrancar el a\u00f1o deportivo como se debe y de paso pasar una linda tarde\u00bb"},"content":{"rendered":"<p>Esta ma\u00f1ana, conversamos con el<strong> presidente del Club Atl\u00e9tico Ventana<\/strong>, <strong>Pedro Raspe\u00f1o<\/strong>, quien nos coment\u00f3 de la agenda preparada para este nuevo a\u00f1o e invita a la comunidad a una tarde de trabajo comunitario para embellecer el predio de Galileo.<!--more--><\/p>\n<p>\u00abFue todo de alma\u00bb menciona Pedro cuando le consultamos c\u00f3mo fue tomar la decisi\u00f3n de llevar adelante la instituci\u00f3n deportiva. \u00abPudimos armar un buen grupo de trabajo\u00bb continu\u00f3. Refiri\u00f3 que, a medida que fue pasando el tiempo, fue \u00abmeti\u00e9ndose\u00bb en la instituci\u00f3n durante mucho tiempo hasta llegar a la presidencia. \u00abVamos a tratar que,\u00a0 lo que est\u00e1 bien mantenerlo y mejorar lo que se pueda\u00bb coment\u00f3.<\/p>\n<p>Con respecto a los objetivos para el 2025, el club se plantea mejorar la calidad de socios. Actualmente, el club aloja a unas 300 personas que est\u00e1n utilizando las actividades del Ventana. \u00abLa idea es extenderlo a todo el pueblo, ya que es el \u00fanico club del pueblo\u00bb refiri\u00f3 Pedro.<\/p>\n<p>El Club Atl\u00e9tico Ventana fue beneficiario de la donaci\u00f3n de un terreno por parte de la Intendencia Municipal. \u00abUna de las cosas principales es el predio. Empezar a cerrarlo, nivelarlo &#8230; Es un trabajo que va a llevar tiempo pero hay que dar el primer paso y no quedar estancados\u00bb Coment\u00f3 Pedro, resaltando la ayuda de la municipalidad de Tornquist para llevar a cabo este objetivo.<\/p>\n<p>En cuanto al equipo t\u00e9cnico de f\u00fatbol (primera y reserva), informa: \u00abTenemos a Nico Roque en la parte t\u00e9cnica, que viene de Tornquist y entiende la realidad de los clubes. Me parece una buena propuesta traer alguien de afuera, que nadie lo conozca y poder aprovechar sus conocimientos\u00bb.<\/p>\n<p>En relaci\u00f3n a la actividad de hockey, Pedro comenta: \u00abVamos a tener a Nahuel Ianello como coordinador. Es alguien que se lo respeta mucho en la liga y hay que aprovecharlo. No hay que desperdiciar esos talentos\u00bb.<\/p>\n<p>Mientras tanto, en escuelitas continuar\u00e1 Emiliano Ventrucci, y para f\u00fatbol femenino seguir\u00e1 Sergio Tarabelli.<\/p>\n<p>Pedro menciona que est\u00e1n en b\u00fasqueda de preparadores f\u00edsicos para las actividades deportivas. No solo para la parte de educaci\u00f3n f\u00edsica, sino tambi\u00e9n para que puedan acompa\u00f1ar a los jugadores en los encuentros.<\/p>\n<p>Newcom tambi\u00e9n es una actividad que se desarrolla en el club. Si bien es una actividad que se realiza de manera m\u00e1s independiente, \u00abse est\u00e1 buscando darle un poco m\u00e1s de seriedad y competitividad\u00bb.<\/p>\n<p>Este fin de semana, se realizar\u00e1 una actividad comunitaria el domingo a las 17hs en el Galileo. \u00abLa idea es, junto a los jugadores, embellecer el predio, pintar, para arrancar el a\u00f1o deportivo como se debe y de paso pasar una linda tarde\u00bb. Agrega que a la noche se realizar\u00e1, tambi\u00e9n, venta de pollos a la parrilla. Asimismo, aprovechar\u00e1n para realizar reempadronamiento de socios del Ventana. \u00abRecuerden llevar gorro, agua y protector solar\u00bb pide el presidente.<\/p>\n<p>&nbsp;<\/p>\n<p><strong>Nota completa a continuaci\u00f3n:<\/strong><\/p>\n<p><iframe loading=\"lazy\" src=\"https:\/\/w.soundcloud.com\/player\/?url=https%3A\/\/api.soundcloud.com\/tracks\/2022677432&amp;color=%23ff5500&amp;auto_play=false&amp;hide_related=false&amp;show_comments=true&amp;show_user=true&amp;show_reposts=false&amp;show_teaser=true&amp;visual=true\" width=\"100%\" height=\"300\" frameborder=\"no\" scrolling=\"no\"><\/iframe><\/p>\n<div style=\"font-size: 10px; color: #cccccc; line-break: anywhere; word-break: normal; overflow: hidden; white-space: nowrap; text-overflow: ellipsis; font-family: Interstate,Lucida Grande,Lucida Sans Unicode,Lucida Sans,Garuda,Verdana,Tahoma,sans-serif; font-weight: 100;\"><a style=\"color: #cccccc; text-decoration: none;\" title=\"fmreflejos 103.7\" href=\"https:\/\/soundcloud.com\/fmreflejos-103-7\" target=\"_blank\" rel=\"noopener\">fmreflejos 103.7<\/a> \u00b7 <a style=\"color: #cccccc; text-decoration: none;\" title=\"Pedro Paspe\u00f1o 31-1\" href=\"https:\/\/soundcloud.com\/fmreflejos-103-7\/pedro-paspeno-31-1\" target=\"_blank\" rel=\"noopener\">Pedro Paspe\u00f1o 31-1<\/a><\/div>\n<p><a title=\"Club ventana\" href=\"https:\/\/www.flickr.com\/photos\/182279889@N02\/54299151833\/in\/dateposted-public\/\" data-flickr-embed=\"true\"><img loading=\"lazy\" decoding=\"async\" src=\"https:\/\/live.staticflickr.com\/65535\/54299151833_c38e7f421a_c.jpg\" alt=\"Club ventana\" width=\"800\" height=\"800\" \/><\/a><script async src=\"\/\/embedr.flickr.com\/assets\/client-code.js\" charset=\"utf-8\"><\/script><\/p>\n","protected":false},"excerpt":{"rendered":"<p>Esta ma\u00f1ana, conversamos con el presidente del Club Atl\u00e9tico Ventana, Pedro Raspe\u00f1o, quien nos coment\u00f3 de la agenda preparada para este nuevo a\u00f1o e invita a la comunidad a una tarde de trabajo comunitario para embellecer el predio de Galileo.<\/p>\n","protected":false},"author":3,"featured_media":107313,"comment_status":"closed","ping_status":"closed","sticky":false,"template":"","format":"standard","meta":{"footnotes":""},"categories":[27],"tags":[48],"class_list":["post-112138","post","type-post","status-publish","format-standard","has-post-thumbnail","hentry","category-deportes","tag-destacada"],"yoast_head":"<!-- This site is optimized with the Yoast SEO plugin v25.9 - https:\/\/yoast.com\/wordpress\/plugins\/seo\/ -->\n<title>Este domingo en el predio de Galileo: &quot;para arrancar el a\u00f1o deportivo como se debe y de paso pasar una linda tarde&quot; - Noticias Radio Reflejos<\/title>\n<meta name=\"robots\" content=\"index, follow, max-snippet:-1, max-image-preview:large, max-video-preview:-1\" \/>\n<link rel=\"canonical\" href=\"https:\/\/www.noticiasradioreflejos.com.ar\/2021\/este-domingo-en-el-predio-de-galileo-para-arrancar-el-ano-deportivo-como-se-debe-y-de-paso-pasar-una-linda-tarde\/\" \/>\n<meta property=\"og:locale\" content=\"es_ES\" \/>\n<meta property=\"og:type\" content=\"article\" \/>\n<meta property=\"og:title\" content=\"Este domingo en el predio de Galileo: &quot;para arrancar el a\u00f1o deportivo como se debe y de paso pasar una linda tarde&quot; - Noticias Radio Reflejos\" \/>\n<meta property=\"og:description\" content=\"Esta ma\u00f1ana, conversamos con el presidente del Club Atl\u00e9tico Ventana, Pedro Raspe\u00f1o, quien nos coment\u00f3 de la agenda preparada para este nuevo a\u00f1o e invita a la comunidad a una tarde de trabajo comunitario para embellecer el predio de Galileo.\" \/>\n<meta property=\"og:url\" content=\"https:\/\/www.noticiasradioreflejos.com.ar\/2021\/este-domingo-en-el-predio-de-galileo-para-arrancar-el-ano-deportivo-como-se-debe-y-de-paso-pasar-una-linda-tarde\/\" \/>\n<meta property=\"og:site_name\" content=\"Noticias Radio Reflejos\" \/>\n<meta property=\"article:published_time\" content=\"2025-01-31T19:44:36+00:00\" \/>\n<meta property=\"og:image\" content=\"https:\/\/www.noticiasradioreflejos.com.ar\/2021\/wp-content\/uploads\/2024\/09\/Club-Ventana-1.jpg\" \/>\n\t<meta property=\"og:image:width\" content=\"1280\" \/>\n\t<meta property=\"og:image:height\" content=\"720\" \/>\n\t<meta property=\"og:image:type\" content=\"image\/jpeg\" \/>\n<meta name=\"author\" content=\"Arnaldo Botto\" \/>\n<meta name=\"twitter:card\" content=\"summary_large_image\" \/>\n<script type=\"application\/ld+json\" class=\"yoast-schema-graph\">{\"@context\":\"https:\/\/schema.org\",\"@graph\":[{\"@type\":\"WebPage\",\"@id\":\"https:\/\/www.noticiasradioreflejos.com.ar\/2021\/este-domingo-en-el-predio-de-galileo-para-arrancar-el-ano-deportivo-como-se-debe-y-de-paso-pasar-una-linda-tarde\/\",\"url\":\"https:\/\/www.noticiasradioreflejos.com.ar\/2021\/este-domingo-en-el-predio-de-galileo-para-arrancar-el-ano-deportivo-como-se-debe-y-de-paso-pasar-una-linda-tarde\/\",\"name\":\"Este domingo en el predio de Galileo: \\\"para arrancar el a\u00f1o deportivo como se debe y de paso pasar una linda tarde\\\" - Noticias Radio Reflejos\",\"isPartOf\":{\"@id\":\"https:\/\/www.noticiasradioreflejos.com.ar\/2021\/#website\"},\"primaryImageOfPage\":{\"@id\":\"https:\/\/www.noticiasradioreflejos.com.ar\/2021\/este-domingo-en-el-predio-de-galileo-para-arrancar-el-ano-deportivo-como-se-debe-y-de-paso-pasar-una-linda-tarde\/#primaryimage\"},\"image\":{\"@id\":\"https:\/\/www.noticiasradioreflejos.com.ar\/2021\/este-domingo-en-el-predio-de-galileo-para-arrancar-el-ano-deportivo-como-se-debe-y-de-paso-pasar-una-linda-tarde\/#primaryimage\"},\"thumbnailUrl\":\"https:\/\/www.noticiasradioreflejos.com.ar\/2021\/wp-content\/uploads\/2024\/09\/Club-Ventana-1.jpg\",\"datePublished\":\"2025-01-31T19:44:36+00:00\",\"author\":{\"@id\":\"https:\/\/www.noticiasradioreflejos.com.ar\/2021\/#\/schema\/person\/ad82545263dcc5ec0996818884fd5fb1\"},\"breadcrumb\":{\"@id\":\"https:\/\/www.noticiasradioreflejos.com.ar\/2021\/este-domingo-en-el-predio-de-galileo-para-arrancar-el-ano-deportivo-como-se-debe-y-de-paso-pasar-una-linda-tarde\/#breadcrumb\"},\"inLanguage\":\"es\",\"potentialAction\":[{\"@type\":\"ReadAction\",\"target\":[\"https:\/\/www.noticiasradioreflejos.com.ar\/2021\/este-domingo-en-el-predio-de-galileo-para-arrancar-el-ano-deportivo-como-se-debe-y-de-paso-pasar-una-linda-tarde\/\"]}]},{\"@type\":\"ImageObject\",\"inLanguage\":\"es\",\"@id\":\"https:\/\/www.noticiasradioreflejos.com.ar\/2021\/este-domingo-en-el-predio-de-galileo-para-arrancar-el-ano-deportivo-como-se-debe-y-de-paso-pasar-una-linda-tarde\/#primaryimage\",\"url\":\"https:\/\/www.noticiasradioreflejos.com.ar\/2021\/wp-content\/uploads\/2024\/09\/Club-Ventana-1.jpg\",\"contentUrl\":\"https:\/\/www.noticiasradioreflejos.com.ar\/2021\/wp-content\/uploads\/2024\/09\/Club-Ventana-1.jpg\",\"width\":1280,\"height\":720},{\"@type\":\"BreadcrumbList\",\"@id\":\"https:\/\/www.noticiasradioreflejos.com.ar\/2021\/este-domingo-en-el-predio-de-galileo-para-arrancar-el-ano-deportivo-como-se-debe-y-de-paso-pasar-una-linda-tarde\/#breadcrumb\",\"itemListElement\":[{\"@type\":\"ListItem\",\"position\":1,\"name\":\"Portada\",\"item\":\"https:\/\/www.noticiasradioreflejos.com.ar\/2021\/\"},{\"@type\":\"ListItem\",\"position\":2,\"name\":\"Este domingo en el predio de Galileo: \u00abpara arrancar el a\u00f1o deportivo como se debe y de paso pasar una linda tarde\u00bb\"}]},{\"@type\":\"WebSite\",\"@id\":\"https:\/\/www.noticiasradioreflejos.com.ar\/2021\/#website\",\"url\":\"https:\/\/www.noticiasradioreflejos.com.ar\/2021\/\",\"name\":\"Noticias Radio Reflejos\",\"description\":\"Las noticias de mi comarca\",\"potentialAction\":[{\"@type\":\"SearchAction\",\"target\":{\"@type\":\"EntryPoint\",\"urlTemplate\":\"https:\/\/www.noticiasradioreflejos.com.ar\/2021\/?s={search_term_string}\"},\"query-input\":{\"@type\":\"PropertyValueSpecification\",\"valueRequired\":true,\"valueName\":\"search_term_string\"}}],\"inLanguage\":\"es\"},{\"@type\":\"Person\",\"@id\":\"https:\/\/www.noticiasradioreflejos.com.ar\/2021\/#\/schema\/person\/ad82545263dcc5ec0996818884fd5fb1\",\"name\":\"Arnaldo Botto\",\"image\":{\"@type\":\"ImageObject\",\"inLanguage\":\"es\",\"@id\":\"https:\/\/www.noticiasradioreflejos.com.ar\/2021\/#\/schema\/person\/image\/\",\"url\":\"https:\/\/secure.gravatar.com\/avatar\/55cb5e37c1efa326397366e6974cb338056df65cb50e7d64d1cf314e87504837?s=96&d=mm&r=g\",\"contentUrl\":\"https:\/\/secure.gravatar.com\/avatar\/55cb5e37c1efa326397366e6974cb338056df65cb50e7d64d1cf314e87504837?s=96&d=mm&r=g\",\"caption\":\"Arnaldo Botto\"},\"url\":\"https:\/\/www.noticiasradioreflejos.com.ar\/2021\/author\/arnaldo\/\"}]}<\/script>\n<!-- \/ Yoast SEO plugin. -->","yoast_head_json":{"title":"Este domingo en el predio de Galileo: \"para arrancar el a\u00f1o deportivo como se debe y de paso pasar una linda tarde\" - Noticias Radio Reflejos","robots":{"index":"index","follow":"follow","max-snippet":"max-snippet:-1","max-image-preview":"max-image-preview:large","max-video-preview":"max-video-preview:-1"},"canonical":"https:\/\/www.noticiasradioreflejos.com.ar\/2021\/este-domingo-en-el-predio-de-galileo-para-arrancar-el-ano-deportivo-como-se-debe-y-de-paso-pasar-una-linda-tarde\/","og_locale":"es_ES","og_type":"article","og_title":"Este domingo en el predio de Galileo: \"para arrancar el a\u00f1o deportivo como se debe y de paso pasar una linda tarde\" - Noticias Radio Reflejos","og_description":"Esta ma\u00f1ana, conversamos con el presidente del Club Atl\u00e9tico Ventana, Pedro Raspe\u00f1o, quien nos coment\u00f3 de la agenda preparada para este nuevo a\u00f1o e invita a la comunidad a una tarde de trabajo comunitario para embellecer el predio de Galileo.","og_url":"https:\/\/www.noticiasradioreflejos.com.ar\/2021\/este-domingo-en-el-predio-de-galileo-para-arrancar-el-ano-deportivo-como-se-debe-y-de-paso-pasar-una-linda-tarde\/","og_site_name":"Noticias Radio Reflejos","article_published_time":"2025-01-31T19:44:36+00:00","og_image":[{"width":1280,"height":720,"url":"https:\/\/www.noticiasradioreflejos.com.ar\/2021\/wp-content\/uploads\/2024\/09\/Club-Ventana-1.jpg","type":"image\/jpeg"}],"author":"Arnaldo Botto","twitter_card":"summary_large_image","schema":{"@context":"https:\/\/schema.org","@graph":[{"@type":"WebPage","@id":"https:\/\/www.noticiasradioreflejos.com.ar\/2021\/este-domingo-en-el-predio-de-galileo-para-arrancar-el-ano-deportivo-como-se-debe-y-de-paso-pasar-una-linda-tarde\/","url":"https:\/\/www.noticiasradioreflejos.com.ar\/2021\/este-domingo-en-el-predio-de-galileo-para-arrancar-el-ano-deportivo-como-se-debe-y-de-paso-pasar-una-linda-tarde\/","name":"Este domingo en el predio de Galileo: \"para arrancar el a\u00f1o deportivo como se debe y de paso pasar una linda tarde\" - Noticias Radio Reflejos","isPartOf":{"@id":"https:\/\/www.noticiasradioreflejos.com.ar\/2021\/#website"},"primaryImageOfPage":{"@id":"https:\/\/www.noticiasradioreflejos.com.ar\/2021\/este-domingo-en-el-predio-de-galileo-para-arrancar-el-ano-deportivo-como-se-debe-y-de-paso-pasar-una-linda-tarde\/#primaryimage"},"image":{"@id":"https:\/\/www.noticiasradioreflejos.com.ar\/2021\/este-domingo-en-el-predio-de-galileo-para-arrancar-el-ano-deportivo-como-se-debe-y-de-paso-pasar-una-linda-tarde\/#primaryimage"},"thumbnailUrl":"https:\/\/www.noticiasradioreflejos.com.ar\/2021\/wp-content\/uploads\/2024\/09\/Club-Ventana-1.jpg","datePublished":"2025-01-31T19:44:36+00:00","author":{"@id":"https:\/\/www.noticiasradioreflejos.com.ar\/2021\/#\/schema\/person\/ad82545263dcc5ec0996818884fd5fb1"},"breadcrumb":{"@id":"https:\/\/www.noticiasradioreflejos.com.ar\/2021\/este-domingo-en-el-predio-de-galileo-para-arrancar-el-ano-deportivo-como-se-debe-y-de-paso-pasar-una-linda-tarde\/#breadcrumb"},"inLanguage":"es","potentialAction":[{"@type":"ReadAction","target":["https:\/\/www.noticiasradioreflejos.com.ar\/2021\/este-domingo-en-el-predio-de-galileo-para-arrancar-el-ano-deportivo-como-se-debe-y-de-paso-pasar-una-linda-tarde\/"]}]},{"@type":"ImageObject","inLanguage":"es","@id":"https:\/\/www.noticiasradioreflejos.com.ar\/2021\/este-domingo-en-el-predio-de-galileo-para-arrancar-el-ano-deportivo-como-se-debe-y-de-paso-pasar-una-linda-tarde\/#primaryimage","url":"https:\/\/www.noticiasradioreflejos.com.ar\/2021\/wp-content\/uploads\/2024\/09\/Club-Ventana-1.jpg","contentUrl":"https:\/\/www.noticiasradioreflejos.com.ar\/2021\/wp-content\/uploads\/2024\/09\/Club-Ventana-1.jpg","width":1280,"height":720},{"@type":"BreadcrumbList","@id":"https:\/\/www.noticiasradioreflejos.com.ar\/2021\/este-domingo-en-el-predio-de-galileo-para-arrancar-el-ano-deportivo-como-se-debe-y-de-paso-pasar-una-linda-tarde\/#breadcrumb","itemListElement":[{"@type":"ListItem","position":1,"name":"Portada","item":"https:\/\/www.noticiasradioreflejos.com.ar\/2021\/"},{"@type":"ListItem","position":2,"name":"Este domingo en el predio de Galileo: \u00abpara arrancar el a\u00f1o deportivo como se debe y de paso pasar una linda tarde\u00bb"}]},{"@type":"WebSite","@id":"https:\/\/www.noticiasradioreflejos.com.ar\/2021\/#website","url":"https:\/\/www.noticiasradioreflejos.com.ar\/2021\/","name":"Noticias Radio Reflejos","description":"Las noticias de mi comarca","potentialAction":[{"@type":"SearchAction","target":{"@type":"EntryPoint","urlTemplate":"https:\/\/www.noticiasradioreflejos.com.ar\/2021\/?s={search_term_string}"},"query-input":{"@type":"PropertyValueSpecification","valueRequired":true,"valueName":"search_term_string"}}],"inLanguage":"es"},{"@type":"Person","@id":"https:\/\/www.noticiasradioreflejos.com.ar\/2021\/#\/schema\/person\/ad82545263dcc5ec0996818884fd5fb1","name":"Arnaldo Botto","image":{"@type":"ImageObject","inLanguage":"es","@id":"https:\/\/www.noticiasradioreflejos.com.ar\/2021\/#\/schema\/person\/image\/","url":"https:\/\/secure.gravatar.com\/avatar\/55cb5e37c1efa326397366e6974cb338056df65cb50e7d64d1cf314e87504837?s=96&d=mm&r=g","contentUrl":"https:\/\/secure.gravatar.com\/avatar\/55cb5e37c1efa326397366e6974cb338056df65cb50e7d64d1cf314e87504837?s=96&d=mm&r=g","caption":"Arnaldo Botto"},"url":"https:\/\/www.noticiasradioreflejos.com.ar\/2021\/author\/arnaldo\/"}]}},"_links":{"self":[{"href":"https:\/\/www.noticiasradioreflejos.com.ar\/2021\/wp-json\/wp\/v2\/posts\/112138","targetHints":{"allow":["GET"]}}],"collection":[{"href":"https:\/\/www.noticiasradioreflejos.com.ar\/2021\/wp-json\/wp\/v2\/posts"}],"about":[{"href":"https:\/\/www.noticiasradioreflejos.com.ar\/2021\/wp-json\/wp\/v2\/types\/post"}],"author":[{"embeddable":true,"href":"https:\/\/www.noticiasradioreflejos.com.ar\/2021\/wp-json\/wp\/v2\/users\/3"}],"replies":[{"embeddable":true,"href":"https:\/\/www.noticiasradioreflejos.com.ar\/2021\/wp-json\/wp\/v2\/comments?post=112138"}],"version-history":[{"count":2,"href":"https:\/\/www.noticiasradioreflejos.com.ar\/2021\/wp-json\/wp\/v2\/posts\/112138\/revisions"}],"predecessor-version":[{"id":112151,"href":"https:\/\/www.noticiasradioreflejos.com.ar\/2021\/wp-json\/wp\/v2\/posts\/112138\/revisions\/112151"}],"wp:featuredmedia":[{"embeddable":true,"href":"https:\/\/www.noticiasradioreflejos.com.ar\/2021\/wp-json\/wp\/v2\/media\/107313"}],"wp:attachment":[{"href":"https:\/\/www.noticiasradioreflejos.com.ar\/2021\/wp-json\/wp\/v2\/media?parent=112138"}],"wp:term":[{"taxonomy":"category","embeddable":true,"href":"https:\/\/www.noticiasradioreflejos.com.ar\/2021\/wp-json\/wp\/v2\/categories?post=112138"},{"taxonomy":"post_tag","embeddable":true,"href":"https:\/\/www.noticiasradioreflejos.com.ar\/2021\/wp-json\/wp\/v2\/tags?post=112138"}],"curies":[{"name":"wp","href":"https:\/\/api.w.org\/{rel}","templated":true}]}}