{"id":112003,"date":"2025-01-28T07:28:40","date_gmt":"2025-01-28T10:28:40","guid":{"rendered":"https:\/\/www.noticiasradioreflejos.com.ar\/2021\/?p=112003"},"modified":"2025-01-28T07:28:40","modified_gmt":"2025-01-28T10:28:40","slug":"un-muerto-y-dos-heridos-en-un-choque-de-camiones-cerca-de-pringles","status":"publish","type":"post","link":"https:\/\/www.noticiasradioreflejos.com.ar\/2021\/un-muerto-y-dos-heridos-en-un-choque-de-camiones-cerca-de-pringles\/","title":{"rendered":"Un muerto y dos heridos en un choque de camiones cerca de Pringles"},"content":{"rendered":"<header id=\"mvp-post-head\" class=\"left relative\">Ocurri\u00f3 en los primeros minutos del martes en la Ruta 51. El fallecido es un hombre de Entre R\u00edos.<\/p>\n<\/header>\n<p><!--more--><\/p>\n<div class=\"mvp-post-main-out left relative\">\n<div class=\"mvp-post-main-in\">\n<div id=\"mvp-post-content\" class=\"left relative\">\n<div id=\"mvp-content-wrap\" class=\"left relative\">\n<div class=\"mvp-post-soc-out right relative\">\n<div class=\"mvp-post-soc-in\">\n<div id=\"mvp-content-body\" class=\"left relative\">\n<div id=\"mvp-content-body-top\" class=\"left relative\">\n<div id=\"mvp-content-main\" class=\"left relative\">\n<p>Un choque frontal entre dos camiones en la Ruta 51, a 17 kil\u00f3metros de Coronel Pringles, ocurrido pasada la medianoche dej\u00f3 como saldo un fallecido y dos heridos.<\/p>\n<figure class=\"wp-block-image size-full\"><img loading=\"lazy\" decoding=\"async\" class=\"wp-image-418120\" src=\"https:\/\/www.labrujula24.com\/wp-content\/uploads\/2025\/01\/camion1.jpg\" alt=\"\" width=\"992\" height=\"558\" \/><\/figure>\n<p>&nbsp;<\/p>\n<p>Seg\u00fan testigos, uno de los camiones circulaba en direcci\u00f3n Pringles-Bah\u00eda Blanca, mientras que el otro lo hac\u00eda en sentido contrario. El impacto fue tan violento que uno de los veh\u00edculos qued\u00f3 completamente destruido sobre la calzada. Su conductor, oriundo de Entre R\u00edos, falleci\u00f3 en el lugar.<\/p>\n<p>Tal como publica el portal El Orden, el segundo cami\u00f3n, un Mercedes Benz con batea que transportaba cereal, volc\u00f3 en un canal lateral tras recorrer m\u00e1s de 40 metros fuera de control, derramando toda su carga sobre la ruta. El conductor, un hombre de General La Madrid, sufri\u00f3 golpes y fue trasladado al hospital local para recibir atenci\u00f3n m\u00e9dica.<\/p>\n<div id=\"div-gpt-ad-ros-internews-01_parent\" class=\"code-block code-block-11\">\n<div id=\"div-gpt-ad-ros-internews-01\" data-google-query-id=\"CJWt9vSZmIsDFUE8uQYdnNsb7Q\">\n<div id=\"google_ads_iframe_\/22031857995\/INTERNEWS_01_0__container__\"><\/div>\n<\/div>\n<\/div>\n<p>Antes de la llegada de los servicios de emergencia, una familia pringlense que transitaba por la zona colision\u00f3 con restos de los camiones accidentados. El veh\u00edculo en el que viajaban sufri\u00f3 da\u00f1os, y una de las personas a bordo, una mujer embarazada, fue llevada al hospital por precauci\u00f3n.<\/p>\n<figure class=\"wp-block-image size-full\"><img loading=\"lazy\" decoding=\"async\" class=\"wp-image-418119\" src=\"https:\/\/www.labrujula24.com\/wp-content\/uploads\/2025\/01\/auto-2.jpg\" sizes=\"auto, (max-width: 900px) 100vw, 900px\" srcset=\"https:\/\/www.labrujula24.com\/wp-content\/uploads\/2025\/01\/auto-2.jpg 900w, https:\/\/www.labrujula24.com\/wp-content\/uploads\/2025\/01\/auto-2-80x80.jpg 80w\" alt=\"\" width=\"900\" height=\"900\" \/><\/figure>\n<p>La Ruta 51 permanece cerrada al tr\u00e1nsito hasta que los camiones sean removidos y se completen los peritajes correspondientes. Las autoridades solicitan a los conductores evitar la zona y utilizar rutas alternativas.<\/p>\n<\/div>\n<\/div>\n<\/div>\n<\/div>\n<\/div>\n<\/div>\n<\/div>\n<\/div>\n<\/div>\n<p>&nbsp;<\/p>\n<p><em><strong>Fuente: La Br\u00fajula\u00a0 &#8211; <span class=\"mvp-feat-caption\">Foto portada : El Orden.<\/span><\/strong><\/em><\/p>\n<div class=\"mvp-post-main-out left relative\">\n<div class=\"mvp-post-main-in\">\n<div id=\"mvp-post-content\" class=\"left relative\">\n<div id=\"mvp-content-wrap\" class=\"left relative\">\n<div class=\"mvp-post-soc-out right relative\">\n<div class=\"mvp-post-soc-in\">\n<div id=\"mvp-content-body\" class=\"left relative\">\n<div id=\"mvp-content-body-top\" class=\"left relative\">\n<div id=\"mvp-content-main\" class=\"left relative\">\n<div class=\"code-block code-block-6\">\n<div id=\"M143788ScriptRootC1583259_1754f\">\n<div id=\"MarketGidComposite1583259_1754f\">\n<div>\n<div class=\"mgbox\">\n<div class=\"mgheader\"><\/div>\n<\/div>\n<\/div>\n<\/div>\n<\/div>\n<\/div>\n<\/div>\n<\/div>\n<\/div>\n<\/div>\n<\/div>\n<\/div>\n<\/div>\n<\/div>\n<\/div>\n","protected":false},"excerpt":{"rendered":"<p>Ocurri\u00f3 en los primeros minutos del martes en la Ruta 51. El fallecido es un hombre de Entre R\u00edos.<\/p>\n","protected":false},"author":3,"featured_media":0,"comment_status":"closed","ping_status":"closed","sticky":false,"template":"","format":"standard","meta":{"footnotes":""},"categories":[29],"tags":[48],"class_list":["post-112003","post","type-post","status-publish","format-standard","hentry","category-policiales","tag-destacada"],"yoast_head":"<!-- This site is optimized with the Yoast SEO plugin v25.9 - https:\/\/yoast.com\/wordpress\/plugins\/seo\/ -->\n<title>Un muerto y dos heridos en un choque de camiones cerca de Pringles - Noticias Radio Reflejos<\/title>\n<meta name=\"robots\" content=\"index, follow, max-snippet:-1, max-image-preview:large, max-video-preview:-1\" \/>\n<link rel=\"canonical\" href=\"https:\/\/www.noticiasradioreflejos.com.ar\/2021\/un-muerto-y-dos-heridos-en-un-choque-de-camiones-cerca-de-pringles\/\" \/>\n<meta property=\"og:locale\" content=\"es_ES\" \/>\n<meta property=\"og:type\" content=\"article\" \/>\n<meta property=\"og:title\" content=\"Un muerto y dos heridos en un choque de camiones cerca de Pringles - Noticias Radio Reflejos\" \/>\n<meta property=\"og:description\" content=\"Ocurri\u00f3 en los primeros minutos del martes en la Ruta 51. El fallecido es un hombre de Entre R\u00edos.\" \/>\n<meta property=\"og:url\" content=\"https:\/\/www.noticiasradioreflejos.com.ar\/2021\/un-muerto-y-dos-heridos-en-un-choque-de-camiones-cerca-de-pringles\/\" \/>\n<meta property=\"og:site_name\" content=\"Noticias Radio Reflejos\" \/>\n<meta property=\"article:published_time\" content=\"2025-01-28T10:28:40+00:00\" \/>\n<meta property=\"og:image\" content=\"https:\/\/www.labrujula24.com\/wp-content\/uploads\/2025\/01\/camion1.jpg\" \/>\n<meta name=\"author\" content=\"Arnaldo Botto\" \/>\n<meta name=\"twitter:card\" content=\"summary_large_image\" \/>\n<script type=\"application\/ld+json\" class=\"yoast-schema-graph\">{\"@context\":\"https:\/\/schema.org\",\"@graph\":[{\"@type\":\"WebPage\",\"@id\":\"https:\/\/www.noticiasradioreflejos.com.ar\/2021\/un-muerto-y-dos-heridos-en-un-choque-de-camiones-cerca-de-pringles\/\",\"url\":\"https:\/\/www.noticiasradioreflejos.com.ar\/2021\/un-muerto-y-dos-heridos-en-un-choque-de-camiones-cerca-de-pringles\/\",\"name\":\"Un muerto y dos heridos en un choque de camiones cerca de Pringles - Noticias Radio Reflejos\",\"isPartOf\":{\"@id\":\"https:\/\/www.noticiasradioreflejos.com.ar\/2021\/#website\"},\"primaryImageOfPage\":{\"@id\":\"https:\/\/www.noticiasradioreflejos.com.ar\/2021\/un-muerto-y-dos-heridos-en-un-choque-de-camiones-cerca-de-pringles\/#primaryimage\"},\"image\":{\"@id\":\"https:\/\/www.noticiasradioreflejos.com.ar\/2021\/un-muerto-y-dos-heridos-en-un-choque-de-camiones-cerca-de-pringles\/#primaryimage\"},\"thumbnailUrl\":\"https:\/\/www.labrujula24.com\/wp-content\/uploads\/2025\/01\/camion1.jpg\",\"datePublished\":\"2025-01-28T10:28:40+00:00\",\"author\":{\"@id\":\"https:\/\/www.noticiasradioreflejos.com.ar\/2021\/#\/schema\/person\/ad82545263dcc5ec0996818884fd5fb1\"},\"breadcrumb\":{\"@id\":\"https:\/\/www.noticiasradioreflejos.com.ar\/2021\/un-muerto-y-dos-heridos-en-un-choque-de-camiones-cerca-de-pringles\/#breadcrumb\"},\"inLanguage\":\"es\",\"potentialAction\":[{\"@type\":\"ReadAction\",\"target\":[\"https:\/\/www.noticiasradioreflejos.com.ar\/2021\/un-muerto-y-dos-heridos-en-un-choque-de-camiones-cerca-de-pringles\/\"]}]},{\"@type\":\"ImageObject\",\"inLanguage\":\"es\",\"@id\":\"https:\/\/www.noticiasradioreflejos.com.ar\/2021\/un-muerto-y-dos-heridos-en-un-choque-de-camiones-cerca-de-pringles\/#primaryimage\",\"url\":\"https:\/\/www.labrujula24.com\/wp-content\/uploads\/2025\/01\/camion1.jpg\",\"contentUrl\":\"https:\/\/www.labrujula24.com\/wp-content\/uploads\/2025\/01\/camion1.jpg\"},{\"@type\":\"BreadcrumbList\",\"@id\":\"https:\/\/www.noticiasradioreflejos.com.ar\/2021\/un-muerto-y-dos-heridos-en-un-choque-de-camiones-cerca-de-pringles\/#breadcrumb\",\"itemListElement\":[{\"@type\":\"ListItem\",\"position\":1,\"name\":\"Portada\",\"item\":\"https:\/\/www.noticiasradioreflejos.com.ar\/2021\/\"},{\"@type\":\"ListItem\",\"position\":2,\"name\":\"Un muerto y dos heridos en un choque de camiones cerca de Pringles\"}]},{\"@type\":\"WebSite\",\"@id\":\"https:\/\/www.noticiasradioreflejos.com.ar\/2021\/#website\",\"url\":\"https:\/\/www.noticiasradioreflejos.com.ar\/2021\/\",\"name\":\"Noticias Radio Reflejos\",\"description\":\"Las noticias de mi comarca\",\"potentialAction\":[{\"@type\":\"SearchAction\",\"target\":{\"@type\":\"EntryPoint\",\"urlTemplate\":\"https:\/\/www.noticiasradioreflejos.com.ar\/2021\/?s={search_term_string}\"},\"query-input\":{\"@type\":\"PropertyValueSpecification\",\"valueRequired\":true,\"valueName\":\"search_term_string\"}}],\"inLanguage\":\"es\"},{\"@type\":\"Person\",\"@id\":\"https:\/\/www.noticiasradioreflejos.com.ar\/2021\/#\/schema\/person\/ad82545263dcc5ec0996818884fd5fb1\",\"name\":\"Arnaldo Botto\",\"image\":{\"@type\":\"ImageObject\",\"inLanguage\":\"es\",\"@id\":\"https:\/\/www.noticiasradioreflejos.com.ar\/2021\/#\/schema\/person\/image\/\",\"url\":\"https:\/\/secure.gravatar.com\/avatar\/55cb5e37c1efa326397366e6974cb338056df65cb50e7d64d1cf314e87504837?s=96&d=mm&r=g\",\"contentUrl\":\"https:\/\/secure.gravatar.com\/avatar\/55cb5e37c1efa326397366e6974cb338056df65cb50e7d64d1cf314e87504837?s=96&d=mm&r=g\",\"caption\":\"Arnaldo Botto\"},\"url\":\"https:\/\/www.noticiasradioreflejos.com.ar\/2021\/author\/arnaldo\/\"}]}<\/script>\n<!-- \/ Yoast SEO plugin. -->","yoast_head_json":{"title":"Un muerto y dos heridos en un choque de camiones cerca de Pringles - Noticias Radio Reflejos","robots":{"index":"index","follow":"follow","max-snippet":"max-snippet:-1","max-image-preview":"max-image-preview:large","max-video-preview":"max-video-preview:-1"},"canonical":"https:\/\/www.noticiasradioreflejos.com.ar\/2021\/un-muerto-y-dos-heridos-en-un-choque-de-camiones-cerca-de-pringles\/","og_locale":"es_ES","og_type":"article","og_title":"Un muerto y dos heridos en un choque de camiones cerca de Pringles - Noticias Radio Reflejos","og_description":"Ocurri\u00f3 en los primeros minutos del martes en la Ruta 51. El fallecido es un hombre de Entre R\u00edos.","og_url":"https:\/\/www.noticiasradioreflejos.com.ar\/2021\/un-muerto-y-dos-heridos-en-un-choque-de-camiones-cerca-de-pringles\/","og_site_name":"Noticias Radio Reflejos","article_published_time":"2025-01-28T10:28:40+00:00","og_image":[{"url":"https:\/\/www.labrujula24.com\/wp-content\/uploads\/2025\/01\/camion1.jpg","type":"","width":"","height":""}],"author":"Arnaldo Botto","twitter_card":"summary_large_image","schema":{"@context":"https:\/\/schema.org","@graph":[{"@type":"WebPage","@id":"https:\/\/www.noticiasradioreflejos.com.ar\/2021\/un-muerto-y-dos-heridos-en-un-choque-de-camiones-cerca-de-pringles\/","url":"https:\/\/www.noticiasradioreflejos.com.ar\/2021\/un-muerto-y-dos-heridos-en-un-choque-de-camiones-cerca-de-pringles\/","name":"Un muerto y dos heridos en un choque de camiones cerca de Pringles - Noticias Radio Reflejos","isPartOf":{"@id":"https:\/\/www.noticiasradioreflejos.com.ar\/2021\/#website"},"primaryImageOfPage":{"@id":"https:\/\/www.noticiasradioreflejos.com.ar\/2021\/un-muerto-y-dos-heridos-en-un-choque-de-camiones-cerca-de-pringles\/#primaryimage"},"image":{"@id":"https:\/\/www.noticiasradioreflejos.com.ar\/2021\/un-muerto-y-dos-heridos-en-un-choque-de-camiones-cerca-de-pringles\/#primaryimage"},"thumbnailUrl":"https:\/\/www.labrujula24.com\/wp-content\/uploads\/2025\/01\/camion1.jpg","datePublished":"2025-01-28T10:28:40+00:00","author":{"@id":"https:\/\/www.noticiasradioreflejos.com.ar\/2021\/#\/schema\/person\/ad82545263dcc5ec0996818884fd5fb1"},"breadcrumb":{"@id":"https:\/\/www.noticiasradioreflejos.com.ar\/2021\/un-muerto-y-dos-heridos-en-un-choque-de-camiones-cerca-de-pringles\/#breadcrumb"},"inLanguage":"es","potentialAction":[{"@type":"ReadAction","target":["https:\/\/www.noticiasradioreflejos.com.ar\/2021\/un-muerto-y-dos-heridos-en-un-choque-de-camiones-cerca-de-pringles\/"]}]},{"@type":"ImageObject","inLanguage":"es","@id":"https:\/\/www.noticiasradioreflejos.com.ar\/2021\/un-muerto-y-dos-heridos-en-un-choque-de-camiones-cerca-de-pringles\/#primaryimage","url":"https:\/\/www.labrujula24.com\/wp-content\/uploads\/2025\/01\/camion1.jpg","contentUrl":"https:\/\/www.labrujula24.com\/wp-content\/uploads\/2025\/01\/camion1.jpg"},{"@type":"BreadcrumbList","@id":"https:\/\/www.noticiasradioreflejos.com.ar\/2021\/un-muerto-y-dos-heridos-en-un-choque-de-camiones-cerca-de-pringles\/#breadcrumb","itemListElement":[{"@type":"ListItem","position":1,"name":"Portada","item":"https:\/\/www.noticiasradioreflejos.com.ar\/2021\/"},{"@type":"ListItem","position":2,"name":"Un muerto y dos heridos en un choque de camiones cerca de Pringles"}]},{"@type":"WebSite","@id":"https:\/\/www.noticiasradioreflejos.com.ar\/2021\/#website","url":"https:\/\/www.noticiasradioreflejos.com.ar\/2021\/","name":"Noticias Radio Reflejos","description":"Las noticias de mi comarca","potentialAction":[{"@type":"SearchAction","target":{"@type":"EntryPoint","urlTemplate":"https:\/\/www.noticiasradioreflejos.com.ar\/2021\/?s={search_term_string}"},"query-input":{"@type":"PropertyValueSpecification","valueRequired":true,"valueName":"search_term_string"}}],"inLanguage":"es"},{"@type":"Person","@id":"https:\/\/www.noticiasradioreflejos.com.ar\/2021\/#\/schema\/person\/ad82545263dcc5ec0996818884fd5fb1","name":"Arnaldo Botto","image":{"@type":"ImageObject","inLanguage":"es","@id":"https:\/\/www.noticiasradioreflejos.com.ar\/2021\/#\/schema\/person\/image\/","url":"https:\/\/secure.gravatar.com\/avatar\/55cb5e37c1efa326397366e6974cb338056df65cb50e7d64d1cf314e87504837?s=96&d=mm&r=g","contentUrl":"https:\/\/secure.gravatar.com\/avatar\/55cb5e37c1efa326397366e6974cb338056df65cb50e7d64d1cf314e87504837?s=96&d=mm&r=g","caption":"Arnaldo Botto"},"url":"https:\/\/www.noticiasradioreflejos.com.ar\/2021\/author\/arnaldo\/"}]}},"_links":{"self":[{"href":"https:\/\/www.noticiasradioreflejos.com.ar\/2021\/wp-json\/wp\/v2\/posts\/112003","targetHints":{"allow":["GET"]}}],"collection":[{"href":"https:\/\/www.noticiasradioreflejos.com.ar\/2021\/wp-json\/wp\/v2\/posts"}],"about":[{"href":"https:\/\/www.noticiasradioreflejos.com.ar\/2021\/wp-json\/wp\/v2\/types\/post"}],"author":[{"embeddable":true,"href":"https:\/\/www.noticiasradioreflejos.com.ar\/2021\/wp-json\/wp\/v2\/users\/3"}],"replies":[{"embeddable":true,"href":"https:\/\/www.noticiasradioreflejos.com.ar\/2021\/wp-json\/wp\/v2\/comments?post=112003"}],"version-history":[{"count":1,"href":"https:\/\/www.noticiasradioreflejos.com.ar\/2021\/wp-json\/wp\/v2\/posts\/112003\/revisions"}],"predecessor-version":[{"id":112005,"href":"https:\/\/www.noticiasradioreflejos.com.ar\/2021\/wp-json\/wp\/v2\/posts\/112003\/revisions\/112005"}],"wp:attachment":[{"href":"https:\/\/www.noticiasradioreflejos.com.ar\/2021\/wp-json\/wp\/v2\/media?parent=112003"}],"wp:term":[{"taxonomy":"category","embeddable":true,"href":"https:\/\/www.noticiasradioreflejos.com.ar\/2021\/wp-json\/wp\/v2\/categories?post=112003"},{"taxonomy":"post_tag","embeddable":true,"href":"https:\/\/www.noticiasradioreflejos.com.ar\/2021\/wp-json\/wp\/v2\/tags?post=112003"}],"curies":[{"name":"wp","href":"https:\/\/api.w.org\/{rel}","templated":true}]}}