{"id":111995,"date":"2025-01-27T15:18:31","date_gmt":"2025-01-27T18:18:31","guid":{"rendered":"https:\/\/www.noticiasradioreflejos.com.ar\/2021\/?p=111995"},"modified":"2025-01-27T15:18:31","modified_gmt":"2025-01-27T18:18:31","slug":"realmente-consideramos-que-estamos-en-peligro-que-la-democracia-empieza-a-estar-en-peligro-con-estas-ideas-fascistas-autoritaria-entre-comillas-de-aniquilamiento","status":"publish","type":"post","link":"https:\/\/www.noticiasradioreflejos.com.ar\/2021\/realmente-consideramos-que-estamos-en-peligro-que-la-democracia-empieza-a-estar-en-peligro-con-estas-ideas-fascistas-autoritaria-entre-comillas-de-aniquilamiento\/","title":{"rendered":"\u00abRealmente consideramos que estamos en peligro, que la democracia empieza a estar en peligro con estas ideas fascistas, autoritaria, entre comillas de aniquilamiento\u00bb"},"content":{"rendered":"<p>Se ha organizado a nivel nacional una marcha desde el Congreso hasta Plaza de Mayo para presentar la disconformidad a las reformas que el Gobierno quiere incluir en cuanto a la derogaci\u00f3n de los cupos laborales para personas trans, con discapacidad, la eliminaci\u00f3n del cupo femenino en las candidaturas pol\u00edticas, la descontinuaci\u00f3n del DNI no binario, la eliminaci\u00f3n de la figura de femicidio del C\u00f3digo Penal. Para mucho seguramente esto parece una pesadilla y<strong> Silvia \u00abkety Scheider<\/strong> lo siente as\u00ed.<!--more--><\/p>\n<p>La<strong> Lic. Silvia Scheider, <\/strong>particip\u00f3 esta ma\u00f1ana de una entrevista en <strong><a href=\"https:\/\/www.noticiasradioreflejos.com.ar\/2021\/radio-en-vivo\/\">FM Reflejos\u00a0<\/a><\/strong>, donde analiz\u00f3 las palabras del Presidente Javier Milei en Davos, y la pol\u00edtica enfrentada a los derechos humanos de su gobierno.<\/p>\n<p>\u00abPosiblemente para muchas personas, tal vez para que nos escuchen, esto parezca entre comillas un tema menor, pero no lo es de ninguna manera, porque los temas, entre comillas menores, terminan afectando a la poblaci\u00f3n entera. B\u00e1sicamente porque ciertas cosas salieron, del armario. Hace a\u00f1os que empezamos a aceptar las diversidades culturales, \u00e9tnicas, de g\u00e9nero, sexuales, en nuestro pa\u00eds, ya hace muchos a\u00f1os, yo creo que desde pr\u00e1cticamente la recuperaci\u00f3n de la democracia ha empezado a mostrar que los seres humanos somos todos y todas diversos, somos homog\u00e9neos en cuanto a nuestra humanidad, pero somos diversos en nuestras existencias. Y la Argentina realmente viene llevando un camino pionero en muchos sentidos, desde los juicios a la junta, las diversas leyes justamente, como los cupos en pol\u00edtica y, digamos, quiero decir con esto, porque si se termina asociando a un determinado partido pol\u00edtico, se lo termina asociando al kirchnerismo, no necesariamente nos identificamos con esa corriente pol\u00edtica, pero <strong>s\u00ed nos identificamos fuertemente con la defensa de los derechos humanos en general y muy especialmente por los derechos humanos de las minor\u00edas, de las mujeres, de todas las personas que han sido cuidadas, personas con discapacidad<\/strong>, digamos, esto es muy amplio.\u00bb defini\u00f3.<\/p>\n<p>&nbsp;<\/p>\n<p><strong>Kety<\/strong> sigui\u00f3 durante la nota en el an\u00e1lisis de la situaci\u00f3n para ampliar: \u00abY lamentablemente lo que estamos viendo es un ataque tremendo, pero tremendo, hacia todas las personas que, por H por B, tengamos alg\u00fan tipo de diferencia del homog\u00e9neo, quiero decir con esto, personas conviviendo con una enfermedad oncol\u00f3gica que ven disminuidos del acceso a la medicaci\u00f3n, personas conviviendo con VIH que de la misma manera ven limitado, digamos, su acceso a los tratamientos, personas que pertenecen a la diversidad sexual o gen\u00e9rica y que ahora est\u00e1n siendo atacadas pr\u00e1cticamente, como los culpables de la debacle que tiene nuestro pa\u00eds en muchos aspectos. Digo esto, para no cerrarlo solamente con una agenda feminista o con una agenda LGBT, sino <strong>que esto forma parte, digamos, de una especie de, no s\u00e9, como llamarlo, ensa\u00f1amiento contra todas las personas que, por H por B, presentan una diferencia.<\/strong> Lo ocurrido la semana pasada en el foro de Davos, realmente, a much\u00edsimas personas nos dej\u00f3, digamos, como anonadados, porque un foro hipo econ\u00f3mico mundial donde los presidentes y representantes de los pa\u00edses, est\u00e1n para comentar sus logros, sus posibilidades econ\u00f3micas, ver justamente hacer negocios que beneficien al pa\u00eds, <strong>nuestro presidente, en vez de hablar de econom\u00eda que adem\u00e1s es su materia, y esto es lo m\u00e1s ins\u00f3lito; dedic\u00f3 el 90% de su discurso a denostar a las personas que pertenecen a la diversidad sexual y a los logros obtenidos por las mujeres en los \u00faltimos a\u00f1os. \u00a0<\/strong>Realmente es ins\u00f3lito, porque \u00e9l es economista.\u00bb apunt\u00f3.<\/p>\n<p>&nbsp;<\/p>\n<p>En la exposici\u00f3n Milei: \u00abhizo un discurso tremendo, pr\u00e1cticamente acusando a las personas que formamos parte de los movimientos de mujeres, LGBT y dem\u00e1s derechos humanos y dem\u00e1s, digamos, diferencias como los culpables de no s\u00e9 qu\u00e9. Adem\u00e1s, son dos cuestiones que no se cruzan. La econom\u00eda va por un lado y la pol\u00edtica de preservaci\u00f3n de derechos de todas las personas, es una cuesti\u00f3n pol\u00edtica que todo el pa\u00eds debe sostener.\u00bb fundament\u00f3 Scheider, quien tambi\u00e9n apunt\u00f3 contra el ministro de justicia de la Naci\u00f3n: Si a eso le sumamos, lo de C\u00faneo Libarona, sospechado \u00e9l mismo de ser feminicida, y si a esto le sumamos, como que las feministas pretendemos privilegios, pero \u00bfQu\u00e9 privilegios hablamos? Era un pa\u00eds que tiene una muerte de una mujer a manos de su pareja o ex pareja por d\u00eda. Resulta muy delirante, todo eso. Es como estar realmente viviendo en el famoso misterio, la serie es el cuento de la crueldad, muchas de nosotros decimos realmente si fuera por este gobierno, nosotros tendr\u00edamos que hasta perder el derecho al voto.\u00bb defini\u00f3 Kety.<\/p>\n<p>&nbsp;<\/p>\n<p>Una pesadilla que retrotrae a la oscura d\u00e9cada de los 70 ser\u00eda en resumen,\u00a0 la expresi\u00f3n del conjunto del an\u00e1lisis que realiza la<strong> Lic. Scheider en la nota, y lo reafirm\u00f3:<\/strong> \u00abParece una pesadilla, parece todas las minor\u00edas, si la podemos llamar as\u00ed. Yo realmente, aparte de la palabra minor\u00eda la detesto; creo que la sociedad est\u00e1 formada por seres humanos. No somos ni mayor\u00edas ni minor\u00edas. Somos personas, en nuestra enorme mayor\u00eda, y as\u00ed utilizo la palabra adrede, personas que trabajamos, que estudiamos y que colaboramos de una u otra forma silenciosa, de manera m\u00e1s expuesta, pero con nuestro trabajo cotidiano, a que la sociedad exista Y realmente, ac\u00e1 estamos siendo atacados en nuestro conjunto, esto de suponer que un saludo nazi, no es un saludo nazi, y tratar de decir que, no quiero utilizar una palabra desagradable, pero<strong> tenemos zurdos de mierda, tiemblen, los vamos a ir a buscar,<\/strong> nos retrotrae lo peor de la dictadura, esto ya pas\u00f3. Nuestra sociedad acord\u00f3 vivir en democracia desde hace 40 a\u00f1os, aqu\u00ed estamos.\u00bb<\/p>\n<p>&nbsp;<\/p>\n<p>La habilitaci\u00f3n de estos mensajes o discursos de odio tambi\u00e9n estuvo en la reflexi\u00f3n, de hacer docencias en las juventudes para que no sean determinantes y lo declar\u00f3:\u00bb Las buenas sociedades se construyen con el disenso, <strong>las buenas sociedades se construyen con el di\u00e1logo y a\u00fan las democracias, que por supuesto tienen fallas y tienen errores, se construyen dialogando, no queriendo que tiemblen y persiguiendo hasta el \u00faltimo rinc\u00f3n del planeta bajo una caracterizaci\u00f3n . falta que nos digan subversivos, yo soy de esa \u00e9poca. Realmente s\u00ed, esto es una pesadilla.\u00bb dijo Scheider\u00a0<\/strong><\/p>\n<p>&nbsp;<\/p>\n<p>Para finalizar, y sobre las acciones a nivel local\u00a0 que diferentes instituciones pol\u00edticas y sociales tomar\u00e1n en la comarca Kety expres\u00f3: \u00abestamos convocando distintas organizaciones para este pr\u00f3ximo s\u00e1bado a una asamblea lo m\u00e1s amplia posible, lo m\u00e1s abierta posible, la idea es que vecinas y vecinos puedan concurrir, se sientan o no necesariamente se sientan formando parte de las diversidades, porque realmente entendemos que todas las personas somos diversas y adem\u00e1s todas podemos necesitar del estado en alg\u00fan momento en nuestras vidas,\u00a0 convocamos a una asamblea antifascista y antirracista, porque precisamente lo que vemos es el resurgir del fascismo y estar\u00eda bueno poder explicarle a quienes concurran qu\u00e9 se entiende por fascismo. Esta construcci\u00f3n de un enemigo imaginario, porque, insisto, no somos tan importantes ni las feministas, ni los movimientos LGBT como para presentarnos en un foro internacional como el enemigo, el c\u00e1ncer a extirpar. Creo que esta ser\u00eda la pregunta de esta asamblea a la cual estamos convocando para tratar de unir pensamientos, reflexiones y todo realmente conformar un espacio amplio de debate de ideas. <strong>Realmente consideramos que estamos en peligro, que la democracia empieza a estar en peligro con estas ideas fascistas,<\/strong> autoritaria, entre comillas, de aniquilamiento, palabra que ya conocemos los que vivimos la d\u00e9cada del 60.\u00bb termin\u00f3.<\/p>\n<p><iframe loading=\"lazy\" src=\"https:\/\/w.soundcloud.com\/player\/?url=https%3A\/\/api.soundcloud.com\/tracks\/2019254260&amp;color=%23ff5500&amp;auto_play=false&amp;hide_related=false&amp;show_comments=true&amp;show_user=true&amp;show_reposts=false&amp;show_teaser=true\" width=\"100%\" height=\"166\" frameborder=\"no\" scrolling=\"no\"><\/iframe><\/p>\n<div style=\"font-size: 10px; color: #cccccc; line-break: anywhere; word-break: normal; overflow: hidden; white-space: nowrap; text-overflow: ellipsis; font-family: Interstate,Lucida Grande,Lucida Sans Unicode,Lucida Sans,Garuda,Verdana,Tahoma,sans-serif; font-weight: 100;\"><a style=\"color: #cccccc; text-decoration: none;\" title=\"fmreflejos 103.7\" href=\"https:\/\/soundcloud.com\/fmreflejos-103-7\" target=\"_blank\" rel=\"noopener\">fmreflejos 103.7<\/a> \u00b7 <a style=\"color: #cccccc; text-decoration: none;\" title=\"kety scheider 27-01\" href=\"https:\/\/soundcloud.com\/fmreflejos-103-7\/kety-scheider-27-01\" target=\"_blank\" rel=\"noopener\">kety scheider 27-01<\/a><\/div>\n<p>&nbsp;<\/p>\n<p><a title=\"SDLV 1 02\" href=\"https:\/\/www.flickr.com\/photos\/182279889@N02\/54290436242\/in\/dateposted-public\/\" data-flickr-embed=\"true\"><img loading=\"lazy\" decoding=\"async\" src=\"https:\/\/live.staticflickr.com\/65535\/54290436242_8651ce8cef_c.jpg\" alt=\"SDLV 1 02\" width=\"800\" height=\"800\" \/><\/a><script async src=\"\/\/embedr.flickr.com\/assets\/client-code.js\" charset=\"utf-8\"><\/script><\/p>\n","protected":false},"excerpt":{"rendered":"<p>Se ha organizado a nivel nacional una marcha desde el Congreso hasta Plaza de Mayo para presentar la disconformidad a las reformas que el Gobierno quiere incluir en cuanto a la derogaci\u00f3n de los cupos laborales para personas trans, con discapacidad, la eliminaci\u00f3n del cupo femenino en las candidaturas pol\u00edticas, la descontinuaci\u00f3n del DNI no [&hellip;]<\/p>\n","protected":false},"author":3,"featured_media":0,"comment_status":"closed","ping_status":"closed","sticky":false,"template":"","format":"standard","meta":{"footnotes":""},"categories":[24],"tags":[48],"class_list":["post-111995","post","type-post","status-publish","format-standard","hentry","category-politica","tag-destacada"],"yoast_head":"<!-- This site is optimized with the Yoast SEO plugin v25.9 - https:\/\/yoast.com\/wordpress\/plugins\/seo\/ -->\n<title>&quot;Realmente consideramos que estamos en peligro, que la democracia empieza a estar en peligro con estas ideas fascistas, autoritaria, entre comillas de aniquilamiento&quot; - Noticias Radio Reflejos<\/title>\n<meta name=\"robots\" content=\"index, follow, max-snippet:-1, max-image-preview:large, max-video-preview:-1\" \/>\n<link rel=\"canonical\" href=\"https:\/\/www.noticiasradioreflejos.com.ar\/2021\/realmente-consideramos-que-estamos-en-peligro-que-la-democracia-empieza-a-estar-en-peligro-con-estas-ideas-fascistas-autoritaria-entre-comillas-de-aniquilamiento\/\" \/>\n<meta property=\"og:locale\" content=\"es_ES\" \/>\n<meta property=\"og:type\" content=\"article\" \/>\n<meta property=\"og:title\" content=\"&quot;Realmente consideramos que estamos en peligro, que la democracia empieza a estar en peligro con estas ideas fascistas, autoritaria, entre comillas de aniquilamiento&quot; - Noticias Radio Reflejos\" \/>\n<meta property=\"og:description\" content=\"Se ha organizado a nivel nacional una marcha desde el Congreso hasta Plaza de Mayo para presentar la disconformidad a las reformas que el Gobierno quiere incluir en cuanto a la derogaci\u00f3n de los cupos laborales para personas trans, con discapacidad, la eliminaci\u00f3n del cupo femenino en las candidaturas pol\u00edticas, la descontinuaci\u00f3n del DNI no [&hellip;]\" \/>\n<meta property=\"og:url\" content=\"https:\/\/www.noticiasradioreflejos.com.ar\/2021\/realmente-consideramos-que-estamos-en-peligro-que-la-democracia-empieza-a-estar-en-peligro-con-estas-ideas-fascistas-autoritaria-entre-comillas-de-aniquilamiento\/\" \/>\n<meta property=\"og:site_name\" content=\"Noticias Radio Reflejos\" \/>\n<meta property=\"article:published_time\" content=\"2025-01-27T18:18:31+00:00\" \/>\n<meta property=\"og:image\" content=\"https:\/\/live.staticflickr.com\/65535\/54290436242_8651ce8cef_c.jpg\" \/>\n<meta name=\"author\" content=\"Arnaldo Botto\" \/>\n<meta name=\"twitter:card\" content=\"summary_large_image\" \/>\n<script type=\"application\/ld+json\" class=\"yoast-schema-graph\">{\"@context\":\"https:\/\/schema.org\",\"@graph\":[{\"@type\":\"WebPage\",\"@id\":\"https:\/\/www.noticiasradioreflejos.com.ar\/2021\/realmente-consideramos-que-estamos-en-peligro-que-la-democracia-empieza-a-estar-en-peligro-con-estas-ideas-fascistas-autoritaria-entre-comillas-de-aniquilamiento\/\",\"url\":\"https:\/\/www.noticiasradioreflejos.com.ar\/2021\/realmente-consideramos-que-estamos-en-peligro-que-la-democracia-empieza-a-estar-en-peligro-con-estas-ideas-fascistas-autoritaria-entre-comillas-de-aniquilamiento\/\",\"name\":\"\\\"Realmente consideramos que estamos en peligro, que la democracia empieza a estar en peligro con estas ideas fascistas, autoritaria, entre comillas de aniquilamiento\\\" - Noticias Radio Reflejos\",\"isPartOf\":{\"@id\":\"https:\/\/www.noticiasradioreflejos.com.ar\/2021\/#website\"},\"primaryImageOfPage\":{\"@id\":\"https:\/\/www.noticiasradioreflejos.com.ar\/2021\/realmente-consideramos-que-estamos-en-peligro-que-la-democracia-empieza-a-estar-en-peligro-con-estas-ideas-fascistas-autoritaria-entre-comillas-de-aniquilamiento\/#primaryimage\"},\"image\":{\"@id\":\"https:\/\/www.noticiasradioreflejos.com.ar\/2021\/realmente-consideramos-que-estamos-en-peligro-que-la-democracia-empieza-a-estar-en-peligro-con-estas-ideas-fascistas-autoritaria-entre-comillas-de-aniquilamiento\/#primaryimage\"},\"thumbnailUrl\":\"https:\/\/live.staticflickr.com\/65535\/54290436242_8651ce8cef_c.jpg\",\"datePublished\":\"2025-01-27T18:18:31+00:00\",\"author\":{\"@id\":\"https:\/\/www.noticiasradioreflejos.com.ar\/2021\/#\/schema\/person\/ad82545263dcc5ec0996818884fd5fb1\"},\"breadcrumb\":{\"@id\":\"https:\/\/www.noticiasradioreflejos.com.ar\/2021\/realmente-consideramos-que-estamos-en-peligro-que-la-democracia-empieza-a-estar-en-peligro-con-estas-ideas-fascistas-autoritaria-entre-comillas-de-aniquilamiento\/#breadcrumb\"},\"inLanguage\":\"es\",\"potentialAction\":[{\"@type\":\"ReadAction\",\"target\":[\"https:\/\/www.noticiasradioreflejos.com.ar\/2021\/realmente-consideramos-que-estamos-en-peligro-que-la-democracia-empieza-a-estar-en-peligro-con-estas-ideas-fascistas-autoritaria-entre-comillas-de-aniquilamiento\/\"]}]},{\"@type\":\"ImageObject\",\"inLanguage\":\"es\",\"@id\":\"https:\/\/www.noticiasradioreflejos.com.ar\/2021\/realmente-consideramos-que-estamos-en-peligro-que-la-democracia-empieza-a-estar-en-peligro-con-estas-ideas-fascistas-autoritaria-entre-comillas-de-aniquilamiento\/#primaryimage\",\"url\":\"https:\/\/live.staticflickr.com\/65535\/54290436242_8651ce8cef_c.jpg\",\"contentUrl\":\"https:\/\/live.staticflickr.com\/65535\/54290436242_8651ce8cef_c.jpg\"},{\"@type\":\"BreadcrumbList\",\"@id\":\"https:\/\/www.noticiasradioreflejos.com.ar\/2021\/realmente-consideramos-que-estamos-en-peligro-que-la-democracia-empieza-a-estar-en-peligro-con-estas-ideas-fascistas-autoritaria-entre-comillas-de-aniquilamiento\/#breadcrumb\",\"itemListElement\":[{\"@type\":\"ListItem\",\"position\":1,\"name\":\"Portada\",\"item\":\"https:\/\/www.noticiasradioreflejos.com.ar\/2021\/\"},{\"@type\":\"ListItem\",\"position\":2,\"name\":\"\u00abRealmente consideramos que estamos en peligro, que la democracia empieza a estar en peligro con estas ideas fascistas, autoritaria, entre comillas de aniquilamiento\u00bb\"}]},{\"@type\":\"WebSite\",\"@id\":\"https:\/\/www.noticiasradioreflejos.com.ar\/2021\/#website\",\"url\":\"https:\/\/www.noticiasradioreflejos.com.ar\/2021\/\",\"name\":\"Noticias Radio Reflejos\",\"description\":\"Las noticias de mi comarca\",\"potentialAction\":[{\"@type\":\"SearchAction\",\"target\":{\"@type\":\"EntryPoint\",\"urlTemplate\":\"https:\/\/www.noticiasradioreflejos.com.ar\/2021\/?s={search_term_string}\"},\"query-input\":{\"@type\":\"PropertyValueSpecification\",\"valueRequired\":true,\"valueName\":\"search_term_string\"}}],\"inLanguage\":\"es\"},{\"@type\":\"Person\",\"@id\":\"https:\/\/www.noticiasradioreflejos.com.ar\/2021\/#\/schema\/person\/ad82545263dcc5ec0996818884fd5fb1\",\"name\":\"Arnaldo Botto\",\"image\":{\"@type\":\"ImageObject\",\"inLanguage\":\"es\",\"@id\":\"https:\/\/www.noticiasradioreflejos.com.ar\/2021\/#\/schema\/person\/image\/\",\"url\":\"https:\/\/secure.gravatar.com\/avatar\/55cb5e37c1efa326397366e6974cb338056df65cb50e7d64d1cf314e87504837?s=96&d=mm&r=g\",\"contentUrl\":\"https:\/\/secure.gravatar.com\/avatar\/55cb5e37c1efa326397366e6974cb338056df65cb50e7d64d1cf314e87504837?s=96&d=mm&r=g\",\"caption\":\"Arnaldo Botto\"},\"url\":\"https:\/\/www.noticiasradioreflejos.com.ar\/2021\/author\/arnaldo\/\"}]}<\/script>\n<!-- \/ Yoast SEO plugin. -->","yoast_head_json":{"title":"\"Realmente consideramos que estamos en peligro, que la democracia empieza a estar en peligro con estas ideas fascistas, autoritaria, entre comillas de aniquilamiento\" - Noticias Radio Reflejos","robots":{"index":"index","follow":"follow","max-snippet":"max-snippet:-1","max-image-preview":"max-image-preview:large","max-video-preview":"max-video-preview:-1"},"canonical":"https:\/\/www.noticiasradioreflejos.com.ar\/2021\/realmente-consideramos-que-estamos-en-peligro-que-la-democracia-empieza-a-estar-en-peligro-con-estas-ideas-fascistas-autoritaria-entre-comillas-de-aniquilamiento\/","og_locale":"es_ES","og_type":"article","og_title":"\"Realmente consideramos que estamos en peligro, que la democracia empieza a estar en peligro con estas ideas fascistas, autoritaria, entre comillas de aniquilamiento\" - Noticias Radio Reflejos","og_description":"Se ha organizado a nivel nacional una marcha desde el Congreso hasta Plaza de Mayo para presentar la disconformidad a las reformas que el Gobierno quiere incluir en cuanto a la derogaci\u00f3n de los cupos laborales para personas trans, con discapacidad, la eliminaci\u00f3n del cupo femenino en las candidaturas pol\u00edticas, la descontinuaci\u00f3n del DNI no [&hellip;]","og_url":"https:\/\/www.noticiasradioreflejos.com.ar\/2021\/realmente-consideramos-que-estamos-en-peligro-que-la-democracia-empieza-a-estar-en-peligro-con-estas-ideas-fascistas-autoritaria-entre-comillas-de-aniquilamiento\/","og_site_name":"Noticias Radio Reflejos","article_published_time":"2025-01-27T18:18:31+00:00","og_image":[{"url":"https:\/\/live.staticflickr.com\/65535\/54290436242_8651ce8cef_c.jpg","type":"","width":"","height":""}],"author":"Arnaldo Botto","twitter_card":"summary_large_image","schema":{"@context":"https:\/\/schema.org","@graph":[{"@type":"WebPage","@id":"https:\/\/www.noticiasradioreflejos.com.ar\/2021\/realmente-consideramos-que-estamos-en-peligro-que-la-democracia-empieza-a-estar-en-peligro-con-estas-ideas-fascistas-autoritaria-entre-comillas-de-aniquilamiento\/","url":"https:\/\/www.noticiasradioreflejos.com.ar\/2021\/realmente-consideramos-que-estamos-en-peligro-que-la-democracia-empieza-a-estar-en-peligro-con-estas-ideas-fascistas-autoritaria-entre-comillas-de-aniquilamiento\/","name":"\"Realmente consideramos que estamos en peligro, que la democracia empieza a estar en peligro con estas ideas fascistas, autoritaria, entre comillas de aniquilamiento\" - Noticias Radio Reflejos","isPartOf":{"@id":"https:\/\/www.noticiasradioreflejos.com.ar\/2021\/#website"},"primaryImageOfPage":{"@id":"https:\/\/www.noticiasradioreflejos.com.ar\/2021\/realmente-consideramos-que-estamos-en-peligro-que-la-democracia-empieza-a-estar-en-peligro-con-estas-ideas-fascistas-autoritaria-entre-comillas-de-aniquilamiento\/#primaryimage"},"image":{"@id":"https:\/\/www.noticiasradioreflejos.com.ar\/2021\/realmente-consideramos-que-estamos-en-peligro-que-la-democracia-empieza-a-estar-en-peligro-con-estas-ideas-fascistas-autoritaria-entre-comillas-de-aniquilamiento\/#primaryimage"},"thumbnailUrl":"https:\/\/live.staticflickr.com\/65535\/54290436242_8651ce8cef_c.jpg","datePublished":"2025-01-27T18:18:31+00:00","author":{"@id":"https:\/\/www.noticiasradioreflejos.com.ar\/2021\/#\/schema\/person\/ad82545263dcc5ec0996818884fd5fb1"},"breadcrumb":{"@id":"https:\/\/www.noticiasradioreflejos.com.ar\/2021\/realmente-consideramos-que-estamos-en-peligro-que-la-democracia-empieza-a-estar-en-peligro-con-estas-ideas-fascistas-autoritaria-entre-comillas-de-aniquilamiento\/#breadcrumb"},"inLanguage":"es","potentialAction":[{"@type":"ReadAction","target":["https:\/\/www.noticiasradioreflejos.com.ar\/2021\/realmente-consideramos-que-estamos-en-peligro-que-la-democracia-empieza-a-estar-en-peligro-con-estas-ideas-fascistas-autoritaria-entre-comillas-de-aniquilamiento\/"]}]},{"@type":"ImageObject","inLanguage":"es","@id":"https:\/\/www.noticiasradioreflejos.com.ar\/2021\/realmente-consideramos-que-estamos-en-peligro-que-la-democracia-empieza-a-estar-en-peligro-con-estas-ideas-fascistas-autoritaria-entre-comillas-de-aniquilamiento\/#primaryimage","url":"https:\/\/live.staticflickr.com\/65535\/54290436242_8651ce8cef_c.jpg","contentUrl":"https:\/\/live.staticflickr.com\/65535\/54290436242_8651ce8cef_c.jpg"},{"@type":"BreadcrumbList","@id":"https:\/\/www.noticiasradioreflejos.com.ar\/2021\/realmente-consideramos-que-estamos-en-peligro-que-la-democracia-empieza-a-estar-en-peligro-con-estas-ideas-fascistas-autoritaria-entre-comillas-de-aniquilamiento\/#breadcrumb","itemListElement":[{"@type":"ListItem","position":1,"name":"Portada","item":"https:\/\/www.noticiasradioreflejos.com.ar\/2021\/"},{"@type":"ListItem","position":2,"name":"\u00abRealmente consideramos que estamos en peligro, que la democracia empieza a estar en peligro con estas ideas fascistas, autoritaria, entre comillas de aniquilamiento\u00bb"}]},{"@type":"WebSite","@id":"https:\/\/www.noticiasradioreflejos.com.ar\/2021\/#website","url":"https:\/\/www.noticiasradioreflejos.com.ar\/2021\/","name":"Noticias Radio Reflejos","description":"Las noticias de mi comarca","potentialAction":[{"@type":"SearchAction","target":{"@type":"EntryPoint","urlTemplate":"https:\/\/www.noticiasradioreflejos.com.ar\/2021\/?s={search_term_string}"},"query-input":{"@type":"PropertyValueSpecification","valueRequired":true,"valueName":"search_term_string"}}],"inLanguage":"es"},{"@type":"Person","@id":"https:\/\/www.noticiasradioreflejos.com.ar\/2021\/#\/schema\/person\/ad82545263dcc5ec0996818884fd5fb1","name":"Arnaldo Botto","image":{"@type":"ImageObject","inLanguage":"es","@id":"https:\/\/www.noticiasradioreflejos.com.ar\/2021\/#\/schema\/person\/image\/","url":"https:\/\/secure.gravatar.com\/avatar\/55cb5e37c1efa326397366e6974cb338056df65cb50e7d64d1cf314e87504837?s=96&d=mm&r=g","contentUrl":"https:\/\/secure.gravatar.com\/avatar\/55cb5e37c1efa326397366e6974cb338056df65cb50e7d64d1cf314e87504837?s=96&d=mm&r=g","caption":"Arnaldo Botto"},"url":"https:\/\/www.noticiasradioreflejos.com.ar\/2021\/author\/arnaldo\/"}]}},"_links":{"self":[{"href":"https:\/\/www.noticiasradioreflejos.com.ar\/2021\/wp-json\/wp\/v2\/posts\/111995","targetHints":{"allow":["GET"]}}],"collection":[{"href":"https:\/\/www.noticiasradioreflejos.com.ar\/2021\/wp-json\/wp\/v2\/posts"}],"about":[{"href":"https:\/\/www.noticiasradioreflejos.com.ar\/2021\/wp-json\/wp\/v2\/types\/post"}],"author":[{"embeddable":true,"href":"https:\/\/www.noticiasradioreflejos.com.ar\/2021\/wp-json\/wp\/v2\/users\/3"}],"replies":[{"embeddable":true,"href":"https:\/\/www.noticiasradioreflejos.com.ar\/2021\/wp-json\/wp\/v2\/comments?post=111995"}],"version-history":[{"count":1,"href":"https:\/\/www.noticiasradioreflejos.com.ar\/2021\/wp-json\/wp\/v2\/posts\/111995\/revisions"}],"predecessor-version":[{"id":111997,"href":"https:\/\/www.noticiasradioreflejos.com.ar\/2021\/wp-json\/wp\/v2\/posts\/111995\/revisions\/111997"}],"wp:attachment":[{"href":"https:\/\/www.noticiasradioreflejos.com.ar\/2021\/wp-json\/wp\/v2\/media?parent=111995"}],"wp:term":[{"taxonomy":"category","embeddable":true,"href":"https:\/\/www.noticiasradioreflejos.com.ar\/2021\/wp-json\/wp\/v2\/categories?post=111995"},{"taxonomy":"post_tag","embeddable":true,"href":"https:\/\/www.noticiasradioreflejos.com.ar\/2021\/wp-json\/wp\/v2\/tags?post=111995"}],"curies":[{"name":"wp","href":"https:\/\/api.w.org\/{rel}","templated":true}]}}