{"id":111991,"date":"2025-01-27T14:05:21","date_gmt":"2025-01-27T17:05:21","guid":{"rendered":"https:\/\/www.noticiasradioreflejos.com.ar\/2021\/?p=111991"},"modified":"2025-01-27T14:33:34","modified_gmt":"2025-01-27T17:33:34","slug":"los-incendios-en-epuyen-y-bariloche-no-cesan-en-total-se-consumieron-alrededor-de-11-mil-hectareas","status":"publish","type":"post","link":"https:\/\/www.noticiasradioreflejos.com.ar\/2021\/los-incendios-en-epuyen-y-bariloche-no-cesan-en-total-se-consumieron-alrededor-de-11-mil-hectareas\/","title":{"rendered":"Los incendios en Epuy\u00e9n y Bariloche no cesan: en total se consumieron alrededor de 11 mil hect\u00e1reas"},"content":{"rendered":"<p>En Chubut son 5.000 las hect\u00e1reas afectadas, mientras que en el Parque Nacional Nahuel Huapi m\u00e1s de 6.000.<!--more--><\/p>\n<div class=\"sizer\" data-sizer=\"aspect-ratio\" data-tadevel-template=\"web\/aspect-ratio\">\n<picture data-tadevel-template=\"web\/picture\"><source srcset=\"https:\/\/alpha-assets.tadevel-cdn.com\/67978eb1639dcb541bd6d7a0\/180.webp 270w, https:\/\/alpha-assets.tadevel-cdn.com\/67978eb1639dcb541bd6d7a0\/360.webp 541w\" type=\"image\/webp\" sizes=\"(min-device-width: 768px) 768px, 200px\" \/><source srcset=\"https:\/\/alpha-assets.tadevel-cdn.com\/67978eb1639dcb541bd6d7a0\/720.jpeg\" type=\"image\/jpeg\" sizes=\"(min-device-width: 768px) 768px, 200px\" \/><\/picture>\n<\/div>\n<div class=\"article-body\" data-tadevel-template=\"web\/article-body\">\n<div class=\"article-body-content\">\n<p>Los\u00a0<strong>incendios<\/strong>\u00a0en\u00a0<strong>Epuy\u00e9n<\/strong>, Chubut, y el\u00a0<strong>Parque Nacional Nahuel Huapi<\/strong>, en Bariloche,\u00a0<strong>no cesan<\/strong>\u00a0y en total se consumieron alrededor de\u00a0<strong>11 mil hect\u00e1reas<\/strong>. En ambos lugares el\u00a0<strong>viento<\/strong>\u00a0es un factor determinante para generar que los fuegos contin\u00faen activos.<\/p>\n<p>Con respecto a la situaci\u00f3n actual de Epuy\u00e9n, las autoridades comunicaron que hasta este fin de semana se consumieron m\u00e1s de\u00a0<strong>5.000 hect\u00e1reas de bosques nativos, matorrales y pastizales<\/strong>. A su vez,\u00a0<strong>70 viviendas se vieron afectadas<\/strong>\u00a0por el avance de las llamas.<\/p>\n<p>El Servicio Meteorol\u00f3gico Nacional (SMN) inform\u00f3 que para este lunes la temperatura m\u00e1xima ser\u00e1 de 18 grados, pero por la tarde habr\u00e1\u00a0<strong>r\u00e1fagas de viento que superen los 55 kil\u00f3metros por hora.<\/strong><\/p>\n<p>Aunque por el momento no hay novedad sobre qui\u00e9n provoc\u00f3 el inicio del fuego, el ministro de Seguridad y Justicia de Chubut,\u00a0<strong>H\u00e9ctor Iturrioz<\/strong>, dio una conferencia de prensa\u00a0y confirm\u00f3 que\u00a0<i><strong>\u00abfue intencional y puso en peligro a miles de familias\u00bb.<\/strong><\/i><\/p>\n<p>Acerca del panorama en el\u00a0<strong>Parque Nacional<\/strong>, el incendio sigue activo y el fuego ya consumi\u00f3 alrededor de\u00a0<strong>6.000 hect\u00e1reas<\/strong>.<\/p>\n<p>A m\u00e1s de un mes del inicio de las llamas, las condiciones clim\u00e1ticas de las \u00faltimas horas contin\u00faan empeorando la cr\u00edtica situaci\u00f3n ya que tambi\u00e9n se esperan\u00a0<strong>fuertes r\u00e1fagas de viento de m\u00e1s de 50 kil\u00f3metros por hora.<\/strong><\/p>\n<p>A su vez, las autoridades locales anunciaron que\u00a0<strong>fueron restringidas todas las actividades n\u00e1uticas<\/strong>\u00a0en lagos cercanos al incendio debido a que el avi\u00f3n utilizado en el operativo recarga agua en dicha zona.<\/p>\n<\/div>\n<\/div>\n","protected":false},"excerpt":{"rendered":"<p>En Chubut son 5.000 las hect\u00e1reas afectadas, mientras que en el Parque Nacional Nahuel Huapi m\u00e1s de 6.000.<\/p>\n","protected":false},"author":3,"featured_media":111753,"comment_status":"closed","ping_status":"closed","sticky":false,"template":"","format":"standard","meta":{"footnotes":""},"categories":[26],"tags":[48],"class_list":["post-111991","post","type-post","status-publish","format-standard","has-post-thumbnail","hentry","category-sociedad","tag-destacada"],"yoast_head":"<!-- This site is optimized with the Yoast SEO plugin v25.9 - https:\/\/yoast.com\/wordpress\/plugins\/seo\/ -->\n<title>Los incendios en Epuy\u00e9n y Bariloche no cesan: en total se consumieron alrededor de 11 mil hect\u00e1reas - Noticias Radio Reflejos<\/title>\n<meta name=\"robots\" content=\"index, follow, max-snippet:-1, max-image-preview:large, max-video-preview:-1\" \/>\n<link rel=\"canonical\" href=\"https:\/\/www.noticiasradioreflejos.com.ar\/2021\/los-incendios-en-epuyen-y-bariloche-no-cesan-en-total-se-consumieron-alrededor-de-11-mil-hectareas\/\" \/>\n<meta property=\"og:locale\" content=\"es_ES\" \/>\n<meta property=\"og:type\" content=\"article\" \/>\n<meta property=\"og:title\" content=\"Los incendios en Epuy\u00e9n y Bariloche no cesan: en total se consumieron alrededor de 11 mil hect\u00e1reas - Noticias Radio Reflejos\" \/>\n<meta property=\"og:description\" content=\"En Chubut son 5.000 las hect\u00e1reas afectadas, mientras que en el Parque Nacional Nahuel Huapi m\u00e1s de 6.000.\" \/>\n<meta property=\"og:url\" content=\"https:\/\/www.noticiasradioreflejos.com.ar\/2021\/los-incendios-en-epuyen-y-bariloche-no-cesan-en-total-se-consumieron-alrededor-de-11-mil-hectareas\/\" \/>\n<meta property=\"og:site_name\" content=\"Noticias Radio Reflejos\" \/>\n<meta property=\"article:published_time\" content=\"2025-01-27T17:05:21+00:00\" \/>\n<meta property=\"article:modified_time\" content=\"2025-01-27T17:33:34+00:00\" \/>\n<meta property=\"og:image\" content=\"https:\/\/www.noticiasradioreflejos.com.ar\/2021\/wp-content\/uploads\/2025\/01\/Epuyen-1.jpg\" \/>\n\t<meta property=\"og:image:width\" content=\"1155\" \/>\n\t<meta property=\"og:image:height\" content=\"650\" \/>\n\t<meta property=\"og:image:type\" content=\"image\/jpeg\" \/>\n<meta name=\"author\" content=\"Arnaldo Botto\" \/>\n<meta name=\"twitter:card\" content=\"summary_large_image\" \/>\n<script type=\"application\/ld+json\" class=\"yoast-schema-graph\">{\"@context\":\"https:\/\/schema.org\",\"@graph\":[{\"@type\":\"WebPage\",\"@id\":\"https:\/\/www.noticiasradioreflejos.com.ar\/2021\/los-incendios-en-epuyen-y-bariloche-no-cesan-en-total-se-consumieron-alrededor-de-11-mil-hectareas\/\",\"url\":\"https:\/\/www.noticiasradioreflejos.com.ar\/2021\/los-incendios-en-epuyen-y-bariloche-no-cesan-en-total-se-consumieron-alrededor-de-11-mil-hectareas\/\",\"name\":\"Los incendios en Epuy\u00e9n y Bariloche no cesan: en total se consumieron alrededor de 11 mil hect\u00e1reas - Noticias Radio Reflejos\",\"isPartOf\":{\"@id\":\"https:\/\/www.noticiasradioreflejos.com.ar\/2021\/#website\"},\"primaryImageOfPage\":{\"@id\":\"https:\/\/www.noticiasradioreflejos.com.ar\/2021\/los-incendios-en-epuyen-y-bariloche-no-cesan-en-total-se-consumieron-alrededor-de-11-mil-hectareas\/#primaryimage\"},\"image\":{\"@id\":\"https:\/\/www.noticiasradioreflejos.com.ar\/2021\/los-incendios-en-epuyen-y-bariloche-no-cesan-en-total-se-consumieron-alrededor-de-11-mil-hectareas\/#primaryimage\"},\"thumbnailUrl\":\"https:\/\/www.noticiasradioreflejos.com.ar\/2021\/wp-content\/uploads\/2025\/01\/Epuyen-1.jpg\",\"datePublished\":\"2025-01-27T17:05:21+00:00\",\"dateModified\":\"2025-01-27T17:33:34+00:00\",\"author\":{\"@id\":\"https:\/\/www.noticiasradioreflejos.com.ar\/2021\/#\/schema\/person\/ad82545263dcc5ec0996818884fd5fb1\"},\"breadcrumb\":{\"@id\":\"https:\/\/www.noticiasradioreflejos.com.ar\/2021\/los-incendios-en-epuyen-y-bariloche-no-cesan-en-total-se-consumieron-alrededor-de-11-mil-hectareas\/#breadcrumb\"},\"inLanguage\":\"es\",\"potentialAction\":[{\"@type\":\"ReadAction\",\"target\":[\"https:\/\/www.noticiasradioreflejos.com.ar\/2021\/los-incendios-en-epuyen-y-bariloche-no-cesan-en-total-se-consumieron-alrededor-de-11-mil-hectareas\/\"]}]},{\"@type\":\"ImageObject\",\"inLanguage\":\"es\",\"@id\":\"https:\/\/www.noticiasradioreflejos.com.ar\/2021\/los-incendios-en-epuyen-y-bariloche-no-cesan-en-total-se-consumieron-alrededor-de-11-mil-hectareas\/#primaryimage\",\"url\":\"https:\/\/www.noticiasradioreflejos.com.ar\/2021\/wp-content\/uploads\/2025\/01\/Epuyen-1.jpg\",\"contentUrl\":\"https:\/\/www.noticiasradioreflejos.com.ar\/2021\/wp-content\/uploads\/2025\/01\/Epuyen-1.jpg\",\"width\":1155,\"height\":650},{\"@type\":\"BreadcrumbList\",\"@id\":\"https:\/\/www.noticiasradioreflejos.com.ar\/2021\/los-incendios-en-epuyen-y-bariloche-no-cesan-en-total-se-consumieron-alrededor-de-11-mil-hectareas\/#breadcrumb\",\"itemListElement\":[{\"@type\":\"ListItem\",\"position\":1,\"name\":\"Portada\",\"item\":\"https:\/\/www.noticiasradioreflejos.com.ar\/2021\/\"},{\"@type\":\"ListItem\",\"position\":2,\"name\":\"Los incendios en Epuy\u00e9n y Bariloche no cesan: en total se consumieron alrededor de 11 mil hect\u00e1reas\"}]},{\"@type\":\"WebSite\",\"@id\":\"https:\/\/www.noticiasradioreflejos.com.ar\/2021\/#website\",\"url\":\"https:\/\/www.noticiasradioreflejos.com.ar\/2021\/\",\"name\":\"Noticias Radio Reflejos\",\"description\":\"Las noticias de mi comarca\",\"potentialAction\":[{\"@type\":\"SearchAction\",\"target\":{\"@type\":\"EntryPoint\",\"urlTemplate\":\"https:\/\/www.noticiasradioreflejos.com.ar\/2021\/?s={search_term_string}\"},\"query-input\":{\"@type\":\"PropertyValueSpecification\",\"valueRequired\":true,\"valueName\":\"search_term_string\"}}],\"inLanguage\":\"es\"},{\"@type\":\"Person\",\"@id\":\"https:\/\/www.noticiasradioreflejos.com.ar\/2021\/#\/schema\/person\/ad82545263dcc5ec0996818884fd5fb1\",\"name\":\"Arnaldo Botto\",\"image\":{\"@type\":\"ImageObject\",\"inLanguage\":\"es\",\"@id\":\"https:\/\/www.noticiasradioreflejos.com.ar\/2021\/#\/schema\/person\/image\/\",\"url\":\"https:\/\/secure.gravatar.com\/avatar\/55cb5e37c1efa326397366e6974cb338056df65cb50e7d64d1cf314e87504837?s=96&d=mm&r=g\",\"contentUrl\":\"https:\/\/secure.gravatar.com\/avatar\/55cb5e37c1efa326397366e6974cb338056df65cb50e7d64d1cf314e87504837?s=96&d=mm&r=g\",\"caption\":\"Arnaldo Botto\"},\"url\":\"https:\/\/www.noticiasradioreflejos.com.ar\/2021\/author\/arnaldo\/\"}]}<\/script>\n<!-- \/ Yoast SEO plugin. -->","yoast_head_json":{"title":"Los incendios en Epuy\u00e9n y Bariloche no cesan: en total se consumieron alrededor de 11 mil hect\u00e1reas - Noticias Radio Reflejos","robots":{"index":"index","follow":"follow","max-snippet":"max-snippet:-1","max-image-preview":"max-image-preview:large","max-video-preview":"max-video-preview:-1"},"canonical":"https:\/\/www.noticiasradioreflejos.com.ar\/2021\/los-incendios-en-epuyen-y-bariloche-no-cesan-en-total-se-consumieron-alrededor-de-11-mil-hectareas\/","og_locale":"es_ES","og_type":"article","og_title":"Los incendios en Epuy\u00e9n y Bariloche no cesan: en total se consumieron alrededor de 11 mil hect\u00e1reas - Noticias Radio Reflejos","og_description":"En Chubut son 5.000 las hect\u00e1reas afectadas, mientras que en el Parque Nacional Nahuel Huapi m\u00e1s de 6.000.","og_url":"https:\/\/www.noticiasradioreflejos.com.ar\/2021\/los-incendios-en-epuyen-y-bariloche-no-cesan-en-total-se-consumieron-alrededor-de-11-mil-hectareas\/","og_site_name":"Noticias Radio Reflejos","article_published_time":"2025-01-27T17:05:21+00:00","article_modified_time":"2025-01-27T17:33:34+00:00","og_image":[{"width":1155,"height":650,"url":"https:\/\/www.noticiasradioreflejos.com.ar\/2021\/wp-content\/uploads\/2025\/01\/Epuyen-1.jpg","type":"image\/jpeg"}],"author":"Arnaldo Botto","twitter_card":"summary_large_image","schema":{"@context":"https:\/\/schema.org","@graph":[{"@type":"WebPage","@id":"https:\/\/www.noticiasradioreflejos.com.ar\/2021\/los-incendios-en-epuyen-y-bariloche-no-cesan-en-total-se-consumieron-alrededor-de-11-mil-hectareas\/","url":"https:\/\/www.noticiasradioreflejos.com.ar\/2021\/los-incendios-en-epuyen-y-bariloche-no-cesan-en-total-se-consumieron-alrededor-de-11-mil-hectareas\/","name":"Los incendios en Epuy\u00e9n y Bariloche no cesan: en total se consumieron alrededor de 11 mil hect\u00e1reas - Noticias Radio Reflejos","isPartOf":{"@id":"https:\/\/www.noticiasradioreflejos.com.ar\/2021\/#website"},"primaryImageOfPage":{"@id":"https:\/\/www.noticiasradioreflejos.com.ar\/2021\/los-incendios-en-epuyen-y-bariloche-no-cesan-en-total-se-consumieron-alrededor-de-11-mil-hectareas\/#primaryimage"},"image":{"@id":"https:\/\/www.noticiasradioreflejos.com.ar\/2021\/los-incendios-en-epuyen-y-bariloche-no-cesan-en-total-se-consumieron-alrededor-de-11-mil-hectareas\/#primaryimage"},"thumbnailUrl":"https:\/\/www.noticiasradioreflejos.com.ar\/2021\/wp-content\/uploads\/2025\/01\/Epuyen-1.jpg","datePublished":"2025-01-27T17:05:21+00:00","dateModified":"2025-01-27T17:33:34+00:00","author":{"@id":"https:\/\/www.noticiasradioreflejos.com.ar\/2021\/#\/schema\/person\/ad82545263dcc5ec0996818884fd5fb1"},"breadcrumb":{"@id":"https:\/\/www.noticiasradioreflejos.com.ar\/2021\/los-incendios-en-epuyen-y-bariloche-no-cesan-en-total-se-consumieron-alrededor-de-11-mil-hectareas\/#breadcrumb"},"inLanguage":"es","potentialAction":[{"@type":"ReadAction","target":["https:\/\/www.noticiasradioreflejos.com.ar\/2021\/los-incendios-en-epuyen-y-bariloche-no-cesan-en-total-se-consumieron-alrededor-de-11-mil-hectareas\/"]}]},{"@type":"ImageObject","inLanguage":"es","@id":"https:\/\/www.noticiasradioreflejos.com.ar\/2021\/los-incendios-en-epuyen-y-bariloche-no-cesan-en-total-se-consumieron-alrededor-de-11-mil-hectareas\/#primaryimage","url":"https:\/\/www.noticiasradioreflejos.com.ar\/2021\/wp-content\/uploads\/2025\/01\/Epuyen-1.jpg","contentUrl":"https:\/\/www.noticiasradioreflejos.com.ar\/2021\/wp-content\/uploads\/2025\/01\/Epuyen-1.jpg","width":1155,"height":650},{"@type":"BreadcrumbList","@id":"https:\/\/www.noticiasradioreflejos.com.ar\/2021\/los-incendios-en-epuyen-y-bariloche-no-cesan-en-total-se-consumieron-alrededor-de-11-mil-hectareas\/#breadcrumb","itemListElement":[{"@type":"ListItem","position":1,"name":"Portada","item":"https:\/\/www.noticiasradioreflejos.com.ar\/2021\/"},{"@type":"ListItem","position":2,"name":"Los incendios en Epuy\u00e9n y Bariloche no cesan: en total se consumieron alrededor de 11 mil hect\u00e1reas"}]},{"@type":"WebSite","@id":"https:\/\/www.noticiasradioreflejos.com.ar\/2021\/#website","url":"https:\/\/www.noticiasradioreflejos.com.ar\/2021\/","name":"Noticias Radio Reflejos","description":"Las noticias de mi comarca","potentialAction":[{"@type":"SearchAction","target":{"@type":"EntryPoint","urlTemplate":"https:\/\/www.noticiasradioreflejos.com.ar\/2021\/?s={search_term_string}"},"query-input":{"@type":"PropertyValueSpecification","valueRequired":true,"valueName":"search_term_string"}}],"inLanguage":"es"},{"@type":"Person","@id":"https:\/\/www.noticiasradioreflejos.com.ar\/2021\/#\/schema\/person\/ad82545263dcc5ec0996818884fd5fb1","name":"Arnaldo Botto","image":{"@type":"ImageObject","inLanguage":"es","@id":"https:\/\/www.noticiasradioreflejos.com.ar\/2021\/#\/schema\/person\/image\/","url":"https:\/\/secure.gravatar.com\/avatar\/55cb5e37c1efa326397366e6974cb338056df65cb50e7d64d1cf314e87504837?s=96&d=mm&r=g","contentUrl":"https:\/\/secure.gravatar.com\/avatar\/55cb5e37c1efa326397366e6974cb338056df65cb50e7d64d1cf314e87504837?s=96&d=mm&r=g","caption":"Arnaldo Botto"},"url":"https:\/\/www.noticiasradioreflejos.com.ar\/2021\/author\/arnaldo\/"}]}},"_links":{"self":[{"href":"https:\/\/www.noticiasradioreflejos.com.ar\/2021\/wp-json\/wp\/v2\/posts\/111991","targetHints":{"allow":["GET"]}}],"collection":[{"href":"https:\/\/www.noticiasradioreflejos.com.ar\/2021\/wp-json\/wp\/v2\/posts"}],"about":[{"href":"https:\/\/www.noticiasradioreflejos.com.ar\/2021\/wp-json\/wp\/v2\/types\/post"}],"author":[{"embeddable":true,"href":"https:\/\/www.noticiasradioreflejos.com.ar\/2021\/wp-json\/wp\/v2\/users\/3"}],"replies":[{"embeddable":true,"href":"https:\/\/www.noticiasradioreflejos.com.ar\/2021\/wp-json\/wp\/v2\/comments?post=111991"}],"version-history":[{"count":3,"href":"https:\/\/www.noticiasradioreflejos.com.ar\/2021\/wp-json\/wp\/v2\/posts\/111991\/revisions"}],"predecessor-version":[{"id":111994,"href":"https:\/\/www.noticiasradioreflejos.com.ar\/2021\/wp-json\/wp\/v2\/posts\/111991\/revisions\/111994"}],"wp:featuredmedia":[{"embeddable":true,"href":"https:\/\/www.noticiasradioreflejos.com.ar\/2021\/wp-json\/wp\/v2\/media\/111753"}],"wp:attachment":[{"href":"https:\/\/www.noticiasradioreflejos.com.ar\/2021\/wp-json\/wp\/v2\/media?parent=111991"}],"wp:term":[{"taxonomy":"category","embeddable":true,"href":"https:\/\/www.noticiasradioreflejos.com.ar\/2021\/wp-json\/wp\/v2\/categories?post=111991"},{"taxonomy":"post_tag","embeddable":true,"href":"https:\/\/www.noticiasradioreflejos.com.ar\/2021\/wp-json\/wp\/v2\/tags?post=111991"}],"curies":[{"name":"wp","href":"https:\/\/api.w.org\/{rel}","templated":true}]}}