{"id":111985,"date":"2025-01-27T07:37:31","date_gmt":"2025-01-27T10:37:31","guid":{"rendered":"https:\/\/www.noticiasradioreflejos.com.ar\/2021\/?p=111985"},"modified":"2025-01-27T09:52:57","modified_gmt":"2025-01-27T12:52:57","slug":"convocan-a-una-marcha-federal-en-defensa-de-los-derechos-lgtbq-para-el-1-de-febrero","status":"publish","type":"post","link":"https:\/\/www.noticiasradioreflejos.com.ar\/2021\/convocan-a-una-marcha-federal-en-defensa-de-los-derechos-lgtbq-para-el-1-de-febrero\/","title":{"rendered":"Convocan a una marcha federal en defensa de los derechos LGTBQ+ para el 1 de febrero"},"content":{"rendered":"<p>La marcha partir\u00e1 desde el Congreso de la Naci\u00f3n y llegar\u00e1 hasta Plaza de Mayo. El Gobierno nacional present\u00f3 un megaproyecto de reformas que incluye la derogaci\u00f3n de los cupos laborales para personas trans y con discapacidad, la eliminaci\u00f3n del cupo femenino para candidaturas pol\u00edticas, la descontinuaci\u00f3n del DNI no binario y la eliminaci\u00f3n de la figura del femicidio del C\u00f3digo Penal.<!--more--><\/p>\n<p>Distintas organizaciones del colectivo LGBT anunciaron la realizaci\u00f3n de la <strong>Marcha Federal del Orgullo Antifascista y Antiracista,<\/strong>\u00a0que se llevar\u00e1 a cabo el pr\u00f3ximo\u00a0<strong>1 de febrero<\/strong>. La movilizaci\u00f3n fue convocada como respuesta\u00a0<a class=\"link\" href=\"https:\/\/www.eldiarioar.com\/economia\/milei-pidio-davos-occidente-grande-nuevamente-eliminar-virus-ideologia-woke_1_11986397.html\" data-mrf-recirculation=\"links-noticia\" data-mrf-link=\"https:\/\/www.eldiarioar.com\/economia\/milei-pidio-davos-occidente-grande-nuevamente-eliminar-virus-ideologia-woke_1_11986397.html\">al discurso de Javier Milei durante su participaci\u00f3n en el Foro Econ\u00f3mico Mundial de Davos<\/a>, en Suiza, donde cuestion\u00f3 a las minor\u00edas, las parejas homosexuales, las personas trans y a las mujeres.<\/p>\n<p>&nbsp;<\/p>\n<p>La marcha partir\u00e1<strong>\u00a0desde el Congreso de la Naci\u00f3n y llegar\u00e1 hasta Plaza de Mayo<\/strong>. Seg\u00fan lo acordado en una<a class=\"link\" href=\"https:\/\/www.eldiarioar.com\/sociedad\/masiva-asamblea-parque-lezama-rechazo-avanzada-gobierno-diversidad-sexual_1_11994093.html\" data-mrf-recirculation=\"links-noticia\" data-mrf-link=\"https:\/\/www.eldiarioar.com\/sociedad\/masiva-asamblea-parque-lezama-rechazo-avanzada-gobierno-diversidad-sexual_1_11994093.html\">\u00a0asamblea realizada el s\u00e1bado pasado en el Parque Lezama\u00a0<\/a>de la Ciudad de Buenos Aires, la movilizaci\u00f3n ser\u00e1 encabezada por personas trans y travestis, quienes ocupar\u00e1n un lugar central en la actividad como gesto de visibilidad y resistencia.<\/p>\n<p>En un comunicado difundido por las organizaciones convocantes, se expres\u00f3 preocupaci\u00f3n y rechazo a las declaraciones del mandatario en Davos. <strong>\u201cLas incitaciones al odio que el presidente pronunci\u00f3 en la Conferencia de Davos no son nuevas, pero s\u00ed marcan un antecedente en la radicalidad de su violencia, en su manifiesto deseo de exterminio\u201d,<\/strong>\u00a0se\u00f1alaron. Asimismo, el texto destac\u00f3 la necesidad de generar un di\u00e1logo inclusivo y articular respuestas colectivas frente a lo que calificaron como\u00a0<strong>\u201cun problema colectivo\u201d<\/strong>.<\/p>\n<p>&nbsp;<\/p>\n<p>El presidente Milei hab\u00eda declarado en el foro internacional que <strong>\u201cse promueve la agenda LGBT, queriendo imponernos que las mujeres son hombres y los hombres son mujeres solo si as\u00ed se autoperciben\u201d<\/strong>. Adem\u00e1s, realiz\u00f3 afirmaciones controvertidas en las que vincul\u00f3 a las personas trans y al colectivo LGBT con casos de violencia y abuso, lo que gener\u00f3 un fuerte repudio en distintos sectores de la sociedad.<\/p>\n<p>El jueves \u00faltimo, el Gobierno nacional present\u00f3 un megaproyecto de reformas que incluye la derogaci\u00f3n de los cupos laborales para personas trans y con discapacidad, la eliminaci\u00f3n del cupo femenino para candidaturas pol\u00edticas, la descontinuaci\u00f3n del DNI no binario y la eliminaci\u00f3n de la figura del femicidio del C\u00f3digo Penal. Estas iniciativas han sido calificadas por las organizaciones de derechos humanos y colectivos feministas como un retroceso en materia de igualdad y derechos adquiridos.<\/p>\n<p>&nbsp;<\/p>\n<p>Para ultimar detalles de la movilizaci\u00f3n, se convoc\u00f3 a una nueva reuni\u00f3n el pr\u00f3ximo <strong>29 de enero<\/strong>\u00a0en la plazoleta N\u00e9stor Perlongher, en Avellaneda. Desde las organizaciones destacaron la importancia de participar y movilizarse para\u00a0<strong>\u201cdefender los derechos conquistados y responder colectivamente a la violencia institucional y simb\u00f3lica que nos atraviesa como sociedad\u201d<\/strong>.<\/p>\n<div class=\"content-container col-12 col-lg-8\">\n<div class=\"c-content\">\n<div class=\"partner-wrapper article-page__body-row\">\n<div class=\"second-col\">\n<p>&nbsp;<\/p>\n<p class=\"article-text\"><em><strong>DM &#8211; elDiarioAR<\/strong><\/em><\/p>\n<\/div>\n<\/div>\n<\/div>\n<\/div>\n","protected":false},"excerpt":{"rendered":"<p>La marcha partir\u00e1 desde el Congreso de la Naci\u00f3n y llegar\u00e1 hasta Plaza de Mayo. El Gobierno nacional present\u00f3 un megaproyecto de reformas que incluye la derogaci\u00f3n de los cupos laborales para personas trans y con discapacidad, la eliminaci\u00f3n del cupo femenino para candidaturas pol\u00edticas, la descontinuaci\u00f3n del DNI no binario y la eliminaci\u00f3n de [&hellip;]<\/p>\n","protected":false},"author":3,"featured_media":0,"comment_status":"closed","ping_status":"closed","sticky":false,"template":"","format":"standard","meta":{"footnotes":""},"categories":[24],"tags":[],"class_list":["post-111985","post","type-post","status-publish","format-standard","hentry","category-politica"],"yoast_head":"<!-- This site is optimized with the Yoast SEO plugin v25.9 - https:\/\/yoast.com\/wordpress\/plugins\/seo\/ -->\n<title>Convocan a una marcha federal en defensa de los derechos LGTBQ+ para el 1 de febrero - Noticias Radio Reflejos<\/title>\n<meta name=\"robots\" content=\"index, follow, max-snippet:-1, max-image-preview:large, max-video-preview:-1\" \/>\n<link rel=\"canonical\" href=\"https:\/\/www.noticiasradioreflejos.com.ar\/2021\/convocan-a-una-marcha-federal-en-defensa-de-los-derechos-lgtbq-para-el-1-de-febrero\/\" \/>\n<meta property=\"og:locale\" content=\"es_ES\" \/>\n<meta property=\"og:type\" content=\"article\" \/>\n<meta property=\"og:title\" content=\"Convocan a una marcha federal en defensa de los derechos LGTBQ+ para el 1 de febrero - Noticias Radio Reflejos\" \/>\n<meta property=\"og:description\" content=\"La marcha partir\u00e1 desde el Congreso de la Naci\u00f3n y llegar\u00e1 hasta Plaza de Mayo. El Gobierno nacional present\u00f3 un megaproyecto de reformas que incluye la derogaci\u00f3n de los cupos laborales para personas trans y con discapacidad, la eliminaci\u00f3n del cupo femenino para candidaturas pol\u00edticas, la descontinuaci\u00f3n del DNI no binario y la eliminaci\u00f3n de [&hellip;]\" \/>\n<meta property=\"og:url\" content=\"https:\/\/www.noticiasradioreflejos.com.ar\/2021\/convocan-a-una-marcha-federal-en-defensa-de-los-derechos-lgtbq-para-el-1-de-febrero\/\" \/>\n<meta property=\"og:site_name\" content=\"Noticias Radio Reflejos\" \/>\n<meta property=\"article:published_time\" content=\"2025-01-27T10:37:31+00:00\" \/>\n<meta property=\"article:modified_time\" content=\"2025-01-27T12:52:57+00:00\" \/>\n<meta property=\"og:image\" content=\"https:\/\/www.noticiasradioreflejos.com.ar\/2021\/wp-content\/uploads\/2025\/01\/marcha-LGTBQ.jpg\" \/>\n\t<meta property=\"og:image:width\" content=\"1200\" \/>\n\t<meta property=\"og:image:height\" content=\"675\" \/>\n\t<meta property=\"og:image:type\" content=\"image\/jpeg\" \/>\n<meta name=\"author\" content=\"Arnaldo Botto\" \/>\n<meta name=\"twitter:card\" content=\"summary_large_image\" \/>\n<script type=\"application\/ld+json\" class=\"yoast-schema-graph\">{\"@context\":\"https:\/\/schema.org\",\"@graph\":[{\"@type\":\"WebPage\",\"@id\":\"https:\/\/www.noticiasradioreflejos.com.ar\/2021\/convocan-a-una-marcha-federal-en-defensa-de-los-derechos-lgtbq-para-el-1-de-febrero\/\",\"url\":\"https:\/\/www.noticiasradioreflejos.com.ar\/2021\/convocan-a-una-marcha-federal-en-defensa-de-los-derechos-lgtbq-para-el-1-de-febrero\/\",\"name\":\"Convocan a una marcha federal en defensa de los derechos LGTBQ+ para el 1 de febrero - Noticias Radio Reflejos\",\"isPartOf\":{\"@id\":\"https:\/\/www.noticiasradioreflejos.com.ar\/2021\/#website\"},\"datePublished\":\"2025-01-27T10:37:31+00:00\",\"dateModified\":\"2025-01-27T12:52:57+00:00\",\"author\":{\"@id\":\"https:\/\/www.noticiasradioreflejos.com.ar\/2021\/#\/schema\/person\/ad82545263dcc5ec0996818884fd5fb1\"},\"breadcrumb\":{\"@id\":\"https:\/\/www.noticiasradioreflejos.com.ar\/2021\/convocan-a-una-marcha-federal-en-defensa-de-los-derechos-lgtbq-para-el-1-de-febrero\/#breadcrumb\"},\"inLanguage\":\"es\",\"potentialAction\":[{\"@type\":\"ReadAction\",\"target\":[\"https:\/\/www.noticiasradioreflejos.com.ar\/2021\/convocan-a-una-marcha-federal-en-defensa-de-los-derechos-lgtbq-para-el-1-de-febrero\/\"]}]},{\"@type\":\"BreadcrumbList\",\"@id\":\"https:\/\/www.noticiasradioreflejos.com.ar\/2021\/convocan-a-una-marcha-federal-en-defensa-de-los-derechos-lgtbq-para-el-1-de-febrero\/#breadcrumb\",\"itemListElement\":[{\"@type\":\"ListItem\",\"position\":1,\"name\":\"Portada\",\"item\":\"https:\/\/www.noticiasradioreflejos.com.ar\/2021\/\"},{\"@type\":\"ListItem\",\"position\":2,\"name\":\"Convocan a una marcha federal en defensa de los derechos LGTBQ+ para el 1 de febrero\"}]},{\"@type\":\"WebSite\",\"@id\":\"https:\/\/www.noticiasradioreflejos.com.ar\/2021\/#website\",\"url\":\"https:\/\/www.noticiasradioreflejos.com.ar\/2021\/\",\"name\":\"Noticias Radio Reflejos\",\"description\":\"Las noticias de mi comarca\",\"potentialAction\":[{\"@type\":\"SearchAction\",\"target\":{\"@type\":\"EntryPoint\",\"urlTemplate\":\"https:\/\/www.noticiasradioreflejos.com.ar\/2021\/?s={search_term_string}\"},\"query-input\":{\"@type\":\"PropertyValueSpecification\",\"valueRequired\":true,\"valueName\":\"search_term_string\"}}],\"inLanguage\":\"es\"},{\"@type\":\"Person\",\"@id\":\"https:\/\/www.noticiasradioreflejos.com.ar\/2021\/#\/schema\/person\/ad82545263dcc5ec0996818884fd5fb1\",\"name\":\"Arnaldo Botto\",\"image\":{\"@type\":\"ImageObject\",\"inLanguage\":\"es\",\"@id\":\"https:\/\/www.noticiasradioreflejos.com.ar\/2021\/#\/schema\/person\/image\/\",\"url\":\"https:\/\/secure.gravatar.com\/avatar\/55cb5e37c1efa326397366e6974cb338056df65cb50e7d64d1cf314e87504837?s=96&d=mm&r=g\",\"contentUrl\":\"https:\/\/secure.gravatar.com\/avatar\/55cb5e37c1efa326397366e6974cb338056df65cb50e7d64d1cf314e87504837?s=96&d=mm&r=g\",\"caption\":\"Arnaldo Botto\"},\"url\":\"https:\/\/www.noticiasradioreflejos.com.ar\/2021\/author\/arnaldo\/\"}]}<\/script>\n<!-- \/ Yoast SEO plugin. -->","yoast_head_json":{"title":"Convocan a una marcha federal en defensa de los derechos LGTBQ+ para el 1 de febrero - Noticias Radio Reflejos","robots":{"index":"index","follow":"follow","max-snippet":"max-snippet:-1","max-image-preview":"max-image-preview:large","max-video-preview":"max-video-preview:-1"},"canonical":"https:\/\/www.noticiasradioreflejos.com.ar\/2021\/convocan-a-una-marcha-federal-en-defensa-de-los-derechos-lgtbq-para-el-1-de-febrero\/","og_locale":"es_ES","og_type":"article","og_title":"Convocan a una marcha federal en defensa de los derechos LGTBQ+ para el 1 de febrero - Noticias Radio Reflejos","og_description":"La marcha partir\u00e1 desde el Congreso de la Naci\u00f3n y llegar\u00e1 hasta Plaza de Mayo. El Gobierno nacional present\u00f3 un megaproyecto de reformas que incluye la derogaci\u00f3n de los cupos laborales para personas trans y con discapacidad, la eliminaci\u00f3n del cupo femenino para candidaturas pol\u00edticas, la descontinuaci\u00f3n del DNI no binario y la eliminaci\u00f3n de [&hellip;]","og_url":"https:\/\/www.noticiasradioreflejos.com.ar\/2021\/convocan-a-una-marcha-federal-en-defensa-de-los-derechos-lgtbq-para-el-1-de-febrero\/","og_site_name":"Noticias Radio Reflejos","article_published_time":"2025-01-27T10:37:31+00:00","article_modified_time":"2025-01-27T12:52:57+00:00","og_image":[{"width":1200,"height":675,"url":"https:\/\/www.noticiasradioreflejos.com.ar\/2021\/wp-content\/uploads\/2025\/01\/marcha-LGTBQ.jpg","type":"image\/jpeg"}],"author":"Arnaldo Botto","twitter_card":"summary_large_image","schema":{"@context":"https:\/\/schema.org","@graph":[{"@type":"WebPage","@id":"https:\/\/www.noticiasradioreflejos.com.ar\/2021\/convocan-a-una-marcha-federal-en-defensa-de-los-derechos-lgtbq-para-el-1-de-febrero\/","url":"https:\/\/www.noticiasradioreflejos.com.ar\/2021\/convocan-a-una-marcha-federal-en-defensa-de-los-derechos-lgtbq-para-el-1-de-febrero\/","name":"Convocan a una marcha federal en defensa de los derechos LGTBQ+ para el 1 de febrero - Noticias Radio Reflejos","isPartOf":{"@id":"https:\/\/www.noticiasradioreflejos.com.ar\/2021\/#website"},"datePublished":"2025-01-27T10:37:31+00:00","dateModified":"2025-01-27T12:52:57+00:00","author":{"@id":"https:\/\/www.noticiasradioreflejos.com.ar\/2021\/#\/schema\/person\/ad82545263dcc5ec0996818884fd5fb1"},"breadcrumb":{"@id":"https:\/\/www.noticiasradioreflejos.com.ar\/2021\/convocan-a-una-marcha-federal-en-defensa-de-los-derechos-lgtbq-para-el-1-de-febrero\/#breadcrumb"},"inLanguage":"es","potentialAction":[{"@type":"ReadAction","target":["https:\/\/www.noticiasradioreflejos.com.ar\/2021\/convocan-a-una-marcha-federal-en-defensa-de-los-derechos-lgtbq-para-el-1-de-febrero\/"]}]},{"@type":"BreadcrumbList","@id":"https:\/\/www.noticiasradioreflejos.com.ar\/2021\/convocan-a-una-marcha-federal-en-defensa-de-los-derechos-lgtbq-para-el-1-de-febrero\/#breadcrumb","itemListElement":[{"@type":"ListItem","position":1,"name":"Portada","item":"https:\/\/www.noticiasradioreflejos.com.ar\/2021\/"},{"@type":"ListItem","position":2,"name":"Convocan a una marcha federal en defensa de los derechos LGTBQ+ para el 1 de febrero"}]},{"@type":"WebSite","@id":"https:\/\/www.noticiasradioreflejos.com.ar\/2021\/#website","url":"https:\/\/www.noticiasradioreflejos.com.ar\/2021\/","name":"Noticias Radio Reflejos","description":"Las noticias de mi comarca","potentialAction":[{"@type":"SearchAction","target":{"@type":"EntryPoint","urlTemplate":"https:\/\/www.noticiasradioreflejos.com.ar\/2021\/?s={search_term_string}"},"query-input":{"@type":"PropertyValueSpecification","valueRequired":true,"valueName":"search_term_string"}}],"inLanguage":"es"},{"@type":"Person","@id":"https:\/\/www.noticiasradioreflejos.com.ar\/2021\/#\/schema\/person\/ad82545263dcc5ec0996818884fd5fb1","name":"Arnaldo Botto","image":{"@type":"ImageObject","inLanguage":"es","@id":"https:\/\/www.noticiasradioreflejos.com.ar\/2021\/#\/schema\/person\/image\/","url":"https:\/\/secure.gravatar.com\/avatar\/55cb5e37c1efa326397366e6974cb338056df65cb50e7d64d1cf314e87504837?s=96&d=mm&r=g","contentUrl":"https:\/\/secure.gravatar.com\/avatar\/55cb5e37c1efa326397366e6974cb338056df65cb50e7d64d1cf314e87504837?s=96&d=mm&r=g","caption":"Arnaldo Botto"},"url":"https:\/\/www.noticiasradioreflejos.com.ar\/2021\/author\/arnaldo\/"}]}},"_links":{"self":[{"href":"https:\/\/www.noticiasradioreflejos.com.ar\/2021\/wp-json\/wp\/v2\/posts\/111985","targetHints":{"allow":["GET"]}}],"collection":[{"href":"https:\/\/www.noticiasradioreflejos.com.ar\/2021\/wp-json\/wp\/v2\/posts"}],"about":[{"href":"https:\/\/www.noticiasradioreflejos.com.ar\/2021\/wp-json\/wp\/v2\/types\/post"}],"author":[{"embeddable":true,"href":"https:\/\/www.noticiasradioreflejos.com.ar\/2021\/wp-json\/wp\/v2\/users\/3"}],"replies":[{"embeddable":true,"href":"https:\/\/www.noticiasradioreflejos.com.ar\/2021\/wp-json\/wp\/v2\/comments?post=111985"}],"version-history":[{"count":2,"href":"https:\/\/www.noticiasradioreflejos.com.ar\/2021\/wp-json\/wp\/v2\/posts\/111985\/revisions"}],"predecessor-version":[{"id":111990,"href":"https:\/\/www.noticiasradioreflejos.com.ar\/2021\/wp-json\/wp\/v2\/posts\/111985\/revisions\/111990"}],"wp:attachment":[{"href":"https:\/\/www.noticiasradioreflejos.com.ar\/2021\/wp-json\/wp\/v2\/media?parent=111985"}],"wp:term":[{"taxonomy":"category","embeddable":true,"href":"https:\/\/www.noticiasradioreflejos.com.ar\/2021\/wp-json\/wp\/v2\/categories?post=111985"},{"taxonomy":"post_tag","embeddable":true,"href":"https:\/\/www.noticiasradioreflejos.com.ar\/2021\/wp-json\/wp\/v2\/tags?post=111985"}],"curies":[{"name":"wp","href":"https:\/\/api.w.org\/{rel}","templated":true}]}}