{"id":111981,"date":"2025-01-27T07:04:02","date_gmt":"2025-01-27T10:04:02","guid":{"rendered":"https:\/\/www.noticiasradioreflejos.com.ar\/2021\/?p=111981"},"modified":"2025-01-27T08:57:44","modified_gmt":"2025-01-27T11:57:44","slug":"lunes-inestable-alerta-por-tormentas-y-leve-descenso-de-las-temperaturas","status":"publish","type":"post","link":"https:\/\/www.noticiasradioreflejos.com.ar\/2021\/lunes-inestable-alerta-por-tormentas-y-leve-descenso-de-las-temperaturas\/","title":{"rendered":"Lunes inestable, alerta por tormentas y leve descenso de las temperaturas"},"content":{"rendered":"<p>Hubo lluvias en la comarca y sigue este lunes el mal clima en varias zonas del pa\u00eds. Qu\u00e9 dice el Servicio Meteorol\u00f3gico Nacional.<!--more--><\/p>\n<p>La nueva semana arranca con <strong>malas condiciones del clima<\/strong>\u00a0en diferentes zonas del pa\u00eds, por lo que el\u00a0<strong>Servicio Meteorol\u00f3gico Nacional (SMN)<\/strong>\u00a0renov\u00f3\u00a0el\u00a0alerta por\u00a0<strong>tormentas fuertes con posible ca\u00edda de granizo y r\u00e1fagas<\/strong>.<\/p>\n<div class=\"columns\" data-tadevel-template=\"web\/article-columns\">\n<div class=\"column-main\">\n<div class=\"article-body\" data-tadevel-template=\"web\/article-body\">\n<div class=\"article-body-content\">\n<p>De esta manera, el SMN manten\u00eda un\u00a0<strong>alerta amarillo<\/strong>\u00a0que rige este lunes en\u00a0zonas de las<strong>provincias de Buenos Aires, Corrientes, Misiones, R\u00edo Negro, La Pampa, San Luis, Mendoza, C\u00f3rdoba, Santa Fe, Santiago del Estero, Chaco, Jujuy, Tucum\u00e1n, Salta, Catamarca, La Rioja y San Juan.<\/strong><\/p>\n<p><strong>En regiones de C\u00f3rdoba, San Luis y La Pampa, el aviso sub\u00eda a alerta naranja.\u00a0<\/strong><\/p>\n<p>En Sierra de la Ventana y Villa Ventana hubo chaparrones y lluvias aisladas en zonas muy localizadas. En Sierra cay\u00f3 un chaparr\u00f3n de 2 mm en horas de la madrugada, en tanto Villa Ventana tuvo 10 mm de lluvia.<\/p>\n<p>La inestabilidad permanecer\u00e1 hasta el mediod\u00eda, con cielo cubierto y vientos del NO; la m\u00e1xima se estima en 27\u00b0. Para la tarde el viento rotar\u00e1 al sector sur y tendremos cielos despejados a partir del mediod\u00eda.<\/p>\n<p>Ma\u00f1ana martes,\u00a0 la m\u00ednima se estima en 11\u00b0 y la m\u00e1xima trepar\u00e1 hasta los 31\u00b0, vientos suaves del NO y cielo despejado.<\/p>\n<\/div>\n<h4>Datos de lluvias en la zona<\/h4>\n<\/div>\n<p>2 mm en Sierra de la Ventana<br \/>\n12 mm en Tornquist<br \/>\n10 mm en Villa Ventana<br \/>\n3 mm en Tres Picos<br \/>\n9 mm en Chasic\u00f3<br \/>\n23 mm en Pig\u00fc\u00e9<br \/>\n30 mm en Espartillar<br \/>\n15 mm en Dufaur<br \/>\n18 mm en Goyena<br \/>\n14 mm en Saavedra<br \/>\n12 mm en Cura Malal<br \/>\n33 mm en Carhu\u00e9<br \/>\n8 mm en Coronel Su\u00e1rez<br \/>\n20 mm en Huanguel\u00e9n<\/p>\n<div class=\"article-body\" data-tadevel-template=\"web\/article-body\">\n<div class=\"article-body-content\">\n<p><a title=\"elerta 27 01\" href=\"https:\/\/www.flickr.com\/photos\/182279889@N02\/54290820134\/in\/dateposted-public\/\" data-flickr-embed=\"true\"><img loading=\"lazy\" decoding=\"async\" class=\"aligncenter\" src=\"https:\/\/live.staticflickr.com\/65535\/54290820134_4e0e672e41_o.jpg\" alt=\"elerta 27 01\" width=\"646\" height=\"397\" \/><\/a><\/p>\n<p>De acuerdo con el reporte del SMN,\u00a0en zonas del norte y oeste del pa\u00eds con alerta amarilla,\u00a0<mark>\u201cel aviso indica que el \u00e1rea ser\u00e1 afectada por tormentas, algunas localmente fuertes. Las mismas podr\u00e1n estar acompa\u00f1adas por abundantes lluvias en cortos per\u00edodos, actividad el\u00e9ctrica intensa, granizo ocasional y r\u00e1fagas que podr\u00edan superar los 60 km\/h.<\/mark><\/p>\n<p><strong>Se prev\u00e9n valores de precipitaci\u00f3n acumulada entre 15 y 45 mm<\/strong>, que pueden ser superados en forma puntual.<\/p>\n<p>En tanto, en zonas del centro, \u201cel \u00e1rea ser\u00e1 afectada por tormentas, algunas localmente fuertes. Las mismas estar\u00e1n acompa\u00f1adas por r\u00e1fagas que podr\u00edan superar los 60 km\/h, ca\u00edda de granizo, fuerte actividad el\u00e9ctrica y abundante ca\u00edda de agua en cortos per\u00edodos\u201d.<\/p>\n<p><strong>Se prev\u00e9n valores de precipitaci\u00f3n acumulada entre 40 y 50 mm, pudiendo ser superados en forma puntual<\/strong>.<\/p>\n<p>Por \u00faltimo, en las\u00a0<strong>zonas con alerta naranja<\/strong>, \u201cel \u00e1rea ser\u00e1 afectada por lluvias y tormentas, algunas localmente fuertes. Las mismas estar\u00e1n acompa\u00f1adas por r\u00e1fagas, ca\u00edda de granizo, fuerte actividad el\u00e9ctrica y abundante ca\u00edda de agua en cortos per\u00edodos.<\/p>\n<p>En este caso, se prev\u00e9n valores de precipitaci\u00f3n acumulada entre 30 y 80 mm, pudiendo ser superados en forma puntual.<\/p>\n<h3>Recomendaciones del SMN por tormentas fuertes<\/h3>\n<ol>\n<li>No saques la basura. Retir\u00e1 objetos que impidan que el agua escurra.<\/li>\n<li>Evit\u00e1 actividades al aire libre.<\/li>\n<li>No te refugies cerca de \u00e1rboles y postes de electricidad que puedan caerse.<\/li>\n<li>Para minimizar el riesgo de ser alcanzado por un rayo, no permanezcas en playas, r\u00edos, lagunas o piletas.<\/li>\n<li>Estate atento ante la posible ca\u00edda de granizo.<\/li>\n<li>Informate por las autoridades. Ten\u00e9 siempre lista una mochila de emergencias con linterna, radio, documentos y tel\u00e9fono.<\/li>\n<\/ol>\n<\/div>\n<\/div>\n<\/div>\n<\/div>\n","protected":false},"excerpt":{"rendered":"<p>Hubo lluvias en la comarca y sigue este lunes el mal clima en varias zonas del pa\u00eds. Qu\u00e9 dice el Servicio Meteorol\u00f3gico Nacional.<\/p>\n","protected":false},"author":3,"featured_media":96525,"comment_status":"closed","ping_status":"closed","sticky":false,"template":"","format":"standard","meta":{"footnotes":""},"categories":[46],"tags":[48],"class_list":["post-111981","post","type-post","status-publish","format-standard","has-post-thumbnail","hentry","category-ciencia-y-tecnologia","tag-destacada"],"yoast_head":"<!-- This site is optimized with the Yoast SEO plugin v25.9 - https:\/\/yoast.com\/wordpress\/plugins\/seo\/ -->\n<title>Lunes inestable, alerta por tormentas y leve descenso de las temperaturas - Noticias Radio Reflejos<\/title>\n<meta name=\"robots\" content=\"index, follow, max-snippet:-1, max-image-preview:large, max-video-preview:-1\" \/>\n<link rel=\"canonical\" href=\"https:\/\/www.noticiasradioreflejos.com.ar\/2021\/lunes-inestable-alerta-por-tormentas-y-leve-descenso-de-las-temperaturas\/\" \/>\n<meta property=\"og:locale\" content=\"es_ES\" \/>\n<meta property=\"og:type\" content=\"article\" \/>\n<meta property=\"og:title\" content=\"Lunes inestable, alerta por tormentas y leve descenso de las temperaturas - Noticias Radio Reflejos\" \/>\n<meta property=\"og:description\" content=\"Hubo lluvias en la comarca y sigue este lunes el mal clima en varias zonas del pa\u00eds. Qu\u00e9 dice el Servicio Meteorol\u00f3gico Nacional.\" \/>\n<meta property=\"og:url\" content=\"https:\/\/www.noticiasradioreflejos.com.ar\/2021\/lunes-inestable-alerta-por-tormentas-y-leve-descenso-de-las-temperaturas\/\" \/>\n<meta property=\"og:site_name\" content=\"Noticias Radio Reflejos\" \/>\n<meta property=\"article:published_time\" content=\"2025-01-27T10:04:02+00:00\" \/>\n<meta property=\"article:modified_time\" content=\"2025-01-27T11:57:44+00:00\" \/>\n<meta property=\"og:image\" content=\"https:\/\/www.noticiasradioreflejos.com.ar\/2021\/wp-content\/uploads\/2023\/12\/tormenta-abra-de-la-ventana-1.jpeg\" \/>\n\t<meta property=\"og:image:width\" content=\"1600\" \/>\n\t<meta property=\"og:image:height\" content=\"900\" \/>\n\t<meta property=\"og:image:type\" content=\"image\/jpeg\" \/>\n<meta name=\"author\" content=\"Arnaldo Botto\" \/>\n<meta name=\"twitter:card\" content=\"summary_large_image\" \/>\n<script type=\"application\/ld+json\" class=\"yoast-schema-graph\">{\"@context\":\"https:\/\/schema.org\",\"@graph\":[{\"@type\":\"WebPage\",\"@id\":\"https:\/\/www.noticiasradioreflejos.com.ar\/2021\/lunes-inestable-alerta-por-tormentas-y-leve-descenso-de-las-temperaturas\/\",\"url\":\"https:\/\/www.noticiasradioreflejos.com.ar\/2021\/lunes-inestable-alerta-por-tormentas-y-leve-descenso-de-las-temperaturas\/\",\"name\":\"Lunes inestable, alerta por tormentas y leve descenso de las temperaturas - Noticias Radio Reflejos\",\"isPartOf\":{\"@id\":\"https:\/\/www.noticiasradioreflejos.com.ar\/2021\/#website\"},\"primaryImageOfPage\":{\"@id\":\"https:\/\/www.noticiasradioreflejos.com.ar\/2021\/lunes-inestable-alerta-por-tormentas-y-leve-descenso-de-las-temperaturas\/#primaryimage\"},\"image\":{\"@id\":\"https:\/\/www.noticiasradioreflejos.com.ar\/2021\/lunes-inestable-alerta-por-tormentas-y-leve-descenso-de-las-temperaturas\/#primaryimage\"},\"thumbnailUrl\":\"https:\/\/www.noticiasradioreflejos.com.ar\/2021\/wp-content\/uploads\/2023\/12\/tormenta-abra-de-la-ventana-1.jpeg\",\"datePublished\":\"2025-01-27T10:04:02+00:00\",\"dateModified\":\"2025-01-27T11:57:44+00:00\",\"author\":{\"@id\":\"https:\/\/www.noticiasradioreflejos.com.ar\/2021\/#\/schema\/person\/ad82545263dcc5ec0996818884fd5fb1\"},\"breadcrumb\":{\"@id\":\"https:\/\/www.noticiasradioreflejos.com.ar\/2021\/lunes-inestable-alerta-por-tormentas-y-leve-descenso-de-las-temperaturas\/#breadcrumb\"},\"inLanguage\":\"es\",\"potentialAction\":[{\"@type\":\"ReadAction\",\"target\":[\"https:\/\/www.noticiasradioreflejos.com.ar\/2021\/lunes-inestable-alerta-por-tormentas-y-leve-descenso-de-las-temperaturas\/\"]}]},{\"@type\":\"ImageObject\",\"inLanguage\":\"es\",\"@id\":\"https:\/\/www.noticiasradioreflejos.com.ar\/2021\/lunes-inestable-alerta-por-tormentas-y-leve-descenso-de-las-temperaturas\/#primaryimage\",\"url\":\"https:\/\/www.noticiasradioreflejos.com.ar\/2021\/wp-content\/uploads\/2023\/12\/tormenta-abra-de-la-ventana-1.jpeg\",\"contentUrl\":\"https:\/\/www.noticiasradioreflejos.com.ar\/2021\/wp-content\/uploads\/2023\/12\/tormenta-abra-de-la-ventana-1.jpeg\",\"width\":1600,\"height\":900},{\"@type\":\"BreadcrumbList\",\"@id\":\"https:\/\/www.noticiasradioreflejos.com.ar\/2021\/lunes-inestable-alerta-por-tormentas-y-leve-descenso-de-las-temperaturas\/#breadcrumb\",\"itemListElement\":[{\"@type\":\"ListItem\",\"position\":1,\"name\":\"Portada\",\"item\":\"https:\/\/www.noticiasradioreflejos.com.ar\/2021\/\"},{\"@type\":\"ListItem\",\"position\":2,\"name\":\"Lunes inestable, alerta por tormentas y leve descenso de las temperaturas\"}]},{\"@type\":\"WebSite\",\"@id\":\"https:\/\/www.noticiasradioreflejos.com.ar\/2021\/#website\",\"url\":\"https:\/\/www.noticiasradioreflejos.com.ar\/2021\/\",\"name\":\"Noticias Radio Reflejos\",\"description\":\"Las noticias de mi comarca\",\"potentialAction\":[{\"@type\":\"SearchAction\",\"target\":{\"@type\":\"EntryPoint\",\"urlTemplate\":\"https:\/\/www.noticiasradioreflejos.com.ar\/2021\/?s={search_term_string}\"},\"query-input\":{\"@type\":\"PropertyValueSpecification\",\"valueRequired\":true,\"valueName\":\"search_term_string\"}}],\"inLanguage\":\"es\"},{\"@type\":\"Person\",\"@id\":\"https:\/\/www.noticiasradioreflejos.com.ar\/2021\/#\/schema\/person\/ad82545263dcc5ec0996818884fd5fb1\",\"name\":\"Arnaldo Botto\",\"image\":{\"@type\":\"ImageObject\",\"inLanguage\":\"es\",\"@id\":\"https:\/\/www.noticiasradioreflejos.com.ar\/2021\/#\/schema\/person\/image\/\",\"url\":\"https:\/\/secure.gravatar.com\/avatar\/55cb5e37c1efa326397366e6974cb338056df65cb50e7d64d1cf314e87504837?s=96&d=mm&r=g\",\"contentUrl\":\"https:\/\/secure.gravatar.com\/avatar\/55cb5e37c1efa326397366e6974cb338056df65cb50e7d64d1cf314e87504837?s=96&d=mm&r=g\",\"caption\":\"Arnaldo Botto\"},\"url\":\"https:\/\/www.noticiasradioreflejos.com.ar\/2021\/author\/arnaldo\/\"}]}<\/script>\n<!-- \/ Yoast SEO plugin. -->","yoast_head_json":{"title":"Lunes inestable, alerta por tormentas y leve descenso de las temperaturas - Noticias Radio Reflejos","robots":{"index":"index","follow":"follow","max-snippet":"max-snippet:-1","max-image-preview":"max-image-preview:large","max-video-preview":"max-video-preview:-1"},"canonical":"https:\/\/www.noticiasradioreflejos.com.ar\/2021\/lunes-inestable-alerta-por-tormentas-y-leve-descenso-de-las-temperaturas\/","og_locale":"es_ES","og_type":"article","og_title":"Lunes inestable, alerta por tormentas y leve descenso de las temperaturas - Noticias Radio Reflejos","og_description":"Hubo lluvias en la comarca y sigue este lunes el mal clima en varias zonas del pa\u00eds. Qu\u00e9 dice el Servicio Meteorol\u00f3gico Nacional.","og_url":"https:\/\/www.noticiasradioreflejos.com.ar\/2021\/lunes-inestable-alerta-por-tormentas-y-leve-descenso-de-las-temperaturas\/","og_site_name":"Noticias Radio Reflejos","article_published_time":"2025-01-27T10:04:02+00:00","article_modified_time":"2025-01-27T11:57:44+00:00","og_image":[{"width":1600,"height":900,"url":"https:\/\/www.noticiasradioreflejos.com.ar\/2021\/wp-content\/uploads\/2023\/12\/tormenta-abra-de-la-ventana-1.jpeg","type":"image\/jpeg"}],"author":"Arnaldo Botto","twitter_card":"summary_large_image","schema":{"@context":"https:\/\/schema.org","@graph":[{"@type":"WebPage","@id":"https:\/\/www.noticiasradioreflejos.com.ar\/2021\/lunes-inestable-alerta-por-tormentas-y-leve-descenso-de-las-temperaturas\/","url":"https:\/\/www.noticiasradioreflejos.com.ar\/2021\/lunes-inestable-alerta-por-tormentas-y-leve-descenso-de-las-temperaturas\/","name":"Lunes inestable, alerta por tormentas y leve descenso de las temperaturas - Noticias Radio Reflejos","isPartOf":{"@id":"https:\/\/www.noticiasradioreflejos.com.ar\/2021\/#website"},"primaryImageOfPage":{"@id":"https:\/\/www.noticiasradioreflejos.com.ar\/2021\/lunes-inestable-alerta-por-tormentas-y-leve-descenso-de-las-temperaturas\/#primaryimage"},"image":{"@id":"https:\/\/www.noticiasradioreflejos.com.ar\/2021\/lunes-inestable-alerta-por-tormentas-y-leve-descenso-de-las-temperaturas\/#primaryimage"},"thumbnailUrl":"https:\/\/www.noticiasradioreflejos.com.ar\/2021\/wp-content\/uploads\/2023\/12\/tormenta-abra-de-la-ventana-1.jpeg","datePublished":"2025-01-27T10:04:02+00:00","dateModified":"2025-01-27T11:57:44+00:00","author":{"@id":"https:\/\/www.noticiasradioreflejos.com.ar\/2021\/#\/schema\/person\/ad82545263dcc5ec0996818884fd5fb1"},"breadcrumb":{"@id":"https:\/\/www.noticiasradioreflejos.com.ar\/2021\/lunes-inestable-alerta-por-tormentas-y-leve-descenso-de-las-temperaturas\/#breadcrumb"},"inLanguage":"es","potentialAction":[{"@type":"ReadAction","target":["https:\/\/www.noticiasradioreflejos.com.ar\/2021\/lunes-inestable-alerta-por-tormentas-y-leve-descenso-de-las-temperaturas\/"]}]},{"@type":"ImageObject","inLanguage":"es","@id":"https:\/\/www.noticiasradioreflejos.com.ar\/2021\/lunes-inestable-alerta-por-tormentas-y-leve-descenso-de-las-temperaturas\/#primaryimage","url":"https:\/\/www.noticiasradioreflejos.com.ar\/2021\/wp-content\/uploads\/2023\/12\/tormenta-abra-de-la-ventana-1.jpeg","contentUrl":"https:\/\/www.noticiasradioreflejos.com.ar\/2021\/wp-content\/uploads\/2023\/12\/tormenta-abra-de-la-ventana-1.jpeg","width":1600,"height":900},{"@type":"BreadcrumbList","@id":"https:\/\/www.noticiasradioreflejos.com.ar\/2021\/lunes-inestable-alerta-por-tormentas-y-leve-descenso-de-las-temperaturas\/#breadcrumb","itemListElement":[{"@type":"ListItem","position":1,"name":"Portada","item":"https:\/\/www.noticiasradioreflejos.com.ar\/2021\/"},{"@type":"ListItem","position":2,"name":"Lunes inestable, alerta por tormentas y leve descenso de las temperaturas"}]},{"@type":"WebSite","@id":"https:\/\/www.noticiasradioreflejos.com.ar\/2021\/#website","url":"https:\/\/www.noticiasradioreflejos.com.ar\/2021\/","name":"Noticias Radio Reflejos","description":"Las noticias de mi comarca","potentialAction":[{"@type":"SearchAction","target":{"@type":"EntryPoint","urlTemplate":"https:\/\/www.noticiasradioreflejos.com.ar\/2021\/?s={search_term_string}"},"query-input":{"@type":"PropertyValueSpecification","valueRequired":true,"valueName":"search_term_string"}}],"inLanguage":"es"},{"@type":"Person","@id":"https:\/\/www.noticiasradioreflejos.com.ar\/2021\/#\/schema\/person\/ad82545263dcc5ec0996818884fd5fb1","name":"Arnaldo Botto","image":{"@type":"ImageObject","inLanguage":"es","@id":"https:\/\/www.noticiasradioreflejos.com.ar\/2021\/#\/schema\/person\/image\/","url":"https:\/\/secure.gravatar.com\/avatar\/55cb5e37c1efa326397366e6974cb338056df65cb50e7d64d1cf314e87504837?s=96&d=mm&r=g","contentUrl":"https:\/\/secure.gravatar.com\/avatar\/55cb5e37c1efa326397366e6974cb338056df65cb50e7d64d1cf314e87504837?s=96&d=mm&r=g","caption":"Arnaldo Botto"},"url":"https:\/\/www.noticiasradioreflejos.com.ar\/2021\/author\/arnaldo\/"}]}},"_links":{"self":[{"href":"https:\/\/www.noticiasradioreflejos.com.ar\/2021\/wp-json\/wp\/v2\/posts\/111981","targetHints":{"allow":["GET"]}}],"collection":[{"href":"https:\/\/www.noticiasradioreflejos.com.ar\/2021\/wp-json\/wp\/v2\/posts"}],"about":[{"href":"https:\/\/www.noticiasradioreflejos.com.ar\/2021\/wp-json\/wp\/v2\/types\/post"}],"author":[{"embeddable":true,"href":"https:\/\/www.noticiasradioreflejos.com.ar\/2021\/wp-json\/wp\/v2\/users\/3"}],"replies":[{"embeddable":true,"href":"https:\/\/www.noticiasradioreflejos.com.ar\/2021\/wp-json\/wp\/v2\/comments?post=111981"}],"version-history":[{"count":5,"href":"https:\/\/www.noticiasradioreflejos.com.ar\/2021\/wp-json\/wp\/v2\/posts\/111981\/revisions"}],"predecessor-version":[{"id":111989,"href":"https:\/\/www.noticiasradioreflejos.com.ar\/2021\/wp-json\/wp\/v2\/posts\/111981\/revisions\/111989"}],"wp:featuredmedia":[{"embeddable":true,"href":"https:\/\/www.noticiasradioreflejos.com.ar\/2021\/wp-json\/wp\/v2\/media\/96525"}],"wp:attachment":[{"href":"https:\/\/www.noticiasradioreflejos.com.ar\/2021\/wp-json\/wp\/v2\/media?parent=111981"}],"wp:term":[{"taxonomy":"category","embeddable":true,"href":"https:\/\/www.noticiasradioreflejos.com.ar\/2021\/wp-json\/wp\/v2\/categories?post=111981"},{"taxonomy":"post_tag","embeddable":true,"href":"https:\/\/www.noticiasradioreflejos.com.ar\/2021\/wp-json\/wp\/v2\/tags?post=111981"}],"curies":[{"name":"wp","href":"https:\/\/api.w.org\/{rel}","templated":true}]}}