{"id":11198,"date":"2017-06-13T10:02:38","date_gmt":"2017-06-13T13:02:38","guid":{"rendered":"http:\/\/noticiasradioreflejos.com.ar\/noticias\/?p=11198"},"modified":"2017-06-13T10:02:38","modified_gmt":"2017-06-13T13:02:38","slug":"ahora-ya-no-tenemos-plaza-tenemos-seguridad","status":"publish","type":"post","link":"https:\/\/www.noticiasradioreflejos.com.ar\/2021\/ahora-ya-no-tenemos-plaza-tenemos-seguridad\/","title":{"rendered":"Ahora ya no tenemos plaza&#8230;.\u00bftenemos seguridad?"},"content":{"rendered":"<p class=\"m_1845157449452426682x_x_MsoNormal\">Carta de lectores:<!--more--><\/p>\n<p class=\"m_1845157449452426682x_x_MsoNormal\"><b>Ahora tenemos \u201cseguridad\u201d y nos quedamos sin\u00a0plaza.<\/b><\/p>\n<p class=\"m_1845157449452426682x_x_MsoNormal\">Y ya no tenemos plaza, un desastre hizo Bordoni, nos rob\u00f3 nuestra postal, nuestra imagen cultural, nos la \u00a0rob\u00f3 a todos\u2026 y a \u00e9l no le\u00a0importa porque seg\u00fan dice, \u00a0\u201c\u2026soy el intendente y lo puedo hacer\u2026\u201d .<\/p>\n<p class=\"m_1845157449452426682x_x_MsoNormal\">Se nos\u00a0cae la cara de verg\u00fcenza cuando tenemos que explicar a alguien que nos visita que por un capricho del Intendente 100 a\u00f1os de historia se nos escaparon como agua entre los dedos.<\/p>\n<p class=\"m_1845157449452426682x_x_MsoNormal\">La gente no lo vot\u00f3 para que haga este desastre.<\/p>\n<p class=\"m_1845157449452426682x_x_MsoNormal\">Que trabaje y \u00a0cumpla con sus promesas;las 500 casas , las nuevas fuentes de trabajo genuino, \u00a0el ansiado puente en Villa ventana, \u00a0la seguridad y la tranquilidad\u00a0que hoy\u00a0estamos perdiendo. Debe cumpl\u00edr con la Ley, \u00a0dej\u00e1r de perseguir a los que no piensan como el y abusar del poder que tiene por un rato.<\/p>\n<p class=\"m_1845157449452426682x_x_MsoNormal\">En un rapto de autoritarismo ignorante cambi\u00f3 la imagen hist\u00f3rica de nuestro pueblo. Quedar\u00e1 en la histora como eso&#8230;el que vino a destruir nuestra identidad.<\/p>\n<p><iframe loading=\"lazy\" src=\"https:\/\/www.youtube.com\/embed\/srFbTn5O1nE\" width=\"560\" height=\"315\" frameborder=\"0\" allowfullscreen=\"allowfullscreen\"><\/iframe><br \/>\nMaria Jos\u00e9 Garofoli-mariajose17354@hotmail.com<br \/>\nAgrupaci\u00f3n Mujeres Peronistas<\/p>\n","protected":false},"excerpt":{"rendered":"<p>Carta de lectores:<\/p>\n","protected":false},"author":3,"featured_media":0,"comment_status":"closed","ping_status":"open","sticky":false,"template":"","format":"standard","meta":{"footnotes":""},"categories":[26],"tags":[],"class_list":["post-11198","post","type-post","status-publish","format-standard","hentry","category-sociedad"],"yoast_head":"<!-- This site is optimized with the Yoast SEO plugin v25.9 - https:\/\/yoast.com\/wordpress\/plugins\/seo\/ -->\n<title>Ahora ya no tenemos plaza....\u00bftenemos seguridad? - Noticias Radio Reflejos<\/title>\n<meta name=\"robots\" content=\"index, follow, max-snippet:-1, max-image-preview:large, max-video-preview:-1\" \/>\n<link rel=\"canonical\" href=\"https:\/\/www.noticiasradioreflejos.com.ar\/2021\/ahora-ya-no-tenemos-plaza-tenemos-seguridad\/\" \/>\n<meta property=\"og:locale\" content=\"es_ES\" \/>\n<meta property=\"og:type\" content=\"article\" \/>\n<meta property=\"og:title\" content=\"Ahora ya no tenemos plaza....\u00bftenemos seguridad? - Noticias Radio Reflejos\" \/>\n<meta property=\"og:description\" content=\"Carta de lectores:\" \/>\n<meta property=\"og:url\" content=\"https:\/\/www.noticiasradioreflejos.com.ar\/2021\/ahora-ya-no-tenemos-plaza-tenemos-seguridad\/\" \/>\n<meta property=\"og:site_name\" content=\"Noticias Radio Reflejos\" \/>\n<meta property=\"article:published_time\" content=\"2017-06-13T13:02:38+00:00\" \/>\n<meta property=\"og:image\" content=\"https:\/\/www.noticiasradioreflejos.com.ar\/2021\/wp-content\/uploads\/2021\/07\/logosol300x200.png\" \/>\n\t<meta property=\"og:image:width\" content=\"300\" \/>\n\t<meta property=\"og:image:height\" content=\"200\" \/>\n\t<meta property=\"og:image:type\" content=\"image\/png\" \/>\n<meta name=\"author\" content=\"Arnaldo Botto\" \/>\n<meta name=\"twitter:card\" content=\"summary_large_image\" \/>\n<script type=\"application\/ld+json\" class=\"yoast-schema-graph\">{\"@context\":\"https:\/\/schema.org\",\"@graph\":[{\"@type\":\"WebPage\",\"@id\":\"https:\/\/www.noticiasradioreflejos.com.ar\/2021\/ahora-ya-no-tenemos-plaza-tenemos-seguridad\/\",\"url\":\"https:\/\/www.noticiasradioreflejos.com.ar\/2021\/ahora-ya-no-tenemos-plaza-tenemos-seguridad\/\",\"name\":\"Ahora ya no tenemos plaza....\u00bftenemos seguridad? - Noticias Radio Reflejos\",\"isPartOf\":{\"@id\":\"https:\/\/www.noticiasradioreflejos.com.ar\/2021\/#website\"},\"datePublished\":\"2017-06-13T13:02:38+00:00\",\"author\":{\"@id\":\"https:\/\/www.noticiasradioreflejos.com.ar\/2021\/#\/schema\/person\/ad82545263dcc5ec0996818884fd5fb1\"},\"breadcrumb\":{\"@id\":\"https:\/\/www.noticiasradioreflejos.com.ar\/2021\/ahora-ya-no-tenemos-plaza-tenemos-seguridad\/#breadcrumb\"},\"inLanguage\":\"es\",\"potentialAction\":[{\"@type\":\"ReadAction\",\"target\":[\"https:\/\/www.noticiasradioreflejos.com.ar\/2021\/ahora-ya-no-tenemos-plaza-tenemos-seguridad\/\"]}]},{\"@type\":\"BreadcrumbList\",\"@id\":\"https:\/\/www.noticiasradioreflejos.com.ar\/2021\/ahora-ya-no-tenemos-plaza-tenemos-seguridad\/#breadcrumb\",\"itemListElement\":[{\"@type\":\"ListItem\",\"position\":1,\"name\":\"Portada\",\"item\":\"https:\/\/www.noticiasradioreflejos.com.ar\/2021\/\"},{\"@type\":\"ListItem\",\"position\":2,\"name\":\"Ahora ya no tenemos plaza&#8230;.\u00bftenemos seguridad?\"}]},{\"@type\":\"WebSite\",\"@id\":\"https:\/\/www.noticiasradioreflejos.com.ar\/2021\/#website\",\"url\":\"https:\/\/www.noticiasradioreflejos.com.ar\/2021\/\",\"name\":\"Noticias Radio Reflejos\",\"description\":\"Las noticias de mi comarca\",\"potentialAction\":[{\"@type\":\"SearchAction\",\"target\":{\"@type\":\"EntryPoint\",\"urlTemplate\":\"https:\/\/www.noticiasradioreflejos.com.ar\/2021\/?s={search_term_string}\"},\"query-input\":{\"@type\":\"PropertyValueSpecification\",\"valueRequired\":true,\"valueName\":\"search_term_string\"}}],\"inLanguage\":\"es\"},{\"@type\":\"Person\",\"@id\":\"https:\/\/www.noticiasradioreflejos.com.ar\/2021\/#\/schema\/person\/ad82545263dcc5ec0996818884fd5fb1\",\"name\":\"Arnaldo Botto\",\"image\":{\"@type\":\"ImageObject\",\"inLanguage\":\"es\",\"@id\":\"https:\/\/www.noticiasradioreflejos.com.ar\/2021\/#\/schema\/person\/image\/\",\"url\":\"https:\/\/secure.gravatar.com\/avatar\/55cb5e37c1efa326397366e6974cb338056df65cb50e7d64d1cf314e87504837?s=96&d=mm&r=g\",\"contentUrl\":\"https:\/\/secure.gravatar.com\/avatar\/55cb5e37c1efa326397366e6974cb338056df65cb50e7d64d1cf314e87504837?s=96&d=mm&r=g\",\"caption\":\"Arnaldo Botto\"},\"url\":\"https:\/\/www.noticiasradioreflejos.com.ar\/2021\/author\/arnaldo\/\"}]}<\/script>\n<!-- \/ Yoast SEO plugin. -->","yoast_head_json":{"title":"Ahora ya no tenemos plaza....\u00bftenemos seguridad? - Noticias Radio Reflejos","robots":{"index":"index","follow":"follow","max-snippet":"max-snippet:-1","max-image-preview":"max-image-preview:large","max-video-preview":"max-video-preview:-1"},"canonical":"https:\/\/www.noticiasradioreflejos.com.ar\/2021\/ahora-ya-no-tenemos-plaza-tenemos-seguridad\/","og_locale":"es_ES","og_type":"article","og_title":"Ahora ya no tenemos plaza....\u00bftenemos seguridad? - Noticias Radio Reflejos","og_description":"Carta de lectores:","og_url":"https:\/\/www.noticiasradioreflejos.com.ar\/2021\/ahora-ya-no-tenemos-plaza-tenemos-seguridad\/","og_site_name":"Noticias Radio Reflejos","article_published_time":"2017-06-13T13:02:38+00:00","og_image":[{"width":300,"height":200,"url":"https:\/\/www.noticiasradioreflejos.com.ar\/2021\/wp-content\/uploads\/2021\/07\/logosol300x200.png","type":"image\/png"}],"author":"Arnaldo Botto","twitter_card":"summary_large_image","schema":{"@context":"https:\/\/schema.org","@graph":[{"@type":"WebPage","@id":"https:\/\/www.noticiasradioreflejos.com.ar\/2021\/ahora-ya-no-tenemos-plaza-tenemos-seguridad\/","url":"https:\/\/www.noticiasradioreflejos.com.ar\/2021\/ahora-ya-no-tenemos-plaza-tenemos-seguridad\/","name":"Ahora ya no tenemos plaza....\u00bftenemos seguridad? - Noticias Radio Reflejos","isPartOf":{"@id":"https:\/\/www.noticiasradioreflejos.com.ar\/2021\/#website"},"datePublished":"2017-06-13T13:02:38+00:00","author":{"@id":"https:\/\/www.noticiasradioreflejos.com.ar\/2021\/#\/schema\/person\/ad82545263dcc5ec0996818884fd5fb1"},"breadcrumb":{"@id":"https:\/\/www.noticiasradioreflejos.com.ar\/2021\/ahora-ya-no-tenemos-plaza-tenemos-seguridad\/#breadcrumb"},"inLanguage":"es","potentialAction":[{"@type":"ReadAction","target":["https:\/\/www.noticiasradioreflejos.com.ar\/2021\/ahora-ya-no-tenemos-plaza-tenemos-seguridad\/"]}]},{"@type":"BreadcrumbList","@id":"https:\/\/www.noticiasradioreflejos.com.ar\/2021\/ahora-ya-no-tenemos-plaza-tenemos-seguridad\/#breadcrumb","itemListElement":[{"@type":"ListItem","position":1,"name":"Portada","item":"https:\/\/www.noticiasradioreflejos.com.ar\/2021\/"},{"@type":"ListItem","position":2,"name":"Ahora ya no tenemos plaza&#8230;.\u00bftenemos seguridad?"}]},{"@type":"WebSite","@id":"https:\/\/www.noticiasradioreflejos.com.ar\/2021\/#website","url":"https:\/\/www.noticiasradioreflejos.com.ar\/2021\/","name":"Noticias Radio Reflejos","description":"Las noticias de mi comarca","potentialAction":[{"@type":"SearchAction","target":{"@type":"EntryPoint","urlTemplate":"https:\/\/www.noticiasradioreflejos.com.ar\/2021\/?s={search_term_string}"},"query-input":{"@type":"PropertyValueSpecification","valueRequired":true,"valueName":"search_term_string"}}],"inLanguage":"es"},{"@type":"Person","@id":"https:\/\/www.noticiasradioreflejos.com.ar\/2021\/#\/schema\/person\/ad82545263dcc5ec0996818884fd5fb1","name":"Arnaldo Botto","image":{"@type":"ImageObject","inLanguage":"es","@id":"https:\/\/www.noticiasradioreflejos.com.ar\/2021\/#\/schema\/person\/image\/","url":"https:\/\/secure.gravatar.com\/avatar\/55cb5e37c1efa326397366e6974cb338056df65cb50e7d64d1cf314e87504837?s=96&d=mm&r=g","contentUrl":"https:\/\/secure.gravatar.com\/avatar\/55cb5e37c1efa326397366e6974cb338056df65cb50e7d64d1cf314e87504837?s=96&d=mm&r=g","caption":"Arnaldo Botto"},"url":"https:\/\/www.noticiasradioreflejos.com.ar\/2021\/author\/arnaldo\/"}]}},"_links":{"self":[{"href":"https:\/\/www.noticiasradioreflejos.com.ar\/2021\/wp-json\/wp\/v2\/posts\/11198","targetHints":{"allow":["GET"]}}],"collection":[{"href":"https:\/\/www.noticiasradioreflejos.com.ar\/2021\/wp-json\/wp\/v2\/posts"}],"about":[{"href":"https:\/\/www.noticiasradioreflejos.com.ar\/2021\/wp-json\/wp\/v2\/types\/post"}],"author":[{"embeddable":true,"href":"https:\/\/www.noticiasradioreflejos.com.ar\/2021\/wp-json\/wp\/v2\/users\/3"}],"replies":[{"embeddable":true,"href":"https:\/\/www.noticiasradioreflejos.com.ar\/2021\/wp-json\/wp\/v2\/comments?post=11198"}],"version-history":[{"count":0,"href":"https:\/\/www.noticiasradioreflejos.com.ar\/2021\/wp-json\/wp\/v2\/posts\/11198\/revisions"}],"wp:attachment":[{"href":"https:\/\/www.noticiasradioreflejos.com.ar\/2021\/wp-json\/wp\/v2\/media?parent=11198"}],"wp:term":[{"taxonomy":"category","embeddable":true,"href":"https:\/\/www.noticiasradioreflejos.com.ar\/2021\/wp-json\/wp\/v2\/categories?post=11198"},{"taxonomy":"post_tag","embeddable":true,"href":"https:\/\/www.noticiasradioreflejos.com.ar\/2021\/wp-json\/wp\/v2\/tags?post=11198"}],"curies":[{"name":"wp","href":"https:\/\/api.w.org\/{rel}","templated":true}]}}