{"id":111886,"date":"2025-01-23T07:54:23","date_gmt":"2025-01-23T10:54:23","guid":{"rendered":"https:\/\/www.noticiasradioreflejos.com.ar\/2021\/?p=111886"},"modified":"2025-01-23T10:10:52","modified_gmt":"2025-01-23T13:10:52","slug":"la-ruta-51-permanece-cortada-por-el-siniestro-en-el-dique","status":"publish","type":"post","link":"https:\/\/www.noticiasradioreflejos.com.ar\/2021\/la-ruta-51-permanece-cortada-por-el-siniestro-en-el-dique\/","title":{"rendered":"La Ruta 51 permanece cortada por el siniestro en el dique"},"content":{"rendered":"<p>El corte se registra en la rotonda de Frapal y en Cabildo.<!--more--><\/p>\n<p>Bomberos Voluntarios de Cnel Pringles, Saldungaray y Cabildo junto a buzos t\u00e1cticos de la polic\u00eda de Buenos Aires con asiento en Bah\u00eda Blanca trabajan desde las primeras horas del d\u00eda, en el rescate de un autom\u00f3vil que cay\u00f3 en el embalse en horas de la noche de ayer.<\/p>\n<p>Los trabajos demandar\u00e1n de varias horas y hasta el momento se desconocen los datos del veh\u00edculo y cuantas personas\u00a0 viajaban al momento del accidente.<\/p>\n<p>La\u00a0<strong>ruta 51 permanece cortada en el kil\u00f3metro 678<\/strong>\u00a0a la altura de los siete puentes, seg\u00fan informaron desde el Municipio bahiense.<\/p>\n<p><strong>Federico Montero<\/strong>, subsecretario de Fiscalizaci\u00f3n y Control Policial en el Ministerio de Seguridad bonaerense, detall\u00f3 esta ma\u00f1ana en Radio Altos que fue un transe\u00fante quien llam\u00f3 al 911 para informar sobre el accidente. Seg\u00fan relat\u00f3, el veh\u00edculo choc\u00f3 contra la barrera de contenci\u00f3n y termin\u00f3 cayendo al dique.<\/p>\n<figure class=\"wp-block-image size-large\"><img loading=\"lazy\" decoding=\"async\" class=\"wp-image-158636\" src=\"https:\/\/frenteacano.com.ar\/wp-content\/uploads\/2025\/01\/WhatsApp-Image-2025-01-23-at-08.36.59-576x1024.webp\" sizes=\"auto, (max-width: 576px) 100vw, 576px\" srcset=\"https:\/\/frenteacano.com.ar\/wp-content\/uploads\/2025\/01\/WhatsApp-Image-2025-01-23-at-08.36.59-576x1024.webp 576w, https:\/\/frenteacano.com.ar\/wp-content\/uploads\/2025\/01\/WhatsApp-Image-2025-01-23-at-08.36.59-169x300.webp 169w, https:\/\/frenteacano.com.ar\/wp-content\/uploads\/2025\/01\/WhatsApp-Image-2025-01-23-at-08.36.59.webp 720w\" alt=\"\" width=\"576\" height=\"1024\" \/><\/figure>\n<blockquote class=\"wp-block-quote is-layout-flow wp-block-quote-is-layout-flow\"><p>\u201cNo sali\u00f3 nadie del espejo del agua y hasta el momento no sacamos a ninguna persona ni al veh\u00edculo\u201d, aclar\u00f3.<\/p><\/blockquote>\n<p>Anoche por la oscuridad y la profundidad del dique (los buzos estiman que alcanza los 20 metros) no se pudo avanzar en la b\u00fasqueda del rorado. Las tareas se retomaron esta ma\u00f1ana.<\/p>\n<p>El secretario de Infraestructura bahiense Gustavo Trankels ya tramit\u00f3 el\u00a0<strong>env\u00edo de una gr\u00faa\u00a0<\/strong>para colaborar en el retiro del veh\u00edculo una vez que sea hallado.<\/p>\n<p><iframe loading=\"lazy\" src=\"https:\/\/w.soundcloud.com\/player\/?url=https%3A\/\/api.soundcloud.com\/tracks\/2016295147&amp;color=%23ff5500&amp;auto_play=false&amp;hide_related=false&amp;show_comments=true&amp;show_user=true&amp;show_reposts=false&amp;show_teaser=true\" width=\"100%\" height=\"166\" frameborder=\"no\" scrolling=\"no\"><\/iframe><\/p>\n<div style=\"font-size: 10px; color: #cccccc; line-break: anywhere; word-break: normal; overflow: hidden; white-space: nowrap; text-overflow: ellipsis; font-family: Interstate,Lucida Grande,Lucida Sans Unicode,Lucida Sans,Garuda,Verdana,Tahoma,sans-serif; font-weight: 100;\"><a style=\"color: #cccccc; text-decoration: none;\" title=\"fmreflejos 103.7\" href=\"https:\/\/soundcloud.com\/fmreflejos-103-7\" target=\"_blank\" rel=\"noopener\">fmreflejos 103.7<\/a> \u00b7 <a style=\"color: #cccccc; text-decoration: none;\" title=\"Federico Montero - Subsecretario de Fiscalizaci\u00f3n y Control Policial Provincial\" href=\"https:\/\/soundcloud.com\/fmreflejos-103-7\/federico-montero-subsecretario\" target=\"_blank\" rel=\"noopener\">Federico Montero &#8211; Subsecretario de Fiscalizaci\u00f3n y Control Policial Provincial<\/a><\/div>\n<p>&nbsp;<\/p>\n<p><strong>Foto de portada de diario El Orden de Cnel Pringles<\/strong><em><\/p>\n","protected":false},"excerpt":{"rendered":"<p>El corte se registra en la rotonda de Frapal y en Cabildo.<\/p>\n","protected":false},"author":3,"featured_media":111901,"comment_status":"closed","ping_status":"closed","sticky":false,"template":"","format":"standard","meta":{"footnotes":""},"categories":[29],"tags":[48],"class_list":["post-111886","post","type-post","status-publish","format-standard","has-post-thumbnail","hentry","category-policiales","tag-destacada"],"yoast_head":"<!-- This site is optimized with the Yoast SEO plugin v25.9 - https:\/\/yoast.com\/wordpress\/plugins\/seo\/ -->\n<title>La Ruta 51 permanece cortada por el siniestro en el dique - Noticias Radio Reflejos<\/title>\n<meta name=\"robots\" content=\"index, follow, max-snippet:-1, max-image-preview:large, max-video-preview:-1\" \/>\n<link rel=\"canonical\" href=\"https:\/\/www.noticiasradioreflejos.com.ar\/2021\/la-ruta-51-permanece-cortada-por-el-siniestro-en-el-dique\/\" \/>\n<meta property=\"og:locale\" content=\"es_ES\" \/>\n<meta property=\"og:type\" content=\"article\" \/>\n<meta property=\"og:title\" content=\"La Ruta 51 permanece cortada por el siniestro en el dique - Noticias Radio Reflejos\" \/>\n<meta property=\"og:description\" content=\"El corte se registra en la rotonda de Frapal y en Cabildo.\" \/>\n<meta property=\"og:url\" content=\"https:\/\/www.noticiasradioreflejos.com.ar\/2021\/la-ruta-51-permanece-cortada-por-el-siniestro-en-el-dique\/\" \/>\n<meta property=\"og:site_name\" content=\"Noticias Radio Reflejos\" \/>\n<meta property=\"article:published_time\" content=\"2025-01-23T10:54:23+00:00\" \/>\n<meta property=\"article:modified_time\" content=\"2025-01-23T13:10:52+00:00\" \/>\n<meta property=\"og:image\" content=\"https:\/\/www.noticiasradioreflejos.com.ar\/2021\/wp-content\/uploads\/2025\/01\/dique-busqueda-del-auto.jpg\" \/>\n\t<meta property=\"og:image:width\" content=\"1280\" \/>\n\t<meta property=\"og:image:height\" content=\"960\" \/>\n\t<meta property=\"og:image:type\" content=\"image\/jpeg\" \/>\n<meta name=\"author\" content=\"Arnaldo Botto\" \/>\n<meta name=\"twitter:card\" content=\"summary_large_image\" \/>\n<script type=\"application\/ld+json\" class=\"yoast-schema-graph\">{\"@context\":\"https:\/\/schema.org\",\"@graph\":[{\"@type\":\"WebPage\",\"@id\":\"https:\/\/www.noticiasradioreflejos.com.ar\/2021\/la-ruta-51-permanece-cortada-por-el-siniestro-en-el-dique\/\",\"url\":\"https:\/\/www.noticiasradioreflejos.com.ar\/2021\/la-ruta-51-permanece-cortada-por-el-siniestro-en-el-dique\/\",\"name\":\"La Ruta 51 permanece cortada por el siniestro en el dique - Noticias Radio Reflejos\",\"isPartOf\":{\"@id\":\"https:\/\/www.noticiasradioreflejos.com.ar\/2021\/#website\"},\"primaryImageOfPage\":{\"@id\":\"https:\/\/www.noticiasradioreflejos.com.ar\/2021\/la-ruta-51-permanece-cortada-por-el-siniestro-en-el-dique\/#primaryimage\"},\"image\":{\"@id\":\"https:\/\/www.noticiasradioreflejos.com.ar\/2021\/la-ruta-51-permanece-cortada-por-el-siniestro-en-el-dique\/#primaryimage\"},\"thumbnailUrl\":\"https:\/\/www.noticiasradioreflejos.com.ar\/2021\/wp-content\/uploads\/2025\/01\/dique-busqueda-del-auto.jpg\",\"datePublished\":\"2025-01-23T10:54:23+00:00\",\"dateModified\":\"2025-01-23T13:10:52+00:00\",\"author\":{\"@id\":\"https:\/\/www.noticiasradioreflejos.com.ar\/2021\/#\/schema\/person\/ad82545263dcc5ec0996818884fd5fb1\"},\"breadcrumb\":{\"@id\":\"https:\/\/www.noticiasradioreflejos.com.ar\/2021\/la-ruta-51-permanece-cortada-por-el-siniestro-en-el-dique\/#breadcrumb\"},\"inLanguage\":\"es\",\"potentialAction\":[{\"@type\":\"ReadAction\",\"target\":[\"https:\/\/www.noticiasradioreflejos.com.ar\/2021\/la-ruta-51-permanece-cortada-por-el-siniestro-en-el-dique\/\"]}]},{\"@type\":\"ImageObject\",\"inLanguage\":\"es\",\"@id\":\"https:\/\/www.noticiasradioreflejos.com.ar\/2021\/la-ruta-51-permanece-cortada-por-el-siniestro-en-el-dique\/#primaryimage\",\"url\":\"https:\/\/www.noticiasradioreflejos.com.ar\/2021\/wp-content\/uploads\/2025\/01\/dique-busqueda-del-auto.jpg\",\"contentUrl\":\"https:\/\/www.noticiasradioreflejos.com.ar\/2021\/wp-content\/uploads\/2025\/01\/dique-busqueda-del-auto.jpg\",\"width\":1280,\"height\":960},{\"@type\":\"BreadcrumbList\",\"@id\":\"https:\/\/www.noticiasradioreflejos.com.ar\/2021\/la-ruta-51-permanece-cortada-por-el-siniestro-en-el-dique\/#breadcrumb\",\"itemListElement\":[{\"@type\":\"ListItem\",\"position\":1,\"name\":\"Portada\",\"item\":\"https:\/\/www.noticiasradioreflejos.com.ar\/2021\/\"},{\"@type\":\"ListItem\",\"position\":2,\"name\":\"La Ruta 51 permanece cortada por el siniestro en el dique\"}]},{\"@type\":\"WebSite\",\"@id\":\"https:\/\/www.noticiasradioreflejos.com.ar\/2021\/#website\",\"url\":\"https:\/\/www.noticiasradioreflejos.com.ar\/2021\/\",\"name\":\"Noticias Radio Reflejos\",\"description\":\"Las noticias de mi comarca\",\"potentialAction\":[{\"@type\":\"SearchAction\",\"target\":{\"@type\":\"EntryPoint\",\"urlTemplate\":\"https:\/\/www.noticiasradioreflejos.com.ar\/2021\/?s={search_term_string}\"},\"query-input\":{\"@type\":\"PropertyValueSpecification\",\"valueRequired\":true,\"valueName\":\"search_term_string\"}}],\"inLanguage\":\"es\"},{\"@type\":\"Person\",\"@id\":\"https:\/\/www.noticiasradioreflejos.com.ar\/2021\/#\/schema\/person\/ad82545263dcc5ec0996818884fd5fb1\",\"name\":\"Arnaldo Botto\",\"image\":{\"@type\":\"ImageObject\",\"inLanguage\":\"es\",\"@id\":\"https:\/\/www.noticiasradioreflejos.com.ar\/2021\/#\/schema\/person\/image\/\",\"url\":\"https:\/\/secure.gravatar.com\/avatar\/55cb5e37c1efa326397366e6974cb338056df65cb50e7d64d1cf314e87504837?s=96&d=mm&r=g\",\"contentUrl\":\"https:\/\/secure.gravatar.com\/avatar\/55cb5e37c1efa326397366e6974cb338056df65cb50e7d64d1cf314e87504837?s=96&d=mm&r=g\",\"caption\":\"Arnaldo Botto\"},\"url\":\"https:\/\/www.noticiasradioreflejos.com.ar\/2021\/author\/arnaldo\/\"}]}<\/script>\n<!-- \/ Yoast SEO plugin. -->","yoast_head_json":{"title":"La Ruta 51 permanece cortada por el siniestro en el dique - Noticias Radio Reflejos","robots":{"index":"index","follow":"follow","max-snippet":"max-snippet:-1","max-image-preview":"max-image-preview:large","max-video-preview":"max-video-preview:-1"},"canonical":"https:\/\/www.noticiasradioreflejos.com.ar\/2021\/la-ruta-51-permanece-cortada-por-el-siniestro-en-el-dique\/","og_locale":"es_ES","og_type":"article","og_title":"La Ruta 51 permanece cortada por el siniestro en el dique - Noticias Radio Reflejos","og_description":"El corte se registra en la rotonda de Frapal y en Cabildo.","og_url":"https:\/\/www.noticiasradioreflejos.com.ar\/2021\/la-ruta-51-permanece-cortada-por-el-siniestro-en-el-dique\/","og_site_name":"Noticias Radio Reflejos","article_published_time":"2025-01-23T10:54:23+00:00","article_modified_time":"2025-01-23T13:10:52+00:00","og_image":[{"width":1280,"height":960,"url":"https:\/\/www.noticiasradioreflejos.com.ar\/2021\/wp-content\/uploads\/2025\/01\/dique-busqueda-del-auto.jpg","type":"image\/jpeg"}],"author":"Arnaldo Botto","twitter_card":"summary_large_image","schema":{"@context":"https:\/\/schema.org","@graph":[{"@type":"WebPage","@id":"https:\/\/www.noticiasradioreflejos.com.ar\/2021\/la-ruta-51-permanece-cortada-por-el-siniestro-en-el-dique\/","url":"https:\/\/www.noticiasradioreflejos.com.ar\/2021\/la-ruta-51-permanece-cortada-por-el-siniestro-en-el-dique\/","name":"La Ruta 51 permanece cortada por el siniestro en el dique - Noticias Radio Reflejos","isPartOf":{"@id":"https:\/\/www.noticiasradioreflejos.com.ar\/2021\/#website"},"primaryImageOfPage":{"@id":"https:\/\/www.noticiasradioreflejos.com.ar\/2021\/la-ruta-51-permanece-cortada-por-el-siniestro-en-el-dique\/#primaryimage"},"image":{"@id":"https:\/\/www.noticiasradioreflejos.com.ar\/2021\/la-ruta-51-permanece-cortada-por-el-siniestro-en-el-dique\/#primaryimage"},"thumbnailUrl":"https:\/\/www.noticiasradioreflejos.com.ar\/2021\/wp-content\/uploads\/2025\/01\/dique-busqueda-del-auto.jpg","datePublished":"2025-01-23T10:54:23+00:00","dateModified":"2025-01-23T13:10:52+00:00","author":{"@id":"https:\/\/www.noticiasradioreflejos.com.ar\/2021\/#\/schema\/person\/ad82545263dcc5ec0996818884fd5fb1"},"breadcrumb":{"@id":"https:\/\/www.noticiasradioreflejos.com.ar\/2021\/la-ruta-51-permanece-cortada-por-el-siniestro-en-el-dique\/#breadcrumb"},"inLanguage":"es","potentialAction":[{"@type":"ReadAction","target":["https:\/\/www.noticiasradioreflejos.com.ar\/2021\/la-ruta-51-permanece-cortada-por-el-siniestro-en-el-dique\/"]}]},{"@type":"ImageObject","inLanguage":"es","@id":"https:\/\/www.noticiasradioreflejos.com.ar\/2021\/la-ruta-51-permanece-cortada-por-el-siniestro-en-el-dique\/#primaryimage","url":"https:\/\/www.noticiasradioreflejos.com.ar\/2021\/wp-content\/uploads\/2025\/01\/dique-busqueda-del-auto.jpg","contentUrl":"https:\/\/www.noticiasradioreflejos.com.ar\/2021\/wp-content\/uploads\/2025\/01\/dique-busqueda-del-auto.jpg","width":1280,"height":960},{"@type":"BreadcrumbList","@id":"https:\/\/www.noticiasradioreflejos.com.ar\/2021\/la-ruta-51-permanece-cortada-por-el-siniestro-en-el-dique\/#breadcrumb","itemListElement":[{"@type":"ListItem","position":1,"name":"Portada","item":"https:\/\/www.noticiasradioreflejos.com.ar\/2021\/"},{"@type":"ListItem","position":2,"name":"La Ruta 51 permanece cortada por el siniestro en el dique"}]},{"@type":"WebSite","@id":"https:\/\/www.noticiasradioreflejos.com.ar\/2021\/#website","url":"https:\/\/www.noticiasradioreflejos.com.ar\/2021\/","name":"Noticias Radio Reflejos","description":"Las noticias de mi comarca","potentialAction":[{"@type":"SearchAction","target":{"@type":"EntryPoint","urlTemplate":"https:\/\/www.noticiasradioreflejos.com.ar\/2021\/?s={search_term_string}"},"query-input":{"@type":"PropertyValueSpecification","valueRequired":true,"valueName":"search_term_string"}}],"inLanguage":"es"},{"@type":"Person","@id":"https:\/\/www.noticiasradioreflejos.com.ar\/2021\/#\/schema\/person\/ad82545263dcc5ec0996818884fd5fb1","name":"Arnaldo Botto","image":{"@type":"ImageObject","inLanguage":"es","@id":"https:\/\/www.noticiasradioreflejos.com.ar\/2021\/#\/schema\/person\/image\/","url":"https:\/\/secure.gravatar.com\/avatar\/55cb5e37c1efa326397366e6974cb338056df65cb50e7d64d1cf314e87504837?s=96&d=mm&r=g","contentUrl":"https:\/\/secure.gravatar.com\/avatar\/55cb5e37c1efa326397366e6974cb338056df65cb50e7d64d1cf314e87504837?s=96&d=mm&r=g","caption":"Arnaldo Botto"},"url":"https:\/\/www.noticiasradioreflejos.com.ar\/2021\/author\/arnaldo\/"}]}},"_links":{"self":[{"href":"https:\/\/www.noticiasradioreflejos.com.ar\/2021\/wp-json\/wp\/v2\/posts\/111886","targetHints":{"allow":["GET"]}}],"collection":[{"href":"https:\/\/www.noticiasradioreflejos.com.ar\/2021\/wp-json\/wp\/v2\/posts"}],"about":[{"href":"https:\/\/www.noticiasradioreflejos.com.ar\/2021\/wp-json\/wp\/v2\/types\/post"}],"author":[{"embeddable":true,"href":"https:\/\/www.noticiasradioreflejos.com.ar\/2021\/wp-json\/wp\/v2\/users\/3"}],"replies":[{"embeddable":true,"href":"https:\/\/www.noticiasradioreflejos.com.ar\/2021\/wp-json\/wp\/v2\/comments?post=111886"}],"version-history":[{"count":12,"href":"https:\/\/www.noticiasradioreflejos.com.ar\/2021\/wp-json\/wp\/v2\/posts\/111886\/revisions"}],"predecessor-version":[{"id":111904,"href":"https:\/\/www.noticiasradioreflejos.com.ar\/2021\/wp-json\/wp\/v2\/posts\/111886\/revisions\/111904"}],"wp:featuredmedia":[{"embeddable":true,"href":"https:\/\/www.noticiasradioreflejos.com.ar\/2021\/wp-json\/wp\/v2\/media\/111901"}],"wp:attachment":[{"href":"https:\/\/www.noticiasradioreflejos.com.ar\/2021\/wp-json\/wp\/v2\/media?parent=111886"}],"wp:term":[{"taxonomy":"category","embeddable":true,"href":"https:\/\/www.noticiasradioreflejos.com.ar\/2021\/wp-json\/wp\/v2\/categories?post=111886"},{"taxonomy":"post_tag","embeddable":true,"href":"https:\/\/www.noticiasradioreflejos.com.ar\/2021\/wp-json\/wp\/v2\/tags?post=111886"}],"curies":[{"name":"wp","href":"https:\/\/api.w.org\/{rel}","templated":true}]}}